{"id":5270,"date":"2025-07-26T07:22:03","date_gmt":"2025-07-26T05:22:03","guid":{"rendered":"https:\/\/veritasinfo.org\/?p=5270"},"modified":"2025-07-25T23:33:23","modified_gmt":"2025-07-25T21:33:23","slug":"mbi-280-mbetje-mortore-ne-morg-kerkohet-bashkepunim-me-familjaret","status":"publish","type":"post","link":"https:\/\/veritasinfo.org\/?p=5270","title":{"rendered":"Mbi 280 mbetje mortore n\u00eb morg, k\u00ebrkohet bashk\u00ebpunim me familjar\u00ebt"},"content":{"rendered":"<p>Prishtin\u00eb, 26 Korrik 2025<\/p>\n<p><strong>N\u00eb morgun e Institutit t\u00eb Mjek\u00ebsis\u00eb Ligjore n\u00eb Prishtin\u00eb ndodhen ende mbi 280 mbetje mortore, shumica t\u00eb lidhura me luft\u00ebn e fundit. Lidhur me to \u00ebsht\u00eb mbajtur nj\u00eb tryez\u00eb diskutimi, n\u00eb t\u00eb cil\u00ebn iu b\u00eb thirrje familjar\u00ebve t\u00eb personave t\u00eb pagjetur q\u00eb t\u00eb japin gjak, n\u00eb m\u00ebnyr\u00eb q\u00eb t`u b\u00ebhet analiza e AND-s\u00eb, pasi identifikimi i tyre mbetet i pamundur pa ndihm\u00ebn e familjar\u00ebve.<\/strong><\/p>\n<p>&nbsp;<\/p>\n<p>Mbi 280 mbetje mortore vazhdojn\u00eb t\u00eb jen\u00eb n\u00eb morgun e Instituti t\u00eb Mjek\u00ebsis\u00eb Ligjore n\u00eb Prishtin\u00eb q\u00eb nga p\u00ebrfundimit i luft\u00ebs n\u00eb Kosov\u00eb.<\/p>\n<p>Shumica e k\u00ebtyre kockave jan\u00eb t\u00eb trupave t\u00eb pagjetur n\u00eb luft\u00ebn e fundit n\u00eb Kosov\u00eb. Por edhe pas dy dekadash familjar t\u00eb personave t\u00eb zhdukur hezitojn\u00eb t\u00eb japin nj\u00eb pik\u00eb gjak p\u00ebr identifikimin n\u00ebse ata u p\u00ebrkasin familjar\u00ebve t\u00eb tyre.<\/p>\n<p>Pik\u00ebrisht lidhur me k\u00ebt\u00eb sot \u00ebsht\u00eb diskutuar n\u00eb nj\u00eb tryez\u00eb me tem\u00ebn \u201cTrajtimi i Mbetjeve Mortore&#8221; n\u00eb Institutin e Mjek\u00ebsis\u00eb Ligjore.<\/p>\n<p>&#8220;Kemi pranua 13 identifikime t\u00eb reja nga mostrat e gjakut q\u00eb i kemi mbledh nga k\u00ebta familjar q\u00eb n\u00ebnkupton deri m\u00eb tash 13 persona, fatkeq\u00ebsisht faktikisht kan\u00eb qen\u00eb t\u00eb varrosur gabimisht&#8230;&#8221;, thot\u00eb Andin Hoti, kryetar i Komisionit Qeveritar p\u00ebr Persona t\u00eb Zhdukur<\/p>\n<p>&#8221; familjar\u00ebt refuzojn\u00eb t\u00eb japin gjak edhe pse sipas t\u00eb gjitha analizave q\u00eb kemi ardh\u00eb n\u00eb p\u00ebrfundim na ve\u00e7 e dim\u00eb sakt\u00eb se kush jan\u00eb cil\u00ebs familje i takojn\u00eb por p\u00ebr arsye t\u00eb ndryshme refuzojn\u00eb t\u00eb japin gjak me shpres\u00ebn se ende i kan\u00eb gjall\u00eb&#8230;&#8221;, thot\u00eb Valon Hyseni, antropolog ne IML<\/p>\n<p>&#8221; Ata q\u00eb ua kam\u00eb b\u00ebr\u00eb t\u00eb qart\u00eb polic\u00ebve po dua tu b\u00ebj\u00eb t\u00eb qart\u00eb edhe juve, me kodin e procedur\u00ebs penale \u00ebsht\u00eb edhe mund\u00ebsia e marrjes s\u00eb mostr\u00ebs me dhun\u00eb, duke qen\u00eb n\u00eb situat\u00eb q\u00eb jemi q\u00eb \u00ebsht\u00eb krime lufte dhe jan\u00eb familjar asnj\u00ebher\u00eb nuk e kemi aplikuar k\u00ebt\u00eb mas\u00eb &#8230;&#8221;, tha pos tjerash Ilir Morina, Prokuror n\u00eb PSRK.<\/p>\n<p>&#8220;Edhe nj\u00eb her\u00eb t\u00eb kthehemi t\u00eb b\u00ebjm\u00eb nj\u00eb rivler\u00ebsimi t\u00eb atyre informacioneve t\u00eb shikojm\u00eb a i kemi<\/p>\n<p>trajtua apo nuk i kemi trajtua&#8230;&#8221;, tha Florim Elshani, nga Drejtoria p\u00ebr Hetimin e Krimeve t\u00eb Luft\u00ebs n\u00eb PK-s\u00eb.<\/p>\n<p>Tryeza u organizua nga Komisioni Nd\u00ebrkomb\u00ebtar p\u00ebr Personat e Zhdukur dhe K\u00ebshilli Koordinues i Familjar\u00ebve t\u00eb Pagjeturit.<\/p>\n<p>&#8220;Shum\u00eb familjar i kan\u00eb t\u00ebrhequr trupat n\u00eb baz\u00eb t\u00eb rrobave n\u00eb m\u00ebnyr\u00eb tradicionale dhe aty besoj q\u00eb \u00ebsht\u00eb nj\u00eb katrahur\u00eb q\u00eb \u00ebsht\u00eb b\u00ebr\u00eb at\u00ebher\u00eb&#8230;&#8221;, tha Ahmet Grajqevci, kryetar i KKFP-s\u00eb<\/p>\n<p>Edhe nga Instituti i Krimeve t\u00eb Kryera gjat\u00eb Luft\u00ebs n\u00eb Kosov\u00ebs ka shprehur gatishm\u00ebrin\u00eb p\u00ebr<\/p>\n<p>mb\u00ebshtetjen e institucioneve p\u00ebrgjegj\u00ebse lidhur mbetjet kockore n\u00eb morg.<\/p>\n<p>&nbsp;<\/p>\n","protected":false},"excerpt":{"rendered":"<p>Prishtin\u00eb, 26 Korrik 2025 N\u00eb morgun e Institutit t\u00eb Mjek\u00ebsis\u00eb Ligjore n\u00eb Prishtin\u00eb ndodhen ende mbi 280 mbetje mortore, shumica t\u00eb lidhura me luft\u00ebn e<\/p>\n","protected":false},"author":1,"featured_media":5271,"comment_status":"open","ping_status":"open","sticky":false,"template":"","format":"standard","meta":{"footnotes":""},"categories":[60],"tags":[],"class_list":["post-5270","post","type-post","status-publish","format-standard","has-post-thumbnail","hentry","category-shoqerore-sq"],"yoast_head":"<!-- This site is optimized with the Yoast SEO plugin v25.3.1 - https:\/\/yoast.com\/wordpress\/plugins\/seo\/ -->\n<title>Mbi 280 mbetje mortore n\u00eb morg, k\u00ebrkohet bashk\u00ebpunim me familjar\u00ebt -<\/title>\n<meta name=\"robots\" content=\"index, follow, max-snippet:-1, max-image-preview:large, max-video-preview:-1\" \/>\n<link rel=\"canonical\" href=\"https:\/\/veritasinfo.org\/?p=5270\" \/>\n<meta property=\"og:locale\" content=\"en_US\" \/>\n<meta property=\"og:type\" content=\"article\" \/>\n<meta property=\"og:title\" content=\"Mbi 280 mbetje mortore n\u00eb morg, k\u00ebrkohet bashk\u00ebpunim me familjar\u00ebt -\" \/>\n<meta property=\"og:description\" content=\"Prishtin\u00eb, 26 Korrik 2025 N\u00eb morgun e Institutit t\u00eb Mjek\u00ebsis\u00eb Ligjore n\u00eb Prishtin\u00eb ndodhen ende mbi 280 mbetje mortore, shumica t\u00eb lidhura me luft\u00ebn e\" \/>\n<meta property=\"og:url\" content=\"https:\/\/veritasinfo.org\/?p=5270\" \/>\n<meta property=\"article:published_time\" content=\"2025-07-26T05:22:03+00:00\" \/>\n<meta property=\"og:image\" content=\"https:\/\/veritasinfo.org\/wp-content\/uploads\/2025\/07\/IMG_2329.jpeg\" \/>\n\t<meta property=\"og:image:width\" content=\"780\" \/>\n\t<meta property=\"og:image:height\" content=\"500\" \/>\n\t<meta property=\"og:image:type\" content=\"image\/jpeg\" \/>\n<meta name=\"author\" content=\"admin\" \/>\n<meta name=\"twitter:card\" content=\"summary_large_image\" \/>\n<meta name=\"twitter:label1\" content=\"Written by\" \/>\n\t<meta name=\"twitter:data1\" content=\"admin\" \/>\n\t<meta name=\"twitter:label2\" content=\"Est. reading time\" \/>\n\t<meta name=\"twitter:data2\" content=\"2 minutes\" \/>\n<script type=\"application\/ld+json\" class=\"yoast-schema-graph\">{\"@context\":\"https:\/\/schema.org\",\"@graph\":[{\"@type\":\"WebPage\",\"@id\":\"https:\/\/veritasinfo.org\/?p=5270\",\"url\":\"https:\/\/veritasinfo.org\/?p=5270\",\"name\":\"Mbi 280 mbetje mortore n\u00eb morg, k\u00ebrkohet bashk\u00ebpunim me familjar\u00ebt -\",\"isPartOf\":{\"@id\":\"https:\/\/veritasinfo.org\/#website\"},\"primaryImageOfPage\":{\"@id\":\"https:\/\/veritasinfo.org\/?p=5270#primaryimage\"},\"image\":{\"@id\":\"https:\/\/veritasinfo.org\/?p=5270#primaryimage\"},\"thumbnailUrl\":\"https:\/\/veritasinfo.org\/wp-content\/uploads\/2025\/07\/IMG_2329.jpeg\",\"datePublished\":\"2025-07-26T05:22:03+00:00\",\"author\":{\"@id\":\"https:\/\/veritasinfo.org\/#\/schema\/person\/7701f8c088bece422266b100a712374f\"},\"breadcrumb\":{\"@id\":\"https:\/\/veritasinfo.org\/?p=5270#breadcrumb\"},\"inLanguage\":\"en-US\",\"potentialAction\":[{\"@type\":\"ReadAction\",\"target\":[\"https:\/\/veritasinfo.org\/?p=5270\"]}]},{\"@type\":\"ImageObject\",\"inLanguage\":\"en-US\",\"@id\":\"https:\/\/veritasinfo.org\/?p=5270#primaryimage\",\"url\":\"https:\/\/veritasinfo.org\/wp-content\/uploads\/2025\/07\/IMG_2329.jpeg\",\"contentUrl\":\"https:\/\/veritasinfo.org\/wp-content\/uploads\/2025\/07\/IMG_2329.jpeg\",\"width\":780,\"height\":500},{\"@type\":\"BreadcrumbList\",\"@id\":\"https:\/\/veritasinfo.org\/?p=5270#breadcrumb\",\"itemListElement\":[{\"@type\":\"ListItem\",\"position\":1,\"name\":\"Home\",\"item\":\"https:\/\/veritasinfo.org\/\"},{\"@type\":\"ListItem\",\"position\":2,\"name\":\"Mbi 280 mbetje mortore n\u00eb morg, k\u00ebrkohet bashk\u00ebpunim me familjar\u00ebt\"}]},{\"@type\":\"WebSite\",\"@id\":\"https:\/\/veritasinfo.org\/#website\",\"url\":\"https:\/\/veritasinfo.org\/\",\"name\":\"\",\"description\":\"\",\"potentialAction\":[{\"@type\":\"SearchAction\",\"target\":{\"@type\":\"EntryPoint\",\"urlTemplate\":\"https:\/\/veritasinfo.org\/?s={search_term_string}\"},\"query-input\":{\"@type\":\"PropertyValueSpecification\",\"valueRequired\":true,\"valueName\":\"search_term_string\"}}],\"inLanguage\":\"en-US\"},{\"@type\":\"Person\",\"@id\":\"https:\/\/veritasinfo.org\/#\/schema\/person\/7701f8c088bece422266b100a712374f\",\"name\":\"admin\",\"image\":{\"@type\":\"ImageObject\",\"inLanguage\":\"en-US\",\"@id\":\"https:\/\/veritasinfo.org\/#\/schema\/person\/image\/\",\"url\":\"https:\/\/secure.gravatar.com\/avatar\/ea53aa3bf6c9a12d5fde8ce4deff43fef3885ae33cf60184161a50d6987cfd2f?s=96&d=mm&r=g\",\"contentUrl\":\"https:\/\/secure.gravatar.com\/avatar\/ea53aa3bf6c9a12d5fde8ce4deff43fef3885ae33cf60184161a50d6987cfd2f?s=96&d=mm&r=g\",\"caption\":\"admin\"},\"sameAs\":[\"https:\/\/veritasinfo.org\"],\"url\":\"https:\/\/veritasinfo.org\/?author=1\"}]}<\/script>\n<!-- \/ Yoast SEO plugin. -->","yoast_head_json":{"title":"Mbi 280 mbetje mortore n\u00eb morg, k\u00ebrkohet bashk\u00ebpunim me familjar\u00ebt -","robots":{"index":"index","follow":"follow","max-snippet":"max-snippet:-1","max-image-preview":"max-image-preview:large","max-video-preview":"max-video-preview:-1"},"canonical":"https:\/\/veritasinfo.org\/?p=5270","og_locale":"en_US","og_type":"article","og_title":"Mbi 280 mbetje mortore n\u00eb morg, k\u00ebrkohet bashk\u00ebpunim me familjar\u00ebt -","og_description":"Prishtin\u00eb, 26 Korrik 2025 N\u00eb morgun e Institutit t\u00eb Mjek\u00ebsis\u00eb Ligjore n\u00eb Prishtin\u00eb ndodhen ende mbi 280 mbetje mortore, shumica t\u00eb lidhura me luft\u00ebn e","og_url":"https:\/\/veritasinfo.org\/?p=5270","article_published_time":"2025-07-26T05:22:03+00:00","og_image":[{"width":780,"height":500,"url":"https:\/\/veritasinfo.org\/wp-content\/uploads\/2025\/07\/IMG_2329.jpeg","type":"image\/jpeg"}],"author":"admin","twitter_card":"summary_large_image","twitter_misc":{"Written by":"admin","Est. reading time":"2 minutes"},"schema":{"@context":"https:\/\/schema.org","@graph":[{"@type":"WebPage","@id":"https:\/\/veritasinfo.org\/?p=5270","url":"https:\/\/veritasinfo.org\/?p=5270","name":"Mbi 280 mbetje mortore n\u00eb morg, k\u00ebrkohet bashk\u00ebpunim me familjar\u00ebt -","isPartOf":{"@id":"https:\/\/veritasinfo.org\/#website"},"primaryImageOfPage":{"@id":"https:\/\/veritasinfo.org\/?p=5270#primaryimage"},"image":{"@id":"https:\/\/veritasinfo.org\/?p=5270#primaryimage"},"thumbnailUrl":"https:\/\/veritasinfo.org\/wp-content\/uploads\/2025\/07\/IMG_2329.jpeg","datePublished":"2025-07-26T05:22:03+00:00","author":{"@id":"https:\/\/veritasinfo.org\/#\/schema\/person\/7701f8c088bece422266b100a712374f"},"breadcrumb":{"@id":"https:\/\/veritasinfo.org\/?p=5270#breadcrumb"},"inLanguage":"en-US","potentialAction":[{"@type":"ReadAction","target":["https:\/\/veritasinfo.org\/?p=5270"]}]},{"@type":"ImageObject","inLanguage":"en-US","@id":"https:\/\/veritasinfo.org\/?p=5270#primaryimage","url":"https:\/\/veritasinfo.org\/wp-content\/uploads\/2025\/07\/IMG_2329.jpeg","contentUrl":"https:\/\/veritasinfo.org\/wp-content\/uploads\/2025\/07\/IMG_2329.jpeg","width":780,"height":500},{"@type":"BreadcrumbList","@id":"https:\/\/veritasinfo.org\/?p=5270#breadcrumb","itemListElement":[{"@type":"ListItem","position":1,"name":"Home","item":"https:\/\/veritasinfo.org\/"},{"@type":"ListItem","position":2,"name":"Mbi 280 mbetje mortore n\u00eb morg, k\u00ebrkohet bashk\u00ebpunim me familjar\u00ebt"}]},{"@type":"WebSite","@id":"https:\/\/veritasinfo.org\/#website","url":"https:\/\/veritasinfo.org\/","name":"","description":"","potentialAction":[{"@type":"SearchAction","target":{"@type":"EntryPoint","urlTemplate":"https:\/\/veritasinfo.org\/?s={search_term_string}"},"query-input":{"@type":"PropertyValueSpecification","valueRequired":true,"valueName":"search_term_string"}}],"inLanguage":"en-US"},{"@type":"Person","@id":"https:\/\/veritasinfo.org\/#\/schema\/person\/7701f8c088bece422266b100a712374f","name":"admin","image":{"@type":"ImageObject","inLanguage":"en-US","@id":"https:\/\/veritasinfo.org\/#\/schema\/person\/image\/","url":"https:\/\/secure.gravatar.com\/avatar\/ea53aa3bf6c9a12d5fde8ce4deff43fef3885ae33cf60184161a50d6987cfd2f?s=96&d=mm&r=g","contentUrl":"https:\/\/secure.gravatar.com\/avatar\/ea53aa3bf6c9a12d5fde8ce4deff43fef3885ae33cf60184161a50d6987cfd2f?s=96&d=mm&r=g","caption":"admin"},"sameAs":["https:\/\/veritasinfo.org"],"url":"https:\/\/veritasinfo.org\/?author=1"}]}},"featured_image_urls":{"full":["https:\/\/veritasinfo.org\/wp-content\/uploads\/2025\/07\/IMG_2329.jpeg",780,500,false],"thumbnail":["https:\/\/veritasinfo.org\/wp-content\/uploads\/2025\/07\/IMG_2329-150x150.jpeg",150,150,true],"medium":["https:\/\/veritasinfo.org\/wp-content\/uploads\/2025\/07\/IMG_2329-300x192.jpeg",300,192,true],"medium_large":["https:\/\/veritasinfo.org\/wp-content\/uploads\/2025\/07\/IMG_2329-768x492.jpeg",640,410,true],"large":["https:\/\/veritasinfo.org\/wp-content\/uploads\/2025\/07\/IMG_2329.jpeg",640,410,false],"1536x1536":["https:\/\/veritasinfo.org\/wp-content\/uploads\/2025\/07\/IMG_2329.jpeg",780,500,false],"2048x2048":["https:\/\/veritasinfo.org\/wp-content\/uploads\/2025\/07\/IMG_2329.jpeg",780,500,false],"kreeti-slider-full":["https:\/\/veritasinfo.org\/wp-content\/uploads\/2025\/07\/IMG_2329.jpeg",780,500,false],"kreeti-featured":["https:\/\/veritasinfo.org\/wp-content\/uploads\/2025\/07\/IMG_2329.jpeg",780,500,false],"kreeti-medium":["https:\/\/veritasinfo.org\/wp-content\/uploads\/2025\/07\/IMG_2329.jpeg",720,462,false],"kreeti-medium-square":["https:\/\/veritasinfo.org\/wp-content\/uploads\/2025\/07\/IMG_2329.jpeg",350,224,false]},"author_info":{"info":["admin"]},"category_info":"<a href=\"https:\/\/veritasinfo.org\/?cat=60\" rel=\"category\">Shoq\u00ebrore<\/a>","tag_info":"Shoq\u00ebrore","comment_count":"0","_links":{"self":[{"href":"https:\/\/veritasinfo.org\/index.php?rest_route=\/wp\/v2\/posts\/5270","targetHints":{"allow":["GET"]}}],"collection":[{"href":"https:\/\/veritasinfo.org\/index.php?rest_route=\/wp\/v2\/posts"}],"about":[{"href":"https:\/\/veritasinfo.org\/index.php?rest_route=\/wp\/v2\/types\/post"}],"author":[{"embeddable":true,"href":"https:\/\/veritasinfo.org\/index.php?rest_route=\/wp\/v2\/users\/1"}],"replies":[{"embeddable":true,"href":"https:\/\/veritasinfo.org\/index.php?rest_route=%2Fwp%2Fv2%2Fcomments&post=5270"}],"version-history":[{"count":1,"href":"https:\/\/veritasinfo.org\/index.php?rest_route=\/wp\/v2\/posts\/5270\/revisions"}],"predecessor-version":[{"id":5272,"href":"https:\/\/veritasinfo.org\/index.php?rest_route=\/wp\/v2\/posts\/5270\/revisions\/5272"}],"wp:featuredmedia":[{"embeddable":true,"href":"https:\/\/veritasinfo.org\/index.php?rest_route=\/wp\/v2\/media\/5271"}],"wp:attachment":[{"href":"https:\/\/veritasinfo.org\/index.php?rest_route=%2Fwp%2Fv2%2Fmedia&parent=5270"}],"wp:term":[{"taxonomy":"category","embeddable":true,"href":"https:\/\/veritasinfo.org\/index.php?rest_route=%2Fwp%2Fv2%2Fcategories&post=5270"},{"taxonomy":"post_tag","embeddable":true,"href":"https:\/\/veritasinfo.org\/index.php?rest_route=%2Fwp%2Fv2%2Ftags&post=5270"}],"curies":[{"name":"wp","href":"https:\/\/api.w.org\/{rel}","templated":true}]}}