{"id":5238,"date":"2025-07-25T19:15:20","date_gmt":"2025-07-25T17:15:20","guid":{"rendered":"https:\/\/veritasinfo.org\/?p=5238"},"modified":"2025-07-25T19:15:20","modified_gmt":"2025-07-25T17:15:20","slug":"aktakuza-u-bazua-ne-bisedat-ne-viber-mbrojtja-mohon-fajesine-e-te-akuzuarve-per-sulmin-ndaj-kkz-se-ne-mitrovicen-e-veriut","status":"publish","type":"post","link":"https:\/\/veritasinfo.org\/?p=5238","title":{"rendered":"Aktakuza u bazua n\u00eb bisedat n\u00eb \u201cViber\u201d, mbrojtja mohon faj\u00ebsin\u00eb e t\u00eb akuzuarve p\u00ebr sulmin ndaj KKZ-s\u00eb n\u00eb Mitrovic\u00ebn e Veriut"},"content":{"rendered":"<p>Prishtin\u00eb, 25 Korrik 2025<\/p>\n<p><strong>N\u00eb gjykimin ndaj Dejan Pantiq, Milun Milenkoviq \u2013 Llune, Alesander Vllajiq dhe Momir Vakiq, t\u00eb akuzuar p\u00ebr sulmin terrorist ndaj zyrave t\u00eb Komisionit Komunal Zgjedhor (KKZ), u dha fjala p\u00ebrfundimtare nga mbrojtja.<\/strong><\/p>\n<p>Fillimisht, fjal\u00ebn p\u00ebrfundimtare e ka dh\u00ebn\u00eb mbrojt\u00ebsi i t\u00eb akuzuarit Vllajiq, avokati Millosh Deleviq, i cili tha se fjal\u00ebn p\u00ebrfundimtare e ka dor\u00ebzuar me shkrim, nd\u00ebrsa shtoi se prokurori aktakuz\u00ebn e ka bazuar n\u00eb biseda ne \u201cViber\u201d, raporton <strong>\u201cBetimi p\u00ebr Drejt\u00ebsi\u201d.<\/strong><\/p>\n<p>\u201cProkurori Special e ngarkon Aleksander Vllajiq q\u00eb ka publikuar k\u00ebt\u00eb foto t\u00eb d\u00ebshmitarit Idriz Idrizi me nj\u00eb tekst ky \u00ebsht\u00eb Idriz Idrizi nj\u00eb informatror shqiptar t\u00eb njohim dhe t\u00eb presim n\u00eb veri me n\u00ebnshkrim brigada e veriut\u201d, ka deklaruar ai.<\/p>\n<p>Avokati Deleviq, lidhur me d\u00ebshmit\u00eb e d\u00ebshmitar\u00ebve t\u00eb Prokuroris\u00eb, theks t\u00eb ve\u00e7ante i dha d\u00ebshmis\u00eb se d\u00ebshmitarit Idriz Idrizi, duke th\u00ebn\u00eb se nga raporti i k\u00ebtij d\u00ebshmitari ka lindur kjo aktakuz\u00eb.<\/p>\n<p>\u201cP\u00ebr d\u00ebshmitar\u00ebt e prokuroris\u00eb do fokusohem tek d\u00ebshmia e Idriz Idrizit, ai nuk e ka identifikuar asnj\u00eb nga t\u00eb akuzuarit, ai ka th\u00ebn\u00eb se nuk ka arritur ta njoh ask\u00ebnd sepse situata ishte kaotike dhe e rrezikshme, deklarata e tij ishte e p\u00ebrgjithshme\u201d, tha Deleviq.<\/p>\n<p>Nd\u00ebrsa, vet\u00eb i akuzuari Vllaiq deklaroi se mb\u00ebshtet fjal\u00ebn e dh\u00ebn\u00eb nga avokati i tij duke shtuar se ai nuk ishte pjes\u00eb e k\u00ebtij sulmi t\u00eb ndodhur.<\/p>\n<p>\u201cNuk i kam kryer k\u00ebto vepra penale me t\u00eb cilat ngarkohem n\u00eb k\u00ebt\u00eb l\u00ebnd\u00eb, nuk jam i p\u00ebrfshir\u00eb nuk kam qen\u00eb n\u00eb k\u00ebto sulme q\u00eb kan\u00eb ndodhur n\u00eb k\u00ebt\u00eb dat\u00eb\u201d, tha Vllajiq.<\/p>\n<p>N\u00eb fjal\u00ebn p\u00ebrfundimtare, mbrojt\u00ebsi i t\u00eb akuzuarit Pantiq, avokati Lubomir Pantoviq tha se kjo aktakuz\u00eb nuk p\u00ebrmban asnj\u00eb veprim t\u00eb t\u00eb akuzuarve.<\/p>\n<p>\u201cT\u00eb gjitha provat n\u00eb t\u00eb cilat bazohet kjo aktakuz\u00eb jan\u00eb vet\u00ebm n\u00eb mb\u00ebshtetje t\u00eb raporteve policore dhe dokumenteve policore dhe i kemi kat\u00ebr t\u00eb akuzuar dhe p\u00ebrshkrimi i p\u00ebrgjithsh\u00ebm \u00ebsht\u00eb aq i gjer\u00eb dhe nuk p\u00ebrmban p\u00ebrshkrimin e asnj\u00eb veprimi t\u00eb asnj\u00eb t\u00eb akuzuari k\u00ebtu\u201d, tha Pantoviq.<\/p>\n<p>Nd\u00ebrsa, edhe i akuzuarit Pantiq u deklarua n\u00eb fjal\u00ebn p\u00ebrfundimtare.<\/p>\n<p>\u201cGjate gjith\u00eb jet\u00ebs nuk kam nj\u00eb kund\u00ebrvajtje dhe asnj\u00eb vep\u00ebr kund\u00ebr ligjit\u201d, tha Pantiq.<\/p>\n<p>N\u00eb fund, fjal\u00ebn p\u00ebrfundimtare e ka dh\u00ebn\u00eb edhe mbrojt\u00ebsi i t\u00eb akuzuarit Vakiq, avokati Dejan Vasiq tha se i mbrojturi i tij \u00ebsht\u00eb nj\u00ebri jasht\u00ebzakonisht i mir\u00eb duke kontestuar edhe raportin nga d\u00ebshmitari Idrizi.<\/p>\n<p>Edhe i akuzuari Vakiq deklaroi se nuk ka lidhje me k\u00ebt\u00eb rast.<\/p>\n<p><a href=\"https:\/\/betimiperdrejtesi.com\/deshmitari-pershkruan-levizjet-e-te-akuzuarve-para-sulmit-ndaj-kkz-se-ne-mitrovicen-e-veriut\/\">D\u00ebshmitari Idrizi, kishte filluar d\u00ebshmin\u00eb e tij m\u00eb 7 mars 2025 dhe u d\u00ebgjua n\u00eb cil\u00ebsin\u00eb e zyrtarit policor n\u00eb Departamentin p\u00ebr Inteligjenc\u00eb dhe Analiz\u00eb.<\/a> Idrizi kishte vazhduar d\u00ebshmin\u00eb e tij edhe me dat\u00eb <a href=\"https:\/\/betimiperdrejtesi.com\/deshmitari-thote-se-njeri-i-akuzuar-ia-postoi-foton-ne-nje-grup-ne-instagram-me-emrin-brigada-e-veriut\/\">14 mars 2025.<\/a><\/p>\n<p>Ndryshe seanca fillestar p\u00ebr k\u00ebt\u00eb rast ishte mbajtur me\u00a0<a href=\"https:\/\/betimiperdrejtesi.com\/deklarohen-te-pafajshem-kater-te-akuzuarit-per-sulmin-terrorist-ne-zyrat-e-kkz-se-ne-mitrovice\/\">30 janar 2024<\/a>\u00a0me q\u00eb rast gjith\u00eb t\u00eb akuzuarit ishin deklaruar t\u00eb pafajsh\u00ebm.<\/p>\n<p><a href=\"https:\/\/betimiperdrejtesi.com\/me-propozim-te-mbrojtjes-shtyhet-seanca-ndaj-kater-te-akuzuarve-per-sulm-terrorist\/\">Ndryshe, seanca fillestare e caktuar m\u00eb 12 janar 2024, ishte shtyr\u00eb me propozim t\u00eb mbrojtjes pasi q\u00eb t\u00eb nj\u00ebjtit nuk ishin pajisur me t\u00eb gjitha shkresat e l\u00ebnd\u00ebs.<\/a><\/p>\n<p>N\u00eb aktakuz\u00ebn t\u00eb cil\u00ebn e ka siguruar \u201cBetimi p\u00ebr Drejt\u00ebsi\u201d thuhet se Pantiq, Milenkoviq, Vlajiq dhe Vakiq m\u00eb 6 dhjetor 2022, n\u00eb ora 14:39, kishin kryer sulmin terrorist ndaj zyrave t\u00eb KKZ-s\u00eb, duke hedhur granata dore dhe shok bomba. Aktakuz\u00ebn e plot\u00eb mund ta lexoni duke klikuar\u00a0<a href=\"https:\/\/betimiperdrejtesi.com\/cka-thote-ne-aktakuzen-ndaj-dejan-pantiqit-dhe-tre-te-tjereve-per-sulmin-terrorist-ne-zyrat-e-kkz-se\/\"><strong><em>K\u00cbTU<\/em><\/strong><\/a><strong><em>.<\/em><\/strong><\/p>\n<p>&nbsp;<\/p>\n<p>&nbsp;<\/p>\n","protected":false},"excerpt":{"rendered":"<p>Prishtin\u00eb, 25 Korrik 2025 N\u00eb gjykimin ndaj Dejan Pantiq, Milun Milenkoviq \u2013 Llune, Alesander Vllajiq dhe Momir Vakiq, t\u00eb akuzuar p\u00ebr sulmin terrorist ndaj zyrave<\/p>\n","protected":false},"author":1,"featured_media":5239,"comment_status":"open","ping_status":"open","sticky":false,"template":"","format":"standard","meta":{"footnotes":""},"categories":[60],"tags":[],"class_list":["post-5238","post","type-post","status-publish","format-standard","has-post-thumbnail","hentry","category-shoqerore-sq"],"yoast_head":"<!-- This site is optimized with the Yoast SEO plugin v25.3.1 - https:\/\/yoast.com\/wordpress\/plugins\/seo\/ -->\n<title>Aktakuza u bazua n\u00eb bisedat n\u00eb \u201cViber\u201d, mbrojtja mohon faj\u00ebsin\u00eb e t\u00eb akuzuarve p\u00ebr sulmin ndaj KKZ-s\u00eb n\u00eb Mitrovic\u00ebn e Veriut -<\/title>\n<meta name=\"robots\" content=\"index, follow, max-snippet:-1, max-image-preview:large, max-video-preview:-1\" \/>\n<link rel=\"canonical\" href=\"https:\/\/veritasinfo.org\/?p=5238\" \/>\n<meta property=\"og:locale\" content=\"en_US\" \/>\n<meta property=\"og:type\" content=\"article\" \/>\n<meta property=\"og:title\" content=\"Aktakuza u bazua n\u00eb bisedat n\u00eb \u201cViber\u201d, mbrojtja mohon faj\u00ebsin\u00eb e t\u00eb akuzuarve p\u00ebr sulmin ndaj KKZ-s\u00eb n\u00eb Mitrovic\u00ebn e Veriut -\" \/>\n<meta property=\"og:description\" content=\"Prishtin\u00eb, 25 Korrik 2025 N\u00eb gjykimin ndaj Dejan Pantiq, Milun Milenkoviq \u2013 Llune, Alesander Vllajiq dhe Momir Vakiq, t\u00eb akuzuar p\u00ebr sulmin terrorist ndaj zyrave\" \/>\n<meta property=\"og:url\" content=\"https:\/\/veritasinfo.org\/?p=5238\" \/>\n<meta property=\"article:published_time\" content=\"2025-07-25T17:15:20+00:00\" \/>\n<meta property=\"og:image\" content=\"https:\/\/veritasinfo.org\/wp-content\/uploads\/2025\/07\/IMG_2321.jpeg\" \/>\n\t<meta property=\"og:image:width\" content=\"750\" \/>\n\t<meta property=\"og:image:height\" content=\"430\" \/>\n\t<meta property=\"og:image:type\" content=\"image\/jpeg\" \/>\n<meta name=\"author\" content=\"admin\" \/>\n<meta name=\"twitter:card\" content=\"summary_large_image\" \/>\n<meta name=\"twitter:label1\" content=\"Written by\" \/>\n\t<meta name=\"twitter:data1\" content=\"admin\" \/>\n\t<meta name=\"twitter:label2\" content=\"Est. reading time\" \/>\n\t<meta name=\"twitter:data2\" content=\"3 minutes\" \/>\n<script type=\"application\/ld+json\" class=\"yoast-schema-graph\">{\"@context\":\"https:\/\/schema.org\",\"@graph\":[{\"@type\":\"WebPage\",\"@id\":\"https:\/\/veritasinfo.org\/?p=5238\",\"url\":\"https:\/\/veritasinfo.org\/?p=5238\",\"name\":\"Aktakuza u bazua n\u00eb bisedat n\u00eb \u201cViber\u201d, mbrojtja mohon faj\u00ebsin\u00eb e t\u00eb akuzuarve p\u00ebr sulmin ndaj KKZ-s\u00eb n\u00eb Mitrovic\u00ebn e Veriut -\",\"isPartOf\":{\"@id\":\"https:\/\/veritasinfo.org\/#website\"},\"primaryImageOfPage\":{\"@id\":\"https:\/\/veritasinfo.org\/?p=5238#primaryimage\"},\"image\":{\"@id\":\"https:\/\/veritasinfo.org\/?p=5238#primaryimage\"},\"thumbnailUrl\":\"https:\/\/veritasinfo.org\/wp-content\/uploads\/2025\/07\/IMG_2321.jpeg\",\"datePublished\":\"2025-07-25T17:15:20+00:00\",\"author\":{\"@id\":\"https:\/\/veritasinfo.org\/#\/schema\/person\/7701f8c088bece422266b100a712374f\"},\"breadcrumb\":{\"@id\":\"https:\/\/veritasinfo.org\/?p=5238#breadcrumb\"},\"inLanguage\":\"en-US\",\"potentialAction\":[{\"@type\":\"ReadAction\",\"target\":[\"https:\/\/veritasinfo.org\/?p=5238\"]}]},{\"@type\":\"ImageObject\",\"inLanguage\":\"en-US\",\"@id\":\"https:\/\/veritasinfo.org\/?p=5238#primaryimage\",\"url\":\"https:\/\/veritasinfo.org\/wp-content\/uploads\/2025\/07\/IMG_2321.jpeg\",\"contentUrl\":\"https:\/\/veritasinfo.org\/wp-content\/uploads\/2025\/07\/IMG_2321.jpeg\",\"width\":750,\"height\":430},{\"@type\":\"BreadcrumbList\",\"@id\":\"https:\/\/veritasinfo.org\/?p=5238#breadcrumb\",\"itemListElement\":[{\"@type\":\"ListItem\",\"position\":1,\"name\":\"Home\",\"item\":\"https:\/\/veritasinfo.org\/\"},{\"@type\":\"ListItem\",\"position\":2,\"name\":\"Aktakuza u bazua n\u00eb bisedat n\u00eb \u201cViber\u201d, mbrojtja mohon faj\u00ebsin\u00eb e t\u00eb akuzuarve p\u00ebr sulmin ndaj KKZ-s\u00eb n\u00eb Mitrovic\u00ebn e Veriut\"}]},{\"@type\":\"WebSite\",\"@id\":\"https:\/\/veritasinfo.org\/#website\",\"url\":\"https:\/\/veritasinfo.org\/\",\"name\":\"\",\"description\":\"\",\"potentialAction\":[{\"@type\":\"SearchAction\",\"target\":{\"@type\":\"EntryPoint\",\"urlTemplate\":\"https:\/\/veritasinfo.org\/?s={search_term_string}\"},\"query-input\":{\"@type\":\"PropertyValueSpecification\",\"valueRequired\":true,\"valueName\":\"search_term_string\"}}],\"inLanguage\":\"en-US\"},{\"@type\":\"Person\",\"@id\":\"https:\/\/veritasinfo.org\/#\/schema\/person\/7701f8c088bece422266b100a712374f\",\"name\":\"admin\",\"image\":{\"@type\":\"ImageObject\",\"inLanguage\":\"en-US\",\"@id\":\"https:\/\/veritasinfo.org\/#\/schema\/person\/image\/\",\"url\":\"https:\/\/secure.gravatar.com\/avatar\/ea53aa3bf6c9a12d5fde8ce4deff43fef3885ae33cf60184161a50d6987cfd2f?s=96&d=mm&r=g\",\"contentUrl\":\"https:\/\/secure.gravatar.com\/avatar\/ea53aa3bf6c9a12d5fde8ce4deff43fef3885ae33cf60184161a50d6987cfd2f?s=96&d=mm&r=g\",\"caption\":\"admin\"},\"sameAs\":[\"https:\/\/veritasinfo.org\"],\"url\":\"https:\/\/veritasinfo.org\/?author=1\"}]}<\/script>\n<!-- \/ Yoast SEO plugin. -->","yoast_head_json":{"title":"Aktakuza u bazua n\u00eb bisedat n\u00eb \u201cViber\u201d, mbrojtja mohon faj\u00ebsin\u00eb e t\u00eb akuzuarve p\u00ebr sulmin ndaj KKZ-s\u00eb n\u00eb Mitrovic\u00ebn e Veriut -","robots":{"index":"index","follow":"follow","max-snippet":"max-snippet:-1","max-image-preview":"max-image-preview:large","max-video-preview":"max-video-preview:-1"},"canonical":"https:\/\/veritasinfo.org\/?p=5238","og_locale":"en_US","og_type":"article","og_title":"Aktakuza u bazua n\u00eb bisedat n\u00eb \u201cViber\u201d, mbrojtja mohon faj\u00ebsin\u00eb e t\u00eb akuzuarve p\u00ebr sulmin ndaj KKZ-s\u00eb n\u00eb Mitrovic\u00ebn e Veriut -","og_description":"Prishtin\u00eb, 25 Korrik 2025 N\u00eb gjykimin ndaj Dejan Pantiq, Milun Milenkoviq \u2013 Llune, Alesander Vllajiq dhe Momir Vakiq, t\u00eb akuzuar p\u00ebr sulmin terrorist ndaj zyrave","og_url":"https:\/\/veritasinfo.org\/?p=5238","article_published_time":"2025-07-25T17:15:20+00:00","og_image":[{"width":750,"height":430,"url":"https:\/\/veritasinfo.org\/wp-content\/uploads\/2025\/07\/IMG_2321.jpeg","type":"image\/jpeg"}],"author":"admin","twitter_card":"summary_large_image","twitter_misc":{"Written by":"admin","Est. reading time":"3 minutes"},"schema":{"@context":"https:\/\/schema.org","@graph":[{"@type":"WebPage","@id":"https:\/\/veritasinfo.org\/?p=5238","url":"https:\/\/veritasinfo.org\/?p=5238","name":"Aktakuza u bazua n\u00eb bisedat n\u00eb \u201cViber\u201d, mbrojtja mohon faj\u00ebsin\u00eb e t\u00eb akuzuarve p\u00ebr sulmin ndaj KKZ-s\u00eb n\u00eb Mitrovic\u00ebn e Veriut -","isPartOf":{"@id":"https:\/\/veritasinfo.org\/#website"},"primaryImageOfPage":{"@id":"https:\/\/veritasinfo.org\/?p=5238#primaryimage"},"image":{"@id":"https:\/\/veritasinfo.org\/?p=5238#primaryimage"},"thumbnailUrl":"https:\/\/veritasinfo.org\/wp-content\/uploads\/2025\/07\/IMG_2321.jpeg","datePublished":"2025-07-25T17:15:20+00:00","author":{"@id":"https:\/\/veritasinfo.org\/#\/schema\/person\/7701f8c088bece422266b100a712374f"},"breadcrumb":{"@id":"https:\/\/veritasinfo.org\/?p=5238#breadcrumb"},"inLanguage":"en-US","potentialAction":[{"@type":"ReadAction","target":["https:\/\/veritasinfo.org\/?p=5238"]}]},{"@type":"ImageObject","inLanguage":"en-US","@id":"https:\/\/veritasinfo.org\/?p=5238#primaryimage","url":"https:\/\/veritasinfo.org\/wp-content\/uploads\/2025\/07\/IMG_2321.jpeg","contentUrl":"https:\/\/veritasinfo.org\/wp-content\/uploads\/2025\/07\/IMG_2321.jpeg","width":750,"height":430},{"@type":"BreadcrumbList","@id":"https:\/\/veritasinfo.org\/?p=5238#breadcrumb","itemListElement":[{"@type":"ListItem","position":1,"name":"Home","item":"https:\/\/veritasinfo.org\/"},{"@type":"ListItem","position":2,"name":"Aktakuza u bazua n\u00eb bisedat n\u00eb \u201cViber\u201d, mbrojtja mohon faj\u00ebsin\u00eb e t\u00eb akuzuarve p\u00ebr sulmin ndaj KKZ-s\u00eb n\u00eb Mitrovic\u00ebn e Veriut"}]},{"@type":"WebSite","@id":"https:\/\/veritasinfo.org\/#website","url":"https:\/\/veritasinfo.org\/","name":"","description":"","potentialAction":[{"@type":"SearchAction","target":{"@type":"EntryPoint","urlTemplate":"https:\/\/veritasinfo.org\/?s={search_term_string}"},"query-input":{"@type":"PropertyValueSpecification","valueRequired":true,"valueName":"search_term_string"}}],"inLanguage":"en-US"},{"@type":"Person","@id":"https:\/\/veritasinfo.org\/#\/schema\/person\/7701f8c088bece422266b100a712374f","name":"admin","image":{"@type":"ImageObject","inLanguage":"en-US","@id":"https:\/\/veritasinfo.org\/#\/schema\/person\/image\/","url":"https:\/\/secure.gravatar.com\/avatar\/ea53aa3bf6c9a12d5fde8ce4deff43fef3885ae33cf60184161a50d6987cfd2f?s=96&d=mm&r=g","contentUrl":"https:\/\/secure.gravatar.com\/avatar\/ea53aa3bf6c9a12d5fde8ce4deff43fef3885ae33cf60184161a50d6987cfd2f?s=96&d=mm&r=g","caption":"admin"},"sameAs":["https:\/\/veritasinfo.org"],"url":"https:\/\/veritasinfo.org\/?author=1"}]}},"featured_image_urls":{"full":["https:\/\/veritasinfo.org\/wp-content\/uploads\/2025\/07\/IMG_2321.jpeg",750,430,false],"thumbnail":["https:\/\/veritasinfo.org\/wp-content\/uploads\/2025\/07\/IMG_2321-150x150.jpeg",150,150,true],"medium":["https:\/\/veritasinfo.org\/wp-content\/uploads\/2025\/07\/IMG_2321-300x172.jpeg",300,172,true],"medium_large":["https:\/\/veritasinfo.org\/wp-content\/uploads\/2025\/07\/IMG_2321.jpeg",640,367,false],"large":["https:\/\/veritasinfo.org\/wp-content\/uploads\/2025\/07\/IMG_2321.jpeg",640,367,false],"1536x1536":["https:\/\/veritasinfo.org\/wp-content\/uploads\/2025\/07\/IMG_2321.jpeg",750,430,false],"2048x2048":["https:\/\/veritasinfo.org\/wp-content\/uploads\/2025\/07\/IMG_2321.jpeg",750,430,false],"kreeti-slider-full":["https:\/\/veritasinfo.org\/wp-content\/uploads\/2025\/07\/IMG_2321.jpeg",750,430,false],"kreeti-featured":["https:\/\/veritasinfo.org\/wp-content\/uploads\/2025\/07\/IMG_2321.jpeg",750,430,false],"kreeti-medium":["https:\/\/veritasinfo.org\/wp-content\/uploads\/2025\/07\/IMG_2321.jpeg",720,413,false],"kreeti-medium-square":["https:\/\/veritasinfo.org\/wp-content\/uploads\/2025\/07\/IMG_2321.jpeg",350,201,false]},"author_info":{"info":["admin"]},"category_info":"<a href=\"https:\/\/veritasinfo.org\/?cat=60\" rel=\"category\">Shoq\u00ebrore<\/a>","tag_info":"Shoq\u00ebrore","comment_count":"0","_links":{"self":[{"href":"https:\/\/veritasinfo.org\/index.php?rest_route=\/wp\/v2\/posts\/5238","targetHints":{"allow":["GET"]}}],"collection":[{"href":"https:\/\/veritasinfo.org\/index.php?rest_route=\/wp\/v2\/posts"}],"about":[{"href":"https:\/\/veritasinfo.org\/index.php?rest_route=\/wp\/v2\/types\/post"}],"author":[{"embeddable":true,"href":"https:\/\/veritasinfo.org\/index.php?rest_route=\/wp\/v2\/users\/1"}],"replies":[{"embeddable":true,"href":"https:\/\/veritasinfo.org\/index.php?rest_route=%2Fwp%2Fv2%2Fcomments&post=5238"}],"version-history":[{"count":1,"href":"https:\/\/veritasinfo.org\/index.php?rest_route=\/wp\/v2\/posts\/5238\/revisions"}],"predecessor-version":[{"id":5240,"href":"https:\/\/veritasinfo.org\/index.php?rest_route=\/wp\/v2\/posts\/5238\/revisions\/5240"}],"wp:featuredmedia":[{"embeddable":true,"href":"https:\/\/veritasinfo.org\/index.php?rest_route=\/wp\/v2\/media\/5239"}],"wp:attachment":[{"href":"https:\/\/veritasinfo.org\/index.php?rest_route=%2Fwp%2Fv2%2Fmedia&parent=5238"}],"wp:term":[{"taxonomy":"category","embeddable":true,"href":"https:\/\/veritasinfo.org\/index.php?rest_route=%2Fwp%2Fv2%2Fcategories&post=5238"},{"taxonomy":"post_tag","embeddable":true,"href":"https:\/\/veritasinfo.org\/index.php?rest_route=%2Fwp%2Fv2%2Ftags&post=5238"}],"curies":[{"name":"wp","href":"https:\/\/api.w.org\/{rel}","templated":true}]}}