{"id":5215,"date":"2025-07-25T15:41:42","date_gmt":"2025-07-25T13:41:42","guid":{"rendered":"https:\/\/veritasinfo.org\/?p=5215"},"modified":"2025-07-25T15:41:42","modified_gmt":"2025-07-25T13:41:42","slug":"te-akuzuarit-mohojne-sulmet-ndaj-kkz-se-ne-veri-pretendojne-se-hetimet-jane-te-pamjaftueshme","status":"publish","type":"post","link":"https:\/\/veritasinfo.org\/?p=5215","title":{"rendered":"T\u00eb akuzuarit mohojn\u00eb sulmet ndaj KKZ-s\u00eb n\u00eb veri, pretendojn\u00eb se hetimet jan\u00eb t\u00eb pamjaftueshme"},"content":{"rendered":"<p>Prishtin\u00eb, 25 Korrik 2025<\/p>\n<p>N\u00eb gjykimin ndaj Dejan Pantiq, Millun Millenkoviq, Aleksand\u00ebr Vllajiq dhe Miomir Vakiq \u00ebsht\u00eb dh\u00ebn\u00eb fjala p\u00ebrfundimtare nga mbrojtja. Para trupit gjykues n\u00eb Gjykat\u00ebn Themelore n\u00eb Prishtin\u00eb, ata kan\u00eb mohuar se kan\u00eb qen\u00eb pjes\u00eb e sulmit ndaj zyrave t\u00eb Komisionit Komunal Zgjedhor (KKZ) n\u00eb dhjetor t\u00eb vitit 2022.<\/p>\n<div class=\"code-block code-block-8\">\n<div id=\"futureads_d773fe1afb07405e8d2f0e46933877d3_zone_104122_sect_47401_site_41437\" data-sender=\"futureads\">Avokati Millosh Deleviq, i cili \u00ebsht\u00eb mbrojt\u00ebs i Aleksand\u00ebr Vllajiqit tha se nuk ka prova t\u00eb mjaftueshme p\u00ebr k\u00ebt\u00eb aktakuz\u00eb.<\/div>\n<\/div>\n<p>\u201cKam punuar n\u00eb l\u00ebnd\u00eb t\u00eb ndryshme t\u00eb r\u00ebnda para Gjykat\u00ebs Speciale. Mir\u00ebpo, gjat\u00eb karrier\u00ebs sime nuk kam par\u00eb k\u00ebsi hetime kaq t\u00eb pamjaftueshme dhe aktakuza q\u00eb \u00ebsht\u00eb ngritur m\u00eb pas. Nuk mund t\u00eb them q\u00eb kjo \u00ebsht\u00eb merit\u00eb e prokurorit t\u00eb \u00e7\u00ebshtjes, mir\u00ebpo besoj q\u00eb \u00ebsht\u00eb e prokurorit paraprak, i cili ka b\u00ebr\u00eb hetimet dhe ka ngritur k\u00ebt\u00eb aktakuz\u00eb. I nderuari prokuror ka provuar t\u00eb shp\u00ebtoj\u00eb at\u00eb q\u00eb mund t\u00eb shp\u00ebtohet, mir\u00ebpo mendoj q\u00eb n\u00eb k\u00ebt\u00eb nuk ka arritur. Dhe ka provuar jasht\u00eb besimit q\u00eb i akuzuari Aleksand\u00ebr Vllajiq ka kryer vepr\u00ebn penale p\u00ebr t\u00eb cil\u00ebn ngarkohet\u201d, deklaroi ai.<\/p>\n<p>I akuzuari Aleksand\u00ebr Vllajiq ka mohuar se ka qen\u00eb i p\u00ebrfshir\u00eb n\u00eb k\u00ebt\u00eb sulm.<\/p>\n<div class=\"code-block code-block-7\"><\/div>\n<p>\u201cUn\u00eb pajtohem me t\u00eb gjitha t\u00eb cekurat e avokatit, mbrojt\u00ebsit tim. Nga fillimi i procedure un\u00eb flas vet\u00ebm t\u00eb v\u00ebrtet\u00ebn dhe nuk kam asgj\u00eb p\u00ebr t\u00eb fshehur. Nuk i kam kryer k\u00ebto vepra penale, me t\u00eb cilat ngarkohem n\u00eb k\u00ebt\u00eb l\u00ebnd\u00eb. Nuk jam i p\u00ebrfshir\u00eb, nuk kam qen\u00eb n\u00eb k\u00ebto sulme t\u00eb cilat kan\u00eb ndodhur n\u00eb k\u00ebt\u00eb dat\u00eb. Nuk kam qen\u00eb pjes\u00eb e grupit, nuk ka qen\u00eb vet grupi dhe nuk kam ndihmuar n\u00eb asnj\u00eb m\u00ebnyr\u00eb k\u00ebt\u00eb grup. K\u00ebt\u00eb e kan\u00eb v\u00ebrtetuar d\u00ebshmitar\u00eb t\u00eb shumt\u00eb. Nuk ka prova forenzike kund\u00ebr meje. Ju lutem, t\u2019i v\u00ebshtroni t\u00eb gjitha provat t\u00eb cilat jan\u00eb n\u00eb shkresat e l\u00ebnd\u00ebs. Nuk k\u00ebrkoj asnj\u00eb privilegj, un\u00eb k\u00ebrkoj drejt\u00ebsi\u201d, tha ai.<\/p>\n<p>Edhe mbrojt\u00ebsi i t\u00eb akuzuarit, Dejan Pantiq, avokati Lubomir Pantoviq tha se nuk ka prova t\u00eb mjaftueshme, ku ai i ka paraqitur disa fotografi para trupit gjykues, duke th\u00ebn\u00eb se i nj\u00ebjti ka qen\u00eb diku tjet\u00ebr kur \u00ebsht\u00eb kryer sulm.<\/p>\n<p>\u201cMund t\u00eb t\u00ebrhiqemi nga ndjekja penale, gjithashtu kur nuk ekzistojn\u00eb provat materiale dhe \u00e7do gj\u00eb jasht\u00eb k\u00ebsaj \u00ebsht\u00eb keqp\u00ebrdorim i t\u00eb drejt\u00ebs dhe shkelje e ligjit dhe mendoj q\u00eb sot ballafaqohemi me k\u00ebt\u00eb. T\u00eb nderuar gjyqtar\u00eb, m\u00eb duhet t\u00eb kthehem n\u00eb t\u00eb kaluar\u00ebn, sepse kjo ndodhje ka pasur nj\u00eb jehon\u00eb n\u00eb t\u00eb kaluar\u00ebn p\u00ebr t\u00eb mbrojturin tim. \u00cbsht\u00eb i arrestuar n\u00eb dhjetor t\u00eb vitit 2022\u2026Prokuror\u00ebt ton\u00eb m\u00eb duket nuk d\u00ebshirojn\u00eb t\u00eb zbatojn\u00eb ligjin n\u00eb at\u00eb pjes\u00eb ku thuhet q\u00eb edhe prokuroria \u00ebsht\u00eb e obliguar jo vet\u00ebm gjykata q\u00eb t\u00eb v\u00ebrtetoj\u00eb t\u00eb v\u00ebrtetat materiale dhe kjo n\u00eb praktik\u00eb do t\u00eb thoshte q\u00eb nuk ngritet aktakuza\u2026 N\u00eb pjes\u00ebn e poshtme t\u00eb fotografive Dejan Pantiq k\u00ebtu \u00ebsht\u00eb duke ecur n\u00eb rrug\u00ebn \u2018Liria\u2019 n\u00eb Mitrovic\u00eb n\u00eb af\u00ebrsi t\u00eb objektit t\u00eb prokuroris\u00eb\u201d, tha ai.<\/p>\n<p>Ai tha se pretendimet e prokuroris\u00eb q\u00eb i akuzuari Dejan Pantiq ka pasur uniform\u00eb nuk jan\u00eb t\u00eb v\u00ebrteta.<\/p>\n<p>\u201cDejan Pantiq nuk ka pasur asnj\u00eb lloj t\u00eb uniform\u00ebs t\u00eb mbrojtjes civile, por as ndonj\u00eb uniform\u00eb tjet\u00ebr t\u00eb dikujt. Dhe k\u00ebto q\u00eb prokurori i ka pretenduar jan\u00eb vet\u00ebm propozime t\u00eb thjeshta dhe asgj\u00eb tjet\u00ebr dhe nuk \u00ebsht\u00eb prov\u00eb\u201d, shtoi ai.<\/p>\n<p>I akuzuari Dejan Pantiq mohoi se ka qen\u00eb pjes\u00eb e sulmit ndaj zyrave t\u00eb Komisionit Komunal Zgjedhor (KKZ).<\/p>\n<p>\u201cUn\u00eb jetoj q\u00eb 19 vite t\u00eb tre soliter\u00ebt, e cila \u00ebsht\u00eb nj\u00eb lagje me nacionalitete t\u00eb ndryshme. Asnj\u00ebher\u00eb nuk kam pasur problem me komshinjt\u00eb e mi t\u00eb cil\u00ebt jan\u00eb shqiptar\u00eb, por as ata me mua. Q\u00eb do t\u00eb thot\u00eb \u00e7do dit\u00eb kam shkuar n\u00eb dyqan q\u00eb t\u00eb blej\u00eb di\u00e7ka, ashtu ndodhi edhe at\u00eb dit\u00eb sepse bashk\u00ebshortja ime punon n\u00eb Leposaviq. At\u00eb dit\u00eb un\u00eb e bleva nj\u00eb buk\u00eb, e kam pasur nj\u00eb qese t\u00eb thjesht, ashtu si\u00e7 jepet n\u00eb furr\u00eb dhe jam nisur n\u00eb drejtim t\u00eb sht\u00ebpis\u00eb p\u00ebr ta d\u00ebrguar at\u00eb buk\u00eb\u201d, tha ai.<\/p>\n<p>Shpallja e k\u00ebtij aktgjykimi do t\u00eb mbahet m\u00eb 28 korrik, n\u00eb ora 09:30.<\/p>\n<p>&nbsp;<\/p>\n","protected":false},"excerpt":{"rendered":"<p>Prishtin\u00eb, 25 Korrik 2025 N\u00eb gjykimin ndaj Dejan Pantiq, Millun Millenkoviq, Aleksand\u00ebr Vllajiq dhe Miomir Vakiq \u00ebsht\u00eb dh\u00ebn\u00eb fjala p\u00ebrfundimtare nga mbrojtja. Para trupit gjykues<\/p>\n","protected":false},"author":1,"featured_media":5216,"comment_status":"open","ping_status":"open","sticky":false,"template":"","format":"standard","meta":{"footnotes":""},"categories":[60],"tags":[],"class_list":["post-5215","post","type-post","status-publish","format-standard","has-post-thumbnail","hentry","category-shoqerore-sq"],"yoast_head":"<!-- This site is optimized with the Yoast SEO plugin v25.3.1 - https:\/\/yoast.com\/wordpress\/plugins\/seo\/ -->\n<title>T\u00eb akuzuarit mohojn\u00eb sulmet ndaj KKZ-s\u00eb n\u00eb veri, pretendojn\u00eb se hetimet jan\u00eb t\u00eb pamjaftueshme -<\/title>\n<meta name=\"robots\" content=\"index, follow, max-snippet:-1, max-image-preview:large, max-video-preview:-1\" \/>\n<link rel=\"canonical\" href=\"https:\/\/veritasinfo.org\/?p=5215\" \/>\n<meta property=\"og:locale\" content=\"en_US\" \/>\n<meta property=\"og:type\" content=\"article\" \/>\n<meta property=\"og:title\" content=\"T\u00eb akuzuarit mohojn\u00eb sulmet ndaj KKZ-s\u00eb n\u00eb veri, pretendojn\u00eb se hetimet jan\u00eb t\u00eb pamjaftueshme -\" \/>\n<meta property=\"og:description\" content=\"Prishtin\u00eb, 25 Korrik 2025 N\u00eb gjykimin ndaj Dejan Pantiq, Millun Millenkoviq, Aleksand\u00ebr Vllajiq dhe Miomir Vakiq \u00ebsht\u00eb dh\u00ebn\u00eb fjala p\u00ebrfundimtare nga mbrojtja. Para trupit gjykues\" \/>\n<meta property=\"og:url\" content=\"https:\/\/veritasinfo.org\/?p=5215\" \/>\n<meta property=\"article:published_time\" content=\"2025-07-25T13:41:42+00:00\" \/>\n<meta property=\"og:image\" content=\"https:\/\/veritasinfo.org\/wp-content\/uploads\/2025\/07\/IMG_2315.jpeg\" \/>\n\t<meta property=\"og:image:width\" content=\"600\" \/>\n\t<meta property=\"og:image:height\" content=\"450\" \/>\n\t<meta property=\"og:image:type\" content=\"image\/jpeg\" \/>\n<meta name=\"author\" content=\"admin\" \/>\n<meta name=\"twitter:card\" content=\"summary_large_image\" \/>\n<meta name=\"twitter:label1\" content=\"Written by\" \/>\n\t<meta name=\"twitter:data1\" content=\"admin\" \/>\n\t<meta name=\"twitter:label2\" content=\"Est. reading time\" \/>\n\t<meta name=\"twitter:data2\" content=\"4 minutes\" \/>\n<script type=\"application\/ld+json\" class=\"yoast-schema-graph\">{\"@context\":\"https:\/\/schema.org\",\"@graph\":[{\"@type\":\"WebPage\",\"@id\":\"https:\/\/veritasinfo.org\/?p=5215\",\"url\":\"https:\/\/veritasinfo.org\/?p=5215\",\"name\":\"T\u00eb akuzuarit mohojn\u00eb sulmet ndaj KKZ-s\u00eb n\u00eb veri, pretendojn\u00eb se hetimet jan\u00eb t\u00eb pamjaftueshme -\",\"isPartOf\":{\"@id\":\"https:\/\/veritasinfo.org\/#website\"},\"primaryImageOfPage\":{\"@id\":\"https:\/\/veritasinfo.org\/?p=5215#primaryimage\"},\"image\":{\"@id\":\"https:\/\/veritasinfo.org\/?p=5215#primaryimage\"},\"thumbnailUrl\":\"https:\/\/veritasinfo.org\/wp-content\/uploads\/2025\/07\/IMG_2315.jpeg\",\"datePublished\":\"2025-07-25T13:41:42+00:00\",\"author\":{\"@id\":\"https:\/\/veritasinfo.org\/#\/schema\/person\/7701f8c088bece422266b100a712374f\"},\"breadcrumb\":{\"@id\":\"https:\/\/veritasinfo.org\/?p=5215#breadcrumb\"},\"inLanguage\":\"en-US\",\"potentialAction\":[{\"@type\":\"ReadAction\",\"target\":[\"https:\/\/veritasinfo.org\/?p=5215\"]}]},{\"@type\":\"ImageObject\",\"inLanguage\":\"en-US\",\"@id\":\"https:\/\/veritasinfo.org\/?p=5215#primaryimage\",\"url\":\"https:\/\/veritasinfo.org\/wp-content\/uploads\/2025\/07\/IMG_2315.jpeg\",\"contentUrl\":\"https:\/\/veritasinfo.org\/wp-content\/uploads\/2025\/07\/IMG_2315.jpeg\",\"width\":600,\"height\":450},{\"@type\":\"BreadcrumbList\",\"@id\":\"https:\/\/veritasinfo.org\/?p=5215#breadcrumb\",\"itemListElement\":[{\"@type\":\"ListItem\",\"position\":1,\"name\":\"Home\",\"item\":\"https:\/\/veritasinfo.org\/\"},{\"@type\":\"ListItem\",\"position\":2,\"name\":\"T\u00eb akuzuarit mohojn\u00eb sulmet ndaj KKZ-s\u00eb n\u00eb veri, pretendojn\u00eb se hetimet jan\u00eb t\u00eb pamjaftueshme\"}]},{\"@type\":\"WebSite\",\"@id\":\"https:\/\/veritasinfo.org\/#website\",\"url\":\"https:\/\/veritasinfo.org\/\",\"name\":\"\",\"description\":\"\",\"potentialAction\":[{\"@type\":\"SearchAction\",\"target\":{\"@type\":\"EntryPoint\",\"urlTemplate\":\"https:\/\/veritasinfo.org\/?s={search_term_string}\"},\"query-input\":{\"@type\":\"PropertyValueSpecification\",\"valueRequired\":true,\"valueName\":\"search_term_string\"}}],\"inLanguage\":\"en-US\"},{\"@type\":\"Person\",\"@id\":\"https:\/\/veritasinfo.org\/#\/schema\/person\/7701f8c088bece422266b100a712374f\",\"name\":\"admin\",\"image\":{\"@type\":\"ImageObject\",\"inLanguage\":\"en-US\",\"@id\":\"https:\/\/veritasinfo.org\/#\/schema\/person\/image\/\",\"url\":\"https:\/\/secure.gravatar.com\/avatar\/ea53aa3bf6c9a12d5fde8ce4deff43fef3885ae33cf60184161a50d6987cfd2f?s=96&d=mm&r=g\",\"contentUrl\":\"https:\/\/secure.gravatar.com\/avatar\/ea53aa3bf6c9a12d5fde8ce4deff43fef3885ae33cf60184161a50d6987cfd2f?s=96&d=mm&r=g\",\"caption\":\"admin\"},\"sameAs\":[\"https:\/\/veritasinfo.org\"],\"url\":\"https:\/\/veritasinfo.org\/?author=1\"}]}<\/script>\n<!-- \/ Yoast SEO plugin. -->","yoast_head_json":{"title":"T\u00eb akuzuarit mohojn\u00eb sulmet ndaj KKZ-s\u00eb n\u00eb veri, pretendojn\u00eb se hetimet jan\u00eb t\u00eb pamjaftueshme -","robots":{"index":"index","follow":"follow","max-snippet":"max-snippet:-1","max-image-preview":"max-image-preview:large","max-video-preview":"max-video-preview:-1"},"canonical":"https:\/\/veritasinfo.org\/?p=5215","og_locale":"en_US","og_type":"article","og_title":"T\u00eb akuzuarit mohojn\u00eb sulmet ndaj KKZ-s\u00eb n\u00eb veri, pretendojn\u00eb se hetimet jan\u00eb t\u00eb pamjaftueshme -","og_description":"Prishtin\u00eb, 25 Korrik 2025 N\u00eb gjykimin ndaj Dejan Pantiq, Millun Millenkoviq, Aleksand\u00ebr Vllajiq dhe Miomir Vakiq \u00ebsht\u00eb dh\u00ebn\u00eb fjala p\u00ebrfundimtare nga mbrojtja. Para trupit gjykues","og_url":"https:\/\/veritasinfo.org\/?p=5215","article_published_time":"2025-07-25T13:41:42+00:00","og_image":[{"width":600,"height":450,"url":"https:\/\/veritasinfo.org\/wp-content\/uploads\/2025\/07\/IMG_2315.jpeg","type":"image\/jpeg"}],"author":"admin","twitter_card":"summary_large_image","twitter_misc":{"Written by":"admin","Est. reading time":"4 minutes"},"schema":{"@context":"https:\/\/schema.org","@graph":[{"@type":"WebPage","@id":"https:\/\/veritasinfo.org\/?p=5215","url":"https:\/\/veritasinfo.org\/?p=5215","name":"T\u00eb akuzuarit mohojn\u00eb sulmet ndaj KKZ-s\u00eb n\u00eb veri, pretendojn\u00eb se hetimet jan\u00eb t\u00eb pamjaftueshme -","isPartOf":{"@id":"https:\/\/veritasinfo.org\/#website"},"primaryImageOfPage":{"@id":"https:\/\/veritasinfo.org\/?p=5215#primaryimage"},"image":{"@id":"https:\/\/veritasinfo.org\/?p=5215#primaryimage"},"thumbnailUrl":"https:\/\/veritasinfo.org\/wp-content\/uploads\/2025\/07\/IMG_2315.jpeg","datePublished":"2025-07-25T13:41:42+00:00","author":{"@id":"https:\/\/veritasinfo.org\/#\/schema\/person\/7701f8c088bece422266b100a712374f"},"breadcrumb":{"@id":"https:\/\/veritasinfo.org\/?p=5215#breadcrumb"},"inLanguage":"en-US","potentialAction":[{"@type":"ReadAction","target":["https:\/\/veritasinfo.org\/?p=5215"]}]},{"@type":"ImageObject","inLanguage":"en-US","@id":"https:\/\/veritasinfo.org\/?p=5215#primaryimage","url":"https:\/\/veritasinfo.org\/wp-content\/uploads\/2025\/07\/IMG_2315.jpeg","contentUrl":"https:\/\/veritasinfo.org\/wp-content\/uploads\/2025\/07\/IMG_2315.jpeg","width":600,"height":450},{"@type":"BreadcrumbList","@id":"https:\/\/veritasinfo.org\/?p=5215#breadcrumb","itemListElement":[{"@type":"ListItem","position":1,"name":"Home","item":"https:\/\/veritasinfo.org\/"},{"@type":"ListItem","position":2,"name":"T\u00eb akuzuarit mohojn\u00eb sulmet ndaj KKZ-s\u00eb n\u00eb veri, pretendojn\u00eb se hetimet jan\u00eb t\u00eb pamjaftueshme"}]},{"@type":"WebSite","@id":"https:\/\/veritasinfo.org\/#website","url":"https:\/\/veritasinfo.org\/","name":"","description":"","potentialAction":[{"@type":"SearchAction","target":{"@type":"EntryPoint","urlTemplate":"https:\/\/veritasinfo.org\/?s={search_term_string}"},"query-input":{"@type":"PropertyValueSpecification","valueRequired":true,"valueName":"search_term_string"}}],"inLanguage":"en-US"},{"@type":"Person","@id":"https:\/\/veritasinfo.org\/#\/schema\/person\/7701f8c088bece422266b100a712374f","name":"admin","image":{"@type":"ImageObject","inLanguage":"en-US","@id":"https:\/\/veritasinfo.org\/#\/schema\/person\/image\/","url":"https:\/\/secure.gravatar.com\/avatar\/ea53aa3bf6c9a12d5fde8ce4deff43fef3885ae33cf60184161a50d6987cfd2f?s=96&d=mm&r=g","contentUrl":"https:\/\/secure.gravatar.com\/avatar\/ea53aa3bf6c9a12d5fde8ce4deff43fef3885ae33cf60184161a50d6987cfd2f?s=96&d=mm&r=g","caption":"admin"},"sameAs":["https:\/\/veritasinfo.org"],"url":"https:\/\/veritasinfo.org\/?author=1"}]}},"featured_image_urls":{"full":["https:\/\/veritasinfo.org\/wp-content\/uploads\/2025\/07\/IMG_2315.jpeg",600,450,false],"thumbnail":["https:\/\/veritasinfo.org\/wp-content\/uploads\/2025\/07\/IMG_2315-150x150.jpeg",150,150,true],"medium":["https:\/\/veritasinfo.org\/wp-content\/uploads\/2025\/07\/IMG_2315-300x225.jpeg",300,225,true],"medium_large":["https:\/\/veritasinfo.org\/wp-content\/uploads\/2025\/07\/IMG_2315.jpeg",600,450,false],"large":["https:\/\/veritasinfo.org\/wp-content\/uploads\/2025\/07\/IMG_2315.jpeg",600,450,false],"1536x1536":["https:\/\/veritasinfo.org\/wp-content\/uploads\/2025\/07\/IMG_2315.jpeg",600,450,false],"2048x2048":["https:\/\/veritasinfo.org\/wp-content\/uploads\/2025\/07\/IMG_2315.jpeg",600,450,false],"kreeti-slider-full":["https:\/\/veritasinfo.org\/wp-content\/uploads\/2025\/07\/IMG_2315.jpeg",600,450,false],"kreeti-featured":["https:\/\/veritasinfo.org\/wp-content\/uploads\/2025\/07\/IMG_2315.jpeg",600,450,false],"kreeti-medium":["https:\/\/veritasinfo.org\/wp-content\/uploads\/2025\/07\/IMG_2315.jpeg",600,450,false],"kreeti-medium-square":["https:\/\/veritasinfo.org\/wp-content\/uploads\/2025\/07\/IMG_2315.jpeg",350,263,false]},"author_info":{"info":["admin"]},"category_info":"<a href=\"https:\/\/veritasinfo.org\/?cat=60\" rel=\"category\">Shoq\u00ebrore<\/a>","tag_info":"Shoq\u00ebrore","comment_count":"0","_links":{"self":[{"href":"https:\/\/veritasinfo.org\/index.php?rest_route=\/wp\/v2\/posts\/5215","targetHints":{"allow":["GET"]}}],"collection":[{"href":"https:\/\/veritasinfo.org\/index.php?rest_route=\/wp\/v2\/posts"}],"about":[{"href":"https:\/\/veritasinfo.org\/index.php?rest_route=\/wp\/v2\/types\/post"}],"author":[{"embeddable":true,"href":"https:\/\/veritasinfo.org\/index.php?rest_route=\/wp\/v2\/users\/1"}],"replies":[{"embeddable":true,"href":"https:\/\/veritasinfo.org\/index.php?rest_route=%2Fwp%2Fv2%2Fcomments&post=5215"}],"version-history":[{"count":1,"href":"https:\/\/veritasinfo.org\/index.php?rest_route=\/wp\/v2\/posts\/5215\/revisions"}],"predecessor-version":[{"id":5217,"href":"https:\/\/veritasinfo.org\/index.php?rest_route=\/wp\/v2\/posts\/5215\/revisions\/5217"}],"wp:featuredmedia":[{"embeddable":true,"href":"https:\/\/veritasinfo.org\/index.php?rest_route=\/wp\/v2\/media\/5216"}],"wp:attachment":[{"href":"https:\/\/veritasinfo.org\/index.php?rest_route=%2Fwp%2Fv2%2Fmedia&parent=5215"}],"wp:term":[{"taxonomy":"category","embeddable":true,"href":"https:\/\/veritasinfo.org\/index.php?rest_route=%2Fwp%2Fv2%2Fcategories&post=5215"},{"taxonomy":"post_tag","embeddable":true,"href":"https:\/\/veritasinfo.org\/index.php?rest_route=%2Fwp%2Fv2%2Ftags&post=5215"}],"curies":[{"name":"wp","href":"https:\/\/api.w.org\/{rel}","templated":true}]}}