{"id":5196,"date":"2025-07-25T14:44:14","date_gmt":"2025-07-25T12:44:14","guid":{"rendered":"https:\/\/veritasinfo.org\/?p=5196"},"modified":"2025-07-25T15:15:29","modified_gmt":"2025-07-25T13:15:29","slug":"ojq-eduaktiv-promovon-paqen-mes-komuniteteve-permes-aktiviteteve-gjitheperfshirese","status":"publish","type":"post","link":"https:\/\/veritasinfo.org\/?p=5196","title":{"rendered":"OJQ \u201cEduAktiv promovon paqen mes komuniteteve p\u00ebrmes aktiviteteve gjith\u00ebperfshir\u00ebse"},"content":{"rendered":"<p><span style=\"-webkit-tap-highlight-color: rgba(0, 0, 0, 0);\">Mitrovic\u00eb Veriore 25 Korrik 2025<\/span><\/p>\n<p>13 t\u00eb rinj u bashkuan p\u00ebr t\u00eb pikturuar muralin &#8220;Unity&#8221; n\u00eb Komun\u00ebn e Mitrovic\u00ebs Veriore<\/p>\n<p><img fetchpriority=\"high\" decoding=\"async\" class=\"alignnone size-medium wp-image-5201\" src=\"https:\/\/veritasinfo.org\/wp-content\/uploads\/2025\/07\/IMG_2312-300x254.jpeg\" alt=\"\" width=\"300\" height=\"254\" srcset=\"https:\/\/veritasinfo.org\/wp-content\/uploads\/2025\/07\/IMG_2312-300x254.jpeg 300w, https:\/\/veritasinfo.org\/wp-content\/uploads\/2025\/07\/IMG_2312-1024x866.jpeg 1024w, https:\/\/veritasinfo.org\/wp-content\/uploads\/2025\/07\/IMG_2312-768x650.jpeg 768w, https:\/\/veritasinfo.org\/wp-content\/uploads\/2025\/07\/IMG_2312-1536x1299.jpeg 1536w, https:\/\/veritasinfo.org\/wp-content\/uploads\/2025\/07\/IMG_2312.jpeg 2030w\" sizes=\"(max-width: 300px) 100vw, 300px\" \/><\/p>\n<p>P\u00ebrmes ngjyrave dhe bashk\u00ebpunimit, ata p\u00ebrcoll\u00ebn nj\u00eb mesazh t\u00eb fuqish\u00ebm p\u00ebr unitet, bashk\u00ebjetes\u00eb dhe paqe n\u00eb mesin e komuniteteve t\u00eb ndryshme. Ky mural sh\u00ebrben si nj\u00eb simbol i shpres\u00ebs dhe bashkimit p\u00ebr t\u00eb rinjt\u00eb e qytetit.<\/p>\n<p><img decoding=\"async\" class=\"alignnone size-medium wp-image-5202 lazyload\" data-src=\"https:\/\/veritasinfo.org\/wp-content\/uploads\/2025\/07\/IMG_2311-300x253.jpeg\" alt=\"\" width=\"300\" height=\"253\" data-srcset=\"https:\/\/veritasinfo.org\/wp-content\/uploads\/2025\/07\/IMG_2311-300x253.jpeg 300w, https:\/\/veritasinfo.org\/wp-content\/uploads\/2025\/07\/IMG_2311-1024x865.jpeg 1024w, https:\/\/veritasinfo.org\/wp-content\/uploads\/2025\/07\/IMG_2311-768x649.jpeg 768w, https:\/\/veritasinfo.org\/wp-content\/uploads\/2025\/07\/IMG_2311-1536x1298.jpeg 1536w, https:\/\/veritasinfo.org\/wp-content\/uploads\/2025\/07\/IMG_2311.jpeg 2031w\" data-sizes=\"(max-width: 300px) 100vw, 300px\" src=\"data:image\/gif;base64,R0lGODlhAQABAAAAACH5BAEKAAEALAAAAAABAAEAAAICTAEAOw==\" style=\"--smush-placeholder-width: 300px; --smush-placeholder-aspect-ratio: 300\/253;\" \/><\/p>\n<p>Ky projekt mb\u00ebshtetet nga Fondi p\u00ebr Nd\u00ebrtimin e Paqes, n\u00eb partneritet me UNICEF dhe IOM Kosovo<\/p>\n<p>&nbsp;<\/p>\n","protected":false},"excerpt":{"rendered":"<p>Mitrovic\u00eb Veriore 25 Korrik 2025 13 t\u00eb rinj u bashkuan p\u00ebr t\u00eb pikturuar muralin &#8220;Unity&#8221; n\u00eb Komun\u00ebn e Mitrovic\u00ebs Veriore P\u00ebrmes ngjyrave dhe bashk\u00ebpunimit, ata<\/p>\n","protected":false},"author":1,"featured_media":5198,"comment_status":"open","ping_status":"open","sticky":false,"template":"","format":"standard","meta":{"footnotes":""},"categories":[54],"tags":[],"class_list":["post-5196","post","type-post","status-publish","format-standard","has-post-thumbnail","hentry","category-kulture-sq"],"yoast_head":"<!-- This site is optimized with the Yoast SEO plugin v25.3.1 - https:\/\/yoast.com\/wordpress\/plugins\/seo\/ -->\n<title>OJQ \u201cEduAktiv promovon paqen mes komuniteteve p\u00ebrmes aktiviteteve gjith\u00ebperfshir\u00ebse -<\/title>\n<meta name=\"robots\" content=\"index, follow, max-snippet:-1, max-image-preview:large, max-video-preview:-1\" \/>\n<link rel=\"canonical\" href=\"https:\/\/veritasinfo.org\/?p=5196\" \/>\n<meta property=\"og:locale\" content=\"en_US\" \/>\n<meta property=\"og:type\" content=\"article\" \/>\n<meta property=\"og:title\" content=\"OJQ \u201cEduAktiv promovon paqen mes komuniteteve p\u00ebrmes aktiviteteve gjith\u00ebperfshir\u00ebse -\" \/>\n<meta property=\"og:description\" content=\"Mitrovic\u00eb Veriore 25 Korrik 2025 13 t\u00eb rinj u bashkuan p\u00ebr t\u00eb pikturuar muralin &#8220;Unity&#8221; n\u00eb Komun\u00ebn e Mitrovic\u00ebs Veriore P\u00ebrmes ngjyrave dhe bashk\u00ebpunimit, ata\" \/>\n<meta property=\"og:url\" content=\"https:\/\/veritasinfo.org\/?p=5196\" \/>\n<meta property=\"article:published_time\" content=\"2025-07-25T12:44:14+00:00\" \/>\n<meta property=\"article:modified_time\" content=\"2025-07-25T13:15:29+00:00\" \/>\n<meta property=\"og:image\" content=\"https:\/\/veritasinfo.org\/wp-content\/uploads\/2025\/07\/IMG_2310.jpeg\" \/>\n\t<meta property=\"og:image:width\" content=\"1779\" \/>\n\t<meta property=\"og:image:height\" content=\"1284\" \/>\n\t<meta property=\"og:image:type\" content=\"image\/jpeg\" \/>\n<meta name=\"author\" content=\"admin\" \/>\n<meta name=\"twitter:card\" content=\"summary_large_image\" \/>\n<meta name=\"twitter:label1\" content=\"Written by\" \/>\n\t<meta name=\"twitter:data1\" content=\"admin\" \/>\n\t<meta name=\"twitter:label2\" content=\"Est. reading time\" \/>\n\t<meta name=\"twitter:data2\" content=\"1 minute\" \/>\n<script type=\"application\/ld+json\" class=\"yoast-schema-graph\">{\"@context\":\"https:\/\/schema.org\",\"@graph\":[{\"@type\":\"WebPage\",\"@id\":\"https:\/\/veritasinfo.org\/?p=5196\",\"url\":\"https:\/\/veritasinfo.org\/?p=5196\",\"name\":\"OJQ \u201cEduAktiv promovon paqen mes komuniteteve p\u00ebrmes aktiviteteve gjith\u00ebperfshir\u00ebse -\",\"isPartOf\":{\"@id\":\"https:\/\/veritasinfo.org\/#website\"},\"primaryImageOfPage\":{\"@id\":\"https:\/\/veritasinfo.org\/?p=5196#primaryimage\"},\"image\":{\"@id\":\"https:\/\/veritasinfo.org\/?p=5196#primaryimage\"},\"thumbnailUrl\":\"https:\/\/veritasinfo.org\/wp-content\/uploads\/2025\/07\/IMG_2310.jpeg\",\"datePublished\":\"2025-07-25T12:44:14+00:00\",\"dateModified\":\"2025-07-25T13:15:29+00:00\",\"author\":{\"@id\":\"https:\/\/veritasinfo.org\/#\/schema\/person\/7701f8c088bece422266b100a712374f\"},\"breadcrumb\":{\"@id\":\"https:\/\/veritasinfo.org\/?p=5196#breadcrumb\"},\"inLanguage\":\"en-US\",\"potentialAction\":[{\"@type\":\"ReadAction\",\"target\":[\"https:\/\/veritasinfo.org\/?p=5196\"]}]},{\"@type\":\"ImageObject\",\"inLanguage\":\"en-US\",\"@id\":\"https:\/\/veritasinfo.org\/?p=5196#primaryimage\",\"url\":\"https:\/\/veritasinfo.org\/wp-content\/uploads\/2025\/07\/IMG_2310.jpeg\",\"contentUrl\":\"https:\/\/veritasinfo.org\/wp-content\/uploads\/2025\/07\/IMG_2310.jpeg\",\"width\":1779,\"height\":1284},{\"@type\":\"BreadcrumbList\",\"@id\":\"https:\/\/veritasinfo.org\/?p=5196#breadcrumb\",\"itemListElement\":[{\"@type\":\"ListItem\",\"position\":1,\"name\":\"Home\",\"item\":\"https:\/\/veritasinfo.org\/\"},{\"@type\":\"ListItem\",\"position\":2,\"name\":\"OJQ \u201cEduAktiv promovon paqen mes komuniteteve p\u00ebrmes aktiviteteve gjith\u00ebperfshir\u00ebse\"}]},{\"@type\":\"WebSite\",\"@id\":\"https:\/\/veritasinfo.org\/#website\",\"url\":\"https:\/\/veritasinfo.org\/\",\"name\":\"\",\"description\":\"\",\"potentialAction\":[{\"@type\":\"SearchAction\",\"target\":{\"@type\":\"EntryPoint\",\"urlTemplate\":\"https:\/\/veritasinfo.org\/?s={search_term_string}\"},\"query-input\":{\"@type\":\"PropertyValueSpecification\",\"valueRequired\":true,\"valueName\":\"search_term_string\"}}],\"inLanguage\":\"en-US\"},{\"@type\":\"Person\",\"@id\":\"https:\/\/veritasinfo.org\/#\/schema\/person\/7701f8c088bece422266b100a712374f\",\"name\":\"admin\",\"image\":{\"@type\":\"ImageObject\",\"inLanguage\":\"en-US\",\"@id\":\"https:\/\/veritasinfo.org\/#\/schema\/person\/image\/\",\"url\":\"https:\/\/secure.gravatar.com\/avatar\/ea53aa3bf6c9a12d5fde8ce4deff43fef3885ae33cf60184161a50d6987cfd2f?s=96&d=mm&r=g\",\"contentUrl\":\"https:\/\/secure.gravatar.com\/avatar\/ea53aa3bf6c9a12d5fde8ce4deff43fef3885ae33cf60184161a50d6987cfd2f?s=96&d=mm&r=g\",\"caption\":\"admin\"},\"sameAs\":[\"https:\/\/veritasinfo.org\"],\"url\":\"https:\/\/veritasinfo.org\/?author=1\"}]}<\/script>\n<!-- \/ Yoast SEO plugin. -->","yoast_head_json":{"title":"OJQ \u201cEduAktiv promovon paqen mes komuniteteve p\u00ebrmes aktiviteteve gjith\u00ebperfshir\u00ebse -","robots":{"index":"index","follow":"follow","max-snippet":"max-snippet:-1","max-image-preview":"max-image-preview:large","max-video-preview":"max-video-preview:-1"},"canonical":"https:\/\/veritasinfo.org\/?p=5196","og_locale":"en_US","og_type":"article","og_title":"OJQ \u201cEduAktiv promovon paqen mes komuniteteve p\u00ebrmes aktiviteteve gjith\u00ebperfshir\u00ebse -","og_description":"Mitrovic\u00eb Veriore 25 Korrik 2025 13 t\u00eb rinj u bashkuan p\u00ebr t\u00eb pikturuar muralin &#8220;Unity&#8221; n\u00eb Komun\u00ebn e Mitrovic\u00ebs Veriore P\u00ebrmes ngjyrave dhe bashk\u00ebpunimit, ata","og_url":"https:\/\/veritasinfo.org\/?p=5196","article_published_time":"2025-07-25T12:44:14+00:00","article_modified_time":"2025-07-25T13:15:29+00:00","og_image":[{"width":1779,"height":1284,"url":"https:\/\/veritasinfo.org\/wp-content\/uploads\/2025\/07\/IMG_2310.jpeg","type":"image\/jpeg"}],"author":"admin","twitter_card":"summary_large_image","twitter_misc":{"Written by":"admin","Est. reading time":"1 minute"},"schema":{"@context":"https:\/\/schema.org","@graph":[{"@type":"WebPage","@id":"https:\/\/veritasinfo.org\/?p=5196","url":"https:\/\/veritasinfo.org\/?p=5196","name":"OJQ \u201cEduAktiv promovon paqen mes komuniteteve p\u00ebrmes aktiviteteve gjith\u00ebperfshir\u00ebse -","isPartOf":{"@id":"https:\/\/veritasinfo.org\/#website"},"primaryImageOfPage":{"@id":"https:\/\/veritasinfo.org\/?p=5196#primaryimage"},"image":{"@id":"https:\/\/veritasinfo.org\/?p=5196#primaryimage"},"thumbnailUrl":"https:\/\/veritasinfo.org\/wp-content\/uploads\/2025\/07\/IMG_2310.jpeg","datePublished":"2025-07-25T12:44:14+00:00","dateModified":"2025-07-25T13:15:29+00:00","author":{"@id":"https:\/\/veritasinfo.org\/#\/schema\/person\/7701f8c088bece422266b100a712374f"},"breadcrumb":{"@id":"https:\/\/veritasinfo.org\/?p=5196#breadcrumb"},"inLanguage":"en-US","potentialAction":[{"@type":"ReadAction","target":["https:\/\/veritasinfo.org\/?p=5196"]}]},{"@type":"ImageObject","inLanguage":"en-US","@id":"https:\/\/veritasinfo.org\/?p=5196#primaryimage","url":"https:\/\/veritasinfo.org\/wp-content\/uploads\/2025\/07\/IMG_2310.jpeg","contentUrl":"https:\/\/veritasinfo.org\/wp-content\/uploads\/2025\/07\/IMG_2310.jpeg","width":1779,"height":1284},{"@type":"BreadcrumbList","@id":"https:\/\/veritasinfo.org\/?p=5196#breadcrumb","itemListElement":[{"@type":"ListItem","position":1,"name":"Home","item":"https:\/\/veritasinfo.org\/"},{"@type":"ListItem","position":2,"name":"OJQ \u201cEduAktiv promovon paqen mes komuniteteve p\u00ebrmes aktiviteteve gjith\u00ebperfshir\u00ebse"}]},{"@type":"WebSite","@id":"https:\/\/veritasinfo.org\/#website","url":"https:\/\/veritasinfo.org\/","name":"","description":"","potentialAction":[{"@type":"SearchAction","target":{"@type":"EntryPoint","urlTemplate":"https:\/\/veritasinfo.org\/?s={search_term_string}"},"query-input":{"@type":"PropertyValueSpecification","valueRequired":true,"valueName":"search_term_string"}}],"inLanguage":"en-US"},{"@type":"Person","@id":"https:\/\/veritasinfo.org\/#\/schema\/person\/7701f8c088bece422266b100a712374f","name":"admin","image":{"@type":"ImageObject","inLanguage":"en-US","@id":"https:\/\/veritasinfo.org\/#\/schema\/person\/image\/","url":"https:\/\/secure.gravatar.com\/avatar\/ea53aa3bf6c9a12d5fde8ce4deff43fef3885ae33cf60184161a50d6987cfd2f?s=96&d=mm&r=g","contentUrl":"https:\/\/secure.gravatar.com\/avatar\/ea53aa3bf6c9a12d5fde8ce4deff43fef3885ae33cf60184161a50d6987cfd2f?s=96&d=mm&r=g","caption":"admin"},"sameAs":["https:\/\/veritasinfo.org"],"url":"https:\/\/veritasinfo.org\/?author=1"}]}},"featured_image_urls":{"full":["https:\/\/veritasinfo.org\/wp-content\/uploads\/2025\/07\/IMG_2310.jpeg",1779,1284,false],"thumbnail":["https:\/\/veritasinfo.org\/wp-content\/uploads\/2025\/07\/IMG_2310-150x150.jpeg",150,150,true],"medium":["https:\/\/veritasinfo.org\/wp-content\/uploads\/2025\/07\/IMG_2310-300x217.jpeg",300,217,true],"medium_large":["https:\/\/veritasinfo.org\/wp-content\/uploads\/2025\/07\/IMG_2310-768x554.jpeg",640,462,true],"large":["https:\/\/veritasinfo.org\/wp-content\/uploads\/2025\/07\/IMG_2310-1024x739.jpeg",640,462,true],"1536x1536":["https:\/\/veritasinfo.org\/wp-content\/uploads\/2025\/07\/IMG_2310-1536x1109.jpeg",1536,1109,true],"2048x2048":["https:\/\/veritasinfo.org\/wp-content\/uploads\/2025\/07\/IMG_2310.jpeg",1779,1284,false],"kreeti-slider-full":["https:\/\/veritasinfo.org\/wp-content\/uploads\/2025\/07\/IMG_2310.jpeg",998,720,false],"kreeti-featured":["https:\/\/veritasinfo.org\/wp-content\/uploads\/2025\/07\/IMG_2310.jpeg",1024,739,false],"kreeti-medium":["https:\/\/veritasinfo.org\/wp-content\/uploads\/2025\/07\/IMG_2310.jpeg",720,520,false],"kreeti-medium-square":["https:\/\/veritasinfo.org\/wp-content\/uploads\/2025\/07\/IMG_2310.jpeg",350,253,false]},"author_info":{"info":["admin"]},"category_info":"<a href=\"https:\/\/veritasinfo.org\/?cat=54\" rel=\"category\">Kultur\u00eb<\/a>","tag_info":"Kultur\u00eb","comment_count":"0","_links":{"self":[{"href":"https:\/\/veritasinfo.org\/index.php?rest_route=\/wp\/v2\/posts\/5196","targetHints":{"allow":["GET"]}}],"collection":[{"href":"https:\/\/veritasinfo.org\/index.php?rest_route=\/wp\/v2\/posts"}],"about":[{"href":"https:\/\/veritasinfo.org\/index.php?rest_route=\/wp\/v2\/types\/post"}],"author":[{"embeddable":true,"href":"https:\/\/veritasinfo.org\/index.php?rest_route=\/wp\/v2\/users\/1"}],"replies":[{"embeddable":true,"href":"https:\/\/veritasinfo.org\/index.php?rest_route=%2Fwp%2Fv2%2Fcomments&post=5196"}],"version-history":[{"count":5,"href":"https:\/\/veritasinfo.org\/index.php?rest_route=\/wp\/v2\/posts\/5196\/revisions"}],"predecessor-version":[{"id":5205,"href":"https:\/\/veritasinfo.org\/index.php?rest_route=\/wp\/v2\/posts\/5196\/revisions\/5205"}],"wp:featuredmedia":[{"embeddable":true,"href":"https:\/\/veritasinfo.org\/index.php?rest_route=\/wp\/v2\/media\/5198"}],"wp:attachment":[{"href":"https:\/\/veritasinfo.org\/index.php?rest_route=%2Fwp%2Fv2%2Fmedia&parent=5196"}],"wp:term":[{"taxonomy":"category","embeddable":true,"href":"https:\/\/veritasinfo.org\/index.php?rest_route=%2Fwp%2Fv2%2Fcategories&post=5196"},{"taxonomy":"post_tag","embeddable":true,"href":"https:\/\/veritasinfo.org\/index.php?rest_route=%2Fwp%2Fv2%2Ftags&post=5196"}],"curies":[{"name":"wp","href":"https:\/\/api.w.org\/{rel}","templated":true}]}}