{"id":5111,"date":"2025-07-25T07:27:18","date_gmt":"2025-07-25T05:27:18","guid":{"rendered":"https:\/\/veritasinfo.org\/?p=5111"},"modified":"2025-07-24T22:26:00","modified_gmt":"2025-07-24T20:26:00","slug":"vdes-nje-pacient-29-vjecar-ne-oborrin-e-spitalit-te-prizrenit-policia-nis-hetimet","status":"publish","type":"post","link":"https:\/\/veritasinfo.org\/?p=5111","title":{"rendered":"Vdes nj\u00eb pacient 29-vje\u00e7ar n\u00eb oborrin e Spitalit t\u00eb Prizrenit, policia nis hetimet"},"content":{"rendered":"<p>Prizren, 25 Korrik 2025<\/p>\n<p>Nj\u00eb 29-vje\u00e7ar ka nd\u00ebrruar jet\u00eb n\u00eb or\u00ebt e para t\u00eb m\u00ebngjesit s\u00eb sot\u00ebm n\u00eb oborrin e Spitalit Rajonal t\u00eb Prizrenit. Ngjarja \u00ebsht\u00eb raportuar n\u00eb or\u00ebn 08:45.<\/p>\n<p>Lajmin e ka konfirmuar z\u00ebdh\u00ebn\u00ebsi i Policis\u00eb p\u00ebr Rajonin e Prizrenit, Shaqir Bytyqi, duke sqaruar se vdekja ka ndodhur pas p\u00ebrkeq\u00ebsimit t\u00eb gjendjes sh\u00ebndet\u00ebsore t\u00eb pacientit, derisa ndodhej n\u00eb hap\u00ebsirat e jashtme t\u00eb spitalit.<\/p>\n<p>\u201cSipas informacioneve fillestare, gjendja sh\u00ebndet\u00ebsore e personit \u00ebsht\u00eb p\u00ebrkeq\u00ebsuar derisa ndodhej n\u00eb oborrin e Spitalit dhe, p\u00ebrkund\u00ebr p\u00ebrpjekjeve p\u00ebr ndihm\u00eb mjek\u00ebsore, ai ka vdekur\u201d, deklaroi Bytyqi.<\/p>\n<p>Sipas Policis\u00eb, viktima me inicialet L.K., 29 vje\u00e7 nga Prizreni kishte qen\u00eb i hospitalizuar n\u00eb k\u00ebt\u00eb institucion sh\u00ebndet\u00ebsor q\u00eb nga data 23 korrik 2025.<\/p>\n<p>\u201cNj\u00ebsitet relevante t\u00eb Policis\u00eb kan\u00eb dal\u00eb n\u00eb vendin e ngjarjes menj\u00ebher\u00eb pas marrjes s\u00eb informat\u00ebs. Pas p\u00ebrfundimit t\u00eb ekzaminimeve n\u00eb vendin e ngjarjes, me urdh\u00ebr t\u00eb prokurorit, trupi i pajet\u00eb \u00ebsht\u00eb d\u00ebrguar n\u00eb Institutin e Mjek\u00ebsis\u00eb Ligjore p\u00ebr obduksion.\u201d<\/p>\n<p>Policia ka nisur hetimet p\u00ebr k\u00ebt\u00eb rast, i cili aktualisht \u00ebsht\u00eb cil\u00ebsuar si \u201cHetim i vdekjes\u201d.<\/p>\n<p>&nbsp;<\/p>\n","protected":false},"excerpt":{"rendered":"<p>Prizren, 25 Korrik 2025 Nj\u00eb 29-vje\u00e7ar ka nd\u00ebrruar jet\u00eb n\u00eb or\u00ebt e para t\u00eb m\u00ebngjesit s\u00eb sot\u00ebm n\u00eb oborrin e Spitalit Rajonal t\u00eb Prizrenit. Ngjarja<\/p>\n","protected":false},"author":1,"featured_media":5112,"comment_status":"open","ping_status":"open","sticky":false,"template":"","format":"standard","meta":{"footnotes":""},"categories":[60],"tags":[],"class_list":["post-5111","post","type-post","status-publish","format-standard","has-post-thumbnail","hentry","category-shoqerore-sq"],"yoast_head":"<!-- This site is optimized with the Yoast SEO plugin v25.3.1 - https:\/\/yoast.com\/wordpress\/plugins\/seo\/ -->\n<title>Vdes nj\u00eb pacient 29-vje\u00e7ar n\u00eb oborrin e Spitalit t\u00eb Prizrenit, policia nis hetimet -<\/title>\n<meta name=\"robots\" content=\"index, follow, max-snippet:-1, max-image-preview:large, max-video-preview:-1\" \/>\n<link rel=\"canonical\" href=\"https:\/\/veritasinfo.org\/?p=5111\" \/>\n<meta property=\"og:locale\" content=\"en_US\" \/>\n<meta property=\"og:type\" content=\"article\" \/>\n<meta property=\"og:title\" content=\"Vdes nj\u00eb pacient 29-vje\u00e7ar n\u00eb oborrin e Spitalit t\u00eb Prizrenit, policia nis hetimet -\" \/>\n<meta property=\"og:description\" content=\"Prizren, 25 Korrik 2025 Nj\u00eb 29-vje\u00e7ar ka nd\u00ebrruar jet\u00eb n\u00eb or\u00ebt e para t\u00eb m\u00ebngjesit s\u00eb sot\u00ebm n\u00eb oborrin e Spitalit Rajonal t\u00eb Prizrenit. Ngjarja\" \/>\n<meta property=\"og:url\" content=\"https:\/\/veritasinfo.org\/?p=5111\" \/>\n<meta property=\"article:published_time\" content=\"2025-07-25T05:27:18+00:00\" \/>\n<meta property=\"og:image\" content=\"https:\/\/veritasinfo.org\/wp-content\/uploads\/2025\/07\/IMG_2288.jpeg\" \/>\n\t<meta property=\"og:image:width\" content=\"578\" \/>\n\t<meta property=\"og:image:height\" content=\"376\" \/>\n\t<meta property=\"og:image:type\" content=\"image\/jpeg\" \/>\n<meta name=\"author\" content=\"admin\" \/>\n<meta name=\"twitter:card\" content=\"summary_large_image\" \/>\n<meta name=\"twitter:label1\" content=\"Written by\" \/>\n\t<meta name=\"twitter:data1\" content=\"admin\" \/>\n\t<meta name=\"twitter:label2\" content=\"Est. reading time\" \/>\n\t<meta name=\"twitter:data2\" content=\"1 minute\" \/>\n<script type=\"application\/ld+json\" class=\"yoast-schema-graph\">{\"@context\":\"https:\/\/schema.org\",\"@graph\":[{\"@type\":\"WebPage\",\"@id\":\"https:\/\/veritasinfo.org\/?p=5111\",\"url\":\"https:\/\/veritasinfo.org\/?p=5111\",\"name\":\"Vdes nj\u00eb pacient 29-vje\u00e7ar n\u00eb oborrin e Spitalit t\u00eb Prizrenit, policia nis hetimet -\",\"isPartOf\":{\"@id\":\"https:\/\/veritasinfo.org\/#website\"},\"primaryImageOfPage\":{\"@id\":\"https:\/\/veritasinfo.org\/?p=5111#primaryimage\"},\"image\":{\"@id\":\"https:\/\/veritasinfo.org\/?p=5111#primaryimage\"},\"thumbnailUrl\":\"https:\/\/veritasinfo.org\/wp-content\/uploads\/2025\/07\/IMG_2288.jpeg\",\"datePublished\":\"2025-07-25T05:27:18+00:00\",\"author\":{\"@id\":\"https:\/\/veritasinfo.org\/#\/schema\/person\/7701f8c088bece422266b100a712374f\"},\"breadcrumb\":{\"@id\":\"https:\/\/veritasinfo.org\/?p=5111#breadcrumb\"},\"inLanguage\":\"en-US\",\"potentialAction\":[{\"@type\":\"ReadAction\",\"target\":[\"https:\/\/veritasinfo.org\/?p=5111\"]}]},{\"@type\":\"ImageObject\",\"inLanguage\":\"en-US\",\"@id\":\"https:\/\/veritasinfo.org\/?p=5111#primaryimage\",\"url\":\"https:\/\/veritasinfo.org\/wp-content\/uploads\/2025\/07\/IMG_2288.jpeg\",\"contentUrl\":\"https:\/\/veritasinfo.org\/wp-content\/uploads\/2025\/07\/IMG_2288.jpeg\",\"width\":578,\"height\":376},{\"@type\":\"BreadcrumbList\",\"@id\":\"https:\/\/veritasinfo.org\/?p=5111#breadcrumb\",\"itemListElement\":[{\"@type\":\"ListItem\",\"position\":1,\"name\":\"Home\",\"item\":\"https:\/\/veritasinfo.org\/\"},{\"@type\":\"ListItem\",\"position\":2,\"name\":\"Vdes nj\u00eb pacient 29-vje\u00e7ar n\u00eb oborrin e Spitalit t\u00eb Prizrenit, policia nis hetimet\"}]},{\"@type\":\"WebSite\",\"@id\":\"https:\/\/veritasinfo.org\/#website\",\"url\":\"https:\/\/veritasinfo.org\/\",\"name\":\"\",\"description\":\"\",\"potentialAction\":[{\"@type\":\"SearchAction\",\"target\":{\"@type\":\"EntryPoint\",\"urlTemplate\":\"https:\/\/veritasinfo.org\/?s={search_term_string}\"},\"query-input\":{\"@type\":\"PropertyValueSpecification\",\"valueRequired\":true,\"valueName\":\"search_term_string\"}}],\"inLanguage\":\"en-US\"},{\"@type\":\"Person\",\"@id\":\"https:\/\/veritasinfo.org\/#\/schema\/person\/7701f8c088bece422266b100a712374f\",\"name\":\"admin\",\"image\":{\"@type\":\"ImageObject\",\"inLanguage\":\"en-US\",\"@id\":\"https:\/\/veritasinfo.org\/#\/schema\/person\/image\/\",\"url\":\"https:\/\/secure.gravatar.com\/avatar\/ea53aa3bf6c9a12d5fde8ce4deff43fef3885ae33cf60184161a50d6987cfd2f?s=96&d=mm&r=g\",\"contentUrl\":\"https:\/\/secure.gravatar.com\/avatar\/ea53aa3bf6c9a12d5fde8ce4deff43fef3885ae33cf60184161a50d6987cfd2f?s=96&d=mm&r=g\",\"caption\":\"admin\"},\"sameAs\":[\"https:\/\/veritasinfo.org\"],\"url\":\"https:\/\/veritasinfo.org\/?author=1\"}]}<\/script>\n<!-- \/ Yoast SEO plugin. -->","yoast_head_json":{"title":"Vdes nj\u00eb pacient 29-vje\u00e7ar n\u00eb oborrin e Spitalit t\u00eb Prizrenit, policia nis hetimet -","robots":{"index":"index","follow":"follow","max-snippet":"max-snippet:-1","max-image-preview":"max-image-preview:large","max-video-preview":"max-video-preview:-1"},"canonical":"https:\/\/veritasinfo.org\/?p=5111","og_locale":"en_US","og_type":"article","og_title":"Vdes nj\u00eb pacient 29-vje\u00e7ar n\u00eb oborrin e Spitalit t\u00eb Prizrenit, policia nis hetimet -","og_description":"Prizren, 25 Korrik 2025 Nj\u00eb 29-vje\u00e7ar ka nd\u00ebrruar jet\u00eb n\u00eb or\u00ebt e para t\u00eb m\u00ebngjesit s\u00eb sot\u00ebm n\u00eb oborrin e Spitalit Rajonal t\u00eb Prizrenit. Ngjarja","og_url":"https:\/\/veritasinfo.org\/?p=5111","article_published_time":"2025-07-25T05:27:18+00:00","og_image":[{"width":578,"height":376,"url":"https:\/\/veritasinfo.org\/wp-content\/uploads\/2025\/07\/IMG_2288.jpeg","type":"image\/jpeg"}],"author":"admin","twitter_card":"summary_large_image","twitter_misc":{"Written by":"admin","Est. reading time":"1 minute"},"schema":{"@context":"https:\/\/schema.org","@graph":[{"@type":"WebPage","@id":"https:\/\/veritasinfo.org\/?p=5111","url":"https:\/\/veritasinfo.org\/?p=5111","name":"Vdes nj\u00eb pacient 29-vje\u00e7ar n\u00eb oborrin e Spitalit t\u00eb Prizrenit, policia nis hetimet -","isPartOf":{"@id":"https:\/\/veritasinfo.org\/#website"},"primaryImageOfPage":{"@id":"https:\/\/veritasinfo.org\/?p=5111#primaryimage"},"image":{"@id":"https:\/\/veritasinfo.org\/?p=5111#primaryimage"},"thumbnailUrl":"https:\/\/veritasinfo.org\/wp-content\/uploads\/2025\/07\/IMG_2288.jpeg","datePublished":"2025-07-25T05:27:18+00:00","author":{"@id":"https:\/\/veritasinfo.org\/#\/schema\/person\/7701f8c088bece422266b100a712374f"},"breadcrumb":{"@id":"https:\/\/veritasinfo.org\/?p=5111#breadcrumb"},"inLanguage":"en-US","potentialAction":[{"@type":"ReadAction","target":["https:\/\/veritasinfo.org\/?p=5111"]}]},{"@type":"ImageObject","inLanguage":"en-US","@id":"https:\/\/veritasinfo.org\/?p=5111#primaryimage","url":"https:\/\/veritasinfo.org\/wp-content\/uploads\/2025\/07\/IMG_2288.jpeg","contentUrl":"https:\/\/veritasinfo.org\/wp-content\/uploads\/2025\/07\/IMG_2288.jpeg","width":578,"height":376},{"@type":"BreadcrumbList","@id":"https:\/\/veritasinfo.org\/?p=5111#breadcrumb","itemListElement":[{"@type":"ListItem","position":1,"name":"Home","item":"https:\/\/veritasinfo.org\/"},{"@type":"ListItem","position":2,"name":"Vdes nj\u00eb pacient 29-vje\u00e7ar n\u00eb oborrin e Spitalit t\u00eb Prizrenit, policia nis hetimet"}]},{"@type":"WebSite","@id":"https:\/\/veritasinfo.org\/#website","url":"https:\/\/veritasinfo.org\/","name":"","description":"","potentialAction":[{"@type":"SearchAction","target":{"@type":"EntryPoint","urlTemplate":"https:\/\/veritasinfo.org\/?s={search_term_string}"},"query-input":{"@type":"PropertyValueSpecification","valueRequired":true,"valueName":"search_term_string"}}],"inLanguage":"en-US"},{"@type":"Person","@id":"https:\/\/veritasinfo.org\/#\/schema\/person\/7701f8c088bece422266b100a712374f","name":"admin","image":{"@type":"ImageObject","inLanguage":"en-US","@id":"https:\/\/veritasinfo.org\/#\/schema\/person\/image\/","url":"https:\/\/secure.gravatar.com\/avatar\/ea53aa3bf6c9a12d5fde8ce4deff43fef3885ae33cf60184161a50d6987cfd2f?s=96&d=mm&r=g","contentUrl":"https:\/\/secure.gravatar.com\/avatar\/ea53aa3bf6c9a12d5fde8ce4deff43fef3885ae33cf60184161a50d6987cfd2f?s=96&d=mm&r=g","caption":"admin"},"sameAs":["https:\/\/veritasinfo.org"],"url":"https:\/\/veritasinfo.org\/?author=1"}]}},"featured_image_urls":{"full":["https:\/\/veritasinfo.org\/wp-content\/uploads\/2025\/07\/IMG_2288.jpeg",578,376,false],"thumbnail":["https:\/\/veritasinfo.org\/wp-content\/uploads\/2025\/07\/IMG_2288-150x150.jpeg",150,150,true],"medium":["https:\/\/veritasinfo.org\/wp-content\/uploads\/2025\/07\/IMG_2288-300x195.jpeg",300,195,true],"medium_large":["https:\/\/veritasinfo.org\/wp-content\/uploads\/2025\/07\/IMG_2288.jpeg",578,376,false],"large":["https:\/\/veritasinfo.org\/wp-content\/uploads\/2025\/07\/IMG_2288.jpeg",578,376,false],"1536x1536":["https:\/\/veritasinfo.org\/wp-content\/uploads\/2025\/07\/IMG_2288.jpeg",578,376,false],"2048x2048":["https:\/\/veritasinfo.org\/wp-content\/uploads\/2025\/07\/IMG_2288.jpeg",578,376,false],"kreeti-slider-full":["https:\/\/veritasinfo.org\/wp-content\/uploads\/2025\/07\/IMG_2288.jpeg",578,376,false],"kreeti-featured":["https:\/\/veritasinfo.org\/wp-content\/uploads\/2025\/07\/IMG_2288.jpeg",578,376,false],"kreeti-medium":["https:\/\/veritasinfo.org\/wp-content\/uploads\/2025\/07\/IMG_2288.jpeg",578,376,false],"kreeti-medium-square":["https:\/\/veritasinfo.org\/wp-content\/uploads\/2025\/07\/IMG_2288.jpeg",350,228,false]},"author_info":{"info":["admin"]},"category_info":"<a href=\"https:\/\/veritasinfo.org\/?cat=60\" rel=\"category\">Shoq\u00ebrore<\/a>","tag_info":"Shoq\u00ebrore","comment_count":"0","_links":{"self":[{"href":"https:\/\/veritasinfo.org\/index.php?rest_route=\/wp\/v2\/posts\/5111","targetHints":{"allow":["GET"]}}],"collection":[{"href":"https:\/\/veritasinfo.org\/index.php?rest_route=\/wp\/v2\/posts"}],"about":[{"href":"https:\/\/veritasinfo.org\/index.php?rest_route=\/wp\/v2\/types\/post"}],"author":[{"embeddable":true,"href":"https:\/\/veritasinfo.org\/index.php?rest_route=\/wp\/v2\/users\/1"}],"replies":[{"embeddable":true,"href":"https:\/\/veritasinfo.org\/index.php?rest_route=%2Fwp%2Fv2%2Fcomments&post=5111"}],"version-history":[{"count":2,"href":"https:\/\/veritasinfo.org\/index.php?rest_route=\/wp\/v2\/posts\/5111\/revisions"}],"predecessor-version":[{"id":5114,"href":"https:\/\/veritasinfo.org\/index.php?rest_route=\/wp\/v2\/posts\/5111\/revisions\/5114"}],"wp:featuredmedia":[{"embeddable":true,"href":"https:\/\/veritasinfo.org\/index.php?rest_route=\/wp\/v2\/media\/5112"}],"wp:attachment":[{"href":"https:\/\/veritasinfo.org\/index.php?rest_route=%2Fwp%2Fv2%2Fmedia&parent=5111"}],"wp:term":[{"taxonomy":"category","embeddable":true,"href":"https:\/\/veritasinfo.org\/index.php?rest_route=%2Fwp%2Fv2%2Fcategories&post=5111"},{"taxonomy":"post_tag","embeddable":true,"href":"https:\/\/veritasinfo.org\/index.php?rest_route=%2Fwp%2Fv2%2Ftags&post=5111"}],"curies":[{"name":"wp","href":"https:\/\/api.w.org\/{rel}","templated":true}]}}