{"id":5097,"date":"2025-07-25T07:20:39","date_gmt":"2025-07-25T05:20:39","guid":{"rendered":"https:\/\/veritasinfo.org\/?p=5097"},"modified":"2025-07-24T22:14:28","modified_gmt":"2025-07-24T20:14:28","slug":"macron-franca-do-ta-njohe-palestinen-si-shtet","status":"publish","type":"post","link":"https:\/\/veritasinfo.org\/?p=5097","title":{"rendered":"Macron: Franca do ta njoh\u00eb Palestin\u00ebn si shtet"},"content":{"rendered":"<p>Paris, 25 Korrik 2025<\/p>\n<p><strong>Presidenti francez Emmanuel Macron njoftoi t\u00eb enjten se Franca do ta njoh\u00eb Palestin\u00ebn si shtet. Vendimi vjen n\u00eb nj\u00eb koh\u00eb kur zem\u00ebrimi global po rritet p\u00ebr shkak t\u00eb uris\u00eb masive n\u00eb Gaza.<\/strong><\/p>\n<p>Macron tha n\u00eb nj\u00eb postim n\u00eb rrjetin \u201cX\u201d se do ta formalizoj\u00eb k\u00ebt\u00eb vendim n\u00eb Asamblen\u00eb e P\u00ebrgjithshme t\u00eb Kombeve t\u00eb Bashkuara n\u00eb shtator.<\/p>\n<p>\u201cUrgjenca sot \u00ebsht\u00eb q\u00eb lufta n\u00eb Gaza t\u00eb ndalet dhe popullsia civile t\u00eb shp\u00ebtohet\u201d, u shpreh ai.<\/p>\n<div class=\"nmes\">\n<div class=\"reklama-nmes\">\n<p>Presidenti francez kishte ofruar mb\u00ebshtetje p\u00ebr Izraelin pas sulmeve t\u00eb Hamasit m\u00eb 7 tetor 2023 dhe ka folur shpesh kund\u00ebr antisemitizmit, por \u00ebsht\u00eb shprehur gjithnj\u00eb e m\u00eb i zhg\u00ebnjyer nga lufta e Izraelit n\u00eb Gaza, ve\u00e7an\u00ebrisht muajt e fundit.<\/p>\n<\/div>\n<\/div>\n<p>\u201cDuhet menj\u00ebher\u00eb nj\u00eb arm\u00ebpushim, lirimi i t\u00eb gjith\u00eb pengjeve dhe nj\u00eb ndihm\u00eb humanitare masive p\u00ebr popullsin\u00eb e Gaz\u00ebs. Po ashtu, \u00ebsht\u00eb e nevojshme t\u00eb \u00e7militarizohet Hamasi, t\u00eb sigurohet dhe rind\u00ebrtohet Gaza. S\u00eb fundi, duhet t\u00eb nd\u00ebrtohet Shteti i Palestin\u00ebs, t\u00eb garantohet q\u00ebndrueshm\u00ebria e tij dhe, n\u00ebp\u00ebrmjet pranimit t\u00eb \u00e7militarizimit dhe njohjes s\u00eb plot\u00eb t\u00eb Izraelit, ai t\u00eb kontribuoj\u00eb n\u00eb sigurin\u00eb e t\u00eb gjith\u00ebve n\u00eb Lindjen e Mesme. Nuk ka alternativ\u00eb tjet\u00ebr\u201d, shkroi ai n\u00eb \u201cX\u201d.<\/p>\n<p>&nbsp;<\/p>\n","protected":false},"excerpt":{"rendered":"<p>Paris, 25 Korrik 2025 Presidenti francez Emmanuel Macron njoftoi t\u00eb enjten se Franca do ta njoh\u00eb Palestin\u00ebn si shtet. Vendimi vjen n\u00eb nj\u00eb koh\u00eb kur<\/p>\n","protected":false},"author":1,"featured_media":5098,"comment_status":"open","ping_status":"open","sticky":false,"template":"","format":"standard","meta":{"footnotes":""},"categories":[72],"tags":[],"class_list":["post-5097","post","type-post","status-publish","format-standard","has-post-thumbnail","hentry","category-bota"],"yoast_head":"<!-- This site is optimized with the Yoast SEO plugin v25.3.1 - https:\/\/yoast.com\/wordpress\/plugins\/seo\/ -->\n<title>Macron: Franca do ta njoh\u00eb Palestin\u00ebn si shtet -<\/title>\n<meta name=\"robots\" content=\"index, follow, max-snippet:-1, max-image-preview:large, max-video-preview:-1\" \/>\n<link rel=\"canonical\" href=\"https:\/\/veritasinfo.org\/?p=5097\" \/>\n<meta property=\"og:locale\" content=\"en_US\" \/>\n<meta property=\"og:type\" content=\"article\" \/>\n<meta property=\"og:title\" content=\"Macron: Franca do ta njoh\u00eb Palestin\u00ebn si shtet -\" \/>\n<meta property=\"og:description\" content=\"Paris, 25 Korrik 2025 Presidenti francez Emmanuel Macron njoftoi t\u00eb enjten se Franca do ta njoh\u00eb Palestin\u00ebn si shtet. Vendimi vjen n\u00eb nj\u00eb koh\u00eb kur\" \/>\n<meta property=\"og:url\" content=\"https:\/\/veritasinfo.org\/?p=5097\" \/>\n<meta property=\"article:published_time\" content=\"2025-07-25T05:20:39+00:00\" \/>\n<meta property=\"og:image\" content=\"https:\/\/veritasinfo.org\/wp-content\/uploads\/2025\/07\/IMG_2286.jpeg\" \/>\n\t<meta property=\"og:image:width\" content=\"1024\" \/>\n\t<meta property=\"og:image:height\" content=\"576\" \/>\n\t<meta property=\"og:image:type\" content=\"image\/jpeg\" \/>\n<meta name=\"author\" content=\"admin\" \/>\n<meta name=\"twitter:card\" content=\"summary_large_image\" \/>\n<meta name=\"twitter:label1\" content=\"Written by\" \/>\n\t<meta name=\"twitter:data1\" content=\"admin\" \/>\n\t<meta name=\"twitter:label2\" content=\"Est. reading time\" \/>\n\t<meta name=\"twitter:data2\" content=\"2 minutes\" \/>\n<script type=\"application\/ld+json\" class=\"yoast-schema-graph\">{\"@context\":\"https:\/\/schema.org\",\"@graph\":[{\"@type\":\"WebPage\",\"@id\":\"https:\/\/veritasinfo.org\/?p=5097\",\"url\":\"https:\/\/veritasinfo.org\/?p=5097\",\"name\":\"Macron: Franca do ta njoh\u00eb Palestin\u00ebn si shtet -\",\"isPartOf\":{\"@id\":\"https:\/\/veritasinfo.org\/#website\"},\"primaryImageOfPage\":{\"@id\":\"https:\/\/veritasinfo.org\/?p=5097#primaryimage\"},\"image\":{\"@id\":\"https:\/\/veritasinfo.org\/?p=5097#primaryimage\"},\"thumbnailUrl\":\"https:\/\/veritasinfo.org\/wp-content\/uploads\/2025\/07\/IMG_2286.jpeg\",\"datePublished\":\"2025-07-25T05:20:39+00:00\",\"author\":{\"@id\":\"https:\/\/veritasinfo.org\/#\/schema\/person\/7701f8c088bece422266b100a712374f\"},\"breadcrumb\":{\"@id\":\"https:\/\/veritasinfo.org\/?p=5097#breadcrumb\"},\"inLanguage\":\"en-US\",\"potentialAction\":[{\"@type\":\"ReadAction\",\"target\":[\"https:\/\/veritasinfo.org\/?p=5097\"]}]},{\"@type\":\"ImageObject\",\"inLanguage\":\"en-US\",\"@id\":\"https:\/\/veritasinfo.org\/?p=5097#primaryimage\",\"url\":\"https:\/\/veritasinfo.org\/wp-content\/uploads\/2025\/07\/IMG_2286.jpeg\",\"contentUrl\":\"https:\/\/veritasinfo.org\/wp-content\/uploads\/2025\/07\/IMG_2286.jpeg\",\"width\":1024,\"height\":576},{\"@type\":\"BreadcrumbList\",\"@id\":\"https:\/\/veritasinfo.org\/?p=5097#breadcrumb\",\"itemListElement\":[{\"@type\":\"ListItem\",\"position\":1,\"name\":\"Home\",\"item\":\"https:\/\/veritasinfo.org\/\"},{\"@type\":\"ListItem\",\"position\":2,\"name\":\"Macron: Franca do ta njoh\u00eb Palestin\u00ebn si shtet\"}]},{\"@type\":\"WebSite\",\"@id\":\"https:\/\/veritasinfo.org\/#website\",\"url\":\"https:\/\/veritasinfo.org\/\",\"name\":\"\",\"description\":\"\",\"potentialAction\":[{\"@type\":\"SearchAction\",\"target\":{\"@type\":\"EntryPoint\",\"urlTemplate\":\"https:\/\/veritasinfo.org\/?s={search_term_string}\"},\"query-input\":{\"@type\":\"PropertyValueSpecification\",\"valueRequired\":true,\"valueName\":\"search_term_string\"}}],\"inLanguage\":\"en-US\"},{\"@type\":\"Person\",\"@id\":\"https:\/\/veritasinfo.org\/#\/schema\/person\/7701f8c088bece422266b100a712374f\",\"name\":\"admin\",\"image\":{\"@type\":\"ImageObject\",\"inLanguage\":\"en-US\",\"@id\":\"https:\/\/veritasinfo.org\/#\/schema\/person\/image\/\",\"url\":\"https:\/\/secure.gravatar.com\/avatar\/ea53aa3bf6c9a12d5fde8ce4deff43fef3885ae33cf60184161a50d6987cfd2f?s=96&d=mm&r=g\",\"contentUrl\":\"https:\/\/secure.gravatar.com\/avatar\/ea53aa3bf6c9a12d5fde8ce4deff43fef3885ae33cf60184161a50d6987cfd2f?s=96&d=mm&r=g\",\"caption\":\"admin\"},\"sameAs\":[\"https:\/\/veritasinfo.org\"],\"url\":\"https:\/\/veritasinfo.org\/?author=1\"}]}<\/script>\n<!-- \/ Yoast SEO plugin. -->","yoast_head_json":{"title":"Macron: Franca do ta njoh\u00eb Palestin\u00ebn si shtet -","robots":{"index":"index","follow":"follow","max-snippet":"max-snippet:-1","max-image-preview":"max-image-preview:large","max-video-preview":"max-video-preview:-1"},"canonical":"https:\/\/veritasinfo.org\/?p=5097","og_locale":"en_US","og_type":"article","og_title":"Macron: Franca do ta njoh\u00eb Palestin\u00ebn si shtet -","og_description":"Paris, 25 Korrik 2025 Presidenti francez Emmanuel Macron njoftoi t\u00eb enjten se Franca do ta njoh\u00eb Palestin\u00ebn si shtet. Vendimi vjen n\u00eb nj\u00eb koh\u00eb kur","og_url":"https:\/\/veritasinfo.org\/?p=5097","article_published_time":"2025-07-25T05:20:39+00:00","og_image":[{"width":1024,"height":576,"url":"https:\/\/veritasinfo.org\/wp-content\/uploads\/2025\/07\/IMG_2286.jpeg","type":"image\/jpeg"}],"author":"admin","twitter_card":"summary_large_image","twitter_misc":{"Written by":"admin","Est. reading time":"2 minutes"},"schema":{"@context":"https:\/\/schema.org","@graph":[{"@type":"WebPage","@id":"https:\/\/veritasinfo.org\/?p=5097","url":"https:\/\/veritasinfo.org\/?p=5097","name":"Macron: Franca do ta njoh\u00eb Palestin\u00ebn si shtet -","isPartOf":{"@id":"https:\/\/veritasinfo.org\/#website"},"primaryImageOfPage":{"@id":"https:\/\/veritasinfo.org\/?p=5097#primaryimage"},"image":{"@id":"https:\/\/veritasinfo.org\/?p=5097#primaryimage"},"thumbnailUrl":"https:\/\/veritasinfo.org\/wp-content\/uploads\/2025\/07\/IMG_2286.jpeg","datePublished":"2025-07-25T05:20:39+00:00","author":{"@id":"https:\/\/veritasinfo.org\/#\/schema\/person\/7701f8c088bece422266b100a712374f"},"breadcrumb":{"@id":"https:\/\/veritasinfo.org\/?p=5097#breadcrumb"},"inLanguage":"en-US","potentialAction":[{"@type":"ReadAction","target":["https:\/\/veritasinfo.org\/?p=5097"]}]},{"@type":"ImageObject","inLanguage":"en-US","@id":"https:\/\/veritasinfo.org\/?p=5097#primaryimage","url":"https:\/\/veritasinfo.org\/wp-content\/uploads\/2025\/07\/IMG_2286.jpeg","contentUrl":"https:\/\/veritasinfo.org\/wp-content\/uploads\/2025\/07\/IMG_2286.jpeg","width":1024,"height":576},{"@type":"BreadcrumbList","@id":"https:\/\/veritasinfo.org\/?p=5097#breadcrumb","itemListElement":[{"@type":"ListItem","position":1,"name":"Home","item":"https:\/\/veritasinfo.org\/"},{"@type":"ListItem","position":2,"name":"Macron: Franca do ta njoh\u00eb Palestin\u00ebn si shtet"}]},{"@type":"WebSite","@id":"https:\/\/veritasinfo.org\/#website","url":"https:\/\/veritasinfo.org\/","name":"","description":"","potentialAction":[{"@type":"SearchAction","target":{"@type":"EntryPoint","urlTemplate":"https:\/\/veritasinfo.org\/?s={search_term_string}"},"query-input":{"@type":"PropertyValueSpecification","valueRequired":true,"valueName":"search_term_string"}}],"inLanguage":"en-US"},{"@type":"Person","@id":"https:\/\/veritasinfo.org\/#\/schema\/person\/7701f8c088bece422266b100a712374f","name":"admin","image":{"@type":"ImageObject","inLanguage":"en-US","@id":"https:\/\/veritasinfo.org\/#\/schema\/person\/image\/","url":"https:\/\/secure.gravatar.com\/avatar\/ea53aa3bf6c9a12d5fde8ce4deff43fef3885ae33cf60184161a50d6987cfd2f?s=96&d=mm&r=g","contentUrl":"https:\/\/secure.gravatar.com\/avatar\/ea53aa3bf6c9a12d5fde8ce4deff43fef3885ae33cf60184161a50d6987cfd2f?s=96&d=mm&r=g","caption":"admin"},"sameAs":["https:\/\/veritasinfo.org"],"url":"https:\/\/veritasinfo.org\/?author=1"}]}},"featured_image_urls":{"full":["https:\/\/veritasinfo.org\/wp-content\/uploads\/2025\/07\/IMG_2286.jpeg",1024,576,false],"thumbnail":["https:\/\/veritasinfo.org\/wp-content\/uploads\/2025\/07\/IMG_2286-150x150.jpeg",150,150,true],"medium":["https:\/\/veritasinfo.org\/wp-content\/uploads\/2025\/07\/IMG_2286-300x169.jpeg",300,169,true],"medium_large":["https:\/\/veritasinfo.org\/wp-content\/uploads\/2025\/07\/IMG_2286-768x432.jpeg",640,360,true],"large":["https:\/\/veritasinfo.org\/wp-content\/uploads\/2025\/07\/IMG_2286.jpeg",640,360,false],"1536x1536":["https:\/\/veritasinfo.org\/wp-content\/uploads\/2025\/07\/IMG_2286.jpeg",1024,576,false],"2048x2048":["https:\/\/veritasinfo.org\/wp-content\/uploads\/2025\/07\/IMG_2286.jpeg",1024,576,false],"kreeti-slider-full":["https:\/\/veritasinfo.org\/wp-content\/uploads\/2025\/07\/IMG_2286.jpeg",1024,576,false],"kreeti-featured":["https:\/\/veritasinfo.org\/wp-content\/uploads\/2025\/07\/IMG_2286.jpeg",1024,576,false],"kreeti-medium":["https:\/\/veritasinfo.org\/wp-content\/uploads\/2025\/07\/IMG_2286.jpeg",720,405,false],"kreeti-medium-square":["https:\/\/veritasinfo.org\/wp-content\/uploads\/2025\/07\/IMG_2286.jpeg",350,197,false]},"author_info":{"info":["admin"]},"category_info":"<a href=\"https:\/\/veritasinfo.org\/?cat=72\" rel=\"category\">Bota<\/a>","tag_info":"Bota","comment_count":"0","_links":{"self":[{"href":"https:\/\/veritasinfo.org\/index.php?rest_route=\/wp\/v2\/posts\/5097","targetHints":{"allow":["GET"]}}],"collection":[{"href":"https:\/\/veritasinfo.org\/index.php?rest_route=\/wp\/v2\/posts"}],"about":[{"href":"https:\/\/veritasinfo.org\/index.php?rest_route=\/wp\/v2\/types\/post"}],"author":[{"embeddable":true,"href":"https:\/\/veritasinfo.org\/index.php?rest_route=\/wp\/v2\/users\/1"}],"replies":[{"embeddable":true,"href":"https:\/\/veritasinfo.org\/index.php?rest_route=%2Fwp%2Fv2%2Fcomments&post=5097"}],"version-history":[{"count":2,"href":"https:\/\/veritasinfo.org\/index.php?rest_route=\/wp\/v2\/posts\/5097\/revisions"}],"predecessor-version":[{"id":5100,"href":"https:\/\/veritasinfo.org\/index.php?rest_route=\/wp\/v2\/posts\/5097\/revisions\/5100"}],"wp:featuredmedia":[{"embeddable":true,"href":"https:\/\/veritasinfo.org\/index.php?rest_route=\/wp\/v2\/media\/5098"}],"wp:attachment":[{"href":"https:\/\/veritasinfo.org\/index.php?rest_route=%2Fwp%2Fv2%2Fmedia&parent=5097"}],"wp:term":[{"taxonomy":"category","embeddable":true,"href":"https:\/\/veritasinfo.org\/index.php?rest_route=%2Fwp%2Fv2%2Fcategories&post=5097"},{"taxonomy":"post_tag","embeddable":true,"href":"https:\/\/veritasinfo.org\/index.php?rest_route=%2Fwp%2Fv2%2Ftags&post=5097"}],"curies":[{"name":"wp","href":"https:\/\/api.w.org\/{rel}","templated":true}]}}