{"id":5092,"date":"2025-07-24T21:52:03","date_gmt":"2025-07-24T19:52:03","guid":{"rendered":"https:\/\/veritasinfo.org\/?p=5092"},"modified":"2025-07-24T21:52:03","modified_gmt":"2025-07-24T19:52:03","slug":"kushtetuesja-ndalon-vendimet-e-deputeteve-pas-afatit-ligjor-30-ditor","status":"publish","type":"post","link":"https:\/\/veritasinfo.org\/?p=5092","title":{"rendered":"Kushtetuesja ndalon vendimet e deputet\u00ebve pas afatit ligjor 30-ditor"},"content":{"rendered":"<p>Prishtin\u00eb, 24 korrik 2025<\/p>\n<p><strong>Kushtetuesja pezullon veprimet e Kuvendit pas afatit 30-ditor.<\/strong><\/p>\n<p>Gjykata Kushtetuese ka vendosur nj\u00eb mas\u00eb t\u00eb p\u00ebrkohshme ndaj seancave t\u00eb Kuvendit t\u00eb Kosov\u00ebs, e cila hyn n\u00eb fuqi nga 27 korriku dhe do t\u00eb zgjas\u00eb deri m\u00eb 8 gusht 2025.<\/p>\n<p>Sipas vendimit, deputet\u00ebve u ndalohet \u00e7do vendim apo veprim pas p\u00ebrfundimit t\u00eb afatit 30-ditor t\u00eb p\u00ebrcaktuar n\u00eb aktgjykimin e par\u00eb t\u00eb Gjykat\u00ebs, i cili kishte ardhur pas k\u00ebrkes\u00ebs s\u00eb AAK-s\u00eb.<\/p>\n<p>Gjykata thekson se vendimmarrja pas k\u00ebtij afati mund t\u00eb shkaktoj\u00eb \u201cd\u00ebme t\u00eb pariparueshme p\u00ebr rendin kushtetues dhe funksionimin e institucioneve ky\u00e7e t\u00eb Republik\u00ebs s\u00eb Kosov\u00ebs\u201d. Ajo e cil\u00ebson k\u00ebt\u00eb ndales\u00eb si t\u00eb domosdoshme p\u00ebr ruajtjen e rendit kushtetues dhe interesit publik, ve\u00e7an\u00ebrisht n\u00eb procesin e themelimit t\u00eb institucioneve shtet\u00ebrore pas zgjedhjeve.<\/p>\n<p>N\u00eb aktvendim thuhet qart\u00eb:<\/p>\n<p>\u201cNdalimi i \u00e7do vendimi dhe veprimi nga ana e deputet\u00ebve t\u00eb zgjedhur t\u00eb Kuvendit pas 26 korrikut 2025 \u00ebsht\u00eb n\u00eb interes publik dhe i domosdosh\u00ebm p\u00ebr mbrojtjen e rendit kushtetues dhe interesin e qytetar\u00ebve t\u00eb Republik\u00ebs s\u00eb Kosov\u00ebs.\u201d<\/p>\n<p>Ky vendim lidhet me rastin e iniciuar nga deputet\u00ebt e LDK-s\u00eb dhe PDK-s\u00eb, t\u00eb cil\u00ebt kontestojn\u00eb votimin e Komisionit p\u00ebr votim t\u00eb fsheht\u00eb n\u00eb vazhdimin e seanc\u00ebs konstituive t\u00eb Legjislatur\u00ebs IX, m\u00eb 29 qershor 2025.<\/p>\n<p>Megjithat\u00eb, Gjykata e ka vendosur k\u00ebt\u00eb mas\u00eb ex officio \u2013 pra me nism\u00eb t\u00eb saj, pa qen\u00eb e k\u00ebrkuar nga parashtruesit.<\/p>\n","protected":false},"excerpt":{"rendered":"<p>Prishtin\u00eb, 24 korrik 2025 Kushtetuesja pezullon veprimet e Kuvendit pas afatit 30-ditor. Gjykata Kushtetuese ka vendosur nj\u00eb mas\u00eb t\u00eb p\u00ebrkohshme ndaj seancave t\u00eb Kuvendit t\u00eb<\/p>\n","protected":false},"author":1,"featured_media":5093,"comment_status":"open","ping_status":"open","sticky":false,"template":"","format":"standard","meta":{"footnotes":""},"categories":[60],"tags":[],"class_list":["post-5092","post","type-post","status-publish","format-standard","has-post-thumbnail","hentry","category-shoqerore-sq"],"yoast_head":"<!-- This site is optimized with the Yoast SEO plugin v25.3.1 - https:\/\/yoast.com\/wordpress\/plugins\/seo\/ -->\n<title>Kushtetuesja ndalon vendimet e deputet\u00ebve pas afatit ligjor 30-ditor -<\/title>\n<meta name=\"robots\" content=\"index, follow, max-snippet:-1, max-image-preview:large, max-video-preview:-1\" \/>\n<link rel=\"canonical\" href=\"https:\/\/veritasinfo.org\/?p=5092\" \/>\n<meta property=\"og:locale\" content=\"en_US\" \/>\n<meta property=\"og:type\" content=\"article\" \/>\n<meta property=\"og:title\" content=\"Kushtetuesja ndalon vendimet e deputet\u00ebve pas afatit ligjor 30-ditor -\" \/>\n<meta property=\"og:description\" content=\"Prishtin\u00eb, 24 korrik 2025 Kushtetuesja pezullon veprimet e Kuvendit pas afatit 30-ditor. Gjykata Kushtetuese ka vendosur nj\u00eb mas\u00eb t\u00eb p\u00ebrkohshme ndaj seancave t\u00eb Kuvendit t\u00eb\" \/>\n<meta property=\"og:url\" content=\"https:\/\/veritasinfo.org\/?p=5092\" \/>\n<meta property=\"article:published_time\" content=\"2025-07-24T19:52:03+00:00\" \/>\n<meta property=\"og:image\" content=\"https:\/\/veritasinfo.org\/wp-content\/uploads\/2025\/07\/IMG_1992.png\" \/>\n\t<meta property=\"og:image:width\" content=\"430\" \/>\n\t<meta property=\"og:image:height\" content=\"241\" \/>\n\t<meta property=\"og:image:type\" content=\"image\/png\" \/>\n<meta name=\"author\" content=\"admin\" \/>\n<meta name=\"twitter:card\" content=\"summary_large_image\" \/>\n<meta name=\"twitter:label1\" content=\"Written by\" \/>\n\t<meta name=\"twitter:data1\" content=\"admin\" \/>\n\t<meta name=\"twitter:label2\" content=\"Est. reading time\" \/>\n\t<meta name=\"twitter:data2\" content=\"2 minutes\" \/>\n<script type=\"application\/ld+json\" class=\"yoast-schema-graph\">{\"@context\":\"https:\/\/schema.org\",\"@graph\":[{\"@type\":\"WebPage\",\"@id\":\"https:\/\/veritasinfo.org\/?p=5092\",\"url\":\"https:\/\/veritasinfo.org\/?p=5092\",\"name\":\"Kushtetuesja ndalon vendimet e deputet\u00ebve pas afatit ligjor 30-ditor -\",\"isPartOf\":{\"@id\":\"https:\/\/veritasinfo.org\/#website\"},\"primaryImageOfPage\":{\"@id\":\"https:\/\/veritasinfo.org\/?p=5092#primaryimage\"},\"image\":{\"@id\":\"https:\/\/veritasinfo.org\/?p=5092#primaryimage\"},\"thumbnailUrl\":\"https:\/\/veritasinfo.org\/wp-content\/uploads\/2025\/07\/IMG_1992.png\",\"datePublished\":\"2025-07-24T19:52:03+00:00\",\"author\":{\"@id\":\"https:\/\/veritasinfo.org\/#\/schema\/person\/7701f8c088bece422266b100a712374f\"},\"breadcrumb\":{\"@id\":\"https:\/\/veritasinfo.org\/?p=5092#breadcrumb\"},\"inLanguage\":\"en-US\",\"potentialAction\":[{\"@type\":\"ReadAction\",\"target\":[\"https:\/\/veritasinfo.org\/?p=5092\"]}]},{\"@type\":\"ImageObject\",\"inLanguage\":\"en-US\",\"@id\":\"https:\/\/veritasinfo.org\/?p=5092#primaryimage\",\"url\":\"https:\/\/veritasinfo.org\/wp-content\/uploads\/2025\/07\/IMG_1992.png\",\"contentUrl\":\"https:\/\/veritasinfo.org\/wp-content\/uploads\/2025\/07\/IMG_1992.png\",\"width\":430,\"height\":241},{\"@type\":\"BreadcrumbList\",\"@id\":\"https:\/\/veritasinfo.org\/?p=5092#breadcrumb\",\"itemListElement\":[{\"@type\":\"ListItem\",\"position\":1,\"name\":\"Home\",\"item\":\"https:\/\/veritasinfo.org\/\"},{\"@type\":\"ListItem\",\"position\":2,\"name\":\"Kushtetuesja ndalon vendimet e deputet\u00ebve pas afatit ligjor 30-ditor\"}]},{\"@type\":\"WebSite\",\"@id\":\"https:\/\/veritasinfo.org\/#website\",\"url\":\"https:\/\/veritasinfo.org\/\",\"name\":\"\",\"description\":\"\",\"potentialAction\":[{\"@type\":\"SearchAction\",\"target\":{\"@type\":\"EntryPoint\",\"urlTemplate\":\"https:\/\/veritasinfo.org\/?s={search_term_string}\"},\"query-input\":{\"@type\":\"PropertyValueSpecification\",\"valueRequired\":true,\"valueName\":\"search_term_string\"}}],\"inLanguage\":\"en-US\"},{\"@type\":\"Person\",\"@id\":\"https:\/\/veritasinfo.org\/#\/schema\/person\/7701f8c088bece422266b100a712374f\",\"name\":\"admin\",\"image\":{\"@type\":\"ImageObject\",\"inLanguage\":\"en-US\",\"@id\":\"https:\/\/veritasinfo.org\/#\/schema\/person\/image\/\",\"url\":\"https:\/\/secure.gravatar.com\/avatar\/ea53aa3bf6c9a12d5fde8ce4deff43fef3885ae33cf60184161a50d6987cfd2f?s=96&d=mm&r=g\",\"contentUrl\":\"https:\/\/secure.gravatar.com\/avatar\/ea53aa3bf6c9a12d5fde8ce4deff43fef3885ae33cf60184161a50d6987cfd2f?s=96&d=mm&r=g\",\"caption\":\"admin\"},\"sameAs\":[\"https:\/\/veritasinfo.org\"],\"url\":\"https:\/\/veritasinfo.org\/?author=1\"}]}<\/script>\n<!-- \/ Yoast SEO plugin. -->","yoast_head_json":{"title":"Kushtetuesja ndalon vendimet e deputet\u00ebve pas afatit ligjor 30-ditor -","robots":{"index":"index","follow":"follow","max-snippet":"max-snippet:-1","max-image-preview":"max-image-preview:large","max-video-preview":"max-video-preview:-1"},"canonical":"https:\/\/veritasinfo.org\/?p=5092","og_locale":"en_US","og_type":"article","og_title":"Kushtetuesja ndalon vendimet e deputet\u00ebve pas afatit ligjor 30-ditor -","og_description":"Prishtin\u00eb, 24 korrik 2025 Kushtetuesja pezullon veprimet e Kuvendit pas afatit 30-ditor. Gjykata Kushtetuese ka vendosur nj\u00eb mas\u00eb t\u00eb p\u00ebrkohshme ndaj seancave t\u00eb Kuvendit t\u00eb","og_url":"https:\/\/veritasinfo.org\/?p=5092","article_published_time":"2025-07-24T19:52:03+00:00","og_image":[{"width":430,"height":241,"url":"https:\/\/veritasinfo.org\/wp-content\/uploads\/2025\/07\/IMG_1992.png","type":"image\/png"}],"author":"admin","twitter_card":"summary_large_image","twitter_misc":{"Written by":"admin","Est. reading time":"2 minutes"},"schema":{"@context":"https:\/\/schema.org","@graph":[{"@type":"WebPage","@id":"https:\/\/veritasinfo.org\/?p=5092","url":"https:\/\/veritasinfo.org\/?p=5092","name":"Kushtetuesja ndalon vendimet e deputet\u00ebve pas afatit ligjor 30-ditor -","isPartOf":{"@id":"https:\/\/veritasinfo.org\/#website"},"primaryImageOfPage":{"@id":"https:\/\/veritasinfo.org\/?p=5092#primaryimage"},"image":{"@id":"https:\/\/veritasinfo.org\/?p=5092#primaryimage"},"thumbnailUrl":"https:\/\/veritasinfo.org\/wp-content\/uploads\/2025\/07\/IMG_1992.png","datePublished":"2025-07-24T19:52:03+00:00","author":{"@id":"https:\/\/veritasinfo.org\/#\/schema\/person\/7701f8c088bece422266b100a712374f"},"breadcrumb":{"@id":"https:\/\/veritasinfo.org\/?p=5092#breadcrumb"},"inLanguage":"en-US","potentialAction":[{"@type":"ReadAction","target":["https:\/\/veritasinfo.org\/?p=5092"]}]},{"@type":"ImageObject","inLanguage":"en-US","@id":"https:\/\/veritasinfo.org\/?p=5092#primaryimage","url":"https:\/\/veritasinfo.org\/wp-content\/uploads\/2025\/07\/IMG_1992.png","contentUrl":"https:\/\/veritasinfo.org\/wp-content\/uploads\/2025\/07\/IMG_1992.png","width":430,"height":241},{"@type":"BreadcrumbList","@id":"https:\/\/veritasinfo.org\/?p=5092#breadcrumb","itemListElement":[{"@type":"ListItem","position":1,"name":"Home","item":"https:\/\/veritasinfo.org\/"},{"@type":"ListItem","position":2,"name":"Kushtetuesja ndalon vendimet e deputet\u00ebve pas afatit ligjor 30-ditor"}]},{"@type":"WebSite","@id":"https:\/\/veritasinfo.org\/#website","url":"https:\/\/veritasinfo.org\/","name":"","description":"","potentialAction":[{"@type":"SearchAction","target":{"@type":"EntryPoint","urlTemplate":"https:\/\/veritasinfo.org\/?s={search_term_string}"},"query-input":{"@type":"PropertyValueSpecification","valueRequired":true,"valueName":"search_term_string"}}],"inLanguage":"en-US"},{"@type":"Person","@id":"https:\/\/veritasinfo.org\/#\/schema\/person\/7701f8c088bece422266b100a712374f","name":"admin","image":{"@type":"ImageObject","inLanguage":"en-US","@id":"https:\/\/veritasinfo.org\/#\/schema\/person\/image\/","url":"https:\/\/secure.gravatar.com\/avatar\/ea53aa3bf6c9a12d5fde8ce4deff43fef3885ae33cf60184161a50d6987cfd2f?s=96&d=mm&r=g","contentUrl":"https:\/\/secure.gravatar.com\/avatar\/ea53aa3bf6c9a12d5fde8ce4deff43fef3885ae33cf60184161a50d6987cfd2f?s=96&d=mm&r=g","caption":"admin"},"sameAs":["https:\/\/veritasinfo.org"],"url":"https:\/\/veritasinfo.org\/?author=1"}]}},"featured_image_urls":{"full":["https:\/\/veritasinfo.org\/wp-content\/uploads\/2025\/07\/IMG_1992.png",430,241,false],"thumbnail":["https:\/\/veritasinfo.org\/wp-content\/uploads\/2025\/07\/IMG_1992-150x150.png",150,150,true],"medium":["https:\/\/veritasinfo.org\/wp-content\/uploads\/2025\/07\/IMG_1992-300x168.png",300,168,true],"medium_large":["https:\/\/veritasinfo.org\/wp-content\/uploads\/2025\/07\/IMG_1992.png",430,241,false],"large":["https:\/\/veritasinfo.org\/wp-content\/uploads\/2025\/07\/IMG_1992.png",430,241,false],"1536x1536":["https:\/\/veritasinfo.org\/wp-content\/uploads\/2025\/07\/IMG_1992.png",430,241,false],"2048x2048":["https:\/\/veritasinfo.org\/wp-content\/uploads\/2025\/07\/IMG_1992.png",430,241,false],"kreeti-slider-full":["https:\/\/veritasinfo.org\/wp-content\/uploads\/2025\/07\/IMG_1992.png",430,241,false],"kreeti-featured":["https:\/\/veritasinfo.org\/wp-content\/uploads\/2025\/07\/IMG_1992.png",430,241,false],"kreeti-medium":["https:\/\/veritasinfo.org\/wp-content\/uploads\/2025\/07\/IMG_1992.png",430,241,false],"kreeti-medium-square":["https:\/\/veritasinfo.org\/wp-content\/uploads\/2025\/07\/IMG_1992.png",350,196,false]},"author_info":{"info":["admin"]},"category_info":"<a href=\"https:\/\/veritasinfo.org\/?cat=60\" rel=\"category\">Shoq\u00ebrore<\/a>","tag_info":"Shoq\u00ebrore","comment_count":"0","_links":{"self":[{"href":"https:\/\/veritasinfo.org\/index.php?rest_route=\/wp\/v2\/posts\/5092","targetHints":{"allow":["GET"]}}],"collection":[{"href":"https:\/\/veritasinfo.org\/index.php?rest_route=\/wp\/v2\/posts"}],"about":[{"href":"https:\/\/veritasinfo.org\/index.php?rest_route=\/wp\/v2\/types\/post"}],"author":[{"embeddable":true,"href":"https:\/\/veritasinfo.org\/index.php?rest_route=\/wp\/v2\/users\/1"}],"replies":[{"embeddable":true,"href":"https:\/\/veritasinfo.org\/index.php?rest_route=%2Fwp%2Fv2%2Fcomments&post=5092"}],"version-history":[{"count":1,"href":"https:\/\/veritasinfo.org\/index.php?rest_route=\/wp\/v2\/posts\/5092\/revisions"}],"predecessor-version":[{"id":5094,"href":"https:\/\/veritasinfo.org\/index.php?rest_route=\/wp\/v2\/posts\/5092\/revisions\/5094"}],"wp:featuredmedia":[{"embeddable":true,"href":"https:\/\/veritasinfo.org\/index.php?rest_route=\/wp\/v2\/media\/5093"}],"wp:attachment":[{"href":"https:\/\/veritasinfo.org\/index.php?rest_route=%2Fwp%2Fv2%2Fmedia&parent=5092"}],"wp:term":[{"taxonomy":"category","embeddable":true,"href":"https:\/\/veritasinfo.org\/index.php?rest_route=%2Fwp%2Fv2%2Fcategories&post=5092"},{"taxonomy":"post_tag","embeddable":true,"href":"https:\/\/veritasinfo.org\/index.php?rest_route=%2Fwp%2Fv2%2Ftags&post=5092"}],"curies":[{"name":"wp","href":"https:\/\/api.w.org\/{rel}","templated":true}]}}