{"id":5067,"date":"2025-07-24T16:56:25","date_gmt":"2025-07-24T14:56:25","guid":{"rendered":"https:\/\/veritasinfo.org\/?p=5067"},"modified":"2025-07-24T18:30:40","modified_gmt":"2025-07-24T16:30:40","slug":"kuvendi-komunal-i-rahovecit-e-shpall-non-grata-igor-popoviqin-per-deklaratat-kunder-uck-se","status":"publish","type":"post","link":"https:\/\/veritasinfo.org\/?p=5067","title":{"rendered":"Kuvendi Komunal i Rahovecit e shpall non grata Igor Popoviqin p\u00ebr deklaratat kund\u00ebr U\u00c7K-s\u00eb"},"content":{"rendered":"<p>Rahovec, 24 korrik 2025<\/p>\n<p><strong>Kuvendi Komunal i Rahovecit, n\u00eb mbledhjen e s\u00eb enjtes, miratoi nj\u00ebz\u00ebri nj\u00eb deklarat\u00eb p\u00ebr d\u00ebnimin e gjuh\u00ebs s\u00eb p\u00ebrdorur nga ndihm\u00ebsdrejtori i t\u00eb ashtuquajtr\u00ebs Zyr\u00eb p\u00ebr Kosov\u00ebn n\u00eb Qeverin\u00eb e Serbis\u00eb, Igor Popoviq. Ai jav\u00ebn e kaluar, n\u00eb fshatin Ho\u00e7\u00eb e Madhe t\u00eb Rahovecit, kishte b\u00ebr\u00eb deklarata fyese kund\u00ebr Ushtris\u00eb \u00c7lirimtare t\u00eb Kosov\u00ebs.<\/strong><\/p>\n<p>P\u00ebrmes k\u00ebsaj deklarate, Popoviqi shpallet <strong>person non grata<\/strong>\u00a0n\u00eb territorin e Komun\u00ebs s\u00eb Rahovecit.<\/p>\n<p>Kryetari i Komun\u00ebs, Smajl Latifi, duke prezantuar deklarat\u00ebn para asambleist\u00ebve, theksoi r\u00ebnd\u00ebsin\u00eb e saj p\u00ebr mbrojtjen e vlerave t\u00eb luft\u00ebs \u00e7lirimtare.<\/p>\n<p>\u201cN\u00eb nj\u00eb shtet demokratik e sovran, i nd\u00ebrtuar mbi paqe dhe barazi pa dallim etnie, gjuha e urrejtjes dhe e p\u00ebr\u00e7arjes \u00ebsht\u00eb e papranueshme. P\u00ebr ne, Igor Popoviqi \u00ebsht\u00eb person i pad\u00ebshiruar.<\/p>\n<p>Inkurajojm\u00eb bashk\u00ebqytetar\u00ebt tan\u00eb n\u00eb Ho\u00e7\u00ebn e Madhe dhe p\u00ebrfaq\u00ebsuesit e k\u00ebtij fshati t\u00eb distancohen nga kjo gjuh\u00eb nxit\u00ebse\u201d, thuhet n\u00eb deklarat\u00eb.<\/p>\n","protected":false},"excerpt":{"rendered":"<p>Rahovec, 24 korrik 2025 Kuvendi Komunal i Rahovecit, n\u00eb mbledhjen e s\u00eb enjtes, miratoi nj\u00ebz\u00ebri nj\u00eb deklarat\u00eb p\u00ebr d\u00ebnimin e gjuh\u00ebs s\u00eb p\u00ebrdorur nga ndihm\u00ebsdrejtori<\/p>\n","protected":false},"author":1,"featured_media":5068,"comment_status":"open","ping_status":"open","sticky":false,"template":"","format":"standard","meta":{"footnotes":""},"categories":[60],"tags":[],"class_list":["post-5067","post","type-post","status-publish","format-standard","has-post-thumbnail","hentry","category-shoqerore-sq"],"yoast_head":"<!-- This site is optimized with the Yoast SEO plugin v25.3.1 - https:\/\/yoast.com\/wordpress\/plugins\/seo\/ -->\n<title>Kuvendi Komunal i Rahovecit e shpall non grata Igor Popoviqin p\u00ebr deklaratat kund\u00ebr U\u00c7K-s\u00eb -<\/title>\n<meta name=\"robots\" content=\"index, follow, max-snippet:-1, max-image-preview:large, max-video-preview:-1\" \/>\n<link rel=\"canonical\" href=\"https:\/\/veritasinfo.org\/?p=5067\" \/>\n<meta property=\"og:locale\" content=\"en_US\" \/>\n<meta property=\"og:type\" content=\"article\" \/>\n<meta property=\"og:title\" content=\"Kuvendi Komunal i Rahovecit e shpall non grata Igor Popoviqin p\u00ebr deklaratat kund\u00ebr U\u00c7K-s\u00eb -\" \/>\n<meta property=\"og:description\" content=\"Rahovec, 24 korrik 2025 Kuvendi Komunal i Rahovecit, n\u00eb mbledhjen e s\u00eb enjtes, miratoi nj\u00ebz\u00ebri nj\u00eb deklarat\u00eb p\u00ebr d\u00ebnimin e gjuh\u00ebs s\u00eb p\u00ebrdorur nga ndihm\u00ebsdrejtori\" \/>\n<meta property=\"og:url\" content=\"https:\/\/veritasinfo.org\/?p=5067\" \/>\n<meta property=\"article:published_time\" content=\"2025-07-24T14:56:25+00:00\" \/>\n<meta property=\"article:modified_time\" content=\"2025-07-24T16:30:40+00:00\" \/>\n<meta property=\"og:image\" content=\"https:\/\/veritasinfo.org\/wp-content\/uploads\/2025\/07\/IMG_1968.png\" \/>\n\t<meta property=\"og:image:width\" content=\"900\" \/>\n\t<meta property=\"og:image:height\" content=\"675\" \/>\n\t<meta property=\"og:image:type\" content=\"image\/png\" \/>\n<meta name=\"author\" content=\"admin\" \/>\n<meta name=\"twitter:card\" content=\"summary_large_image\" \/>\n<meta name=\"twitter:label1\" content=\"Written by\" \/>\n\t<meta name=\"twitter:data1\" content=\"admin\" \/>\n\t<meta name=\"twitter:label2\" content=\"Est. reading time\" \/>\n\t<meta name=\"twitter:data2\" content=\"1 minute\" \/>\n<script type=\"application\/ld+json\" class=\"yoast-schema-graph\">{\"@context\":\"https:\/\/schema.org\",\"@graph\":[{\"@type\":\"WebPage\",\"@id\":\"https:\/\/veritasinfo.org\/?p=5067\",\"url\":\"https:\/\/veritasinfo.org\/?p=5067\",\"name\":\"Kuvendi Komunal i Rahovecit e shpall non grata Igor Popoviqin p\u00ebr deklaratat kund\u00ebr U\u00c7K-s\u00eb -\",\"isPartOf\":{\"@id\":\"https:\/\/veritasinfo.org\/#website\"},\"primaryImageOfPage\":{\"@id\":\"https:\/\/veritasinfo.org\/?p=5067#primaryimage\"},\"image\":{\"@id\":\"https:\/\/veritasinfo.org\/?p=5067#primaryimage\"},\"thumbnailUrl\":\"https:\/\/veritasinfo.org\/wp-content\/uploads\/2025\/07\/IMG_1968.png\",\"datePublished\":\"2025-07-24T14:56:25+00:00\",\"dateModified\":\"2025-07-24T16:30:40+00:00\",\"author\":{\"@id\":\"https:\/\/veritasinfo.org\/#\/schema\/person\/7701f8c088bece422266b100a712374f\"},\"breadcrumb\":{\"@id\":\"https:\/\/veritasinfo.org\/?p=5067#breadcrumb\"},\"inLanguage\":\"en-US\",\"potentialAction\":[{\"@type\":\"ReadAction\",\"target\":[\"https:\/\/veritasinfo.org\/?p=5067\"]}]},{\"@type\":\"ImageObject\",\"inLanguage\":\"en-US\",\"@id\":\"https:\/\/veritasinfo.org\/?p=5067#primaryimage\",\"url\":\"https:\/\/veritasinfo.org\/wp-content\/uploads\/2025\/07\/IMG_1968.png\",\"contentUrl\":\"https:\/\/veritasinfo.org\/wp-content\/uploads\/2025\/07\/IMG_1968.png\",\"width\":900,\"height\":675},{\"@type\":\"BreadcrumbList\",\"@id\":\"https:\/\/veritasinfo.org\/?p=5067#breadcrumb\",\"itemListElement\":[{\"@type\":\"ListItem\",\"position\":1,\"name\":\"Home\",\"item\":\"https:\/\/veritasinfo.org\/\"},{\"@type\":\"ListItem\",\"position\":2,\"name\":\"Kuvendi Komunal i Rahovecit e shpall non grata Igor Popoviqin p\u00ebr deklaratat kund\u00ebr U\u00c7K-s\u00eb\"}]},{\"@type\":\"WebSite\",\"@id\":\"https:\/\/veritasinfo.org\/#website\",\"url\":\"https:\/\/veritasinfo.org\/\",\"name\":\"\",\"description\":\"\",\"potentialAction\":[{\"@type\":\"SearchAction\",\"target\":{\"@type\":\"EntryPoint\",\"urlTemplate\":\"https:\/\/veritasinfo.org\/?s={search_term_string}\"},\"query-input\":{\"@type\":\"PropertyValueSpecification\",\"valueRequired\":true,\"valueName\":\"search_term_string\"}}],\"inLanguage\":\"en-US\"},{\"@type\":\"Person\",\"@id\":\"https:\/\/veritasinfo.org\/#\/schema\/person\/7701f8c088bece422266b100a712374f\",\"name\":\"admin\",\"image\":{\"@type\":\"ImageObject\",\"inLanguage\":\"en-US\",\"@id\":\"https:\/\/veritasinfo.org\/#\/schema\/person\/image\/\",\"url\":\"https:\/\/secure.gravatar.com\/avatar\/ea53aa3bf6c9a12d5fde8ce4deff43fef3885ae33cf60184161a50d6987cfd2f?s=96&d=mm&r=g\",\"contentUrl\":\"https:\/\/secure.gravatar.com\/avatar\/ea53aa3bf6c9a12d5fde8ce4deff43fef3885ae33cf60184161a50d6987cfd2f?s=96&d=mm&r=g\",\"caption\":\"admin\"},\"sameAs\":[\"https:\/\/veritasinfo.org\"],\"url\":\"https:\/\/veritasinfo.org\/?author=1\"}]}<\/script>\n<!-- \/ Yoast SEO plugin. -->","yoast_head_json":{"title":"Kuvendi Komunal i Rahovecit e shpall non grata Igor Popoviqin p\u00ebr deklaratat kund\u00ebr U\u00c7K-s\u00eb -","robots":{"index":"index","follow":"follow","max-snippet":"max-snippet:-1","max-image-preview":"max-image-preview:large","max-video-preview":"max-video-preview:-1"},"canonical":"https:\/\/veritasinfo.org\/?p=5067","og_locale":"en_US","og_type":"article","og_title":"Kuvendi Komunal i Rahovecit e shpall non grata Igor Popoviqin p\u00ebr deklaratat kund\u00ebr U\u00c7K-s\u00eb -","og_description":"Rahovec, 24 korrik 2025 Kuvendi Komunal i Rahovecit, n\u00eb mbledhjen e s\u00eb enjtes, miratoi nj\u00ebz\u00ebri nj\u00eb deklarat\u00eb p\u00ebr d\u00ebnimin e gjuh\u00ebs s\u00eb p\u00ebrdorur nga ndihm\u00ebsdrejtori","og_url":"https:\/\/veritasinfo.org\/?p=5067","article_published_time":"2025-07-24T14:56:25+00:00","article_modified_time":"2025-07-24T16:30:40+00:00","og_image":[{"width":900,"height":675,"url":"https:\/\/veritasinfo.org\/wp-content\/uploads\/2025\/07\/IMG_1968.png","type":"image\/png"}],"author":"admin","twitter_card":"summary_large_image","twitter_misc":{"Written by":"admin","Est. reading time":"1 minute"},"schema":{"@context":"https:\/\/schema.org","@graph":[{"@type":"WebPage","@id":"https:\/\/veritasinfo.org\/?p=5067","url":"https:\/\/veritasinfo.org\/?p=5067","name":"Kuvendi Komunal i Rahovecit e shpall non grata Igor Popoviqin p\u00ebr deklaratat kund\u00ebr U\u00c7K-s\u00eb -","isPartOf":{"@id":"https:\/\/veritasinfo.org\/#website"},"primaryImageOfPage":{"@id":"https:\/\/veritasinfo.org\/?p=5067#primaryimage"},"image":{"@id":"https:\/\/veritasinfo.org\/?p=5067#primaryimage"},"thumbnailUrl":"https:\/\/veritasinfo.org\/wp-content\/uploads\/2025\/07\/IMG_1968.png","datePublished":"2025-07-24T14:56:25+00:00","dateModified":"2025-07-24T16:30:40+00:00","author":{"@id":"https:\/\/veritasinfo.org\/#\/schema\/person\/7701f8c088bece422266b100a712374f"},"breadcrumb":{"@id":"https:\/\/veritasinfo.org\/?p=5067#breadcrumb"},"inLanguage":"en-US","potentialAction":[{"@type":"ReadAction","target":["https:\/\/veritasinfo.org\/?p=5067"]}]},{"@type":"ImageObject","inLanguage":"en-US","@id":"https:\/\/veritasinfo.org\/?p=5067#primaryimage","url":"https:\/\/veritasinfo.org\/wp-content\/uploads\/2025\/07\/IMG_1968.png","contentUrl":"https:\/\/veritasinfo.org\/wp-content\/uploads\/2025\/07\/IMG_1968.png","width":900,"height":675},{"@type":"BreadcrumbList","@id":"https:\/\/veritasinfo.org\/?p=5067#breadcrumb","itemListElement":[{"@type":"ListItem","position":1,"name":"Home","item":"https:\/\/veritasinfo.org\/"},{"@type":"ListItem","position":2,"name":"Kuvendi Komunal i Rahovecit e shpall non grata Igor Popoviqin p\u00ebr deklaratat kund\u00ebr U\u00c7K-s\u00eb"}]},{"@type":"WebSite","@id":"https:\/\/veritasinfo.org\/#website","url":"https:\/\/veritasinfo.org\/","name":"","description":"","potentialAction":[{"@type":"SearchAction","target":{"@type":"EntryPoint","urlTemplate":"https:\/\/veritasinfo.org\/?s={search_term_string}"},"query-input":{"@type":"PropertyValueSpecification","valueRequired":true,"valueName":"search_term_string"}}],"inLanguage":"en-US"},{"@type":"Person","@id":"https:\/\/veritasinfo.org\/#\/schema\/person\/7701f8c088bece422266b100a712374f","name":"admin","image":{"@type":"ImageObject","inLanguage":"en-US","@id":"https:\/\/veritasinfo.org\/#\/schema\/person\/image\/","url":"https:\/\/secure.gravatar.com\/avatar\/ea53aa3bf6c9a12d5fde8ce4deff43fef3885ae33cf60184161a50d6987cfd2f?s=96&d=mm&r=g","contentUrl":"https:\/\/secure.gravatar.com\/avatar\/ea53aa3bf6c9a12d5fde8ce4deff43fef3885ae33cf60184161a50d6987cfd2f?s=96&d=mm&r=g","caption":"admin"},"sameAs":["https:\/\/veritasinfo.org"],"url":"https:\/\/veritasinfo.org\/?author=1"}]}},"featured_image_urls":{"full":["https:\/\/veritasinfo.org\/wp-content\/uploads\/2025\/07\/IMG_1968.png",900,675,false],"thumbnail":["https:\/\/veritasinfo.org\/wp-content\/uploads\/2025\/07\/IMG_1968-150x150.png",150,150,true],"medium":["https:\/\/veritasinfo.org\/wp-content\/uploads\/2025\/07\/IMG_1968-300x225.png",300,225,true],"medium_large":["https:\/\/veritasinfo.org\/wp-content\/uploads\/2025\/07\/IMG_1968-768x576.png",640,480,true],"large":["https:\/\/veritasinfo.org\/wp-content\/uploads\/2025\/07\/IMG_1968.png",640,480,false],"1536x1536":["https:\/\/veritasinfo.org\/wp-content\/uploads\/2025\/07\/IMG_1968.png",900,675,false],"2048x2048":["https:\/\/veritasinfo.org\/wp-content\/uploads\/2025\/07\/IMG_1968.png",900,675,false],"kreeti-slider-full":["https:\/\/veritasinfo.org\/wp-content\/uploads\/2025\/07\/IMG_1968.png",900,675,false],"kreeti-featured":["https:\/\/veritasinfo.org\/wp-content\/uploads\/2025\/07\/IMG_1968.png",900,675,false],"kreeti-medium":["https:\/\/veritasinfo.org\/wp-content\/uploads\/2025\/07\/IMG_1968.png",707,530,false],"kreeti-medium-square":["https:\/\/veritasinfo.org\/wp-content\/uploads\/2025\/07\/IMG_1968.png",350,263,false]},"author_info":{"info":["admin"]},"category_info":"<a href=\"https:\/\/veritasinfo.org\/?cat=60\" rel=\"category\">Shoq\u00ebrore<\/a>","tag_info":"Shoq\u00ebrore","comment_count":"0","_links":{"self":[{"href":"https:\/\/veritasinfo.org\/index.php?rest_route=\/wp\/v2\/posts\/5067","targetHints":{"allow":["GET"]}}],"collection":[{"href":"https:\/\/veritasinfo.org\/index.php?rest_route=\/wp\/v2\/posts"}],"about":[{"href":"https:\/\/veritasinfo.org\/index.php?rest_route=\/wp\/v2\/types\/post"}],"author":[{"embeddable":true,"href":"https:\/\/veritasinfo.org\/index.php?rest_route=\/wp\/v2\/users\/1"}],"replies":[{"embeddable":true,"href":"https:\/\/veritasinfo.org\/index.php?rest_route=%2Fwp%2Fv2%2Fcomments&post=5067"}],"version-history":[{"count":2,"href":"https:\/\/veritasinfo.org\/index.php?rest_route=\/wp\/v2\/posts\/5067\/revisions"}],"predecessor-version":[{"id":5083,"href":"https:\/\/veritasinfo.org\/index.php?rest_route=\/wp\/v2\/posts\/5067\/revisions\/5083"}],"wp:featuredmedia":[{"embeddable":true,"href":"https:\/\/veritasinfo.org\/index.php?rest_route=\/wp\/v2\/media\/5068"}],"wp:attachment":[{"href":"https:\/\/veritasinfo.org\/index.php?rest_route=%2Fwp%2Fv2%2Fmedia&parent=5067"}],"wp:term":[{"taxonomy":"category","embeddable":true,"href":"https:\/\/veritasinfo.org\/index.php?rest_route=%2Fwp%2Fv2%2Fcategories&post=5067"},{"taxonomy":"post_tag","embeddable":true,"href":"https:\/\/veritasinfo.org\/index.php?rest_route=%2Fwp%2Fv2%2Ftags&post=5067"}],"curies":[{"name":"wp","href":"https:\/\/api.w.org\/{rel}","templated":true}]}}