{"id":5064,"date":"2025-07-24T16:34:13","date_gmt":"2025-07-24T14:34:13","guid":{"rendered":"https:\/\/veritasinfo.org\/?p=5064"},"modified":"2025-07-24T16:34:13","modified_gmt":"2025-07-24T14:34:13","slug":"modernizacija-kbs-u-fokusu-razgovora-izmedju-makedonije-i-gerguna","status":"publish","type":"post","link":"https:\/\/veritasinfo.org\/?p=5064&lang=sr","title":{"rendered":"Modernizacija KBS u fokusu razgovora izme\u0111u Makedonije i Gerguna"},"content":{"rendered":"<p>Pri\u0161tina, 24. jul 2025.<\/p>\n<p>Vr\u0161ilac du\u017enosti ministra odbrane, Ejup Makedond\u017ei, sastao se u \u010detvrtak sa \u0161efom Sekretarijata odbrambene industrije Turske, Halukom Gergunom. Razgovarali su o modernizaciji kapaciteta i projektima nabavke KBS sa turskim kompanijama.<\/p>\n<p>\u201ePosebno smo razmotrili planove za budu\u0107nost i mogu\u0107nosti nastavka saradnje sa kompanijama poput Bajkara\u201c, napisao je Makedond\u017ei na Fejsbuku.<\/p>\n<p>Dodao je da mu je poseta Sajmu odbrambene industrije (IDEF) pru\u017eila priliku da se izbliza upozna sa turskim inovacijama, va\u017enim za unapre\u0111enje kapaciteta KBS.<\/p>\n<p>\u201eHvala vam na podr\u0161ci i uzbu\u0111en sam zbog zajedni\u010dkih projekata koji nas o\u010dekuju\u201c, zaklju\u010dio je.<\/p>\n<div class=\"_3x-2\" data-ft=\"{&quot;tn&quot;:&quot;H&quot;}\">\n<div data-ft=\"{&quot;tn&quot;:&quot;H&quot;}\">\n<div class=\"mtm\">\n<div class=\"_2a2q _65sr\">\n<div id=\"u_0_a_qJ\" class=\"_xcx\">\n<div class=\"uiScaledImageContainer\"><img fetchpriority=\"high\" decoding=\"async\" class=\"scaledImageFitHeight img\" src=\"https:\/\/scontent.ftia9-1.fna.fbcdn.net\/v\/t39.30808-6\/522723714_122264247044011792_6137924313901066113_n.jpg?_nc_cat=109&amp;ccb=1-7&amp;_nc_sid=e21142&amp;_nc_ohc=-fUW-i97xQgQ7kNvwGsQrTR&amp;_nc_oc=AdkodxZU5MXSLShOVZu_3rG2yMCe89hpDIE0BD6q_dERRrZfXbKAkmsU-Fe8fIEf89c&amp;_nc_zt=23&amp;_nc_ht=scontent.ftia9-1.fna&amp;edm=AN6CN6oEAAAA&amp;_nc_gid=hMGBPjYDzNju-asFBoWEHA&amp;oh=00_AfSnsSP7CcV1Y6WLz8fvezayajeyN-eKzCx_4ScA_2TwVA&amp;oe=6887FAE5\" alt=\"May be an image of 4 people and text that says &quot;SSB T\u00dcR MHUR\u0130YET\u0130 CU \u015eKANLI\u011eI SAVUNAISANAY SANAY SAVUN R \u0667 NLI\u011eJ&quot;\" width=\"362\" height=\"248\" data-src=\"https:\/\/scontent.ftia9-1.fna.fbcdn.net\/v\/t39.30808-6\/522723714_122264247044011792_6137924313901066113_n.jpg?_nc_cat=109&amp;ccb=1-7&amp;_nc_sid=e21142&amp;_nc_ohc=-fUW-i97xQgQ7kNvwGsQrTR&amp;_nc_oc=AdkodxZU5MXSLShOVZu_3rG2yMCe89hpDIE0BD6q_dERRrZfXbKAkmsU-Fe8fIEf89c&amp;_nc_zt=23&amp;_nc_ht=scontent.ftia9-1.fna&amp;edm=AN6CN6oEAAAA&amp;_nc_gid=hMGBPjYDzNju-asFBoWEHA&amp;oh=00_AfSnsSP7CcV1Y6WLz8fvezayajeyN-eKzCx_4ScA_2TwVA&amp;oe=6887FAE5\" \/><\/div>\n<\/div>\n<div id=\"u_0_9_ZD\" class=\"_xcx\">\n<div class=\"uiScaledImageContainer\"><img decoding=\"async\" class=\"scaledImageFitHeight img\" src=\"https:\/\/scontent.ftia9-1.fna.fbcdn.net\/v\/t39.30808-6\/521613761_122264247116011792_5979049690412936822_n.jpg?_nc_cat=101&amp;ccb=1-7&amp;_nc_sid=e21142&amp;_nc_ohc=YGW_e1Y7nhAQ7kNvwEmLGWr&amp;_nc_oc=AdmKr2DjHuiaWbDu2DR6LAQfobcCsHeRQuKlR-v3C2KkNLIC0evK2IyOuGZLF5-Map0&amp;_nc_zt=23&amp;_nc_ht=scontent.ftia9-1.fna&amp;edm=AN6CN6oEAAAA&amp;_nc_gid=hMGBPjYDzNju-asFBoWEHA&amp;oh=00_AfQDQO4wwB5kdT6MSsUYipidoYgKmWvxFhmijbuEtiKHVA&amp;oe=6888228B\" alt=\"May be an image of 2 people and text\" width=\"373\" height=\"248\" data-src=\"https:\/\/scontent.ftia9-1.fna.fbcdn.net\/v\/t39.30808-6\/521613761_122264247116011792_5979049690412936822_n.jpg?_nc_cat=101&amp;ccb=1-7&amp;_nc_sid=e21142&amp;_nc_ohc=YGW_e1Y7nhAQ7kNvwEmLGWr&amp;_nc_oc=AdmKr2DjHuiaWbDu2DR6LAQfobcCsHeRQuKlR-v3C2KkNLIC0evK2IyOuGZLF5-Map0&amp;_nc_zt=23&amp;_nc_ht=scontent.ftia9-1.fna&amp;edm=AN6CN6oEAAAA&amp;_nc_gid=hMGBPjYDzNju-asFBoWEHA&amp;oh=00_AfQDQO4wwB5kdT6MSsUYipidoYgKmWvxFhmijbuEtiKHVA&amp;oe=6888228B\" \/><\/div>\n<\/div>\n<div id=\"u_0_6_5i\" class=\"_xcx\">\n<div class=\"uiScaledImageContainer\"><img decoding=\"async\" class=\"scaledImageFitWidth img\" src=\"https:\/\/scontent.ftia9-1.fna.fbcdn.net\/v\/t39.30808-6\/521606945_122264247302011792_6635129597844117950_n.jpg?stp=dst-jpg_p180x540_tt6&amp;_nc_cat=111&amp;ccb=1-7&amp;_nc_sid=e21142&amp;_nc_ohc=rvG5ZOD6FigQ7kNvwFggSd0&amp;_nc_oc=AdmbpPJ9EcOe2uXkpgSS7ZfRlYGXjdbMEYiC333JUVj3sf__aLlDBPbsO4zbg-pruR4&amp;_nc_zt=23&amp;_nc_ht=scontent.ftia9-1.fna&amp;edm=AN6CN6oEAAAA&amp;_nc_gid=hMGBPjYDzNju-asFBoWEHA&amp;oh=00_AfQd76g0oEsyEpEvV4jsp77uoagaL63EoKunQGo-ZU9lxg&amp;oe=6887FE52\" alt=\"May be an image of 2 people and text\" width=\"248\" height=\"166\" data-src=\"https:\/\/scontent.ftia9-1.fna.fbcdn.net\/v\/t39.30808-6\/521606945_122264247302011792_6635129597844117950_n.jpg?stp=dst-jpg_p180x540_tt6&amp;_nc_cat=111&amp;ccb=1-7&amp;_nc_sid=e21142&amp;_nc_ohc=rvG5ZOD6FigQ7kNvwFggSd0&amp;_nc_oc=AdmbpPJ9EcOe2uXkpgSS7ZfRlYGXjdbMEYiC333JUVj3sf__aLlDBPbsO4zbg-pruR4&amp;_nc_zt=23&amp;_nc_ht=scontent.ftia9-1.fna&amp;edm=AN6CN6oEAAAA&amp;_nc_gid=hMGBPjYDzNju-asFBoWEHA&amp;oh=00_AfQd76g0oEsyEpEvV4jsp77uoagaL63EoKunQGo-ZU9lxg&amp;oe=6887FE52\" \/><\/div>\n<\/div>\n<div id=\"u_0_7_bK\" class=\"_xcx\">\n<div class=\"uiScaledImageContainer\"><img loading=\"lazy\" decoding=\"async\" class=\"scaledImageFitWidth img\" src=\"https:\/\/scontent.ftia9-1.fna.fbcdn.net\/v\/t39.30808-6\/523815761_122264247362011792_4339722791837307452_n.jpg?stp=dst-jpg_p180x540_tt6&amp;_nc_cat=100&amp;ccb=1-7&amp;_nc_sid=e21142&amp;_nc_ohc=lV5hn_dt5c4Q7kNvwF6Y1t_&amp;_nc_oc=Adl0zPaffe00EtpGBIT6q4cwyx-yrEdDmMaM1ScR2TYYwaiMkeEy6ucxrvF0PngBVew&amp;_nc_zt=23&amp;_nc_ht=scontent.ftia9-1.fna&amp;edm=AN6CN6oEAAAA&amp;_nc_gid=hMGBPjYDzNju-asFBoWEHA&amp;oh=00_AfTSzqgm1bwcyCfQWz7XZ0FKq9iNTfJhWU-l8ZQLBQS2cw&amp;oe=68881828\" alt=\"May be an image of 4 people and text\" width=\"248\" height=\"166\" data-src=\"https:\/\/scontent.ftia9-1.fna.fbcdn.net\/v\/t39.30808-6\/523815761_122264247362011792_4339722791837307452_n.jpg?stp=dst-jpg_p180x540_tt6&amp;_nc_cat=100&amp;ccb=1-7&amp;_nc_sid=e21142&amp;_nc_ohc=lV5hn_dt5c4Q7kNvwF6Y1t_&amp;_nc_oc=Adl0zPaffe00EtpGBIT6q4cwyx-yrEdDmMaM1ScR2TYYwaiMkeEy6ucxrvF0PngBVew&amp;_nc_zt=23&amp;_nc_ht=scontent.ftia9-1.fna&amp;edm=AN6CN6oEAAAA&amp;_nc_gid=hMGBPjYDzNju-asFBoWEHA&amp;oh=00_AfTSzqgm1bwcyCfQWz7XZ0FKq9iNTfJhWU-l8ZQLBQS2cw&amp;oe=68881828\" \/><\/div>\n<\/div>\n<\/div>\n<\/div>\n<\/div>\n<\/div>\n","protected":false},"excerpt":{"rendered":"<p>Pri\u0161tina, 24. jul 2025. Vr\u0161ilac du\u017enosti ministra odbrane, Ejup Makedond\u017ei, sastao se u \u010detvrtak sa \u0161efom Sekretarijata odbrambene industrije Turske, Halukom Gergunom. Razgovarali su o<\/p>\n","protected":false},"author":1,"featured_media":5062,"comment_status":"open","ping_status":"open","sticky":false,"template":"","format":"standard","meta":{"footnotes":""},"categories":[30],"tags":[],"class_list":["post-5064","post","type-post","status-publish","format-standard","has-post-thumbnail","hentry","category-drustvo"],"yoast_head":"<!-- This site is optimized with the Yoast SEO plugin v25.3.1 - https:\/\/yoast.com\/wordpress\/plugins\/seo\/ -->\n<title>Modernizacija KBS u fokusu razgovora izme\u0111u Makedonije i Gerguna -<\/title>\n<meta name=\"robots\" content=\"index, follow, max-snippet:-1, max-image-preview:large, max-video-preview:-1\" \/>\n<link rel=\"canonical\" href=\"https:\/\/veritasinfo.org\/?p=5064&lang=sr\" \/>\n<meta property=\"og:locale\" content=\"en_US\" \/>\n<meta property=\"og:type\" content=\"article\" \/>\n<meta property=\"og:title\" content=\"Modernizacija KBS u fokusu razgovora izme\u0111u Makedonije i Gerguna -\" \/>\n<meta property=\"og:description\" content=\"Pri\u0161tina, 24. jul 2025. Vr\u0161ilac du\u017enosti ministra odbrane, Ejup Makedond\u017ei, sastao se u \u010detvrtak sa \u0161efom Sekretarijata odbrambene industrije Turske, Halukom Gergunom. Razgovarali su o\" \/>\n<meta property=\"og:url\" content=\"https:\/\/veritasinfo.org\/?p=5064&amp;lang=sr\" \/>\n<meta property=\"article:published_time\" content=\"2025-07-24T14:34:13+00:00\" \/>\n<meta property=\"og:image\" content=\"https:\/\/veritasinfo.org\/wp-content\/uploads\/2025\/07\/IMG_1967.jpeg\" \/>\n\t<meta property=\"og:image:width\" content=\"1140\" \/>\n\t<meta property=\"og:image:height\" content=\"570\" \/>\n\t<meta property=\"og:image:type\" content=\"image\/jpeg\" \/>\n<meta name=\"author\" content=\"admin\" \/>\n<meta name=\"twitter:card\" content=\"summary_large_image\" \/>\n<meta name=\"twitter:label1\" content=\"Written by\" \/>\n\t<meta name=\"twitter:data1\" content=\"admin\" \/>\n\t<meta name=\"twitter:label2\" content=\"Est. reading time\" \/>\n\t<meta name=\"twitter:data2\" content=\"2 minutes\" \/>\n<script type=\"application\/ld+json\" class=\"yoast-schema-graph\">{\"@context\":\"https:\/\/schema.org\",\"@graph\":[{\"@type\":\"WebPage\",\"@id\":\"https:\/\/veritasinfo.org\/?p=5064&lang=sr\",\"url\":\"https:\/\/veritasinfo.org\/?p=5064&lang=sr\",\"name\":\"Modernizacija KBS u fokusu razgovora izme\u0111u Makedonije i Gerguna -\",\"isPartOf\":{\"@id\":\"https:\/\/veritasinfo.org\/#website\"},\"primaryImageOfPage\":{\"@id\":\"https:\/\/veritasinfo.org\/?p=5064&lang=sr#primaryimage\"},\"image\":{\"@id\":\"https:\/\/veritasinfo.org\/?p=5064&lang=sr#primaryimage\"},\"thumbnailUrl\":\"https:\/\/veritasinfo.org\/wp-content\/uploads\/2025\/07\/IMG_1967.jpeg\",\"datePublished\":\"2025-07-24T14:34:13+00:00\",\"author\":{\"@id\":\"https:\/\/veritasinfo.org\/#\/schema\/person\/7701f8c088bece422266b100a712374f\"},\"breadcrumb\":{\"@id\":\"https:\/\/veritasinfo.org\/?p=5064&lang=sr#breadcrumb\"},\"inLanguage\":\"en-US\",\"potentialAction\":[{\"@type\":\"ReadAction\",\"target\":[\"https:\/\/veritasinfo.org\/?p=5064&lang=sr\"]}]},{\"@type\":\"ImageObject\",\"inLanguage\":\"en-US\",\"@id\":\"https:\/\/veritasinfo.org\/?p=5064&lang=sr#primaryimage\",\"url\":\"https:\/\/veritasinfo.org\/wp-content\/uploads\/2025\/07\/IMG_1967.jpeg\",\"contentUrl\":\"https:\/\/veritasinfo.org\/wp-content\/uploads\/2025\/07\/IMG_1967.jpeg\",\"width\":1140,\"height\":570},{\"@type\":\"BreadcrumbList\",\"@id\":\"https:\/\/veritasinfo.org\/?p=5064&lang=sr#breadcrumb\",\"itemListElement\":[{\"@type\":\"ListItem\",\"position\":1,\"name\":\"Home\",\"item\":\"https:\/\/veritasinfo.org\/\"},{\"@type\":\"ListItem\",\"position\":2,\"name\":\"Modernizacija KBS u fokusu razgovora izme\u0111u Makedonije i Gerguna\"}]},{\"@type\":\"WebSite\",\"@id\":\"https:\/\/veritasinfo.org\/#website\",\"url\":\"https:\/\/veritasinfo.org\/\",\"name\":\"\",\"description\":\"\",\"potentialAction\":[{\"@type\":\"SearchAction\",\"target\":{\"@type\":\"EntryPoint\",\"urlTemplate\":\"https:\/\/veritasinfo.org\/?s={search_term_string}\"},\"query-input\":{\"@type\":\"PropertyValueSpecification\",\"valueRequired\":true,\"valueName\":\"search_term_string\"}}],\"inLanguage\":\"en-US\"},{\"@type\":\"Person\",\"@id\":\"https:\/\/veritasinfo.org\/#\/schema\/person\/7701f8c088bece422266b100a712374f\",\"name\":\"admin\",\"image\":{\"@type\":\"ImageObject\",\"inLanguage\":\"en-US\",\"@id\":\"https:\/\/veritasinfo.org\/#\/schema\/person\/image\/\",\"url\":\"https:\/\/secure.gravatar.com\/avatar\/ea53aa3bf6c9a12d5fde8ce4deff43fef3885ae33cf60184161a50d6987cfd2f?s=96&d=mm&r=g\",\"contentUrl\":\"https:\/\/secure.gravatar.com\/avatar\/ea53aa3bf6c9a12d5fde8ce4deff43fef3885ae33cf60184161a50d6987cfd2f?s=96&d=mm&r=g\",\"caption\":\"admin\"},\"sameAs\":[\"https:\/\/veritasinfo.org\"],\"url\":\"https:\/\/veritasinfo.org\/?author=1\"}]}<\/script>\n<!-- \/ Yoast SEO plugin. -->","yoast_head_json":{"title":"Modernizacija KBS u fokusu razgovora izme\u0111u Makedonije i Gerguna -","robots":{"index":"index","follow":"follow","max-snippet":"max-snippet:-1","max-image-preview":"max-image-preview:large","max-video-preview":"max-video-preview:-1"},"canonical":"https:\/\/veritasinfo.org\/?p=5064&lang=sr","og_locale":"en_US","og_type":"article","og_title":"Modernizacija KBS u fokusu razgovora izme\u0111u Makedonije i Gerguna -","og_description":"Pri\u0161tina, 24. jul 2025. Vr\u0161ilac du\u017enosti ministra odbrane, Ejup Makedond\u017ei, sastao se u \u010detvrtak sa \u0161efom Sekretarijata odbrambene industrije Turske, Halukom Gergunom. Razgovarali su o","og_url":"https:\/\/veritasinfo.org\/?p=5064&lang=sr","article_published_time":"2025-07-24T14:34:13+00:00","og_image":[{"width":1140,"height":570,"url":"https:\/\/veritasinfo.org\/wp-content\/uploads\/2025\/07\/IMG_1967.jpeg","type":"image\/jpeg"}],"author":"admin","twitter_card":"summary_large_image","twitter_misc":{"Written by":"admin","Est. reading time":"2 minutes"},"schema":{"@context":"https:\/\/schema.org","@graph":[{"@type":"WebPage","@id":"https:\/\/veritasinfo.org\/?p=5064&lang=sr","url":"https:\/\/veritasinfo.org\/?p=5064&lang=sr","name":"Modernizacija KBS u fokusu razgovora izme\u0111u Makedonije i Gerguna -","isPartOf":{"@id":"https:\/\/veritasinfo.org\/#website"},"primaryImageOfPage":{"@id":"https:\/\/veritasinfo.org\/?p=5064&lang=sr#primaryimage"},"image":{"@id":"https:\/\/veritasinfo.org\/?p=5064&lang=sr#primaryimage"},"thumbnailUrl":"https:\/\/veritasinfo.org\/wp-content\/uploads\/2025\/07\/IMG_1967.jpeg","datePublished":"2025-07-24T14:34:13+00:00","author":{"@id":"https:\/\/veritasinfo.org\/#\/schema\/person\/7701f8c088bece422266b100a712374f"},"breadcrumb":{"@id":"https:\/\/veritasinfo.org\/?p=5064&lang=sr#breadcrumb"},"inLanguage":"en-US","potentialAction":[{"@type":"ReadAction","target":["https:\/\/veritasinfo.org\/?p=5064&lang=sr"]}]},{"@type":"ImageObject","inLanguage":"en-US","@id":"https:\/\/veritasinfo.org\/?p=5064&lang=sr#primaryimage","url":"https:\/\/veritasinfo.org\/wp-content\/uploads\/2025\/07\/IMG_1967.jpeg","contentUrl":"https:\/\/veritasinfo.org\/wp-content\/uploads\/2025\/07\/IMG_1967.jpeg","width":1140,"height":570},{"@type":"BreadcrumbList","@id":"https:\/\/veritasinfo.org\/?p=5064&lang=sr#breadcrumb","itemListElement":[{"@type":"ListItem","position":1,"name":"Home","item":"https:\/\/veritasinfo.org\/"},{"@type":"ListItem","position":2,"name":"Modernizacija KBS u fokusu razgovora izme\u0111u Makedonije i Gerguna"}]},{"@type":"WebSite","@id":"https:\/\/veritasinfo.org\/#website","url":"https:\/\/veritasinfo.org\/","name":"","description":"","potentialAction":[{"@type":"SearchAction","target":{"@type":"EntryPoint","urlTemplate":"https:\/\/veritasinfo.org\/?s={search_term_string}"},"query-input":{"@type":"PropertyValueSpecification","valueRequired":true,"valueName":"search_term_string"}}],"inLanguage":"en-US"},{"@type":"Person","@id":"https:\/\/veritasinfo.org\/#\/schema\/person\/7701f8c088bece422266b100a712374f","name":"admin","image":{"@type":"ImageObject","inLanguage":"en-US","@id":"https:\/\/veritasinfo.org\/#\/schema\/person\/image\/","url":"https:\/\/secure.gravatar.com\/avatar\/ea53aa3bf6c9a12d5fde8ce4deff43fef3885ae33cf60184161a50d6987cfd2f?s=96&d=mm&r=g","contentUrl":"https:\/\/secure.gravatar.com\/avatar\/ea53aa3bf6c9a12d5fde8ce4deff43fef3885ae33cf60184161a50d6987cfd2f?s=96&d=mm&r=g","caption":"admin"},"sameAs":["https:\/\/veritasinfo.org"],"url":"https:\/\/veritasinfo.org\/?author=1"}]}},"featured_image_urls":{"full":["https:\/\/veritasinfo.org\/wp-content\/uploads\/2025\/07\/IMG_1967.jpeg",1140,570,false],"thumbnail":["https:\/\/veritasinfo.org\/wp-content\/uploads\/2025\/07\/IMG_1967-150x150.jpeg",150,150,true],"medium":["https:\/\/veritasinfo.org\/wp-content\/uploads\/2025\/07\/IMG_1967-300x150.jpeg",300,150,true],"medium_large":["https:\/\/veritasinfo.org\/wp-content\/uploads\/2025\/07\/IMG_1967-768x384.jpeg",640,320,true],"large":["https:\/\/veritasinfo.org\/wp-content\/uploads\/2025\/07\/IMG_1967-1024x512.jpeg",640,320,true],"1536x1536":["https:\/\/veritasinfo.org\/wp-content\/uploads\/2025\/07\/IMG_1967.jpeg",1140,570,false],"2048x2048":["https:\/\/veritasinfo.org\/wp-content\/uploads\/2025\/07\/IMG_1967.jpeg",1140,570,false],"kreeti-slider-full":["https:\/\/veritasinfo.org\/wp-content\/uploads\/2025\/07\/IMG_1967.jpeg",1140,570,false],"kreeti-featured":["https:\/\/veritasinfo.org\/wp-content\/uploads\/2025\/07\/IMG_1967.jpeg",1024,512,false],"kreeti-medium":["https:\/\/veritasinfo.org\/wp-content\/uploads\/2025\/07\/IMG_1967.jpeg",720,360,false],"kreeti-medium-square":["https:\/\/veritasinfo.org\/wp-content\/uploads\/2025\/07\/IMG_1967.jpeg",350,175,false]},"author_info":{"info":["admin"]},"category_info":"<a href=\"https:\/\/veritasinfo.org\/?cat=30&#038;lang=sr\" rel=\"category\">Dru\u0161tvo<\/a>","tag_info":"Dru\u0161tvo","comment_count":"0","_links":{"self":[{"href":"https:\/\/veritasinfo.org\/index.php?rest_route=\/wp\/v2\/posts\/5064","targetHints":{"allow":["GET"]}}],"collection":[{"href":"https:\/\/veritasinfo.org\/index.php?rest_route=\/wp\/v2\/posts"}],"about":[{"href":"https:\/\/veritasinfo.org\/index.php?rest_route=\/wp\/v2\/types\/post"}],"author":[{"embeddable":true,"href":"https:\/\/veritasinfo.org\/index.php?rest_route=\/wp\/v2\/users\/1"}],"replies":[{"embeddable":true,"href":"https:\/\/veritasinfo.org\/index.php?rest_route=%2Fwp%2Fv2%2Fcomments&post=5064"}],"version-history":[{"count":1,"href":"https:\/\/veritasinfo.org\/index.php?rest_route=\/wp\/v2\/posts\/5064\/revisions"}],"predecessor-version":[{"id":5065,"href":"https:\/\/veritasinfo.org\/index.php?rest_route=\/wp\/v2\/posts\/5064\/revisions\/5065"}],"wp:featuredmedia":[{"embeddable":true,"href":"https:\/\/veritasinfo.org\/index.php?rest_route=\/wp\/v2\/media\/5062"}],"wp:attachment":[{"href":"https:\/\/veritasinfo.org\/index.php?rest_route=%2Fwp%2Fv2%2Fmedia&parent=5064"}],"wp:term":[{"taxonomy":"category","embeddable":true,"href":"https:\/\/veritasinfo.org\/index.php?rest_route=%2Fwp%2Fv2%2Fcategories&post=5064"},{"taxonomy":"post_tag","embeddable":true,"href":"https:\/\/veritasinfo.org\/index.php?rest_route=%2Fwp%2Fv2%2Ftags&post=5064"}],"curies":[{"name":"wp","href":"https:\/\/api.w.org\/{rel}","templated":true}]}}