{"id":5033,"date":"2025-07-24T14:28:02","date_gmt":"2025-07-24T12:28:02","guid":{"rendered":"https:\/\/veritasinfo.org\/?p=5033"},"modified":"2025-07-24T14:29:30","modified_gmt":"2025-07-24T12:29:30","slug":"be-ja-dhe-shba-ja-afer-marreveshjes-tregtare-qe-garanton-uljen-e-tarifave","status":"publish","type":"post","link":"https:\/\/veritasinfo.org\/?p=5033","title":{"rendered":"BE-ja dhe SHBA-ja af\u00ebr marr\u00ebveshjes tregtare q\u00eb garanton uljen e tarifave"},"content":{"rendered":"<p>Bruksel 24 Korrik 2025<\/p>\n<p>Sipas raportimit t\u00eb gazet\u00ebs britanike, \u201cThe Guardian\u201d, Bashkimi Evropian (BE) dhe Shtetet e Bashkuara t\u00eb Amerik\u00ebs (SHBA) jan\u00eb af\u00ebr arritjes s\u00eb marr\u00ebveshjes tregtare q\u00eb parasheh ulje t\u00eb tarifave n\u00eb 15 p\u00ebr qind p\u00ebr mallrat e bllokut evropian.<\/p>\n<p>Norma tarifore, e cila \u00ebsht\u00eb e ngjashme me at\u00eb t\u00eb marr\u00ebveshjes tregtare nd\u00ebrmjet SHBA-s\u00eb dhe Japonis\u00eb, do t\u00eb aplikohet n\u00eb shumic\u00ebn e mallrave, p\u00ebrve\u00e7 n\u00eb disa produkte si aeroplan\u00ebt dhe pajisjet mjek\u00ebsore, bazuar n\u00eb burimet diplomatike t\u00eb af\u00ebrta me procesin.<\/p>\n<p>Vendet an\u00ebtare jan\u00eb p\u00ebrdit\u00ebsuar me zhvillimet e fundit nga Komisioni Evropian t\u00eb m\u00ebrkur\u00ebn pasdite.<\/p>\n<p>P\u00ebr t\u00eb arritur nj\u00eb marr\u00ebveshje sa m\u00eb t\u00eb leverdisshme, BE-ja ka ofruar gjithashtu t\u00eb ul\u00eb tarif\u00ebn e saj t\u00eb \u201cshtetit m\u00eb t\u00eb favorizuar\u201d \u2013 aktualisht me mesatare prej 4.8 p\u00ebr qind \u2013 n\u00eb zero p\u00ebr disa produkte amerikane, si pjes\u00eb e marr\u00ebveshjes.<\/p>\n<p>Vendimi p\u00ebrfundimtar mbetet n\u00eb duart e presidentit amerikan, Donald Trump, mir\u00ebpo n\u00ebse miratohet, kjo n\u00ebnkupton q\u00eb BE-ja do t\u00eb pranoj\u00eb marr\u00ebveshje m\u00eb t\u00eb keqe sesa Britania e Madhe, e cila ka r\u00ebn\u00eb dakord p\u00ebr nj\u00eb tarif\u00eb baz\u00eb prej 10%.<\/p>\n<p>Kjo do t\u00eb ishte gjithashtu e v\u00ebshtir\u00eb p\u00ebr industrin\u00eb gjermane t\u00eb makinave, tarifat e s\u00eb cil\u00ebs do t\u00eb uleshin nga 27.5%, por q\u00eb s\u00ebrish do t\u00eb ishin pes\u00ebfish m\u00eb t\u00eb larta se detyrimi i m\u00ebparsh\u00ebm doganor prej 2.75%, para rikthimit t\u00eb Trumpit n\u00eb Sht\u00ebpin\u00eb e Bardh\u00eb.<\/p>\n<p>E z\u00ebdh\u00ebn\u00ebsi i Komisionit Evropian, Olof Gill, ka th\u00ebn\u00eb t\u00eb enjten se \u201cBE-ja vazhdon t\u00eb angazhohet intensivisht me SHBA-n\u00eb n\u00eb nivele teknike dhe politike, dhe kjo \u00ebsht\u00eb gjith\u00e7ka q\u00eb mund t\u00eb them p\u00ebr momentin\u201d.<\/p>\n<p>Ai ka shtuar gjithashtu se \u201csa i p\u00ebrket marr\u00ebveshjes, besojm\u00eb se nj\u00eb rezultat i till\u00eb \u00ebsht\u00eb i arritsh\u00ebm, dhe po punojm\u00eb me t\u00eb gjitha forcat p\u00ebr ta realizuar at\u00eb p\u00ebr qytetar\u00ebt e BE-s\u00eb, p\u00ebr kompanit\u00eb dhe p\u00ebr konsumator\u00ebt\u201d.<\/p>\n<p>Gill s\u2019ka pranuar t\u00eb ofroj\u00eb detaje t\u00eb tjera mbi p\u00ebrmbajtjen e mundshme t\u00eb marr\u00ebveshjes tregtare.<\/p>\n<p>&nbsp;<\/p>\n","protected":false},"excerpt":{"rendered":"<p>Bruksel 24 Korrik 2025 Sipas raportimit t\u00eb gazet\u00ebs britanike, \u201cThe Guardian\u201d, Bashkimi Evropian (BE) dhe Shtetet e Bashkuara t\u00eb Amerik\u00ebs (SHBA) jan\u00eb af\u00ebr arritjes s\u00eb<\/p>\n","protected":false},"author":1,"featured_media":5034,"comment_status":"open","ping_status":"open","sticky":false,"template":"","format":"standard","meta":{"footnotes":""},"categories":[72],"tags":[],"class_list":["post-5033","post","type-post","status-publish","format-standard","has-post-thumbnail","hentry","category-bota"],"yoast_head":"<!-- This site is optimized with the Yoast SEO plugin v25.3.1 - https:\/\/yoast.com\/wordpress\/plugins\/seo\/ -->\n<title>BE-ja dhe SHBA-ja af\u00ebr marr\u00ebveshjes tregtare q\u00eb garanton uljen e tarifave -<\/title>\n<meta name=\"robots\" content=\"index, follow, max-snippet:-1, max-image-preview:large, max-video-preview:-1\" \/>\n<link rel=\"canonical\" href=\"https:\/\/veritasinfo.org\/?p=5033\" \/>\n<meta property=\"og:locale\" content=\"en_US\" \/>\n<meta property=\"og:type\" content=\"article\" \/>\n<meta property=\"og:title\" content=\"BE-ja dhe SHBA-ja af\u00ebr marr\u00ebveshjes tregtare q\u00eb garanton uljen e tarifave -\" \/>\n<meta property=\"og:description\" content=\"Bruksel 24 Korrik 2025 Sipas raportimit t\u00eb gazet\u00ebs britanike, \u201cThe Guardian\u201d, Bashkimi Evropian (BE) dhe Shtetet e Bashkuara t\u00eb Amerik\u00ebs (SHBA) jan\u00eb af\u00ebr arritjes s\u00eb\" \/>\n<meta property=\"og:url\" content=\"https:\/\/veritasinfo.org\/?p=5033\" \/>\n<meta property=\"article:published_time\" content=\"2025-07-24T12:28:02+00:00\" \/>\n<meta property=\"article:modified_time\" content=\"2025-07-24T12:29:30+00:00\" \/>\n<meta property=\"og:image\" content=\"https:\/\/veritasinfo.org\/wp-content\/uploads\/2025\/07\/IMG_2279.webp\" \/>\n\t<meta property=\"og:image:width\" content=\"1360\" \/>\n\t<meta property=\"og:image:height\" content=\"768\" \/>\n\t<meta property=\"og:image:type\" content=\"image\/webp\" \/>\n<meta name=\"author\" content=\"admin\" \/>\n<meta name=\"twitter:card\" content=\"summary_large_image\" \/>\n<meta name=\"twitter:label1\" content=\"Written by\" \/>\n\t<meta name=\"twitter:data1\" content=\"admin\" \/>\n\t<meta name=\"twitter:label2\" content=\"Est. reading time\" \/>\n\t<meta name=\"twitter:data2\" content=\"2 minutes\" \/>\n<script type=\"application\/ld+json\" class=\"yoast-schema-graph\">{\"@context\":\"https:\/\/schema.org\",\"@graph\":[{\"@type\":\"WebPage\",\"@id\":\"https:\/\/veritasinfo.org\/?p=5033\",\"url\":\"https:\/\/veritasinfo.org\/?p=5033\",\"name\":\"BE-ja dhe SHBA-ja af\u00ebr marr\u00ebveshjes tregtare q\u00eb garanton uljen e tarifave -\",\"isPartOf\":{\"@id\":\"https:\/\/veritasinfo.org\/#website\"},\"primaryImageOfPage\":{\"@id\":\"https:\/\/veritasinfo.org\/?p=5033#primaryimage\"},\"image\":{\"@id\":\"https:\/\/veritasinfo.org\/?p=5033#primaryimage\"},\"thumbnailUrl\":\"https:\/\/veritasinfo.org\/wp-content\/uploads\/2025\/07\/IMG_2279.webp\",\"datePublished\":\"2025-07-24T12:28:02+00:00\",\"dateModified\":\"2025-07-24T12:29:30+00:00\",\"author\":{\"@id\":\"https:\/\/veritasinfo.org\/#\/schema\/person\/7701f8c088bece422266b100a712374f\"},\"breadcrumb\":{\"@id\":\"https:\/\/veritasinfo.org\/?p=5033#breadcrumb\"},\"inLanguage\":\"en-US\",\"potentialAction\":[{\"@type\":\"ReadAction\",\"target\":[\"https:\/\/veritasinfo.org\/?p=5033\"]}]},{\"@type\":\"ImageObject\",\"inLanguage\":\"en-US\",\"@id\":\"https:\/\/veritasinfo.org\/?p=5033#primaryimage\",\"url\":\"https:\/\/veritasinfo.org\/wp-content\/uploads\/2025\/07\/IMG_2279.webp\",\"contentUrl\":\"https:\/\/veritasinfo.org\/wp-content\/uploads\/2025\/07\/IMG_2279.webp\",\"width\":1360,\"height\":768},{\"@type\":\"BreadcrumbList\",\"@id\":\"https:\/\/veritasinfo.org\/?p=5033#breadcrumb\",\"itemListElement\":[{\"@type\":\"ListItem\",\"position\":1,\"name\":\"Home\",\"item\":\"https:\/\/veritasinfo.org\/\"},{\"@type\":\"ListItem\",\"position\":2,\"name\":\"BE-ja dhe SHBA-ja af\u00ebr marr\u00ebveshjes tregtare q\u00eb garanton uljen e tarifave\"}]},{\"@type\":\"WebSite\",\"@id\":\"https:\/\/veritasinfo.org\/#website\",\"url\":\"https:\/\/veritasinfo.org\/\",\"name\":\"\",\"description\":\"\",\"potentialAction\":[{\"@type\":\"SearchAction\",\"target\":{\"@type\":\"EntryPoint\",\"urlTemplate\":\"https:\/\/veritasinfo.org\/?s={search_term_string}\"},\"query-input\":{\"@type\":\"PropertyValueSpecification\",\"valueRequired\":true,\"valueName\":\"search_term_string\"}}],\"inLanguage\":\"en-US\"},{\"@type\":\"Person\",\"@id\":\"https:\/\/veritasinfo.org\/#\/schema\/person\/7701f8c088bece422266b100a712374f\",\"name\":\"admin\",\"image\":{\"@type\":\"ImageObject\",\"inLanguage\":\"en-US\",\"@id\":\"https:\/\/veritasinfo.org\/#\/schema\/person\/image\/\",\"url\":\"https:\/\/secure.gravatar.com\/avatar\/ea53aa3bf6c9a12d5fde8ce4deff43fef3885ae33cf60184161a50d6987cfd2f?s=96&d=mm&r=g\",\"contentUrl\":\"https:\/\/secure.gravatar.com\/avatar\/ea53aa3bf6c9a12d5fde8ce4deff43fef3885ae33cf60184161a50d6987cfd2f?s=96&d=mm&r=g\",\"caption\":\"admin\"},\"sameAs\":[\"https:\/\/veritasinfo.org\"],\"url\":\"https:\/\/veritasinfo.org\/?author=1\"}]}<\/script>\n<!-- \/ Yoast SEO plugin. -->","yoast_head_json":{"title":"BE-ja dhe SHBA-ja af\u00ebr marr\u00ebveshjes tregtare q\u00eb garanton uljen e tarifave -","robots":{"index":"index","follow":"follow","max-snippet":"max-snippet:-1","max-image-preview":"max-image-preview:large","max-video-preview":"max-video-preview:-1"},"canonical":"https:\/\/veritasinfo.org\/?p=5033","og_locale":"en_US","og_type":"article","og_title":"BE-ja dhe SHBA-ja af\u00ebr marr\u00ebveshjes tregtare q\u00eb garanton uljen e tarifave -","og_description":"Bruksel 24 Korrik 2025 Sipas raportimit t\u00eb gazet\u00ebs britanike, \u201cThe Guardian\u201d, Bashkimi Evropian (BE) dhe Shtetet e Bashkuara t\u00eb Amerik\u00ebs (SHBA) jan\u00eb af\u00ebr arritjes s\u00eb","og_url":"https:\/\/veritasinfo.org\/?p=5033","article_published_time":"2025-07-24T12:28:02+00:00","article_modified_time":"2025-07-24T12:29:30+00:00","og_image":[{"width":1360,"height":768,"url":"https:\/\/veritasinfo.org\/wp-content\/uploads\/2025\/07\/IMG_2279.webp","type":"image\/webp"}],"author":"admin","twitter_card":"summary_large_image","twitter_misc":{"Written by":"admin","Est. reading time":"2 minutes"},"schema":{"@context":"https:\/\/schema.org","@graph":[{"@type":"WebPage","@id":"https:\/\/veritasinfo.org\/?p=5033","url":"https:\/\/veritasinfo.org\/?p=5033","name":"BE-ja dhe SHBA-ja af\u00ebr marr\u00ebveshjes tregtare q\u00eb garanton uljen e tarifave -","isPartOf":{"@id":"https:\/\/veritasinfo.org\/#website"},"primaryImageOfPage":{"@id":"https:\/\/veritasinfo.org\/?p=5033#primaryimage"},"image":{"@id":"https:\/\/veritasinfo.org\/?p=5033#primaryimage"},"thumbnailUrl":"https:\/\/veritasinfo.org\/wp-content\/uploads\/2025\/07\/IMG_2279.webp","datePublished":"2025-07-24T12:28:02+00:00","dateModified":"2025-07-24T12:29:30+00:00","author":{"@id":"https:\/\/veritasinfo.org\/#\/schema\/person\/7701f8c088bece422266b100a712374f"},"breadcrumb":{"@id":"https:\/\/veritasinfo.org\/?p=5033#breadcrumb"},"inLanguage":"en-US","potentialAction":[{"@type":"ReadAction","target":["https:\/\/veritasinfo.org\/?p=5033"]}]},{"@type":"ImageObject","inLanguage":"en-US","@id":"https:\/\/veritasinfo.org\/?p=5033#primaryimage","url":"https:\/\/veritasinfo.org\/wp-content\/uploads\/2025\/07\/IMG_2279.webp","contentUrl":"https:\/\/veritasinfo.org\/wp-content\/uploads\/2025\/07\/IMG_2279.webp","width":1360,"height":768},{"@type":"BreadcrumbList","@id":"https:\/\/veritasinfo.org\/?p=5033#breadcrumb","itemListElement":[{"@type":"ListItem","position":1,"name":"Home","item":"https:\/\/veritasinfo.org\/"},{"@type":"ListItem","position":2,"name":"BE-ja dhe SHBA-ja af\u00ebr marr\u00ebveshjes tregtare q\u00eb garanton uljen e tarifave"}]},{"@type":"WebSite","@id":"https:\/\/veritasinfo.org\/#website","url":"https:\/\/veritasinfo.org\/","name":"","description":"","potentialAction":[{"@type":"SearchAction","target":{"@type":"EntryPoint","urlTemplate":"https:\/\/veritasinfo.org\/?s={search_term_string}"},"query-input":{"@type":"PropertyValueSpecification","valueRequired":true,"valueName":"search_term_string"}}],"inLanguage":"en-US"},{"@type":"Person","@id":"https:\/\/veritasinfo.org\/#\/schema\/person\/7701f8c088bece422266b100a712374f","name":"admin","image":{"@type":"ImageObject","inLanguage":"en-US","@id":"https:\/\/veritasinfo.org\/#\/schema\/person\/image\/","url":"https:\/\/secure.gravatar.com\/avatar\/ea53aa3bf6c9a12d5fde8ce4deff43fef3885ae33cf60184161a50d6987cfd2f?s=96&d=mm&r=g","contentUrl":"https:\/\/secure.gravatar.com\/avatar\/ea53aa3bf6c9a12d5fde8ce4deff43fef3885ae33cf60184161a50d6987cfd2f?s=96&d=mm&r=g","caption":"admin"},"sameAs":["https:\/\/veritasinfo.org"],"url":"https:\/\/veritasinfo.org\/?author=1"}]}},"featured_image_urls":{"full":["https:\/\/veritasinfo.org\/wp-content\/uploads\/2025\/07\/IMG_2279.webp",1360,768,false],"thumbnail":["https:\/\/veritasinfo.org\/wp-content\/uploads\/2025\/07\/IMG_2279-150x150.webp",150,150,true],"medium":["https:\/\/veritasinfo.org\/wp-content\/uploads\/2025\/07\/IMG_2279-300x169.webp",300,169,true],"medium_large":["https:\/\/veritasinfo.org\/wp-content\/uploads\/2025\/07\/IMG_2279-768x434.webp",640,362,true],"large":["https:\/\/veritasinfo.org\/wp-content\/uploads\/2025\/07\/IMG_2279-1024x578.webp",640,361,true],"1536x1536":["https:\/\/veritasinfo.org\/wp-content\/uploads\/2025\/07\/IMG_2279.webp",1360,768,false],"2048x2048":["https:\/\/veritasinfo.org\/wp-content\/uploads\/2025\/07\/IMG_2279.webp",1360,768,false],"kreeti-slider-full":["https:\/\/veritasinfo.org\/wp-content\/uploads\/2025\/07\/IMG_2279.webp",1275,720,false],"kreeti-featured":["https:\/\/veritasinfo.org\/wp-content\/uploads\/2025\/07\/IMG_2279.webp",1024,578,false],"kreeti-medium":["https:\/\/veritasinfo.org\/wp-content\/uploads\/2025\/07\/IMG_2279.webp",720,407,false],"kreeti-medium-square":["https:\/\/veritasinfo.org\/wp-content\/uploads\/2025\/07\/IMG_2279.webp",350,198,false]},"author_info":{"info":["admin"]},"category_info":"<a href=\"https:\/\/veritasinfo.org\/?cat=72\" rel=\"category\">Bota<\/a>","tag_info":"Bota","comment_count":"0","_links":{"self":[{"href":"https:\/\/veritasinfo.org\/index.php?rest_route=\/wp\/v2\/posts\/5033","targetHints":{"allow":["GET"]}}],"collection":[{"href":"https:\/\/veritasinfo.org\/index.php?rest_route=\/wp\/v2\/posts"}],"about":[{"href":"https:\/\/veritasinfo.org\/index.php?rest_route=\/wp\/v2\/types\/post"}],"author":[{"embeddable":true,"href":"https:\/\/veritasinfo.org\/index.php?rest_route=\/wp\/v2\/users\/1"}],"replies":[{"embeddable":true,"href":"https:\/\/veritasinfo.org\/index.php?rest_route=%2Fwp%2Fv2%2Fcomments&post=5033"}],"version-history":[{"count":3,"href":"https:\/\/veritasinfo.org\/index.php?rest_route=\/wp\/v2\/posts\/5033\/revisions"}],"predecessor-version":[{"id":5037,"href":"https:\/\/veritasinfo.org\/index.php?rest_route=\/wp\/v2\/posts\/5033\/revisions\/5037"}],"wp:featuredmedia":[{"embeddable":true,"href":"https:\/\/veritasinfo.org\/index.php?rest_route=\/wp\/v2\/media\/5034"}],"wp:attachment":[{"href":"https:\/\/veritasinfo.org\/index.php?rest_route=%2Fwp%2Fv2%2Fmedia&parent=5033"}],"wp:term":[{"taxonomy":"category","embeddable":true,"href":"https:\/\/veritasinfo.org\/index.php?rest_route=%2Fwp%2Fv2%2Fcategories&post=5033"},{"taxonomy":"post_tag","embeddable":true,"href":"https:\/\/veritasinfo.org\/index.php?rest_route=%2Fwp%2Fv2%2Ftags&post=5033"}],"curies":[{"name":"wp","href":"https:\/\/api.w.org\/{rel}","templated":true}]}}