{"id":5027,"date":"2025-07-24T13:48:41","date_gmt":"2025-07-24T11:48:41","guid":{"rendered":"https:\/\/veritasinfo.org\/?p=5027"},"modified":"2025-07-24T13:48:41","modified_gmt":"2025-07-24T11:48:41","slug":"costa-siguron-kamberin-be-ja-po-ndjek-nga-afer-trajtimin-e-shqiptareve-ne-serbi","status":"publish","type":"post","link":"https:\/\/veritasinfo.org\/?p=5027","title":{"rendered":"Costa siguron Kamberin: BE-ja po ndjek nga af\u00ebr trajtimin e shqiptar\u00ebve n\u00eb Serbi"},"content":{"rendered":"<p>Bruksel, 24 Korrik 2025<\/p>\n<p><strong>Presidenti i K\u00ebshillit Evropian, Antonio Costa, n\u00eb nj\u00eb let\u00ebr d\u00ebrguar m\u00eb 18 korrik deputetit t\u00eb vet\u00ebm shqiptar n\u00eb Parlamentin e Serbis\u00eb, Shaip Kamberi, ka b\u00ebr\u00eb t\u00eb ditur se Bashkimi Evropian po ndjek nga af\u00ebr trajtimin e pakicave komb\u00ebtare nga autoritetet serbe, posa\u00e7\u00ebrisht komunitetin shqiptar n\u00eb Lugin\u00ebn e Preshev\u00ebs.<\/strong><\/p>\n<p>Costa ka theksuar se \u201ct\u00eb drejtat e pakicave komb\u00ebtare do t\u00eb jen\u00eb pjes\u00eb e r\u00ebnd\u00ebsishme e angazhimeve q\u00eb Serbia duhet t\u00eb p\u00ebrmbush\u00eb n\u00eb kuad\u00ebr t\u00eb procesit t\u00eb saj t\u00eb an\u00ebtar\u00ebsimit n\u00eb BE\u201d.<\/p>\n<p>Ai ka shtuar se \u201cnga Serbia k\u00ebrkohet t\u00eb harmonizoj\u00eb korniz\u00ebn e saj ligjore p\u00ebr t\u00eb drejtat e pakicave me standardet nd\u00ebrkomb\u00ebtare dhe ato evropiane\u201d.<\/p>\n<p>Postimi i plot\u00eb:<\/p>\n<p><em>Edhe nj\u00eb hap drejt\u00eb internacionalizimit t\u00eb \u00e7\u00ebshtjes s\u00eb shqiptar\u00ebve t\u00eb Lugin\u00ebs<\/em><\/p>\n<p><em>Presidenti i K\u00ebshillit t\u00eb Evrop\u00ebs, Antonio Costa, n\u00eb p\u00ebrgjigjen e tij ndaj letr\u00ebs s\u00eb d\u00ebrguar me 25 shkurt 2025, m\u00eb ka siguruar se BE-ja po ndjek me kujdes trajtimin e pakicave komb\u00ebtare, p\u00ebrfshir\u00eb edhe komunitetin shqiptar n\u00eb Serbi.<\/em><\/p>\n<p><em>Sipas presidentit Costa, pakicat do t\u00eb luajn\u00eb rol t\u00eb r\u00ebnd\u00ebsish\u00ebm n\u00eb kuad\u00ebr t\u00eb angazhimeve t\u00eb Serbis\u00eb n\u00eb procesin e an\u00ebtar\u00ebsimit n\u00eb BE. Nga Serbia pritet t\u00eb p\u00ebrafroj\u00eb kuadrin e saj ligjor p\u00ebr t\u00eb drejtat e pakicave me standardet nd\u00ebrkomb\u00ebtare dhe evropiane.<\/em><\/p>\n<p><em>K\u00ebshilli i Evrop\u00ebs \u00ebsht\u00eb i njoftuar hollsish\u00ebm me \u00e7\u00ebshtjen e pasivizimit t\u00eb adresave. Kjo \u00e7\u00ebshtje \u00ebsht\u00eb trajtuar edhe n\u00eb raportet e zgjerimit t\u00eb BE-s\u00eb.<\/em><\/p>\n<p><em>Angazhimi i jon\u00eb p\u00ebr avancimin e pozit\u00ebs s\u00eb pakicave do t\u00eb vazhdoj\u00eb \u2013 BE dhe integrimi i rajonit n\u00eb t\u00eb, mbeten aspiratat tona t\u00eb vetme politike!<\/em><\/p>\n<p>&nbsp;<\/p>\n<p>&nbsp;<\/p>\n","protected":false},"excerpt":{"rendered":"<p>Bruksel, 24 Korrik 2025 Presidenti i K\u00ebshillit Evropian, Antonio Costa, n\u00eb nj\u00eb let\u00ebr d\u00ebrguar m\u00eb 18 korrik deputetit t\u00eb vet\u00ebm shqiptar n\u00eb Parlamentin e Serbis\u00eb,<\/p>\n","protected":false},"author":1,"featured_media":5028,"comment_status":"open","ping_status":"open","sticky":false,"template":"","format":"standard","meta":{"footnotes":""},"categories":[58],"tags":[],"class_list":["post-5027","post","type-post","status-publish","format-standard","has-post-thumbnail","hentry","category-politike-sq"],"yoast_head":"<!-- This site is optimized with the Yoast SEO plugin v25.3.1 - https:\/\/yoast.com\/wordpress\/plugins\/seo\/ -->\n<title>Costa siguron Kamberin: BE-ja po ndjek nga af\u00ebr trajtimin e shqiptar\u00ebve n\u00eb Serbi -<\/title>\n<meta name=\"robots\" content=\"index, follow, max-snippet:-1, max-image-preview:large, max-video-preview:-1\" \/>\n<link rel=\"canonical\" href=\"https:\/\/veritasinfo.org\/?p=5027\" \/>\n<meta property=\"og:locale\" content=\"en_US\" \/>\n<meta property=\"og:type\" content=\"article\" \/>\n<meta property=\"og:title\" content=\"Costa siguron Kamberin: BE-ja po ndjek nga af\u00ebr trajtimin e shqiptar\u00ebve n\u00eb Serbi -\" \/>\n<meta property=\"og:description\" content=\"Bruksel, 24 Korrik 2025 Presidenti i K\u00ebshillit Evropian, Antonio Costa, n\u00eb nj\u00eb let\u00ebr d\u00ebrguar m\u00eb 18 korrik deputetit t\u00eb vet\u00ebm shqiptar n\u00eb Parlamentin e Serbis\u00eb,\" \/>\n<meta property=\"og:url\" content=\"https:\/\/veritasinfo.org\/?p=5027\" \/>\n<meta property=\"article:published_time\" content=\"2025-07-24T11:48:41+00:00\" \/>\n<meta property=\"og:image\" content=\"https:\/\/veritasinfo.org\/wp-content\/uploads\/2025\/07\/IMG_2278.jpeg\" \/>\n\t<meta property=\"og:image:width\" content=\"1536\" \/>\n\t<meta property=\"og:image:height\" content=\"1024\" \/>\n\t<meta property=\"og:image:type\" content=\"image\/jpeg\" \/>\n<meta name=\"author\" content=\"admin\" \/>\n<meta name=\"twitter:card\" content=\"summary_large_image\" \/>\n<meta name=\"twitter:label1\" content=\"Written by\" \/>\n\t<meta name=\"twitter:data1\" content=\"admin\" \/>\n\t<meta name=\"twitter:label2\" content=\"Est. reading time\" \/>\n\t<meta name=\"twitter:data2\" content=\"2 minutes\" \/>\n<script type=\"application\/ld+json\" class=\"yoast-schema-graph\">{\"@context\":\"https:\/\/schema.org\",\"@graph\":[{\"@type\":\"WebPage\",\"@id\":\"https:\/\/veritasinfo.org\/?p=5027\",\"url\":\"https:\/\/veritasinfo.org\/?p=5027\",\"name\":\"Costa siguron Kamberin: BE-ja po ndjek nga af\u00ebr trajtimin e shqiptar\u00ebve n\u00eb Serbi -\",\"isPartOf\":{\"@id\":\"https:\/\/veritasinfo.org\/#website\"},\"primaryImageOfPage\":{\"@id\":\"https:\/\/veritasinfo.org\/?p=5027#primaryimage\"},\"image\":{\"@id\":\"https:\/\/veritasinfo.org\/?p=5027#primaryimage\"},\"thumbnailUrl\":\"https:\/\/veritasinfo.org\/wp-content\/uploads\/2025\/07\/IMG_2278.jpeg\",\"datePublished\":\"2025-07-24T11:48:41+00:00\",\"author\":{\"@id\":\"https:\/\/veritasinfo.org\/#\/schema\/person\/7701f8c088bece422266b100a712374f\"},\"breadcrumb\":{\"@id\":\"https:\/\/veritasinfo.org\/?p=5027#breadcrumb\"},\"inLanguage\":\"en-US\",\"potentialAction\":[{\"@type\":\"ReadAction\",\"target\":[\"https:\/\/veritasinfo.org\/?p=5027\"]}]},{\"@type\":\"ImageObject\",\"inLanguage\":\"en-US\",\"@id\":\"https:\/\/veritasinfo.org\/?p=5027#primaryimage\",\"url\":\"https:\/\/veritasinfo.org\/wp-content\/uploads\/2025\/07\/IMG_2278.jpeg\",\"contentUrl\":\"https:\/\/veritasinfo.org\/wp-content\/uploads\/2025\/07\/IMG_2278.jpeg\",\"width\":1536,\"height\":1024},{\"@type\":\"BreadcrumbList\",\"@id\":\"https:\/\/veritasinfo.org\/?p=5027#breadcrumb\",\"itemListElement\":[{\"@type\":\"ListItem\",\"position\":1,\"name\":\"Home\",\"item\":\"https:\/\/veritasinfo.org\/\"},{\"@type\":\"ListItem\",\"position\":2,\"name\":\"Costa siguron Kamberin: BE-ja po ndjek nga af\u00ebr trajtimin e shqiptar\u00ebve n\u00eb Serbi\"}]},{\"@type\":\"WebSite\",\"@id\":\"https:\/\/veritasinfo.org\/#website\",\"url\":\"https:\/\/veritasinfo.org\/\",\"name\":\"\",\"description\":\"\",\"potentialAction\":[{\"@type\":\"SearchAction\",\"target\":{\"@type\":\"EntryPoint\",\"urlTemplate\":\"https:\/\/veritasinfo.org\/?s={search_term_string}\"},\"query-input\":{\"@type\":\"PropertyValueSpecification\",\"valueRequired\":true,\"valueName\":\"search_term_string\"}}],\"inLanguage\":\"en-US\"},{\"@type\":\"Person\",\"@id\":\"https:\/\/veritasinfo.org\/#\/schema\/person\/7701f8c088bece422266b100a712374f\",\"name\":\"admin\",\"image\":{\"@type\":\"ImageObject\",\"inLanguage\":\"en-US\",\"@id\":\"https:\/\/veritasinfo.org\/#\/schema\/person\/image\/\",\"url\":\"https:\/\/secure.gravatar.com\/avatar\/ea53aa3bf6c9a12d5fde8ce4deff43fef3885ae33cf60184161a50d6987cfd2f?s=96&d=mm&r=g\",\"contentUrl\":\"https:\/\/secure.gravatar.com\/avatar\/ea53aa3bf6c9a12d5fde8ce4deff43fef3885ae33cf60184161a50d6987cfd2f?s=96&d=mm&r=g\",\"caption\":\"admin\"},\"sameAs\":[\"https:\/\/veritasinfo.org\"],\"url\":\"https:\/\/veritasinfo.org\/?author=1\"}]}<\/script>\n<!-- \/ Yoast SEO plugin. -->","yoast_head_json":{"title":"Costa siguron Kamberin: BE-ja po ndjek nga af\u00ebr trajtimin e shqiptar\u00ebve n\u00eb Serbi -","robots":{"index":"index","follow":"follow","max-snippet":"max-snippet:-1","max-image-preview":"max-image-preview:large","max-video-preview":"max-video-preview:-1"},"canonical":"https:\/\/veritasinfo.org\/?p=5027","og_locale":"en_US","og_type":"article","og_title":"Costa siguron Kamberin: BE-ja po ndjek nga af\u00ebr trajtimin e shqiptar\u00ebve n\u00eb Serbi -","og_description":"Bruksel, 24 Korrik 2025 Presidenti i K\u00ebshillit Evropian, Antonio Costa, n\u00eb nj\u00eb let\u00ebr d\u00ebrguar m\u00eb 18 korrik deputetit t\u00eb vet\u00ebm shqiptar n\u00eb Parlamentin e Serbis\u00eb,","og_url":"https:\/\/veritasinfo.org\/?p=5027","article_published_time":"2025-07-24T11:48:41+00:00","og_image":[{"width":1536,"height":1024,"url":"https:\/\/veritasinfo.org\/wp-content\/uploads\/2025\/07\/IMG_2278.jpeg","type":"image\/jpeg"}],"author":"admin","twitter_card":"summary_large_image","twitter_misc":{"Written by":"admin","Est. reading time":"2 minutes"},"schema":{"@context":"https:\/\/schema.org","@graph":[{"@type":"WebPage","@id":"https:\/\/veritasinfo.org\/?p=5027","url":"https:\/\/veritasinfo.org\/?p=5027","name":"Costa siguron Kamberin: BE-ja po ndjek nga af\u00ebr trajtimin e shqiptar\u00ebve n\u00eb Serbi -","isPartOf":{"@id":"https:\/\/veritasinfo.org\/#website"},"primaryImageOfPage":{"@id":"https:\/\/veritasinfo.org\/?p=5027#primaryimage"},"image":{"@id":"https:\/\/veritasinfo.org\/?p=5027#primaryimage"},"thumbnailUrl":"https:\/\/veritasinfo.org\/wp-content\/uploads\/2025\/07\/IMG_2278.jpeg","datePublished":"2025-07-24T11:48:41+00:00","author":{"@id":"https:\/\/veritasinfo.org\/#\/schema\/person\/7701f8c088bece422266b100a712374f"},"breadcrumb":{"@id":"https:\/\/veritasinfo.org\/?p=5027#breadcrumb"},"inLanguage":"en-US","potentialAction":[{"@type":"ReadAction","target":["https:\/\/veritasinfo.org\/?p=5027"]}]},{"@type":"ImageObject","inLanguage":"en-US","@id":"https:\/\/veritasinfo.org\/?p=5027#primaryimage","url":"https:\/\/veritasinfo.org\/wp-content\/uploads\/2025\/07\/IMG_2278.jpeg","contentUrl":"https:\/\/veritasinfo.org\/wp-content\/uploads\/2025\/07\/IMG_2278.jpeg","width":1536,"height":1024},{"@type":"BreadcrumbList","@id":"https:\/\/veritasinfo.org\/?p=5027#breadcrumb","itemListElement":[{"@type":"ListItem","position":1,"name":"Home","item":"https:\/\/veritasinfo.org\/"},{"@type":"ListItem","position":2,"name":"Costa siguron Kamberin: BE-ja po ndjek nga af\u00ebr trajtimin e shqiptar\u00ebve n\u00eb Serbi"}]},{"@type":"WebSite","@id":"https:\/\/veritasinfo.org\/#website","url":"https:\/\/veritasinfo.org\/","name":"","description":"","potentialAction":[{"@type":"SearchAction","target":{"@type":"EntryPoint","urlTemplate":"https:\/\/veritasinfo.org\/?s={search_term_string}"},"query-input":{"@type":"PropertyValueSpecification","valueRequired":true,"valueName":"search_term_string"}}],"inLanguage":"en-US"},{"@type":"Person","@id":"https:\/\/veritasinfo.org\/#\/schema\/person\/7701f8c088bece422266b100a712374f","name":"admin","image":{"@type":"ImageObject","inLanguage":"en-US","@id":"https:\/\/veritasinfo.org\/#\/schema\/person\/image\/","url":"https:\/\/secure.gravatar.com\/avatar\/ea53aa3bf6c9a12d5fde8ce4deff43fef3885ae33cf60184161a50d6987cfd2f?s=96&d=mm&r=g","contentUrl":"https:\/\/secure.gravatar.com\/avatar\/ea53aa3bf6c9a12d5fde8ce4deff43fef3885ae33cf60184161a50d6987cfd2f?s=96&d=mm&r=g","caption":"admin"},"sameAs":["https:\/\/veritasinfo.org"],"url":"https:\/\/veritasinfo.org\/?author=1"}]}},"featured_image_urls":{"full":["https:\/\/veritasinfo.org\/wp-content\/uploads\/2025\/07\/IMG_2278.jpeg",1536,1024,false],"thumbnail":["https:\/\/veritasinfo.org\/wp-content\/uploads\/2025\/07\/IMG_2278-150x150.jpeg",150,150,true],"medium":["https:\/\/veritasinfo.org\/wp-content\/uploads\/2025\/07\/IMG_2278-300x200.jpeg",300,200,true],"medium_large":["https:\/\/veritasinfo.org\/wp-content\/uploads\/2025\/07\/IMG_2278-768x512.jpeg",640,427,true],"large":["https:\/\/veritasinfo.org\/wp-content\/uploads\/2025\/07\/IMG_2278-1024x683.jpeg",640,427,true],"1536x1536":["https:\/\/veritasinfo.org\/wp-content\/uploads\/2025\/07\/IMG_2278.jpeg",1536,1024,false],"2048x2048":["https:\/\/veritasinfo.org\/wp-content\/uploads\/2025\/07\/IMG_2278.jpeg",1536,1024,false],"kreeti-slider-full":["https:\/\/veritasinfo.org\/wp-content\/uploads\/2025\/07\/IMG_2278.jpeg",1080,720,false],"kreeti-featured":["https:\/\/veritasinfo.org\/wp-content\/uploads\/2025\/07\/IMG_2278.jpeg",1024,683,false],"kreeti-medium":["https:\/\/veritasinfo.org\/wp-content\/uploads\/2025\/07\/IMG_2278.jpeg",720,480,false],"kreeti-medium-square":["https:\/\/veritasinfo.org\/wp-content\/uploads\/2025\/07\/IMG_2278.jpeg",350,233,false]},"author_info":{"info":["admin"]},"category_info":"<a href=\"https:\/\/veritasinfo.org\/?cat=58\" rel=\"category\">Politik\u00eb<\/a>","tag_info":"Politik\u00eb","comment_count":"0","_links":{"self":[{"href":"https:\/\/veritasinfo.org\/index.php?rest_route=\/wp\/v2\/posts\/5027","targetHints":{"allow":["GET"]}}],"collection":[{"href":"https:\/\/veritasinfo.org\/index.php?rest_route=\/wp\/v2\/posts"}],"about":[{"href":"https:\/\/veritasinfo.org\/index.php?rest_route=\/wp\/v2\/types\/post"}],"author":[{"embeddable":true,"href":"https:\/\/veritasinfo.org\/index.php?rest_route=\/wp\/v2\/users\/1"}],"replies":[{"embeddable":true,"href":"https:\/\/veritasinfo.org\/index.php?rest_route=%2Fwp%2Fv2%2Fcomments&post=5027"}],"version-history":[{"count":1,"href":"https:\/\/veritasinfo.org\/index.php?rest_route=\/wp\/v2\/posts\/5027\/revisions"}],"predecessor-version":[{"id":5029,"href":"https:\/\/veritasinfo.org\/index.php?rest_route=\/wp\/v2\/posts\/5027\/revisions\/5029"}],"wp:featuredmedia":[{"embeddable":true,"href":"https:\/\/veritasinfo.org\/index.php?rest_route=\/wp\/v2\/media\/5028"}],"wp:attachment":[{"href":"https:\/\/veritasinfo.org\/index.php?rest_route=%2Fwp%2Fv2%2Fmedia&parent=5027"}],"wp:term":[{"taxonomy":"category","embeddable":true,"href":"https:\/\/veritasinfo.org\/index.php?rest_route=%2Fwp%2Fv2%2Fcategories&post=5027"},{"taxonomy":"post_tag","embeddable":true,"href":"https:\/\/veritasinfo.org\/index.php?rest_route=%2Fwp%2Fv2%2Ftags&post=5027"}],"curies":[{"name":"wp","href":"https:\/\/api.w.org\/{rel}","templated":true}]}}