{"id":5009,"date":"2025-07-24T12:54:25","date_gmt":"2025-07-24T10:54:25","guid":{"rendered":"https:\/\/veritasinfo.org\/?p=5009"},"modified":"2025-07-24T12:55:32","modified_gmt":"2025-07-24T10:55:32","slug":"kujdes-ministria-e-shendetesise-del-me-apel-lidhur-me-temperaturat-e-larta","status":"publish","type":"post","link":"https:\/\/veritasinfo.org\/?p=5009","title":{"rendered":"Ministria e Sh\u00ebndet\u00ebsis\u00eb apel p\u00ebr temperaturat e larta"},"content":{"rendered":"<p>Prishtin\u00eb, 24 korrik 2025<\/p>\n<p><strong>Ministria e Sh\u00ebndet\u00ebsis\u00eb u ka b\u00ebr\u00eb thirrje qytetar\u00ebve t\u00eb tregojn\u00eb kujdes t\u00eb shtuar p\u00ebr sh\u00ebndetin dhe t\u00eb ndjekin k\u00ebshillat parandaluese p\u00ebr t\u00eb shmangur pasojat e nxeht\u00ebsis\u00eb ekstreme.<\/strong><\/p>\n<p>N\u00eb apel jan\u00eb renditur disa rekomandime p\u00ebr mbrojtjen nga temperaturat e larta, duke k\u00ebrkuar shmangien e q\u00ebndrimit n\u00eb diell, sidomos nga ora 10:00 deri n\u00eb 17:00.<\/p>\n<p>Gjithashtu, k\u00ebshillohet p\u00ebrdorimi i kremit mbrojt\u00ebs ndaj rrezeve UV, pirja e rregullt e ujit \u2013 t\u00eb pakt\u00ebn nj\u00eb got\u00eb \u00e7do or\u00eb dhe 2-3 litra n\u00eb dit\u00eb \u2013 si dhe veshja me rroba t\u00eb lehta e me ngjyra t\u00eb hapura.<\/p>\n<p>Ministria rekomandon gjithashtu kufizimin e kafes\u00eb dhe alkoolit, pasi rrisin rrezikun e dehidratimit.<\/p>\n<p>\u201cMbani sht\u00ebpin\u00eb t\u00eb fresk\u00ebt me ventilim apo mjete ftohjeje. N\u00ebse shfaqni marramendje, djersitje t\u00eb tep\u00ebrt, t\u00eb vjella apo konfuzion, k\u00ebrkoni menj\u00ebher\u00eb ndihm\u00eb mjek\u00ebsore n\u00eb qendr\u00ebn m\u00eb t\u00eb af\u00ebrt sh\u00ebndet\u00ebsore\u201d, thuhet n\u00eb apel.<\/p>\n<p><img fetchpriority=\"high\" decoding=\"async\" class=\"alignnone size-medium wp-image-5010\" src=\"https:\/\/veritasinfo.org\/wp-content\/uploads\/2025\/07\/IMG_1965-240x300.png\" alt=\"\" width=\"240\" height=\"300\" srcset=\"https:\/\/veritasinfo.org\/wp-content\/uploads\/2025\/07\/IMG_1965-240x300.png 240w, https:\/\/veritasinfo.org\/wp-content\/uploads\/2025\/07\/IMG_1965-819x1024.png 819w, https:\/\/veritasinfo.org\/wp-content\/uploads\/2025\/07\/IMG_1965-768x960.png 768w, https:\/\/veritasinfo.org\/wp-content\/uploads\/2025\/07\/IMG_1965-1229x1536.png 1229w, https:\/\/veritasinfo.org\/wp-content\/uploads\/2025\/07\/IMG_1965.png 1638w\" sizes=\"(max-width: 240px) 100vw, 240px\" \/><\/p>\n","protected":false},"excerpt":{"rendered":"<p>Prishtin\u00eb, 24 korrik 2025 Ministria e Sh\u00ebndet\u00ebsis\u00eb u ka b\u00ebr\u00eb thirrje qytetar\u00ebve t\u00eb tregojn\u00eb kujdes t\u00eb shtuar p\u00ebr sh\u00ebndetin dhe t\u00eb ndjekin k\u00ebshillat parandaluese p\u00ebr<\/p>\n","protected":false},"author":1,"featured_media":5011,"comment_status":"open","ping_status":"open","sticky":false,"template":"","format":"standard","meta":{"footnotes":""},"categories":[60],"tags":[],"class_list":["post-5009","post","type-post","status-publish","format-standard","has-post-thumbnail","hentry","category-shoqerore-sq"],"yoast_head":"<!-- This site is optimized with the Yoast SEO plugin v25.3.1 - https:\/\/yoast.com\/wordpress\/plugins\/seo\/ -->\n<title>Ministria e Sh\u00ebndet\u00ebsis\u00eb apel p\u00ebr temperaturat e larta -<\/title>\n<meta name=\"robots\" content=\"index, follow, max-snippet:-1, max-image-preview:large, max-video-preview:-1\" \/>\n<link rel=\"canonical\" href=\"https:\/\/veritasinfo.org\/?p=5009\" \/>\n<meta property=\"og:locale\" content=\"en_US\" \/>\n<meta property=\"og:type\" content=\"article\" \/>\n<meta property=\"og:title\" content=\"Ministria e Sh\u00ebndet\u00ebsis\u00eb apel p\u00ebr temperaturat e larta -\" \/>\n<meta property=\"og:description\" content=\"Prishtin\u00eb, 24 korrik 2025 Ministria e Sh\u00ebndet\u00ebsis\u00eb u ka b\u00ebr\u00eb thirrje qytetar\u00ebve t\u00eb tregojn\u00eb kujdes t\u00eb shtuar p\u00ebr sh\u00ebndetin dhe t\u00eb ndjekin k\u00ebshillat parandaluese p\u00ebr\" \/>\n<meta property=\"og:url\" content=\"https:\/\/veritasinfo.org\/?p=5009\" \/>\n<meta property=\"article:published_time\" content=\"2025-07-24T10:54:25+00:00\" \/>\n<meta property=\"article:modified_time\" content=\"2025-07-24T10:55:32+00:00\" \/>\n<meta property=\"og:image\" content=\"https:\/\/veritasinfo.org\/wp-content\/uploads\/2025\/07\/IMG_1964.png\" \/>\n\t<meta property=\"og:image:width\" content=\"780\" \/>\n\t<meta property=\"og:image:height\" content=\"500\" \/>\n\t<meta property=\"og:image:type\" content=\"image\/png\" \/>\n<meta name=\"author\" content=\"admin\" \/>\n<meta name=\"twitter:card\" content=\"summary_large_image\" \/>\n<meta name=\"twitter:label1\" content=\"Written by\" \/>\n\t<meta name=\"twitter:data1\" content=\"admin\" \/>\n\t<meta name=\"twitter:label2\" content=\"Est. reading time\" \/>\n\t<meta name=\"twitter:data2\" content=\"2 minutes\" \/>\n<script type=\"application\/ld+json\" class=\"yoast-schema-graph\">{\"@context\":\"https:\/\/schema.org\",\"@graph\":[{\"@type\":\"WebPage\",\"@id\":\"https:\/\/veritasinfo.org\/?p=5009\",\"url\":\"https:\/\/veritasinfo.org\/?p=5009\",\"name\":\"Ministria e Sh\u00ebndet\u00ebsis\u00eb apel p\u00ebr temperaturat e larta -\",\"isPartOf\":{\"@id\":\"https:\/\/veritasinfo.org\/#website\"},\"primaryImageOfPage\":{\"@id\":\"https:\/\/veritasinfo.org\/?p=5009#primaryimage\"},\"image\":{\"@id\":\"https:\/\/veritasinfo.org\/?p=5009#primaryimage\"},\"thumbnailUrl\":\"https:\/\/veritasinfo.org\/wp-content\/uploads\/2025\/07\/IMG_1964.png\",\"datePublished\":\"2025-07-24T10:54:25+00:00\",\"dateModified\":\"2025-07-24T10:55:32+00:00\",\"author\":{\"@id\":\"https:\/\/veritasinfo.org\/#\/schema\/person\/7701f8c088bece422266b100a712374f\"},\"breadcrumb\":{\"@id\":\"https:\/\/veritasinfo.org\/?p=5009#breadcrumb\"},\"inLanguage\":\"en-US\",\"potentialAction\":[{\"@type\":\"ReadAction\",\"target\":[\"https:\/\/veritasinfo.org\/?p=5009\"]}]},{\"@type\":\"ImageObject\",\"inLanguage\":\"en-US\",\"@id\":\"https:\/\/veritasinfo.org\/?p=5009#primaryimage\",\"url\":\"https:\/\/veritasinfo.org\/wp-content\/uploads\/2025\/07\/IMG_1964.png\",\"contentUrl\":\"https:\/\/veritasinfo.org\/wp-content\/uploads\/2025\/07\/IMG_1964.png\",\"width\":780,\"height\":500},{\"@type\":\"BreadcrumbList\",\"@id\":\"https:\/\/veritasinfo.org\/?p=5009#breadcrumb\",\"itemListElement\":[{\"@type\":\"ListItem\",\"position\":1,\"name\":\"Home\",\"item\":\"https:\/\/veritasinfo.org\/\"},{\"@type\":\"ListItem\",\"position\":2,\"name\":\"Ministria e Sh\u00ebndet\u00ebsis\u00eb apel p\u00ebr temperaturat e larta\"}]},{\"@type\":\"WebSite\",\"@id\":\"https:\/\/veritasinfo.org\/#website\",\"url\":\"https:\/\/veritasinfo.org\/\",\"name\":\"\",\"description\":\"\",\"potentialAction\":[{\"@type\":\"SearchAction\",\"target\":{\"@type\":\"EntryPoint\",\"urlTemplate\":\"https:\/\/veritasinfo.org\/?s={search_term_string}\"},\"query-input\":{\"@type\":\"PropertyValueSpecification\",\"valueRequired\":true,\"valueName\":\"search_term_string\"}}],\"inLanguage\":\"en-US\"},{\"@type\":\"Person\",\"@id\":\"https:\/\/veritasinfo.org\/#\/schema\/person\/7701f8c088bece422266b100a712374f\",\"name\":\"admin\",\"image\":{\"@type\":\"ImageObject\",\"inLanguage\":\"en-US\",\"@id\":\"https:\/\/veritasinfo.org\/#\/schema\/person\/image\/\",\"url\":\"https:\/\/secure.gravatar.com\/avatar\/ea53aa3bf6c9a12d5fde8ce4deff43fef3885ae33cf60184161a50d6987cfd2f?s=96&d=mm&r=g\",\"contentUrl\":\"https:\/\/secure.gravatar.com\/avatar\/ea53aa3bf6c9a12d5fde8ce4deff43fef3885ae33cf60184161a50d6987cfd2f?s=96&d=mm&r=g\",\"caption\":\"admin\"},\"sameAs\":[\"https:\/\/veritasinfo.org\"],\"url\":\"https:\/\/veritasinfo.org\/?author=1\"}]}<\/script>\n<!-- \/ Yoast SEO plugin. -->","yoast_head_json":{"title":"Ministria e Sh\u00ebndet\u00ebsis\u00eb apel p\u00ebr temperaturat e larta -","robots":{"index":"index","follow":"follow","max-snippet":"max-snippet:-1","max-image-preview":"max-image-preview:large","max-video-preview":"max-video-preview:-1"},"canonical":"https:\/\/veritasinfo.org\/?p=5009","og_locale":"en_US","og_type":"article","og_title":"Ministria e Sh\u00ebndet\u00ebsis\u00eb apel p\u00ebr temperaturat e larta -","og_description":"Prishtin\u00eb, 24 korrik 2025 Ministria e Sh\u00ebndet\u00ebsis\u00eb u ka b\u00ebr\u00eb thirrje qytetar\u00ebve t\u00eb tregojn\u00eb kujdes t\u00eb shtuar p\u00ebr sh\u00ebndetin dhe t\u00eb ndjekin k\u00ebshillat parandaluese p\u00ebr","og_url":"https:\/\/veritasinfo.org\/?p=5009","article_published_time":"2025-07-24T10:54:25+00:00","article_modified_time":"2025-07-24T10:55:32+00:00","og_image":[{"width":780,"height":500,"url":"https:\/\/veritasinfo.org\/wp-content\/uploads\/2025\/07\/IMG_1964.png","type":"image\/png"}],"author":"admin","twitter_card":"summary_large_image","twitter_misc":{"Written by":"admin","Est. reading time":"2 minutes"},"schema":{"@context":"https:\/\/schema.org","@graph":[{"@type":"WebPage","@id":"https:\/\/veritasinfo.org\/?p=5009","url":"https:\/\/veritasinfo.org\/?p=5009","name":"Ministria e Sh\u00ebndet\u00ebsis\u00eb apel p\u00ebr temperaturat e larta -","isPartOf":{"@id":"https:\/\/veritasinfo.org\/#website"},"primaryImageOfPage":{"@id":"https:\/\/veritasinfo.org\/?p=5009#primaryimage"},"image":{"@id":"https:\/\/veritasinfo.org\/?p=5009#primaryimage"},"thumbnailUrl":"https:\/\/veritasinfo.org\/wp-content\/uploads\/2025\/07\/IMG_1964.png","datePublished":"2025-07-24T10:54:25+00:00","dateModified":"2025-07-24T10:55:32+00:00","author":{"@id":"https:\/\/veritasinfo.org\/#\/schema\/person\/7701f8c088bece422266b100a712374f"},"breadcrumb":{"@id":"https:\/\/veritasinfo.org\/?p=5009#breadcrumb"},"inLanguage":"en-US","potentialAction":[{"@type":"ReadAction","target":["https:\/\/veritasinfo.org\/?p=5009"]}]},{"@type":"ImageObject","inLanguage":"en-US","@id":"https:\/\/veritasinfo.org\/?p=5009#primaryimage","url":"https:\/\/veritasinfo.org\/wp-content\/uploads\/2025\/07\/IMG_1964.png","contentUrl":"https:\/\/veritasinfo.org\/wp-content\/uploads\/2025\/07\/IMG_1964.png","width":780,"height":500},{"@type":"BreadcrumbList","@id":"https:\/\/veritasinfo.org\/?p=5009#breadcrumb","itemListElement":[{"@type":"ListItem","position":1,"name":"Home","item":"https:\/\/veritasinfo.org\/"},{"@type":"ListItem","position":2,"name":"Ministria e Sh\u00ebndet\u00ebsis\u00eb apel p\u00ebr temperaturat e larta"}]},{"@type":"WebSite","@id":"https:\/\/veritasinfo.org\/#website","url":"https:\/\/veritasinfo.org\/","name":"","description":"","potentialAction":[{"@type":"SearchAction","target":{"@type":"EntryPoint","urlTemplate":"https:\/\/veritasinfo.org\/?s={search_term_string}"},"query-input":{"@type":"PropertyValueSpecification","valueRequired":true,"valueName":"search_term_string"}}],"inLanguage":"en-US"},{"@type":"Person","@id":"https:\/\/veritasinfo.org\/#\/schema\/person\/7701f8c088bece422266b100a712374f","name":"admin","image":{"@type":"ImageObject","inLanguage":"en-US","@id":"https:\/\/veritasinfo.org\/#\/schema\/person\/image\/","url":"https:\/\/secure.gravatar.com\/avatar\/ea53aa3bf6c9a12d5fde8ce4deff43fef3885ae33cf60184161a50d6987cfd2f?s=96&d=mm&r=g","contentUrl":"https:\/\/secure.gravatar.com\/avatar\/ea53aa3bf6c9a12d5fde8ce4deff43fef3885ae33cf60184161a50d6987cfd2f?s=96&d=mm&r=g","caption":"admin"},"sameAs":["https:\/\/veritasinfo.org"],"url":"https:\/\/veritasinfo.org\/?author=1"}]}},"featured_image_urls":{"full":["https:\/\/veritasinfo.org\/wp-content\/uploads\/2025\/07\/IMG_1964.png",780,500,false],"thumbnail":["https:\/\/veritasinfo.org\/wp-content\/uploads\/2025\/07\/IMG_1964-150x150.png",150,150,true],"medium":["https:\/\/veritasinfo.org\/wp-content\/uploads\/2025\/07\/IMG_1964-300x192.png",300,192,true],"medium_large":["https:\/\/veritasinfo.org\/wp-content\/uploads\/2025\/07\/IMG_1964-768x492.png",640,410,true],"large":["https:\/\/veritasinfo.org\/wp-content\/uploads\/2025\/07\/IMG_1964.png",640,410,false],"1536x1536":["https:\/\/veritasinfo.org\/wp-content\/uploads\/2025\/07\/IMG_1964.png",780,500,false],"2048x2048":["https:\/\/veritasinfo.org\/wp-content\/uploads\/2025\/07\/IMG_1964.png",780,500,false],"kreeti-slider-full":["https:\/\/veritasinfo.org\/wp-content\/uploads\/2025\/07\/IMG_1964.png",780,500,false],"kreeti-featured":["https:\/\/veritasinfo.org\/wp-content\/uploads\/2025\/07\/IMG_1964.png",780,500,false],"kreeti-medium":["https:\/\/veritasinfo.org\/wp-content\/uploads\/2025\/07\/IMG_1964.png",720,462,false],"kreeti-medium-square":["https:\/\/veritasinfo.org\/wp-content\/uploads\/2025\/07\/IMG_1964.png",350,224,false]},"author_info":{"info":["admin"]},"category_info":"<a href=\"https:\/\/veritasinfo.org\/?cat=60\" rel=\"category\">Shoq\u00ebrore<\/a>","tag_info":"Shoq\u00ebrore","comment_count":"0","_links":{"self":[{"href":"https:\/\/veritasinfo.org\/index.php?rest_route=\/wp\/v2\/posts\/5009","targetHints":{"allow":["GET"]}}],"collection":[{"href":"https:\/\/veritasinfo.org\/index.php?rest_route=\/wp\/v2\/posts"}],"about":[{"href":"https:\/\/veritasinfo.org\/index.php?rest_route=\/wp\/v2\/types\/post"}],"author":[{"embeddable":true,"href":"https:\/\/veritasinfo.org\/index.php?rest_route=\/wp\/v2\/users\/1"}],"replies":[{"embeddable":true,"href":"https:\/\/veritasinfo.org\/index.php?rest_route=%2Fwp%2Fv2%2Fcomments&post=5009"}],"version-history":[{"count":2,"href":"https:\/\/veritasinfo.org\/index.php?rest_route=\/wp\/v2\/posts\/5009\/revisions"}],"predecessor-version":[{"id":5013,"href":"https:\/\/veritasinfo.org\/index.php?rest_route=\/wp\/v2\/posts\/5009\/revisions\/5013"}],"wp:featuredmedia":[{"embeddable":true,"href":"https:\/\/veritasinfo.org\/index.php?rest_route=\/wp\/v2\/media\/5011"}],"wp:attachment":[{"href":"https:\/\/veritasinfo.org\/index.php?rest_route=%2Fwp%2Fv2%2Fmedia&parent=5009"}],"wp:term":[{"taxonomy":"category","embeddable":true,"href":"https:\/\/veritasinfo.org\/index.php?rest_route=%2Fwp%2Fv2%2Fcategories&post=5009"},{"taxonomy":"post_tag","embeddable":true,"href":"https:\/\/veritasinfo.org\/index.php?rest_route=%2Fwp%2Fv2%2Ftags&post=5009"}],"curies":[{"name":"wp","href":"https:\/\/api.w.org\/{rel}","templated":true}]}}