{"id":4999,"date":"2025-07-24T11:46:59","date_gmt":"2025-07-24T09:46:59","guid":{"rendered":"https:\/\/veritasinfo.org\/?p=4999"},"modified":"2025-07-24T11:51:03","modified_gmt":"2025-07-24T09:51:03","slug":"e-tmerrshme-vuciqi-feston-me-kenge-cetnike-i-qet-edhe-pare-trumpetistit","status":"publish","type":"post","link":"https:\/\/veritasinfo.org\/?p=4999","title":{"rendered":"E tmerrshme: Vu\u00e7iqi feston me k\u00ebng\u00eb \u00e7etnike, i qet edhe pare trumpetistit"},"content":{"rendered":"<p>Beograd, 24 Korrik 2025<\/p>\n<p><b>Presidenti i Serbis\u00eb, Aleksandar Vu\u00e7iq, ka festuar hapjen e nj\u00eb autostrade n\u00ebn tinguj dhe tekst t\u00eb k\u00ebng\u00ebve fam\u00ebkeqe \u201c\u00c7etnike\u201d, u raportua n\u00eb mediat serbe.<\/b><\/p>\n<p>K\u00ebnga d\u00ebgjohet n\u00eb k\u00ebt\u00eb ndodhi me titullin &#8220;Nj\u00eb vark\u00eb e vog\u00ebl lundron n\u00eb det&#8221;, e interpretuar me mb\u00ebshtetjen e publikut &#8211; ngreu v\u00ebmendje t\u00eb ve\u00e7ant\u00eb.<\/p>\n<p>\u00cbsht\u00eb nj\u00eb k\u00ebng\u00eb e interpretuar nga Baja Mali Knind\u017ea, fam\u00ebkeq p\u00ebr k\u00ebng\u00ebt e tij nacionaliste, tekstet e t\u00eb cilave madh\u00ebrojn\u00eb hapur l\u00ebvizjen \u00e7etnike dhe kriminelin serb e luft\u00ebs nga Lufta e Dyt\u00eb Bot\u00ebrore, Drazha Mihailoviq.<\/p>\n<p>Nj\u00eb pjes\u00eb e tekstit thot\u00eb:<\/p>\n<p>&#8220;N\u00ebna shkoi t\u00eb k\u00ebrkonte t\u00eb birin, pastaj iu raportua gjeneralit Drazha&#8230;&#8221;<\/p>\n<p>&nbsp;<\/p>\n<p class=\"p1\"><span class=\"s1\">Ime, m\u00eb jep ca para q\u00eb t\u00eb paguaj muzik\u00ebn<\/span><\/p>\n<p class=\"p1\"><span class=\"s1\">Sa t\u00eb duhen<\/span><\/p>\n<p class=\"p1\"><span class=\"s1\">S\u2019ka r\u00ebnd\u00ebsi, n\u00eb jep sa m\u00eb shum\u00eb q\u00eb ke<\/span><\/p>\n<p>&nbsp;<\/p>\n","protected":false},"excerpt":{"rendered":"<p>Beograd, 24 Korrik 2025 Presidenti i Serbis\u00eb, Aleksandar Vu\u00e7iq, ka festuar hapjen e nj\u00eb autostrade n\u00ebn tinguj dhe tekst t\u00eb k\u00ebng\u00ebve fam\u00ebkeqe \u201c\u00c7etnike\u201d, u raportua<\/p>\n","protected":false},"author":1,"featured_media":5003,"comment_status":"open","ping_status":"open","sticky":false,"template":"","format":"standard","meta":{"footnotes":""},"categories":[72],"tags":[],"class_list":["post-4999","post","type-post","status-publish","format-standard","has-post-thumbnail","hentry","category-bota"],"yoast_head":"<!-- This site is optimized with the Yoast SEO plugin v25.3.1 - https:\/\/yoast.com\/wordpress\/plugins\/seo\/ -->\n<title>E tmerrshme: Vu\u00e7iqi feston me k\u00ebng\u00eb \u00e7etnike, i qet edhe pare trumpetistit -<\/title>\n<meta name=\"robots\" content=\"index, follow, max-snippet:-1, max-image-preview:large, max-video-preview:-1\" \/>\n<link rel=\"canonical\" href=\"https:\/\/veritasinfo.org\/?p=4999\" \/>\n<meta property=\"og:locale\" content=\"en_US\" \/>\n<meta property=\"og:type\" content=\"article\" \/>\n<meta property=\"og:title\" content=\"E tmerrshme: Vu\u00e7iqi feston me k\u00ebng\u00eb \u00e7etnike, i qet edhe pare trumpetistit -\" \/>\n<meta property=\"og:description\" content=\"Beograd, 24 Korrik 2025 Presidenti i Serbis\u00eb, Aleksandar Vu\u00e7iq, ka festuar hapjen e nj\u00eb autostrade n\u00ebn tinguj dhe tekst t\u00eb k\u00ebng\u00ebve fam\u00ebkeqe \u201c\u00c7etnike\u201d, u raportua\" \/>\n<meta property=\"og:url\" content=\"https:\/\/veritasinfo.org\/?p=4999\" \/>\n<meta property=\"article:published_time\" content=\"2025-07-24T09:46:59+00:00\" \/>\n<meta property=\"article:modified_time\" content=\"2025-07-24T09:51:03+00:00\" \/>\n<meta property=\"og:image\" content=\"https:\/\/veritasinfo.org\/wp-content\/uploads\/2025\/07\/IMG_2271-2.jpeg\" \/>\n\t<meta property=\"og:image:width\" content=\"1049\" \/>\n\t<meta property=\"og:image:height\" content=\"820\" \/>\n\t<meta property=\"og:image:type\" content=\"image\/jpeg\" \/>\n<meta name=\"author\" content=\"admin\" \/>\n<meta name=\"twitter:card\" content=\"summary_large_image\" \/>\n<meta name=\"twitter:label1\" content=\"Written by\" \/>\n\t<meta name=\"twitter:data1\" content=\"admin\" \/>\n\t<meta name=\"twitter:label2\" content=\"Est. reading time\" \/>\n\t<meta name=\"twitter:data2\" content=\"1 minute\" \/>\n<script type=\"application\/ld+json\" class=\"yoast-schema-graph\">{\"@context\":\"https:\/\/schema.org\",\"@graph\":[{\"@type\":\"WebPage\",\"@id\":\"https:\/\/veritasinfo.org\/?p=4999\",\"url\":\"https:\/\/veritasinfo.org\/?p=4999\",\"name\":\"E tmerrshme: Vu\u00e7iqi feston me k\u00ebng\u00eb \u00e7etnike, i qet edhe pare trumpetistit -\",\"isPartOf\":{\"@id\":\"https:\/\/veritasinfo.org\/#website\"},\"primaryImageOfPage\":{\"@id\":\"https:\/\/veritasinfo.org\/?p=4999#primaryimage\"},\"image\":{\"@id\":\"https:\/\/veritasinfo.org\/?p=4999#primaryimage\"},\"thumbnailUrl\":\"https:\/\/veritasinfo.org\/wp-content\/uploads\/2025\/07\/IMG_2271-2.jpeg\",\"datePublished\":\"2025-07-24T09:46:59+00:00\",\"dateModified\":\"2025-07-24T09:51:03+00:00\",\"author\":{\"@id\":\"https:\/\/veritasinfo.org\/#\/schema\/person\/7701f8c088bece422266b100a712374f\"},\"breadcrumb\":{\"@id\":\"https:\/\/veritasinfo.org\/?p=4999#breadcrumb\"},\"inLanguage\":\"en-US\",\"potentialAction\":[{\"@type\":\"ReadAction\",\"target\":[\"https:\/\/veritasinfo.org\/?p=4999\"]}]},{\"@type\":\"ImageObject\",\"inLanguage\":\"en-US\",\"@id\":\"https:\/\/veritasinfo.org\/?p=4999#primaryimage\",\"url\":\"https:\/\/veritasinfo.org\/wp-content\/uploads\/2025\/07\/IMG_2271-2.jpeg\",\"contentUrl\":\"https:\/\/veritasinfo.org\/wp-content\/uploads\/2025\/07\/IMG_2271-2.jpeg\",\"width\":1049,\"height\":820,\"caption\":\"Screenshot\"},{\"@type\":\"BreadcrumbList\",\"@id\":\"https:\/\/veritasinfo.org\/?p=4999#breadcrumb\",\"itemListElement\":[{\"@type\":\"ListItem\",\"position\":1,\"name\":\"Home\",\"item\":\"https:\/\/veritasinfo.org\/\"},{\"@type\":\"ListItem\",\"position\":2,\"name\":\"E tmerrshme: Vu\u00e7iqi feston me k\u00ebng\u00eb \u00e7etnike, i qet edhe pare trumpetistit\"}]},{\"@type\":\"WebSite\",\"@id\":\"https:\/\/veritasinfo.org\/#website\",\"url\":\"https:\/\/veritasinfo.org\/\",\"name\":\"\",\"description\":\"\",\"potentialAction\":[{\"@type\":\"SearchAction\",\"target\":{\"@type\":\"EntryPoint\",\"urlTemplate\":\"https:\/\/veritasinfo.org\/?s={search_term_string}\"},\"query-input\":{\"@type\":\"PropertyValueSpecification\",\"valueRequired\":true,\"valueName\":\"search_term_string\"}}],\"inLanguage\":\"en-US\"},{\"@type\":\"Person\",\"@id\":\"https:\/\/veritasinfo.org\/#\/schema\/person\/7701f8c088bece422266b100a712374f\",\"name\":\"admin\",\"image\":{\"@type\":\"ImageObject\",\"inLanguage\":\"en-US\",\"@id\":\"https:\/\/veritasinfo.org\/#\/schema\/person\/image\/\",\"url\":\"https:\/\/secure.gravatar.com\/avatar\/ea53aa3bf6c9a12d5fde8ce4deff43fef3885ae33cf60184161a50d6987cfd2f?s=96&d=mm&r=g\",\"contentUrl\":\"https:\/\/secure.gravatar.com\/avatar\/ea53aa3bf6c9a12d5fde8ce4deff43fef3885ae33cf60184161a50d6987cfd2f?s=96&d=mm&r=g\",\"caption\":\"admin\"},\"sameAs\":[\"https:\/\/veritasinfo.org\"],\"url\":\"https:\/\/veritasinfo.org\/?author=1\"}]}<\/script>\n<!-- \/ Yoast SEO plugin. -->","yoast_head_json":{"title":"E tmerrshme: Vu\u00e7iqi feston me k\u00ebng\u00eb \u00e7etnike, i qet edhe pare trumpetistit -","robots":{"index":"index","follow":"follow","max-snippet":"max-snippet:-1","max-image-preview":"max-image-preview:large","max-video-preview":"max-video-preview:-1"},"canonical":"https:\/\/veritasinfo.org\/?p=4999","og_locale":"en_US","og_type":"article","og_title":"E tmerrshme: Vu\u00e7iqi feston me k\u00ebng\u00eb \u00e7etnike, i qet edhe pare trumpetistit -","og_description":"Beograd, 24 Korrik 2025 Presidenti i Serbis\u00eb, Aleksandar Vu\u00e7iq, ka festuar hapjen e nj\u00eb autostrade n\u00ebn tinguj dhe tekst t\u00eb k\u00ebng\u00ebve fam\u00ebkeqe \u201c\u00c7etnike\u201d, u raportua","og_url":"https:\/\/veritasinfo.org\/?p=4999","article_published_time":"2025-07-24T09:46:59+00:00","article_modified_time":"2025-07-24T09:51:03+00:00","og_image":[{"width":1049,"height":820,"url":"https:\/\/veritasinfo.org\/wp-content\/uploads\/2025\/07\/IMG_2271-2.jpeg","type":"image\/jpeg"}],"author":"admin","twitter_card":"summary_large_image","twitter_misc":{"Written by":"admin","Est. reading time":"1 minute"},"schema":{"@context":"https:\/\/schema.org","@graph":[{"@type":"WebPage","@id":"https:\/\/veritasinfo.org\/?p=4999","url":"https:\/\/veritasinfo.org\/?p=4999","name":"E tmerrshme: Vu\u00e7iqi feston me k\u00ebng\u00eb \u00e7etnike, i qet edhe pare trumpetistit -","isPartOf":{"@id":"https:\/\/veritasinfo.org\/#website"},"primaryImageOfPage":{"@id":"https:\/\/veritasinfo.org\/?p=4999#primaryimage"},"image":{"@id":"https:\/\/veritasinfo.org\/?p=4999#primaryimage"},"thumbnailUrl":"https:\/\/veritasinfo.org\/wp-content\/uploads\/2025\/07\/IMG_2271-2.jpeg","datePublished":"2025-07-24T09:46:59+00:00","dateModified":"2025-07-24T09:51:03+00:00","author":{"@id":"https:\/\/veritasinfo.org\/#\/schema\/person\/7701f8c088bece422266b100a712374f"},"breadcrumb":{"@id":"https:\/\/veritasinfo.org\/?p=4999#breadcrumb"},"inLanguage":"en-US","potentialAction":[{"@type":"ReadAction","target":["https:\/\/veritasinfo.org\/?p=4999"]}]},{"@type":"ImageObject","inLanguage":"en-US","@id":"https:\/\/veritasinfo.org\/?p=4999#primaryimage","url":"https:\/\/veritasinfo.org\/wp-content\/uploads\/2025\/07\/IMG_2271-2.jpeg","contentUrl":"https:\/\/veritasinfo.org\/wp-content\/uploads\/2025\/07\/IMG_2271-2.jpeg","width":1049,"height":820,"caption":"Screenshot"},{"@type":"BreadcrumbList","@id":"https:\/\/veritasinfo.org\/?p=4999#breadcrumb","itemListElement":[{"@type":"ListItem","position":1,"name":"Home","item":"https:\/\/veritasinfo.org\/"},{"@type":"ListItem","position":2,"name":"E tmerrshme: Vu\u00e7iqi feston me k\u00ebng\u00eb \u00e7etnike, i qet edhe pare trumpetistit"}]},{"@type":"WebSite","@id":"https:\/\/veritasinfo.org\/#website","url":"https:\/\/veritasinfo.org\/","name":"","description":"","potentialAction":[{"@type":"SearchAction","target":{"@type":"EntryPoint","urlTemplate":"https:\/\/veritasinfo.org\/?s={search_term_string}"},"query-input":{"@type":"PropertyValueSpecification","valueRequired":true,"valueName":"search_term_string"}}],"inLanguage":"en-US"},{"@type":"Person","@id":"https:\/\/veritasinfo.org\/#\/schema\/person\/7701f8c088bece422266b100a712374f","name":"admin","image":{"@type":"ImageObject","inLanguage":"en-US","@id":"https:\/\/veritasinfo.org\/#\/schema\/person\/image\/","url":"https:\/\/secure.gravatar.com\/avatar\/ea53aa3bf6c9a12d5fde8ce4deff43fef3885ae33cf60184161a50d6987cfd2f?s=96&d=mm&r=g","contentUrl":"https:\/\/secure.gravatar.com\/avatar\/ea53aa3bf6c9a12d5fde8ce4deff43fef3885ae33cf60184161a50d6987cfd2f?s=96&d=mm&r=g","caption":"admin"},"sameAs":["https:\/\/veritasinfo.org"],"url":"https:\/\/veritasinfo.org\/?author=1"}]}},"featured_image_urls":{"full":["https:\/\/veritasinfo.org\/wp-content\/uploads\/2025\/07\/IMG_2271-2.jpeg",1049,820,false],"thumbnail":["https:\/\/veritasinfo.org\/wp-content\/uploads\/2025\/07\/IMG_2271-2-150x150.jpeg",150,150,true],"medium":["https:\/\/veritasinfo.org\/wp-content\/uploads\/2025\/07\/IMG_2271-2-300x235.jpeg",300,235,true],"medium_large":["https:\/\/veritasinfo.org\/wp-content\/uploads\/2025\/07\/IMG_2271-2-768x600.jpeg",640,500,true],"large":["https:\/\/veritasinfo.org\/wp-content\/uploads\/2025\/07\/IMG_2271-2-1024x800.jpeg",640,500,true],"1536x1536":["https:\/\/veritasinfo.org\/wp-content\/uploads\/2025\/07\/IMG_2271-2.jpeg",1049,820,false],"2048x2048":["https:\/\/veritasinfo.org\/wp-content\/uploads\/2025\/07\/IMG_2271-2.jpeg",1049,820,false],"kreeti-slider-full":["https:\/\/veritasinfo.org\/wp-content\/uploads\/2025\/07\/IMG_2271-2.jpeg",921,720,false],"kreeti-featured":["https:\/\/veritasinfo.org\/wp-content\/uploads\/2025\/07\/IMG_2271-2.jpeg",1024,800,false],"kreeti-medium":["https:\/\/veritasinfo.org\/wp-content\/uploads\/2025\/07\/IMG_2271-2.jpeg",678,530,false],"kreeti-medium-square":["https:\/\/veritasinfo.org\/wp-content\/uploads\/2025\/07\/IMG_2271-2.jpeg",350,274,false]},"author_info":{"info":["admin"]},"category_info":"<a href=\"https:\/\/veritasinfo.org\/?cat=72\" rel=\"category\">Bota<\/a>","tag_info":"Bota","comment_count":"0","_links":{"self":[{"href":"https:\/\/veritasinfo.org\/index.php?rest_route=\/wp\/v2\/posts\/4999","targetHints":{"allow":["GET"]}}],"collection":[{"href":"https:\/\/veritasinfo.org\/index.php?rest_route=\/wp\/v2\/posts"}],"about":[{"href":"https:\/\/veritasinfo.org\/index.php?rest_route=\/wp\/v2\/types\/post"}],"author":[{"embeddable":true,"href":"https:\/\/veritasinfo.org\/index.php?rest_route=\/wp\/v2\/users\/1"}],"replies":[{"embeddable":true,"href":"https:\/\/veritasinfo.org\/index.php?rest_route=%2Fwp%2Fv2%2Fcomments&post=4999"}],"version-history":[{"count":1,"href":"https:\/\/veritasinfo.org\/index.php?rest_route=\/wp\/v2\/posts\/4999\/revisions"}],"predecessor-version":[{"id":5001,"href":"https:\/\/veritasinfo.org\/index.php?rest_route=\/wp\/v2\/posts\/4999\/revisions\/5001"}],"wp:featuredmedia":[{"embeddable":true,"href":"https:\/\/veritasinfo.org\/index.php?rest_route=\/wp\/v2\/media\/5003"}],"wp:attachment":[{"href":"https:\/\/veritasinfo.org\/index.php?rest_route=%2Fwp%2Fv2%2Fmedia&parent=4999"}],"wp:term":[{"taxonomy":"category","embeddable":true,"href":"https:\/\/veritasinfo.org\/index.php?rest_route=%2Fwp%2Fv2%2Fcategories&post=4999"},{"taxonomy":"post_tag","embeddable":true,"href":"https:\/\/veritasinfo.org\/index.php?rest_route=%2Fwp%2Fv2%2Ftags&post=4999"}],"curies":[{"name":"wp","href":"https:\/\/api.w.org\/{rel}","templated":true}]}}