{"id":4994,"date":"2025-07-24T10:24:29","date_gmt":"2025-07-24T08:24:29","guid":{"rendered":"https:\/\/veritasinfo.org\/?p=4994"},"modified":"2025-07-24T10:24:29","modified_gmt":"2025-07-24T08:24:29","slug":"mbyllet-per-publikun-seanca-ne-rastin-banjska","status":"publish","type":"post","link":"https:\/\/veritasinfo.org\/?p=4994","title":{"rendered":"Mbyllet p\u00ebr publikun seanca n\u00eb rastin \u201cBanjska\u201d"},"content":{"rendered":"<p>Prishtin\u00eb, 24 Korrik 2025<\/p>\n<p><strong>N\u00eb Gjykat\u00ebn Themelore n\u00eb Prishtin\u00eb, me k\u00ebrkes\u00eb t\u00eb prokurorit special Naim Abazi, \u00ebsht\u00eb mbyllur p\u00ebr publikun seanca e s\u00eb enjtes\u00a0ndaj t\u00eb tre akuzuarve lidhur me sulmin terrorist t\u00eb 24\u202fshtatorit\u202f2023 n\u00eb fshatin Banjsk\u00eb t\u00eb Zve\u00e7anit: Vladimir Toliq, Dushan Maksimoviq dhe Blagoje Spasojeviq.<\/strong><\/p>\n<p>Fillimisht, prokurori special Naim Abazi propozoi q\u00eb seanca e sotme t\u00eb mbyllet, me arsyetimin se d\u00ebshmia e d\u00ebshmitarit Velko Iliq, i cili do t\u00eb d\u00ebgjohet \u00ebsht\u00eb e ndjeshme dhe p\u00ebrfshihen informacione n\u00eb \u00e7\u00ebshtjen e siguris\u00eb komb\u00ebtare, strukturave paralele dhe organizimeve t\u00eb tyre ilegale n\u00eb veri t\u00eb vendit, raporton \u201c<strong>Betimi p\u00ebr Drejt\u00ebsi<\/strong>\u201d.<\/p>\n<p>\u201cSi dhe p\u00ebrfshihen personazhe q\u00eb jan\u00eb p\u00ebrfshir\u00eb n\u00eb ngjarjen e r\u00ebnd\u00eb t\u00eb armatosur n\u00eb fshatin Banjsk\u00eb, si\u00e7 e dini ka pas pasoja t\u00eb r\u00ebnda n\u00eb rendin kushtetues t\u00eb vendit\u201d, tha Abazi.<\/p>\n<p>Sipas tij, meqen\u00ebse d\u00ebshmia e d\u00ebshmitarit lidhet kryesisht me rekrutimin, organizimin, pagesat dhe kontaktet me strukturat e dyshuara ilegale, p\u00ebrfshin\u00eb elemente q\u00eb mund t\u00eb d\u00ebrgojn\u00eb n\u00eb identifikimin edhe t\u00eb familjes s\u00eb d\u00ebshmitarit, n\u00ebse kjo d\u00ebshmi jepet n\u00eb prani t\u00eb publikut dhe mediave.<\/p>\n<p>Andaj, Abazi tha se propozimi i tyre bazohet n\u00eb dispozitat e nenit 298 t\u00eb Kodit t\u00eb Procedur\u00ebs Penale.<\/p>\n<p>Mbrojt\u00ebsi i Spasojeviqit, avokati Ljubmir Pantoviq,\u00a0tha se ia l\u00eb gjykat\u00ebs n\u00eb diskrecion vendimin p\u00ebr \u00e7\u00ebshtjen e mbylljes s\u00eb seanc\u00ebs.<\/p>\n<p>D\u00ebshmitari Velko Iliq tha se nuk \u00ebsht\u00eb mir\u00eb me sh\u00ebndet dhe se p\u00ebr k\u00ebt\u00eb ka edhe dokumente, t\u00eb cilat ia ka dor\u00ebzuar prokurorit. Andaj, tha se nuk mund t\u00eb q\u00ebndroj\u00eb gjat\u00eb n\u00eb seanc\u00eb.<\/p>\n<p>\u201cSituata ime \u00ebsht\u00eb q\u00eb un\u00eb i kam dh\u00ebn\u00eb dokumente k\u00ebtij polici dhe nuk mund t\u00eb q\u00ebndroj deri n\u00eb fund sepse kjo \u00ebsht\u00eb shum\u00eb stresuese p\u00ebr mua\u201d, tha ai.<\/p>\n<p>M\u00eb pas, kryetari i trupit gjykues, Arben Hoti tha se sipas propozimit t\u00eb prokurorit dhe marrjes s\u00eb mendimit nga pal\u00ebt n\u00eb procedur\u00eb, aprovohet propozimi p\u00ebr mbylljen e seanc\u00ebs.<\/p>\n<p>Andaj, seanca e sotme u mbyll bazuar n\u00eb kushtet ligjore q\u00eb jan\u00eb parapar\u00eb n\u00eb nenin 298 t\u00eb KPPK-s\u00eb.<\/p>\n<p>&nbsp;<\/p>\n<p>&nbsp;<\/p>\n<p>&nbsp;<\/p>\n","protected":false},"excerpt":{"rendered":"<p>Prishtin\u00eb, 24 Korrik 2025 N\u00eb Gjykat\u00ebn Themelore n\u00eb Prishtin\u00eb, me k\u00ebrkes\u00eb t\u00eb prokurorit special Naim Abazi, \u00ebsht\u00eb mbyllur p\u00ebr publikun seanca e s\u00eb enjtes\u00a0ndaj t\u00eb<\/p>\n","protected":false},"author":1,"featured_media":4995,"comment_status":"open","ping_status":"open","sticky":false,"template":"","format":"standard","meta":{"footnotes":""},"categories":[58],"tags":[],"class_list":["post-4994","post","type-post","status-publish","format-standard","has-post-thumbnail","hentry","category-politike-sq"],"yoast_head":"<!-- This site is optimized with the Yoast SEO plugin v25.3.1 - https:\/\/yoast.com\/wordpress\/plugins\/seo\/ -->\n<title>Mbyllet p\u00ebr publikun seanca n\u00eb rastin \u201cBanjska\u201d -<\/title>\n<meta name=\"robots\" content=\"index, follow, max-snippet:-1, max-image-preview:large, max-video-preview:-1\" \/>\n<link rel=\"canonical\" href=\"https:\/\/veritasinfo.org\/?p=4994\" \/>\n<meta property=\"og:locale\" content=\"en_US\" \/>\n<meta property=\"og:type\" content=\"article\" \/>\n<meta property=\"og:title\" content=\"Mbyllet p\u00ebr publikun seanca n\u00eb rastin \u201cBanjska\u201d -\" \/>\n<meta property=\"og:description\" content=\"Prishtin\u00eb, 24 Korrik 2025 N\u00eb Gjykat\u00ebn Themelore n\u00eb Prishtin\u00eb, me k\u00ebrkes\u00eb t\u00eb prokurorit special Naim Abazi, \u00ebsht\u00eb mbyllur p\u00ebr publikun seanca e s\u00eb enjtes\u00a0ndaj t\u00eb\" \/>\n<meta property=\"og:url\" content=\"https:\/\/veritasinfo.org\/?p=4994\" \/>\n<meta property=\"article:published_time\" content=\"2025-07-24T08:24:29+00:00\" \/>\n<meta property=\"og:image\" content=\"https:\/\/veritasinfo.org\/wp-content\/uploads\/2025\/07\/IMG_2270.jpeg\" \/>\n\t<meta property=\"og:image:width\" content=\"750\" \/>\n\t<meta property=\"og:image:height\" content=\"430\" \/>\n\t<meta property=\"og:image:type\" content=\"image\/jpeg\" \/>\n<meta name=\"author\" content=\"admin\" \/>\n<meta name=\"twitter:card\" content=\"summary_large_image\" \/>\n<meta name=\"twitter:label1\" content=\"Written by\" \/>\n\t<meta name=\"twitter:data1\" content=\"admin\" \/>\n\t<meta name=\"twitter:label2\" content=\"Est. reading time\" \/>\n\t<meta name=\"twitter:data2\" content=\"2 minutes\" \/>\n<script type=\"application\/ld+json\" class=\"yoast-schema-graph\">{\"@context\":\"https:\/\/schema.org\",\"@graph\":[{\"@type\":\"WebPage\",\"@id\":\"https:\/\/veritasinfo.org\/?p=4994\",\"url\":\"https:\/\/veritasinfo.org\/?p=4994\",\"name\":\"Mbyllet p\u00ebr publikun seanca n\u00eb rastin \u201cBanjska\u201d -\",\"isPartOf\":{\"@id\":\"https:\/\/veritasinfo.org\/#website\"},\"primaryImageOfPage\":{\"@id\":\"https:\/\/veritasinfo.org\/?p=4994#primaryimage\"},\"image\":{\"@id\":\"https:\/\/veritasinfo.org\/?p=4994#primaryimage\"},\"thumbnailUrl\":\"https:\/\/veritasinfo.org\/wp-content\/uploads\/2025\/07\/IMG_2270.jpeg\",\"datePublished\":\"2025-07-24T08:24:29+00:00\",\"author\":{\"@id\":\"https:\/\/veritasinfo.org\/#\/schema\/person\/7701f8c088bece422266b100a712374f\"},\"breadcrumb\":{\"@id\":\"https:\/\/veritasinfo.org\/?p=4994#breadcrumb\"},\"inLanguage\":\"en-US\",\"potentialAction\":[{\"@type\":\"ReadAction\",\"target\":[\"https:\/\/veritasinfo.org\/?p=4994\"]}]},{\"@type\":\"ImageObject\",\"inLanguage\":\"en-US\",\"@id\":\"https:\/\/veritasinfo.org\/?p=4994#primaryimage\",\"url\":\"https:\/\/veritasinfo.org\/wp-content\/uploads\/2025\/07\/IMG_2270.jpeg\",\"contentUrl\":\"https:\/\/veritasinfo.org\/wp-content\/uploads\/2025\/07\/IMG_2270.jpeg\",\"width\":750,\"height\":430},{\"@type\":\"BreadcrumbList\",\"@id\":\"https:\/\/veritasinfo.org\/?p=4994#breadcrumb\",\"itemListElement\":[{\"@type\":\"ListItem\",\"position\":1,\"name\":\"Home\",\"item\":\"https:\/\/veritasinfo.org\/\"},{\"@type\":\"ListItem\",\"position\":2,\"name\":\"Mbyllet p\u00ebr publikun seanca n\u00eb rastin \u201cBanjska\u201d\"}]},{\"@type\":\"WebSite\",\"@id\":\"https:\/\/veritasinfo.org\/#website\",\"url\":\"https:\/\/veritasinfo.org\/\",\"name\":\"\",\"description\":\"\",\"potentialAction\":[{\"@type\":\"SearchAction\",\"target\":{\"@type\":\"EntryPoint\",\"urlTemplate\":\"https:\/\/veritasinfo.org\/?s={search_term_string}\"},\"query-input\":{\"@type\":\"PropertyValueSpecification\",\"valueRequired\":true,\"valueName\":\"search_term_string\"}}],\"inLanguage\":\"en-US\"},{\"@type\":\"Person\",\"@id\":\"https:\/\/veritasinfo.org\/#\/schema\/person\/7701f8c088bece422266b100a712374f\",\"name\":\"admin\",\"image\":{\"@type\":\"ImageObject\",\"inLanguage\":\"en-US\",\"@id\":\"https:\/\/veritasinfo.org\/#\/schema\/person\/image\/\",\"url\":\"https:\/\/secure.gravatar.com\/avatar\/ea53aa3bf6c9a12d5fde8ce4deff43fef3885ae33cf60184161a50d6987cfd2f?s=96&d=mm&r=g\",\"contentUrl\":\"https:\/\/secure.gravatar.com\/avatar\/ea53aa3bf6c9a12d5fde8ce4deff43fef3885ae33cf60184161a50d6987cfd2f?s=96&d=mm&r=g\",\"caption\":\"admin\"},\"sameAs\":[\"https:\/\/veritasinfo.org\"],\"url\":\"https:\/\/veritasinfo.org\/?author=1\"}]}<\/script>\n<!-- \/ Yoast SEO plugin. -->","yoast_head_json":{"title":"Mbyllet p\u00ebr publikun seanca n\u00eb rastin \u201cBanjska\u201d -","robots":{"index":"index","follow":"follow","max-snippet":"max-snippet:-1","max-image-preview":"max-image-preview:large","max-video-preview":"max-video-preview:-1"},"canonical":"https:\/\/veritasinfo.org\/?p=4994","og_locale":"en_US","og_type":"article","og_title":"Mbyllet p\u00ebr publikun seanca n\u00eb rastin \u201cBanjska\u201d -","og_description":"Prishtin\u00eb, 24 Korrik 2025 N\u00eb Gjykat\u00ebn Themelore n\u00eb Prishtin\u00eb, me k\u00ebrkes\u00eb t\u00eb prokurorit special Naim Abazi, \u00ebsht\u00eb mbyllur p\u00ebr publikun seanca e s\u00eb enjtes\u00a0ndaj t\u00eb","og_url":"https:\/\/veritasinfo.org\/?p=4994","article_published_time":"2025-07-24T08:24:29+00:00","og_image":[{"width":750,"height":430,"url":"https:\/\/veritasinfo.org\/wp-content\/uploads\/2025\/07\/IMG_2270.jpeg","type":"image\/jpeg"}],"author":"admin","twitter_card":"summary_large_image","twitter_misc":{"Written by":"admin","Est. reading time":"2 minutes"},"schema":{"@context":"https:\/\/schema.org","@graph":[{"@type":"WebPage","@id":"https:\/\/veritasinfo.org\/?p=4994","url":"https:\/\/veritasinfo.org\/?p=4994","name":"Mbyllet p\u00ebr publikun seanca n\u00eb rastin \u201cBanjska\u201d -","isPartOf":{"@id":"https:\/\/veritasinfo.org\/#website"},"primaryImageOfPage":{"@id":"https:\/\/veritasinfo.org\/?p=4994#primaryimage"},"image":{"@id":"https:\/\/veritasinfo.org\/?p=4994#primaryimage"},"thumbnailUrl":"https:\/\/veritasinfo.org\/wp-content\/uploads\/2025\/07\/IMG_2270.jpeg","datePublished":"2025-07-24T08:24:29+00:00","author":{"@id":"https:\/\/veritasinfo.org\/#\/schema\/person\/7701f8c088bece422266b100a712374f"},"breadcrumb":{"@id":"https:\/\/veritasinfo.org\/?p=4994#breadcrumb"},"inLanguage":"en-US","potentialAction":[{"@type":"ReadAction","target":["https:\/\/veritasinfo.org\/?p=4994"]}]},{"@type":"ImageObject","inLanguage":"en-US","@id":"https:\/\/veritasinfo.org\/?p=4994#primaryimage","url":"https:\/\/veritasinfo.org\/wp-content\/uploads\/2025\/07\/IMG_2270.jpeg","contentUrl":"https:\/\/veritasinfo.org\/wp-content\/uploads\/2025\/07\/IMG_2270.jpeg","width":750,"height":430},{"@type":"BreadcrumbList","@id":"https:\/\/veritasinfo.org\/?p=4994#breadcrumb","itemListElement":[{"@type":"ListItem","position":1,"name":"Home","item":"https:\/\/veritasinfo.org\/"},{"@type":"ListItem","position":2,"name":"Mbyllet p\u00ebr publikun seanca n\u00eb rastin \u201cBanjska\u201d"}]},{"@type":"WebSite","@id":"https:\/\/veritasinfo.org\/#website","url":"https:\/\/veritasinfo.org\/","name":"","description":"","potentialAction":[{"@type":"SearchAction","target":{"@type":"EntryPoint","urlTemplate":"https:\/\/veritasinfo.org\/?s={search_term_string}"},"query-input":{"@type":"PropertyValueSpecification","valueRequired":true,"valueName":"search_term_string"}}],"inLanguage":"en-US"},{"@type":"Person","@id":"https:\/\/veritasinfo.org\/#\/schema\/person\/7701f8c088bece422266b100a712374f","name":"admin","image":{"@type":"ImageObject","inLanguage":"en-US","@id":"https:\/\/veritasinfo.org\/#\/schema\/person\/image\/","url":"https:\/\/secure.gravatar.com\/avatar\/ea53aa3bf6c9a12d5fde8ce4deff43fef3885ae33cf60184161a50d6987cfd2f?s=96&d=mm&r=g","contentUrl":"https:\/\/secure.gravatar.com\/avatar\/ea53aa3bf6c9a12d5fde8ce4deff43fef3885ae33cf60184161a50d6987cfd2f?s=96&d=mm&r=g","caption":"admin"},"sameAs":["https:\/\/veritasinfo.org"],"url":"https:\/\/veritasinfo.org\/?author=1"}]}},"featured_image_urls":{"full":["https:\/\/veritasinfo.org\/wp-content\/uploads\/2025\/07\/IMG_2270.jpeg",750,430,false],"thumbnail":["https:\/\/veritasinfo.org\/wp-content\/uploads\/2025\/07\/IMG_2270-150x150.jpeg",150,150,true],"medium":["https:\/\/veritasinfo.org\/wp-content\/uploads\/2025\/07\/IMG_2270-300x172.jpeg",300,172,true],"medium_large":["https:\/\/veritasinfo.org\/wp-content\/uploads\/2025\/07\/IMG_2270.jpeg",640,367,false],"large":["https:\/\/veritasinfo.org\/wp-content\/uploads\/2025\/07\/IMG_2270.jpeg",640,367,false],"1536x1536":["https:\/\/veritasinfo.org\/wp-content\/uploads\/2025\/07\/IMG_2270.jpeg",750,430,false],"2048x2048":["https:\/\/veritasinfo.org\/wp-content\/uploads\/2025\/07\/IMG_2270.jpeg",750,430,false],"kreeti-slider-full":["https:\/\/veritasinfo.org\/wp-content\/uploads\/2025\/07\/IMG_2270.jpeg",750,430,false],"kreeti-featured":["https:\/\/veritasinfo.org\/wp-content\/uploads\/2025\/07\/IMG_2270.jpeg",750,430,false],"kreeti-medium":["https:\/\/veritasinfo.org\/wp-content\/uploads\/2025\/07\/IMG_2270.jpeg",720,413,false],"kreeti-medium-square":["https:\/\/veritasinfo.org\/wp-content\/uploads\/2025\/07\/IMG_2270.jpeg",350,201,false]},"author_info":{"info":["admin"]},"category_info":"<a href=\"https:\/\/veritasinfo.org\/?cat=58\" rel=\"category\">Politik\u00eb<\/a>","tag_info":"Politik\u00eb","comment_count":"0","_links":{"self":[{"href":"https:\/\/veritasinfo.org\/index.php?rest_route=\/wp\/v2\/posts\/4994","targetHints":{"allow":["GET"]}}],"collection":[{"href":"https:\/\/veritasinfo.org\/index.php?rest_route=\/wp\/v2\/posts"}],"about":[{"href":"https:\/\/veritasinfo.org\/index.php?rest_route=\/wp\/v2\/types\/post"}],"author":[{"embeddable":true,"href":"https:\/\/veritasinfo.org\/index.php?rest_route=\/wp\/v2\/users\/1"}],"replies":[{"embeddable":true,"href":"https:\/\/veritasinfo.org\/index.php?rest_route=%2Fwp%2Fv2%2Fcomments&post=4994"}],"version-history":[{"count":1,"href":"https:\/\/veritasinfo.org\/index.php?rest_route=\/wp\/v2\/posts\/4994\/revisions"}],"predecessor-version":[{"id":4996,"href":"https:\/\/veritasinfo.org\/index.php?rest_route=\/wp\/v2\/posts\/4994\/revisions\/4996"}],"wp:featuredmedia":[{"embeddable":true,"href":"https:\/\/veritasinfo.org\/index.php?rest_route=\/wp\/v2\/media\/4995"}],"wp:attachment":[{"href":"https:\/\/veritasinfo.org\/index.php?rest_route=%2Fwp%2Fv2%2Fmedia&parent=4994"}],"wp:term":[{"taxonomy":"category","embeddable":true,"href":"https:\/\/veritasinfo.org\/index.php?rest_route=%2Fwp%2Fv2%2Fcategories&post=4994"},{"taxonomy":"post_tag","embeddable":true,"href":"https:\/\/veritasinfo.org\/index.php?rest_route=%2Fwp%2Fv2%2Ftags&post=4994"}],"curies":[{"name":"wp","href":"https:\/\/api.w.org\/{rel}","templated":true}]}}