{"id":4992,"date":"2025-07-24T10:19:32","date_gmt":"2025-07-24T08:19:32","guid":{"rendered":"https:\/\/veritasinfo.org\/?p=4992"},"modified":"2025-07-24T10:19:32","modified_gmt":"2025-07-24T08:19:32","slug":"kosovo-sa-tri-sanse-za-srce-sarajeva-koje-vodi-ka-oskaru","status":"publish","type":"post","link":"https:\/\/veritasinfo.org\/?p=4992&lang=sr","title":{"rendered":"Kosovo sa tri \u0161anse za \u201eSrce Sarajeva\u201c koje vodi ka Oskaru"},"content":{"rendered":"<p>Sarajevo, 24. jul 2025.<\/p>\n<p>Na Sarajevo Film Festivalu \u2013 koji je ove godine, po prvi put, kvalifikacioni za presti\u017enu nagradu \u201cOscar\u201d \u2013 Kosovo ima trostruko prisustvo u tri razli\u010dite kategorije: u kategoriji dugometra\u017enog filma kao koproducent crnogorskog filma \u201eVidra\u201c, i sa punom predstavom kroz filmove \u201eMua \u2013 veruj, portret me je spasio\u201c, u re\u017eiji Albana Muje, i \u201eO\u010di Berne\u201c, u re\u017eiji Ermala G\u00ebrdovca sa scenarijem Patrika Lekaja. Sva tri filma su izabrana izme\u0111u vi\u0161e od hiljadu prijava.<\/p>\n<p>Sarajevo Film Festival, poznat kao jedan od najve\u0107ih filmskih festivala u Jugoisto\u010dnoj Evropi, ove godine postaje i kvalifikacioni za Oskar, a na njegovom crvenom tepihu \u0161etali su se brojni istaknuti filmski umetnici. Kosovo, iako jo\u0161 uvek prisutno u \u201cfusnoti\u201d, nije nepoznato ovom festivalu i nagradama \u201eSrce Sarajeva\u201c.<\/p>\n<p>U sredu su objavljeni zvani\u010dni u\u010desnici 31. izdanja festivala. U trci se na\u0161lo 50 filmova iz celog sveta, me\u0111u kojima Kosovo ima \u010dak tri predstave: jedan koprodukcijski film i dva doma\u0107a proizvoda.<\/p>\n<p>\u201eVidra\u201c, re\u017eirana od strane Srgjana Vuleti\u0107a, sa scenarijem Stefana Bo\u0161kovi\u0107a, u kojem je Kosovo koproducent, dok su vode\u0107i producenti Crna Gora, Bosna i Hercegovina, Italija i Hrvatska, takmi\u010di se u glavnoj kategoriji \u2013 dugometra\u017enog filma \u2013 zajedno sa jo\u0161 osam ostvarenja. Svetka premijera je zakazana u okviru SFF-a, koji \u0107e se odr\u017eati od 15. do 22. avgusta. Producent iz Kosova je Fatmir Spahiu, koji je tako\u0111e jedan od glumaca, zajedno sa Edonom Reshitaj i Auritom Agushi. U timu su i P\u00ebllumb Ballata i Nol Selmani. Kosovski kinematografski centar (QKK) finansijski podr\u017eava projekat kao manjinski koproducent. Film je opisan kao drama koja otkriva pri\u010du Han\u00eb, introvertne devojke koja se tajno zaljubila u Balsh\u00ebn. Sinopsis ka\u017ee: \u201eKroz lik Han\u00eb, publika do\u017eivljava kompleksno emocionalno putovanje ispunitno nadom, razo\u010darenjima, tugom, bore\u0107i se za sebe i svoje stavove.\u201c<\/p>\n<p>Kosovo u\u010destvuje i sa dva filma \u010dija su producenti iz iste zemlje: \u201eMua \u2013 veruj, portret me je spasio\u201c, re\u017eija Alban Muja, takmi\u010di se u kategoriji dokumentarnog filma i ima regionalnu premijeru u Sarajevu, dok je \u201eO\u010di Berne\u201c, re\u017eija Ermal G\u00ebrdovci, scenario Patrik Lekaj, u kategoriji kratkometra\u017enog filma i ima\u0107e svetsku premijeru.<\/p>\n<p>QKK je potvrdio u\u010de\u0161\u0107e sva tri filma. Za \u201eVidru\u201c je naglasio da je projekat jo\u0161 u razvoju privukao pa\u017enju va\u017enih me\u0111unarodnih platformi i doga\u0111aja: izabran je za Cinefondation \u2013 L\u2019Atelier na Kanskom festivalu, osvojio glavnu nagradu \u201eEurimages Co\u2011Production Development Award\u201c na CineLink-u, dobio Best Pitch Award na When East Meets West, i uvr\u0161ten u Work in Progress program Filmskog festivala u Solunu. Poseban aspekt je uklju\u010divanje mladih srednjo\u0161kolaca u glavnim ulogama.<\/p>\n<p>Zvani\u010dan sajt SFF-a navodi: premijera je svetska. O \u201eMua\u2011i\u201c se navodi da je posle niza uspeha na me\u0111unarodnim festivalima, izabran i u Competiton Programme \u2013 Documentary Film.<\/p>\n<p>Ukupno 20 dokumentarnih filmova se takmi\u010di. \u201eMua\u2026\u201c je svoju svetsku premijeru imao u februaru na Berlinaleu, gde je dirljivo ispri\u010dao pri\u010du o pre\u017eivljavanju. Re\u017eiserov otac, slikar Sk\u00ebnder Muja, prepri\u010dava kako mu je umetnost spasila \u017eivot \u2013 jedne mra\u010dne no\u0107i kada ga je mu\u010dki napao srpski kasapin. Film je prikazan u okviru Forum Expanded programa na 75. izdanju Berlinalea. U aprilu je prikazan na Go Short u Nimegenu, a u junu na Vienna Shorts i kratkometra\u017enom festivalu u Hamburgu.<\/p>\n<p>\u201eO\u010di Berne\u201c \u0107e u Sarajevu do\u017eiveti svoju svetsku premijeru. Radio se kao psiholo\u0161ka drama, kroz emociju besa, pro\u0161losti i mra\u010dne katarsisne vizije; portretuju\u0107i Berna kao osobu progonjenu traumom i iscrpljenu insomnijom \u2013 izme\u0111u realnosti i osvete. Takmi\u010di se me\u0111u deset kratkih filmova u okviru Competition Programme \u2013 Short Film. Uloge igraju: Arta Selimi, Tristan Halilaj, Ervin Shala, Gramos Malaj i Altin Vraniqi.<\/p>\n<p>SFF navodi da \u0107e od ukupno 50 filmova u \u010detiri kategorije, 16 imati svetske premijere. Komisija za selekciju, pod vo\u0111stvom umetni\u010dke direktorke Izete Gragjevi\u0107, razmotrila je 1.036 prijava: 195 dugometra\u017enih, 291 dokumentarnih i 550 kratkih i studentskih filmova.<\/p>\n<p>Citat Gragjevi\u0107 saop\u0161tava:<\/p>\n<p>\u201eProgrami 31. izdanja SFF-a okupljaju autore koji, svak iz svoje perspektive i kroz razli\u010dite formate i \u017eanrove, istra\u017euju kako \u017eivimo i pre\u017eivljavamo unutar kompleksnih i nestabilnih dru\u0161tvenih okvira. Ova selekcija pru\u017ea prostor da, kroz filmske pri\u010de, podsetimo \u0161ta nas sve povezuje: potrebu za razumevanjem, blisko\u0161\u0107u i empatijom.\u201c<\/p>\n<p>Ove godine, Sarajevski filmski festival postaje i \u201efestival kvalifikovanog filma\u201c za Oskara. To zna\u010di da pobednici u odabranim kategorijama mogu biti nominovani za ovu presti\u017enu nagradu.<\/p>\n<p>Objava iz marta ove godine navodi:<\/p>\n<p>\u201eNakon ulaska na spisak presti\u017enih festivala jo\u0161 2019. godine, gde su pobednici u kategoriji kratkog filma automatski mogli biti razmatrani za nominaciju za Oskara, sada taj privilegij imaju i laureati \u2018Srca Sarajeva\u2019 za najbolji dokumentarni dugometra\u017eni film.\u201c<\/p>\n<p>Ameri\u010dka filmska akademija uklju\u010dila Sarajevo Film Festival me\u0111u kvalifikacione festivale za \u201eOskara\u201c<\/p>\n<p>\u201eAcademy Awards\u201c (Oskari) je uvrstila kategoriju \u201ekvalifikacionih filmskih festivala\u201c kako bi istakla filmove koji su nagra\u0111eni na relevantnim festivalima \u0161irom sveta.<\/p>\n<p>\u201ePrema odluci Ameri\u010dke akademije filmskih umetnosti i nauka, pobednici nagrade \u2018Srce Sarajeva\u2019 za najbolji dokumentarni film, \u2018Srce Sarajeva\u2019 za najbolji kratki film, kao i pobednik nominacije za Evropsku filmsku nagradu u kategoriji najboljeg kratkog filma, automatski se kvalifikuju za razmatranje za nominaciju za Oskara. Ovo priznaje uspeh nagra\u0111enih na SFF-u, i ukoliko ispunjavaju ostale uslove Akademije, imaju pravo da budu razmatrani za nominaciju\u201c, navodi se u saop\u0161tenju.<\/p>\n<p>U okviru SFF-a, kinematografija sa Kosova ima poseban status. Samo pro\u0161le godine, film \u201e\u017duto bolesna\u201c (Si e verdh\u00eb e s\u00ebmur\u00eb) u re\u017eiji Norike Sefe osvojio je nagradu \u201eSrce Sarajeva\u201c za najbolji kratki dokumentarni film.<\/p>\n<p>Godine 2021, Sefa je svojim filmom \u201eU potrazi za Venerom\u201c (N\u00eb k\u00ebrkim t\u00eb Vener\u00ebs) dobila Specijalno priznanje za rodnu ravnopravnost. Pro\u0161le godine u konkurenciji je bio i film \u201eNa putu\u201c (Rrug\u00ebs) reditelja Samira Karahode.<\/p>\n<p>Godine 2020, film \u201eExil\u201c u re\u017eiji Visara Morine osvojio je Srce Sarajeva za najbolji film. U istom izdanju festivala u\u010destvovali su i filmovi \u201eAndromedina galaksija\u201c (Galaktika e Andromed\u00ebs) rediteljke More Ra\u00e7a, \u201eZana\u201c rediteljke Antonete Kastrati, i \u201eVera sanja more\u201c (Vera andrron detin) rediteljke Kaltrine Krasniqi.<\/p>\n<p>Te godine, Kosovo je ostvarilo trostruki uspeh: filmovi \u201eLavice sa brda\u201c (Luaneshat e kodr\u00ebs), \u201eU potrazi za Venerom\u201c i \u201eBez mesta\u201c (Pa vend) osvojili su neka od glavnih priznanja festivala. Glumice Flaka Latifi, Era Balaj i Urat\u00eb Shabani, deo gluma\u010dke ekipe filma \u201eLavice sa brda\u201c u re\u017eiji Luane Bajrami, osvojile su \u201eSrce Sarajeva\u201c za najbolju glumicu.<\/p>\n<p>Pored toga, \u201eU potrazi za Venerom\u201c je dobio specijalno priznanje za rodnu ravnopravnost, dok je \u201eBez mesta\u201c Samira Karahode dobio Specijalno priznanje \u017eirija.<\/p>\n<p>Istorija Sarajevo Film Festivala po\u010dinje 1995. godine \u2013 upravo dok je Sarajevo bilo pod opsadom srpskih vojnih snaga. Neki od velikih svetskih imena koji su posetili festival uklju\u010duju: Angelinu Jolie, Brada Pitta, Roberta De Nira, Orlanda Blooma, Morgana Freemana, Gerarda Depardieua i Benicia del Tora.<\/p>\n","protected":false},"excerpt":{"rendered":"<p>Sarajevo, 24. jul 2025. Na Sarajevo Film Festivalu \u2013 koji je ove godine, po prvi put, kvalifikacioni za presti\u017enu nagradu \u201cOscar\u201d \u2013 Kosovo ima trostruko<\/p>\n","protected":false},"author":1,"featured_media":4990,"comment_status":"open","ping_status":"open","sticky":false,"template":"","format":"standard","meta":{"footnotes":""},"categories":[34],"tags":[],"class_list":["post-4992","post","type-post","status-publish","format-standard","has-post-thumbnail","hentry","category-kultura"],"yoast_head":"<!-- This site is optimized with the Yoast SEO plugin v25.3.1 - https:\/\/yoast.com\/wordpress\/plugins\/seo\/ -->\n<title>Kosovo sa tri \u0161anse za \u201eSrce Sarajeva\u201c koje vodi ka Oskaru -<\/title>\n<meta name=\"robots\" content=\"index, follow, max-snippet:-1, max-image-preview:large, max-video-preview:-1\" \/>\n<link rel=\"canonical\" href=\"https:\/\/veritasinfo.org\/?p=4992&lang=sr\" \/>\n<meta property=\"og:locale\" content=\"en_US\" \/>\n<meta property=\"og:type\" content=\"article\" \/>\n<meta property=\"og:title\" content=\"Kosovo sa tri \u0161anse za \u201eSrce Sarajeva\u201c koje vodi ka Oskaru -\" \/>\n<meta property=\"og:description\" content=\"Sarajevo, 24. jul 2025. Na Sarajevo Film Festivalu \u2013 koji je ove godine, po prvi put, kvalifikacioni za presti\u017enu nagradu \u201cOscar\u201d \u2013 Kosovo ima trostruko\" \/>\n<meta property=\"og:url\" content=\"https:\/\/veritasinfo.org\/?p=4992&amp;lang=sr\" \/>\n<meta property=\"article:published_time\" content=\"2025-07-24T08:19:32+00:00\" \/>\n<meta property=\"og:image\" content=\"https:\/\/veritasinfo.org\/wp-content\/uploads\/2025\/07\/IMG_2269.webp\" \/>\n\t<meta property=\"og:image:width\" content=\"1360\" \/>\n\t<meta property=\"og:image:height\" content=\"870\" \/>\n\t<meta property=\"og:image:type\" content=\"image\/webp\" \/>\n<meta name=\"author\" content=\"admin\" \/>\n<meta name=\"twitter:card\" content=\"summary_large_image\" \/>\n<meta name=\"twitter:label1\" content=\"Written by\" \/>\n\t<meta name=\"twitter:data1\" content=\"admin\" \/>\n\t<meta name=\"twitter:label2\" content=\"Est. reading time\" \/>\n\t<meta name=\"twitter:data2\" content=\"5 minutes\" \/>\n<script type=\"application\/ld+json\" class=\"yoast-schema-graph\">{\"@context\":\"https:\/\/schema.org\",\"@graph\":[{\"@type\":\"WebPage\",\"@id\":\"https:\/\/veritasinfo.org\/?p=4992&lang=sr\",\"url\":\"https:\/\/veritasinfo.org\/?p=4992&lang=sr\",\"name\":\"Kosovo sa tri \u0161anse za \u201eSrce Sarajeva\u201c koje vodi ka Oskaru -\",\"isPartOf\":{\"@id\":\"https:\/\/veritasinfo.org\/#website\"},\"primaryImageOfPage\":{\"@id\":\"https:\/\/veritasinfo.org\/?p=4992&lang=sr#primaryimage\"},\"image\":{\"@id\":\"https:\/\/veritasinfo.org\/?p=4992&lang=sr#primaryimage\"},\"thumbnailUrl\":\"https:\/\/veritasinfo.org\/wp-content\/uploads\/2025\/07\/IMG_2269.webp\",\"datePublished\":\"2025-07-24T08:19:32+00:00\",\"author\":{\"@id\":\"https:\/\/veritasinfo.org\/#\/schema\/person\/7701f8c088bece422266b100a712374f\"},\"breadcrumb\":{\"@id\":\"https:\/\/veritasinfo.org\/?p=4992&lang=sr#breadcrumb\"},\"inLanguage\":\"en-US\",\"potentialAction\":[{\"@type\":\"ReadAction\",\"target\":[\"https:\/\/veritasinfo.org\/?p=4992&lang=sr\"]}]},{\"@type\":\"ImageObject\",\"inLanguage\":\"en-US\",\"@id\":\"https:\/\/veritasinfo.org\/?p=4992&lang=sr#primaryimage\",\"url\":\"https:\/\/veritasinfo.org\/wp-content\/uploads\/2025\/07\/IMG_2269.webp\",\"contentUrl\":\"https:\/\/veritasinfo.org\/wp-content\/uploads\/2025\/07\/IMG_2269.webp\",\"width\":1360,\"height\":870},{\"@type\":\"BreadcrumbList\",\"@id\":\"https:\/\/veritasinfo.org\/?p=4992&lang=sr#breadcrumb\",\"itemListElement\":[{\"@type\":\"ListItem\",\"position\":1,\"name\":\"Home\",\"item\":\"https:\/\/veritasinfo.org\/\"},{\"@type\":\"ListItem\",\"position\":2,\"name\":\"Kosovo sa tri \u0161anse za \u201eSrce Sarajeva\u201c koje vodi ka Oskaru\"}]},{\"@type\":\"WebSite\",\"@id\":\"https:\/\/veritasinfo.org\/#website\",\"url\":\"https:\/\/veritasinfo.org\/\",\"name\":\"\",\"description\":\"\",\"potentialAction\":[{\"@type\":\"SearchAction\",\"target\":{\"@type\":\"EntryPoint\",\"urlTemplate\":\"https:\/\/veritasinfo.org\/?s={search_term_string}\"},\"query-input\":{\"@type\":\"PropertyValueSpecification\",\"valueRequired\":true,\"valueName\":\"search_term_string\"}}],\"inLanguage\":\"en-US\"},{\"@type\":\"Person\",\"@id\":\"https:\/\/veritasinfo.org\/#\/schema\/person\/7701f8c088bece422266b100a712374f\",\"name\":\"admin\",\"image\":{\"@type\":\"ImageObject\",\"inLanguage\":\"en-US\",\"@id\":\"https:\/\/veritasinfo.org\/#\/schema\/person\/image\/\",\"url\":\"https:\/\/secure.gravatar.com\/avatar\/ea53aa3bf6c9a12d5fde8ce4deff43fef3885ae33cf60184161a50d6987cfd2f?s=96&d=mm&r=g\",\"contentUrl\":\"https:\/\/secure.gravatar.com\/avatar\/ea53aa3bf6c9a12d5fde8ce4deff43fef3885ae33cf60184161a50d6987cfd2f?s=96&d=mm&r=g\",\"caption\":\"admin\"},\"sameAs\":[\"https:\/\/veritasinfo.org\"],\"url\":\"https:\/\/veritasinfo.org\/?author=1\"}]}<\/script>\n<!-- \/ Yoast SEO plugin. -->","yoast_head_json":{"title":"Kosovo sa tri \u0161anse za \u201eSrce Sarajeva\u201c koje vodi ka Oskaru -","robots":{"index":"index","follow":"follow","max-snippet":"max-snippet:-1","max-image-preview":"max-image-preview:large","max-video-preview":"max-video-preview:-1"},"canonical":"https:\/\/veritasinfo.org\/?p=4992&lang=sr","og_locale":"en_US","og_type":"article","og_title":"Kosovo sa tri \u0161anse za \u201eSrce Sarajeva\u201c koje vodi ka Oskaru -","og_description":"Sarajevo, 24. jul 2025. Na Sarajevo Film Festivalu \u2013 koji je ove godine, po prvi put, kvalifikacioni za presti\u017enu nagradu \u201cOscar\u201d \u2013 Kosovo ima trostruko","og_url":"https:\/\/veritasinfo.org\/?p=4992&lang=sr","article_published_time":"2025-07-24T08:19:32+00:00","og_image":[{"width":1360,"height":870,"url":"https:\/\/veritasinfo.org\/wp-content\/uploads\/2025\/07\/IMG_2269.webp","type":"image\/webp"}],"author":"admin","twitter_card":"summary_large_image","twitter_misc":{"Written by":"admin","Est. reading time":"5 minutes"},"schema":{"@context":"https:\/\/schema.org","@graph":[{"@type":"WebPage","@id":"https:\/\/veritasinfo.org\/?p=4992&lang=sr","url":"https:\/\/veritasinfo.org\/?p=4992&lang=sr","name":"Kosovo sa tri \u0161anse za \u201eSrce Sarajeva\u201c koje vodi ka Oskaru -","isPartOf":{"@id":"https:\/\/veritasinfo.org\/#website"},"primaryImageOfPage":{"@id":"https:\/\/veritasinfo.org\/?p=4992&lang=sr#primaryimage"},"image":{"@id":"https:\/\/veritasinfo.org\/?p=4992&lang=sr#primaryimage"},"thumbnailUrl":"https:\/\/veritasinfo.org\/wp-content\/uploads\/2025\/07\/IMG_2269.webp","datePublished":"2025-07-24T08:19:32+00:00","author":{"@id":"https:\/\/veritasinfo.org\/#\/schema\/person\/7701f8c088bece422266b100a712374f"},"breadcrumb":{"@id":"https:\/\/veritasinfo.org\/?p=4992&lang=sr#breadcrumb"},"inLanguage":"en-US","potentialAction":[{"@type":"ReadAction","target":["https:\/\/veritasinfo.org\/?p=4992&lang=sr"]}]},{"@type":"ImageObject","inLanguage":"en-US","@id":"https:\/\/veritasinfo.org\/?p=4992&lang=sr#primaryimage","url":"https:\/\/veritasinfo.org\/wp-content\/uploads\/2025\/07\/IMG_2269.webp","contentUrl":"https:\/\/veritasinfo.org\/wp-content\/uploads\/2025\/07\/IMG_2269.webp","width":1360,"height":870},{"@type":"BreadcrumbList","@id":"https:\/\/veritasinfo.org\/?p=4992&lang=sr#breadcrumb","itemListElement":[{"@type":"ListItem","position":1,"name":"Home","item":"https:\/\/veritasinfo.org\/"},{"@type":"ListItem","position":2,"name":"Kosovo sa tri \u0161anse za \u201eSrce Sarajeva\u201c koje vodi ka Oskaru"}]},{"@type":"WebSite","@id":"https:\/\/veritasinfo.org\/#website","url":"https:\/\/veritasinfo.org\/","name":"","description":"","potentialAction":[{"@type":"SearchAction","target":{"@type":"EntryPoint","urlTemplate":"https:\/\/veritasinfo.org\/?s={search_term_string}"},"query-input":{"@type":"PropertyValueSpecification","valueRequired":true,"valueName":"search_term_string"}}],"inLanguage":"en-US"},{"@type":"Person","@id":"https:\/\/veritasinfo.org\/#\/schema\/person\/7701f8c088bece422266b100a712374f","name":"admin","image":{"@type":"ImageObject","inLanguage":"en-US","@id":"https:\/\/veritasinfo.org\/#\/schema\/person\/image\/","url":"https:\/\/secure.gravatar.com\/avatar\/ea53aa3bf6c9a12d5fde8ce4deff43fef3885ae33cf60184161a50d6987cfd2f?s=96&d=mm&r=g","contentUrl":"https:\/\/secure.gravatar.com\/avatar\/ea53aa3bf6c9a12d5fde8ce4deff43fef3885ae33cf60184161a50d6987cfd2f?s=96&d=mm&r=g","caption":"admin"},"sameAs":["https:\/\/veritasinfo.org"],"url":"https:\/\/veritasinfo.org\/?author=1"}]}},"featured_image_urls":{"full":["https:\/\/veritasinfo.org\/wp-content\/uploads\/2025\/07\/IMG_2269.webp",1360,870,false],"thumbnail":["https:\/\/veritasinfo.org\/wp-content\/uploads\/2025\/07\/IMG_2269-150x150.webp",150,150,true],"medium":["https:\/\/veritasinfo.org\/wp-content\/uploads\/2025\/07\/IMG_2269-300x192.webp",300,192,true],"medium_large":["https:\/\/veritasinfo.org\/wp-content\/uploads\/2025\/07\/IMG_2269-768x491.webp",640,409,true],"large":["https:\/\/veritasinfo.org\/wp-content\/uploads\/2025\/07\/IMG_2269-1024x655.webp",640,409,true],"1536x1536":["https:\/\/veritasinfo.org\/wp-content\/uploads\/2025\/07\/IMG_2269.webp",1360,870,false],"2048x2048":["https:\/\/veritasinfo.org\/wp-content\/uploads\/2025\/07\/IMG_2269.webp",1360,870,false],"kreeti-slider-full":["https:\/\/veritasinfo.org\/wp-content\/uploads\/2025\/07\/IMG_2269.webp",1126,720,false],"kreeti-featured":["https:\/\/veritasinfo.org\/wp-content\/uploads\/2025\/07\/IMG_2269.webp",1024,655,false],"kreeti-medium":["https:\/\/veritasinfo.org\/wp-content\/uploads\/2025\/07\/IMG_2269.webp",720,461,false],"kreeti-medium-square":["https:\/\/veritasinfo.org\/wp-content\/uploads\/2025\/07\/IMG_2269.webp",350,224,false]},"author_info":{"info":["admin"]},"category_info":"<a href=\"https:\/\/veritasinfo.org\/?cat=34&#038;lang=sr\" rel=\"category\">Kultura<\/a>","tag_info":"Kultura","comment_count":"0","_links":{"self":[{"href":"https:\/\/veritasinfo.org\/index.php?rest_route=\/wp\/v2\/posts\/4992","targetHints":{"allow":["GET"]}}],"collection":[{"href":"https:\/\/veritasinfo.org\/index.php?rest_route=\/wp\/v2\/posts"}],"about":[{"href":"https:\/\/veritasinfo.org\/index.php?rest_route=\/wp\/v2\/types\/post"}],"author":[{"embeddable":true,"href":"https:\/\/veritasinfo.org\/index.php?rest_route=\/wp\/v2\/users\/1"}],"replies":[{"embeddable":true,"href":"https:\/\/veritasinfo.org\/index.php?rest_route=%2Fwp%2Fv2%2Fcomments&post=4992"}],"version-history":[{"count":1,"href":"https:\/\/veritasinfo.org\/index.php?rest_route=\/wp\/v2\/posts\/4992\/revisions"}],"predecessor-version":[{"id":4993,"href":"https:\/\/veritasinfo.org\/index.php?rest_route=\/wp\/v2\/posts\/4992\/revisions\/4993"}],"wp:featuredmedia":[{"embeddable":true,"href":"https:\/\/veritasinfo.org\/index.php?rest_route=\/wp\/v2\/media\/4990"}],"wp:attachment":[{"href":"https:\/\/veritasinfo.org\/index.php?rest_route=%2Fwp%2Fv2%2Fmedia&parent=4992"}],"wp:term":[{"taxonomy":"category","embeddable":true,"href":"https:\/\/veritasinfo.org\/index.php?rest_route=%2Fwp%2Fv2%2Fcategories&post=4992"},{"taxonomy":"post_tag","embeddable":true,"href":"https:\/\/veritasinfo.org\/index.php?rest_route=%2Fwp%2Fv2%2Ftags&post=4992"}],"curies":[{"name":"wp","href":"https:\/\/api.w.org\/{rel}","templated":true}]}}