{"id":4989,"date":"2025-07-24T10:15:33","date_gmt":"2025-07-24T08:15:33","guid":{"rendered":"https:\/\/veritasinfo.org\/?p=4989"},"modified":"2025-07-24T10:15:33","modified_gmt":"2025-07-24T08:15:33","slug":"kosova-me-tri-shanse-per-zemren-e-sarajeves-qe-con-drejt-oscarit","status":"publish","type":"post","link":"https:\/\/veritasinfo.org\/?p=4989","title":{"rendered":"Kosova me tri shanse p\u00ebr \u201cZemr\u00ebn e Sarajev\u00ebs\u201d q\u00eb \u00e7on drejt \u201cOscarit\u201d"},"content":{"rendered":"<p><!--more-->Sarajev\u00eb, 24 Korrik 2025<\/p>\n<h2><span style=\"font-size: 15px;\">N\u00eb Festivalin e Filmit n\u00eb Sarajev\u00eb \u2013 i cili prej sivjet \u00ebsht\u00eb edhe kualifikues p\u00ebr \u00e7mimin prestigjioz \u201cOscar\u201d \u2013 Kosova ka p\u00ebrfaq\u00ebsim t\u00eb trefisht\u00eb n\u00eb tri kategori t\u00eb ndryshme: n\u00eb kategorin\u00eb e filmit t\u00eb gjat\u00eb, si bashk\u00ebprodhuese e filmit malazias \u201cVidra\u201d, e me p\u00ebrfaq\u00ebsim t\u00eb plot\u00eb, me \u201cMua besoj m\u00eb shp\u00ebtoi portreti\u201d, n\u00ebn regji t\u00eb Alban Muj\u00ebs dhe \u201cSyt\u00eb e Bern\u00ebs\u201d, n\u00ebn regji t\u00eb Ermal G\u00ebrdovcit me skenar t\u00eb Patrik Lekajt. Jan\u00eb zgjedhur n\u00eb mesin e mbi nj\u00eb mij\u00eb filmave<\/span><\/h2>\n<div class=\"instream-video\">\n<div data-id=\"2kQm8Ze4251g\">\n<div class=\"orp-player-wrapper orp-aspectRateFixed orp-tiny-size orp-player-ipm orp-force-hide-player\">Njihet si nj\u00ebri prej festivaleve m\u00eb t\u00eb m\u00ebdha t\u00eb filmit n\u00eb Evrop\u00ebn Juglindore, prej sivjet \u00ebsht\u00eb kualifikues edhe p\u00ebr \u00e7mimin \u201cOscar\u201d, n\u00eb tapetin e kuq t\u00eb tij kan\u00eb shkelur emra t\u00eb shquar t\u00eb kinematografis\u00eb bot\u00ebrore, e Kosova \u2013 ndon\u00ebse ende e prezantuar me fusnot\u00eb \u2013 nuk \u00ebsht\u00eb e panjohur p\u00ebr Festivalin e Filmit n\u00eb Sarajev\u00eb dhe p\u00ebr \u00e7mimet e tij, \u201cZemr\u00ebn e Sarajev\u00ebs\u201d.<\/div>\n<\/div>\n<\/div>\n<p>T\u00eb m\u00ebrkur\u00ebn kjo ngjarje madhore ka shpallur filmat garues p\u00ebr edicionin e 31-t\u00eb. Jan\u00eb 50 filma nga t\u00eb kat\u00ebr an\u00ebt e bot\u00ebs n\u00eb gar\u00ebn zyrtare n\u00eb t\u00eb cil\u00ebn Kosova ka p\u00ebrfaq\u00ebsim t\u00eb trefisht\u00eb: nj\u00eb bashk\u00ebprodhim dhe dy filma prodhim vendor.<\/p>\n<p>\u201cVidra\u201d, n\u00ebn regji t\u00eb Srgjan Vuletiqit dhe skenar t\u00eb Stefan Boshkoviqit, n\u00eb t\u00eb cilin Kosova \u00ebsht\u00eb bashk\u00ebprodhuese t\u00eb cilit i prin Mali i Zi, pasuar nga Bosnj\u00eb-Hercegovina, Italia dhe Kroacia garon n\u00eb kategorin\u00eb kryesore \u2013 at\u00eb t\u00eb filmit t\u00eb gjat\u00eb tok me tet\u00eb filma t\u00eb tjer\u00eb. Do t\u00eb jepet premier\u00eb bot\u00ebrore n\u00eb SFF q\u00eb mbahet prej 15 deri m\u00eb 22 gusht. \u00a0Producent i Kosov\u00ebs i k\u00ebtij filmi \u00ebsht\u00eb Fatmir Spahiu, i cili po ashtu \u00ebsht\u00eb edhe n\u00eb kast\u00ebn e aktor\u00ebve sikurse edhe Edona Reshitaj e Aurita Agushi e n\u00eb staf jan\u00eb P\u00ebllumb Ballata, Nol Selmani. Qendra Kinematografike e Kosov\u00ebs e ka financuar si bashk\u00ebprodhim minor. P\u00ebrshkruhet si dram\u00eb q\u00eb shpalos historin\u00eb e Han\u00ebs, nj\u00eb adoleshente introverte e cila \u00ebsht\u00eb fshehurazi e dashuruar me Balsh\u00ebn. \u201cP\u00ebrmes personazhit t\u00eb Han\u00ebs, publiku p\u00ebrballet me nj\u00eb udh\u00ebtim kompleks emocional t\u00eb mbushur me shpres\u00eb, zhg\u00ebnjime, trishtim, duke luftuar p\u00ebr veten dhe q\u00ebndrimet e veta\u201d, shkruhet n\u00eb sinopsis.<\/p>\n<p>Por me p\u00ebrfaq\u00ebsim t\u00eb plot\u00eb, Kosova ka n\u00eb gar\u00eb dy filma: \u201cMua besoj m\u00eb shp\u00ebtoi portreti\u201d, n\u00ebn regji t\u00eb Alban Muj\u00ebs dhe \u201cSyt\u00eb e Bern\u00ebs\u201d, n\u00ebn regji t\u00eb Ermal G\u00ebrdovcit me skenar t\u00eb Patrik Lekajt. I pari garon n\u00eb kategorin\u00eb e dokumentar\u00ebve, n\u00eb SFF jepet premier\u00eb rajonale, e \u201cSyt\u00eb&#8230;\u201d n\u00eb gar\u00ebn e filmave t\u00eb shkurt\u00ebr, do t\u00eb jet\u00eb premier\u00eb bot\u00ebrore.<\/p>\n<p>P\u00ebr futjen n\u00eb gar\u00eb t\u00eb tre filmave ka njoftuar edhe Qendra Kinematografike e Kosov\u00ebs. P\u00ebr \u201cVidra\u201d ka shkruar se q\u00eb nga faza e zhvillimit ka t\u00ebrhequr v\u00ebmendjen e platformave dhe ngjarjeve t\u00eb r\u00ebnd\u00ebsishme nd\u00ebrkomb\u00ebtare: \u201c\u00cbsht\u00eb p\u00ebrzgjedhur p\u00ebr \u2018Cinefondation\u2019 \u2013 L\u2019Atelier n\u00eb Festivalin e Kan\u00ebs, ka fituar \u00e7mimin kryesor \u2018Eurimages Co-Production Development Award\u2019 n\u00eb \u2018CineLink\u2019, \u00ebsht\u00eb shp\u00ebrblyer me \u2018Best Pitch Award\u2019 n\u00eb \u2018When East Meets West\u2019 dhe \u00ebsht\u00eb p\u00ebrzgjedhur p\u00ebr \u2018Work in Progress\u2019 n\u00eb Festivalin Nd\u00ebrkomb\u00ebtar t\u00eb Filmit n\u00eb Selanik. Nj\u00eb element i ve\u00e7ant\u00eb i filmit \u00ebsht\u00eb p\u00ebrfshirja e t\u00eb rinjve n\u00eb rolet kryesore \u2013 t\u00eb gjith\u00eb nx\u00ebn\u00ebs t\u00eb shkollave t\u00eb mesme\u201d, ka shkruar QKK-ja n\u00eb tri njoftime t\u00eb ndara p\u00ebr t\u00eb tre filmat, afishuar n\u00eb rrjete sociale. Si\u00e7 njoftohet n\u00eb ueb-faqen zyrtare t\u00eb SFF-s\u00eb, \u00ebsht\u00eb premier\u00eb bot\u00ebrore. P\u00ebr \u201cMua besoj m\u00eb shp\u00ebtoi portreti\u201d ka shkruar se \u201cpas shum\u00eb sukseseve n\u00ebp\u00ebr festivale nd\u00ebrkomb\u00ebtare, filmi i shkurt\u00ebr dokumentar do t\u00eb shfaqet n\u00eb Programin Konkurrues (Competition Programme \u2013 Documentary Film) t\u00eb Filmit Dokumentar n\u00eb Sarajevo Film Festival 2025\u201d.<\/p>\n<p>N\u00eb gar\u00eb ka edhe 20 filma t\u00eb tjer\u00eb dokumentar\u00eb. \u201cMua&#8230;\u201d e nisi mbar\u00eb qysh me premier\u00eb bot\u00ebrore n\u00eb shkurtin e sivjetm\u00eb. \u201cGoditi\u201d n\u00eb \u201cBerlinale\u201d, ku rr\u00ebfeu histori mbijetese. Protagonisti rr\u00ebfen se si arti ia ka shp\u00ebtuar jet\u00ebn \u2013 thjesht duke e ushtruar profesionin n\u00eb nj\u00eb dit\u00eb kur piktori bie n\u00eb duart e kasapit serb. \u00cbsht\u00eb rr\u00ebfimi i piktorit Sk\u00ebnder Muja, babait t\u00eb autorit t\u00eb filmit. U shfaq n\u00eb kuad\u00ebr t\u00eb programit \u201cForum Expanded\u201d t\u00eb edicionit t\u00eb 75-t\u00eb nj\u00ebr\u00ebs nga ngjarjet m\u00eb t\u00eb r\u00ebnd\u00ebsishme t\u00eb industris\u00eb filmike bot\u00ebrore. Prej aty, n\u00eb prill vazhdoi n\u00eb \u201cGo Short\u201d n\u00eb qytetin Nijmegen t\u00eb Holand\u00ebs e qershori e gjeti n\u00eb \u201cVienna Shorts\u201d dhe n\u00eb Festivalin e Filmit t\u00eb Shkurt\u00ebr n\u00eb Hamburg.<\/p>\n<p>P\u00ebr \u201cSyt\u00eb e Bern\u00ebs\u201d, Sarajeva do t\u00eb jet\u00eb takimi i par\u00eb me publikun.<\/p>\n<p>\u201c\u00cbsht\u00eb nj\u00eb rrug\u00ebtim psikologjik drejt zem\u00ebrimit, t\u00eb kaluar\u00ebs dhe nj\u00eb katarsisi t\u00eb err\u00ebt. E p\u00ebrndjekur nga trauma dhe e rraskapitur nga pagjum\u00ebsia, Berna zhytet n\u00eb vizione t\u00eb dhunshme ku kufiri mes reales dhe hakmarrjes zhduket. Filmi \u00ebsht\u00eb pjes\u00eb e \u2018Competition Programme &#8211; Short Film\u2019 dhe do t\u00eb konkurroj\u00eb n\u00eb mesin e 10 filmave t\u00eb tjer\u00eb t\u00eb p\u00ebrzgjedhur n\u00eb k\u00ebt\u00eb kategori\u201d, ka shkruar QKK-ja p\u00ebr k\u00ebt\u00eb film n\u00eb t\u00eb cilin rolet kryesore i kan\u00eb: Arta Selimi, Tristan Halilaj, Ervin Shala, Gramos Malaj dhe Altin Vraniqi.<br \/>\nFestivali i Filmit n\u00eb Sarajev\u00eb ka njoftuar se prej 50 filmave garues n\u00eb kat\u00ebr kategori, 16 filma do t\u00eb ken\u00eb premiera bot\u00ebrore. Sipas njoftimit, ekipi i p\u00ebrzgjedhjes s\u00eb filmave, i udh\u00ebhequr nga Izeta Gragjeviq, drejtoresh\u00eb artistike e Festivalit t\u00eb Filmit n\u00eb Sarajev\u00eb, mori n\u00eb shqyrtim nj\u00eb mij\u00eb e 36 \u00a0filma: 195 filma artistik\u00eb, 291 dokumentar\u00eb dhe 550 filma t\u00eb shkurt\u00ebr dhe studentor\u00eb.<\/p>\n<p>\u201cProgramet e edicionit t\u00eb 31-t\u00eb Festivalit t\u00eb Filmit n\u00eb Sarajev\u00eb bashkojn\u00eb autor\u00eb t\u00eb cil\u00ebt, secili nga perspektiva e vet dhe n\u00eb formate dhe zhanre t\u00eb ndryshme, eksplorojn\u00eb se si jetojm\u00eb dhe si mbijetojm\u00eb brenda kornizave shoq\u00ebrore komplekse dhe t\u00eb paq\u00ebndrueshme. Shtylla kurrizore e programeve t\u00eb k\u00ebtij viti jan\u00eb filmat q\u00eb, duke tejkaluar kufijt\u00eb komb\u00ebtar\u00eb, u q\u00ebndrojn\u00eb besnik\u00eb historive universale q\u00eb form\u00ebsojn\u00eb jet\u00ebn ton\u00eb. N\u00eb k\u00ebt\u00eb gam\u00eb \u2013 \u00a0nga temat q\u00eb merren me t\u00eb tashmen deri tek ata q\u00eb v\u00ebn\u00eb n\u00eb pik\u00ebpyetje t\u00eb kaluar\u00ebn \u2013 \u00a0kjo p\u00ebrzgjedhje hap hap\u00ebsir\u00eb q\u00eb, p\u00ebrmes historive t\u00eb filmave, t\u00eb kujtojm\u00eb at\u00eb q\u00eb t\u00eb gjith\u00eb kemi t\u00eb p\u00ebrbashk\u00ebt: nevoj\u00ebn p\u00ebr t\u00eb kuptuarit, p\u00ebr af\u00ebrsi e mir\u00ebkuptim\u201d, citohet t\u00eb ket\u00eb th\u00ebn\u00eb Gragjeviq, sipas njoftimit t\u00eb SFF-s\u00eb.<\/p>\n<p>Prej k\u00ebtij viti Festivali i Filmit n\u00eb Sarajev\u00eb (SFF) ka marr\u00eb statusin e \u201cfestivalit kualifikues t\u00eb filmit\u201d p\u00ebr \u00e7mimet \u201cOscar\u201d. Ky status do t\u00eb thot\u00eb q\u00eb filmat fitues n\u00eb kategorit\u00eb e p\u00ebrzgjedhura do t\u00eb mund t\u00eb kualifikohen p\u00ebr nominimet p\u00ebr \u00e7mimin m\u00eb t\u00eb madh n\u00eb kinematografi.<\/p>\n<p>\u201cPas p\u00ebrfshirjes n\u00eb list\u00ebn e festivaleve prestigjioze bot\u00ebrore n\u00eb vitin 2019, fituesit e t\u00eb cil\u00ebve n\u00eb kategorin\u00eb e filmit t\u00eb shkurt\u00ebr kualifikoheshin automatikisht p\u00ebr t\u2019u konsideruar p\u00ebr nominim p\u00ebr \u00e7mimin \u2018Oscar\u2019, tash e tutje at\u00eb privilegj e kan\u00eb edhe fituesit e \u2018Zemr\u00ebs s\u00eb Sarajev\u00ebs\u2019 p\u00ebr dokumentarin m\u00eb t\u00eb mir\u00eb t\u00eb metrazhit t\u00eb gjat\u00eb\u201d, thuhej n\u00eb njoftimin e marsit t\u00eb sivjetm\u00eb kur SFF-ja sh\u00ebnoi k\u00ebt\u00eb arritje.<\/p>\n<p>\u201cAcademy Awards\u201d e kishte p\u00ebrfshir\u00eb kategorin\u00eb \u201cfestivalet kualifikuese t\u00eb filmit\u201d p\u00ebr t\u00eb nxjerr\u00eb n\u00eb pah filmat q\u00eb jan\u00eb shp\u00ebrblyer n\u00eb festivalet relevante bot\u00ebrore.<\/p>\n<p>\u201cSipas vendimit t\u00eb Akademis\u00eb Amerikane t\u00eb Arteve dhe Shkencave t\u00eb Filmit, fituesit e \u2018Zemr\u00ebs s\u00eb Sarajev\u00ebs\u2019 p\u00ebr dokumentarin m\u00eb t\u00eb mir\u00eb, \u2018Zemr\u00ebs s\u00eb Sarajev\u00ebs\u2019 p\u00ebr filmin m\u00eb t\u00eb mir\u00eb t\u00eb shkurt\u00ebr dhe fituesi i kandidimit p\u00ebr \u00e7mimin e Akademis\u00eb Evropiane t\u00eb Filmit n\u00eb kategorin\u00eb e filmit m\u00eb t\u00eb mir\u00eb t\u00eb shkurt\u00ebr, kualifikohen automatikisht p\u00ebr nominim p\u00ebr \u2018Oscar\u2019. Kjo njeh suksesin e arritur nga fituesit e \u00e7mimeve n\u00eb SFF dhe n\u00ebse i plot\u00ebsojn\u00eb rregullat e tjera t\u00eb Akademis\u00eb kualifikohen p\u00ebr t&#8217;u konsideruar p\u00ebr nominimin p\u00ebr \u00e7mimet \u2018Oscar\u2019\u201d, thuhej n\u00eb njoftim.<\/p>\n<p>N\u00eb SFF, kinematografia e Kosov\u00ebs ka nj\u00eb kapitull t\u00eb ve\u00e7ant\u00eb. Vet\u00ebm vitin e kaluar, \u201cSi e verdh\u00eb e s\u00ebmur\u00eb\u201d, n\u00ebn regji t\u00eb Norika Sef\u00ebs, mori \u201cZemr\u00ebn e Sarajev\u00ebs\u201d p\u00ebr dokumentarin m\u00eb t\u00eb mir\u00eb t\u00eb shkurt\u00ebr. N\u00eb vitin 2021, Sefa me filmin e saj \u201cN\u00eb k\u00ebrkim t\u00eb Vener\u00ebs\u201d kishte marr\u00eb \u00e7mimin \u201cP\u00ebrmendje speciale p\u00ebr barazi gjinore\u201d. Vjet n\u00eb gar\u00eb kishte qen\u00eb edhe filmi \u201cRrug\u00ebs\u201d i Samir Karahod\u00ebs. N\u00eb vitin 2020, \u201cExil\u201d i Visar Morin\u00ebs mori \u201cZemr\u00ebn e Sarajev\u00ebs\u201d p\u00ebr filmin m\u00eb t\u00eb mir\u00eb. N\u00eb at\u00eb edicion pjes\u00ebmarr\u00ebs ishin edhe \u201cGalaktika e Andromed\u00ebs\u201d i regjisores More Ra\u00e7a, \u201cZana\u201d i Antoneta Kastratit dhe \u201cVera andrron detin\u201d, i regjisores Kaltrina Krasniqi. N\u00eb vitin 2020 Kosova sh\u00ebnoi sukses t\u00eb trefisht\u00eb: \u201cLuaneshat e kodr\u00ebs\u201d, \u201cN\u00eb k\u00ebrkim t\u00eb Vener\u00ebs\u201d dhe \u201cPa vend\u201d \u2013 ia dol\u00ebn t\u00eb merrnin nd\u00ebr \u00e7mimet kryesore t\u00eb evenimentit t\u00eb njohur t\u00eb filmit. Aktoret Flaka Latifi, Era Balaj dhe Urat\u00eb Shabani \u2013 pjes\u00eb e kastit t\u00eb filmit \u201cLuaneshat e kodr\u00ebs\u201d, n\u00ebn regjin\u00eb e Luana Bajramit \u2013 kishin marr\u00eb \u201cZemra e Sarajev\u00ebs\u201d p\u00ebr aktoren m\u00eb t\u00eb mir\u00eb\u201d. Pos \u201cN\u00eb k\u00ebrkim t\u00eb Vener\u00ebs\u201d me \u201cP\u00ebrmendje speciale p\u00ebr barazi gjinore\u201d, \u201cPa vend\u201d i Samir Karahod\u00ebs mori \u201cSpecial Jury Mention\u201d.<\/p>\n<p>Historia e SFF-s\u00eb nisi m\u00eb 1995, pik\u00ebrisht kur Sarajeva mbahej e rrethuar nga forcat ushtarake serbe. Angelina Jolie, Brad Pitt, Robert de Niro, Orlando Bloom, Morgan Freeman, Gerard Depardieu, Benicio del Toro, jan\u00eb disa prej emrave q\u00eb i ka mir\u00ebpritur ky festival.<\/p>\n<p>&nbsp;<\/p>\n","protected":false},"excerpt":{"rendered":"","protected":false},"author":1,"featured_media":4990,"comment_status":"open","ping_status":"open","sticky":false,"template":"","format":"standard","meta":{"footnotes":""},"categories":[54],"tags":[],"class_list":["post-4989","post","type-post","status-publish","format-standard","has-post-thumbnail","hentry","category-kulture-sq"],"yoast_head":"<!-- This site is optimized with the Yoast SEO plugin v25.3.1 - https:\/\/yoast.com\/wordpress\/plugins\/seo\/ -->\n<title>Kosova me tri shanse p\u00ebr \u201cZemr\u00ebn e Sarajev\u00ebs\u201d q\u00eb \u00e7on drejt \u201cOscarit\u201d -<\/title>\n<meta name=\"robots\" content=\"index, follow, max-snippet:-1, max-image-preview:large, max-video-preview:-1\" \/>\n<link rel=\"canonical\" href=\"https:\/\/veritasinfo.org\/?p=4989\" \/>\n<meta property=\"og:locale\" content=\"en_US\" \/>\n<meta property=\"og:type\" content=\"article\" \/>\n<meta property=\"og:title\" content=\"Kosova me tri shanse p\u00ebr \u201cZemr\u00ebn e Sarajev\u00ebs\u201d q\u00eb \u00e7on drejt \u201cOscarit\u201d -\" \/>\n<meta property=\"og:url\" content=\"https:\/\/veritasinfo.org\/?p=4989\" \/>\n<meta property=\"article:published_time\" content=\"2025-07-24T08:15:33+00:00\" \/>\n<meta property=\"og:image\" content=\"https:\/\/veritasinfo.org\/wp-content\/uploads\/2025\/07\/IMG_2269.webp\" \/>\n\t<meta property=\"og:image:width\" content=\"1360\" \/>\n\t<meta property=\"og:image:height\" content=\"870\" \/>\n\t<meta property=\"og:image:type\" content=\"image\/webp\" \/>\n<meta name=\"author\" content=\"admin\" \/>\n<meta name=\"twitter:card\" content=\"summary_large_image\" \/>\n<meta name=\"twitter:label1\" content=\"Written by\" \/>\n\t<meta name=\"twitter:data1\" content=\"admin\" \/>\n\t<meta name=\"twitter:label2\" content=\"Est. reading time\" \/>\n\t<meta name=\"twitter:data2\" content=\"7 minutes\" \/>\n<script type=\"application\/ld+json\" class=\"yoast-schema-graph\">{\"@context\":\"https:\/\/schema.org\",\"@graph\":[{\"@type\":\"WebPage\",\"@id\":\"https:\/\/veritasinfo.org\/?p=4989\",\"url\":\"https:\/\/veritasinfo.org\/?p=4989\",\"name\":\"Kosova me tri shanse p\u00ebr \u201cZemr\u00ebn e Sarajev\u00ebs\u201d q\u00eb \u00e7on drejt \u201cOscarit\u201d -\",\"isPartOf\":{\"@id\":\"https:\/\/veritasinfo.org\/#website\"},\"primaryImageOfPage\":{\"@id\":\"https:\/\/veritasinfo.org\/?p=4989#primaryimage\"},\"image\":{\"@id\":\"https:\/\/veritasinfo.org\/?p=4989#primaryimage\"},\"thumbnailUrl\":\"https:\/\/veritasinfo.org\/wp-content\/uploads\/2025\/07\/IMG_2269.webp\",\"datePublished\":\"2025-07-24T08:15:33+00:00\",\"author\":{\"@id\":\"https:\/\/veritasinfo.org\/#\/schema\/person\/7701f8c088bece422266b100a712374f\"},\"breadcrumb\":{\"@id\":\"https:\/\/veritasinfo.org\/?p=4989#breadcrumb\"},\"inLanguage\":\"en-US\",\"potentialAction\":[{\"@type\":\"ReadAction\",\"target\":[\"https:\/\/veritasinfo.org\/?p=4989\"]}]},{\"@type\":\"ImageObject\",\"inLanguage\":\"en-US\",\"@id\":\"https:\/\/veritasinfo.org\/?p=4989#primaryimage\",\"url\":\"https:\/\/veritasinfo.org\/wp-content\/uploads\/2025\/07\/IMG_2269.webp\",\"contentUrl\":\"https:\/\/veritasinfo.org\/wp-content\/uploads\/2025\/07\/IMG_2269.webp\",\"width\":1360,\"height\":870},{\"@type\":\"BreadcrumbList\",\"@id\":\"https:\/\/veritasinfo.org\/?p=4989#breadcrumb\",\"itemListElement\":[{\"@type\":\"ListItem\",\"position\":1,\"name\":\"Home\",\"item\":\"https:\/\/veritasinfo.org\/\"},{\"@type\":\"ListItem\",\"position\":2,\"name\":\"Kosova me tri shanse p\u00ebr \u201cZemr\u00ebn e Sarajev\u00ebs\u201d q\u00eb \u00e7on drejt \u201cOscarit\u201d\"}]},{\"@type\":\"WebSite\",\"@id\":\"https:\/\/veritasinfo.org\/#website\",\"url\":\"https:\/\/veritasinfo.org\/\",\"name\":\"\",\"description\":\"\",\"potentialAction\":[{\"@type\":\"SearchAction\",\"target\":{\"@type\":\"EntryPoint\",\"urlTemplate\":\"https:\/\/veritasinfo.org\/?s={search_term_string}\"},\"query-input\":{\"@type\":\"PropertyValueSpecification\",\"valueRequired\":true,\"valueName\":\"search_term_string\"}}],\"inLanguage\":\"en-US\"},{\"@type\":\"Person\",\"@id\":\"https:\/\/veritasinfo.org\/#\/schema\/person\/7701f8c088bece422266b100a712374f\",\"name\":\"admin\",\"image\":{\"@type\":\"ImageObject\",\"inLanguage\":\"en-US\",\"@id\":\"https:\/\/veritasinfo.org\/#\/schema\/person\/image\/\",\"url\":\"https:\/\/secure.gravatar.com\/avatar\/ea53aa3bf6c9a12d5fde8ce4deff43fef3885ae33cf60184161a50d6987cfd2f?s=96&d=mm&r=g\",\"contentUrl\":\"https:\/\/secure.gravatar.com\/avatar\/ea53aa3bf6c9a12d5fde8ce4deff43fef3885ae33cf60184161a50d6987cfd2f?s=96&d=mm&r=g\",\"caption\":\"admin\"},\"sameAs\":[\"https:\/\/veritasinfo.org\"],\"url\":\"https:\/\/veritasinfo.org\/?author=1\"}]}<\/script>\n<!-- \/ Yoast SEO plugin. -->","yoast_head_json":{"title":"Kosova me tri shanse p\u00ebr \u201cZemr\u00ebn e Sarajev\u00ebs\u201d q\u00eb \u00e7on drejt \u201cOscarit\u201d -","robots":{"index":"index","follow":"follow","max-snippet":"max-snippet:-1","max-image-preview":"max-image-preview:large","max-video-preview":"max-video-preview:-1"},"canonical":"https:\/\/veritasinfo.org\/?p=4989","og_locale":"en_US","og_type":"article","og_title":"Kosova me tri shanse p\u00ebr \u201cZemr\u00ebn e Sarajev\u00ebs\u201d q\u00eb \u00e7on drejt \u201cOscarit\u201d -","og_url":"https:\/\/veritasinfo.org\/?p=4989","article_published_time":"2025-07-24T08:15:33+00:00","og_image":[{"width":1360,"height":870,"url":"https:\/\/veritasinfo.org\/wp-content\/uploads\/2025\/07\/IMG_2269.webp","type":"image\/webp"}],"author":"admin","twitter_card":"summary_large_image","twitter_misc":{"Written by":"admin","Est. reading time":"7 minutes"},"schema":{"@context":"https:\/\/schema.org","@graph":[{"@type":"WebPage","@id":"https:\/\/veritasinfo.org\/?p=4989","url":"https:\/\/veritasinfo.org\/?p=4989","name":"Kosova me tri shanse p\u00ebr \u201cZemr\u00ebn e Sarajev\u00ebs\u201d q\u00eb \u00e7on drejt \u201cOscarit\u201d -","isPartOf":{"@id":"https:\/\/veritasinfo.org\/#website"},"primaryImageOfPage":{"@id":"https:\/\/veritasinfo.org\/?p=4989#primaryimage"},"image":{"@id":"https:\/\/veritasinfo.org\/?p=4989#primaryimage"},"thumbnailUrl":"https:\/\/veritasinfo.org\/wp-content\/uploads\/2025\/07\/IMG_2269.webp","datePublished":"2025-07-24T08:15:33+00:00","author":{"@id":"https:\/\/veritasinfo.org\/#\/schema\/person\/7701f8c088bece422266b100a712374f"},"breadcrumb":{"@id":"https:\/\/veritasinfo.org\/?p=4989#breadcrumb"},"inLanguage":"en-US","potentialAction":[{"@type":"ReadAction","target":["https:\/\/veritasinfo.org\/?p=4989"]}]},{"@type":"ImageObject","inLanguage":"en-US","@id":"https:\/\/veritasinfo.org\/?p=4989#primaryimage","url":"https:\/\/veritasinfo.org\/wp-content\/uploads\/2025\/07\/IMG_2269.webp","contentUrl":"https:\/\/veritasinfo.org\/wp-content\/uploads\/2025\/07\/IMG_2269.webp","width":1360,"height":870},{"@type":"BreadcrumbList","@id":"https:\/\/veritasinfo.org\/?p=4989#breadcrumb","itemListElement":[{"@type":"ListItem","position":1,"name":"Home","item":"https:\/\/veritasinfo.org\/"},{"@type":"ListItem","position":2,"name":"Kosova me tri shanse p\u00ebr \u201cZemr\u00ebn e Sarajev\u00ebs\u201d q\u00eb \u00e7on drejt \u201cOscarit\u201d"}]},{"@type":"WebSite","@id":"https:\/\/veritasinfo.org\/#website","url":"https:\/\/veritasinfo.org\/","name":"","description":"","potentialAction":[{"@type":"SearchAction","target":{"@type":"EntryPoint","urlTemplate":"https:\/\/veritasinfo.org\/?s={search_term_string}"},"query-input":{"@type":"PropertyValueSpecification","valueRequired":true,"valueName":"search_term_string"}}],"inLanguage":"en-US"},{"@type":"Person","@id":"https:\/\/veritasinfo.org\/#\/schema\/person\/7701f8c088bece422266b100a712374f","name":"admin","image":{"@type":"ImageObject","inLanguage":"en-US","@id":"https:\/\/veritasinfo.org\/#\/schema\/person\/image\/","url":"https:\/\/secure.gravatar.com\/avatar\/ea53aa3bf6c9a12d5fde8ce4deff43fef3885ae33cf60184161a50d6987cfd2f?s=96&d=mm&r=g","contentUrl":"https:\/\/secure.gravatar.com\/avatar\/ea53aa3bf6c9a12d5fde8ce4deff43fef3885ae33cf60184161a50d6987cfd2f?s=96&d=mm&r=g","caption":"admin"},"sameAs":["https:\/\/veritasinfo.org"],"url":"https:\/\/veritasinfo.org\/?author=1"}]}},"featured_image_urls":{"full":["https:\/\/veritasinfo.org\/wp-content\/uploads\/2025\/07\/IMG_2269.webp",1360,870,false],"thumbnail":["https:\/\/veritasinfo.org\/wp-content\/uploads\/2025\/07\/IMG_2269-150x150.webp",150,150,true],"medium":["https:\/\/veritasinfo.org\/wp-content\/uploads\/2025\/07\/IMG_2269-300x192.webp",300,192,true],"medium_large":["https:\/\/veritasinfo.org\/wp-content\/uploads\/2025\/07\/IMG_2269-768x491.webp",640,409,true],"large":["https:\/\/veritasinfo.org\/wp-content\/uploads\/2025\/07\/IMG_2269-1024x655.webp",640,409,true],"1536x1536":["https:\/\/veritasinfo.org\/wp-content\/uploads\/2025\/07\/IMG_2269.webp",1360,870,false],"2048x2048":["https:\/\/veritasinfo.org\/wp-content\/uploads\/2025\/07\/IMG_2269.webp",1360,870,false],"kreeti-slider-full":["https:\/\/veritasinfo.org\/wp-content\/uploads\/2025\/07\/IMG_2269.webp",1126,720,false],"kreeti-featured":["https:\/\/veritasinfo.org\/wp-content\/uploads\/2025\/07\/IMG_2269.webp",1024,655,false],"kreeti-medium":["https:\/\/veritasinfo.org\/wp-content\/uploads\/2025\/07\/IMG_2269.webp",720,461,false],"kreeti-medium-square":["https:\/\/veritasinfo.org\/wp-content\/uploads\/2025\/07\/IMG_2269.webp",350,224,false]},"author_info":{"info":["admin"]},"category_info":"<a href=\"https:\/\/veritasinfo.org\/?cat=54\" rel=\"category\">Kultur\u00eb<\/a>","tag_info":"Kultur\u00eb","comment_count":"0","_links":{"self":[{"href":"https:\/\/veritasinfo.org\/index.php?rest_route=\/wp\/v2\/posts\/4989","targetHints":{"allow":["GET"]}}],"collection":[{"href":"https:\/\/veritasinfo.org\/index.php?rest_route=\/wp\/v2\/posts"}],"about":[{"href":"https:\/\/veritasinfo.org\/index.php?rest_route=\/wp\/v2\/types\/post"}],"author":[{"embeddable":true,"href":"https:\/\/veritasinfo.org\/index.php?rest_route=\/wp\/v2\/users\/1"}],"replies":[{"embeddable":true,"href":"https:\/\/veritasinfo.org\/index.php?rest_route=%2Fwp%2Fv2%2Fcomments&post=4989"}],"version-history":[{"count":1,"href":"https:\/\/veritasinfo.org\/index.php?rest_route=\/wp\/v2\/posts\/4989\/revisions"}],"predecessor-version":[{"id":4991,"href":"https:\/\/veritasinfo.org\/index.php?rest_route=\/wp\/v2\/posts\/4989\/revisions\/4991"}],"wp:featuredmedia":[{"embeddable":true,"href":"https:\/\/veritasinfo.org\/index.php?rest_route=\/wp\/v2\/media\/4990"}],"wp:attachment":[{"href":"https:\/\/veritasinfo.org\/index.php?rest_route=%2Fwp%2Fv2%2Fmedia&parent=4989"}],"wp:term":[{"taxonomy":"category","embeddable":true,"href":"https:\/\/veritasinfo.org\/index.php?rest_route=%2Fwp%2Fv2%2Fcategories&post=4989"},{"taxonomy":"post_tag","embeddable":true,"href":"https:\/\/veritasinfo.org\/index.php?rest_route=%2Fwp%2Fv2%2Ftags&post=4989"}],"curies":[{"name":"wp","href":"https:\/\/api.w.org\/{rel}","templated":true}]}}