{"id":4983,"date":"2025-07-24T08:32:14","date_gmt":"2025-07-24T06:32:14","guid":{"rendered":"https:\/\/veritasinfo.org\/?p=4983"},"modified":"2025-07-24T08:32:14","modified_gmt":"2025-07-24T06:32:14","slug":"mpjd-njofton-quintin-per-arrestimin-e-shtetasit-te-kosoves-ne-serbi","status":"publish","type":"post","link":"https:\/\/veritasinfo.org\/?p=4983","title":{"rendered":"MPJD njofton Quintin p\u00ebr arrestimin e shtetasit t\u00eb Kosov\u00ebs n\u00eb Serbi"},"content":{"rendered":"<p>Prishtin\u00eb, 24 Korrik 2025<\/p>\n<p>Ministria e Pun\u00ebve t\u00eb Jashtme dhe Diaspor\u00ebs e Kosov\u00ebs (MPJD) tha se ka informuar misionet diplomatike t\u00eb shteteve t\u00eb QUINT-it t\u00eb akredituara n\u00eb Serbi dhe delegacionin e Bashkimit Evropian lidhur me arrestimin e nj\u00eb shtetasi t\u00eb Kosov\u00ebs nga autoritetet serbe.<\/p>\n<p>Mediat n\u00eb Serbi kan\u00eb raportuar se Lulzim Halili \u00ebsht\u00eb arrestuar m\u00eb 22 korrik, n\u00ebn dyshime p\u00ebr krime lufte. Ai, sipas autoriteteve serbe, ka qen\u00eb pjes\u00ebtar i Ushtris\u00eb \u00c7lirimtare t\u00eb Kosov\u00ebs.<br \/>\nMPJD tha se tha se p\u00ebrmes Zyr\u00ebs Nd\u00ebrlidh\u00ebse n\u00eb Beograd i \u00ebsht\u00eb drejtuar me k\u00ebrkes\u00eb zyrtare Serbis\u00eb p\u00ebr t\u00eb konfirmuar zyrtarisht arrestimin e Halilit.<\/p>\n<p>\u201cDeri m\u00eb tani, nuk kemi pranuar p\u00ebrgjigje nga pala serbe\u201d, tha MPJD, sa i p\u00ebrket konfirmimit t\u00eb arrestimit dhe informatave shtes\u00eb lidhur me k\u00ebt\u00eb rast.<\/p>\n<p>MPJD sqaroi se ka pranuar informacione mbr\u00ebmjen e 22 korrikut se Halili ishte ndaluar n\u00eb af\u00ebrsi t\u00eb qytetit Svilajnac dhe ishte d\u00ebrguar n\u00eb stacionin policor. Zyra Nd\u00ebrlidh\u00ebse e Kosov\u00ebs n\u00eb Beograd, tha MPJD, ka tentuar q\u00eb t\u00eb konfirmoj\u00eb arrestimin p\u00ebrmes kontaktit t\u00eb stacionit policor, por zyrtari policor kujdestar ka refuzuar t\u00eb ofroj\u00eb detaje p\u00ebr rastin.<\/p>\n<div class=\"code-block code-block-14\">\u201cSapo t\u00eb konfirmohet n\u00ebse z. Halili do t\u2019i n\u00ebnshtrohet mas\u00ebs s\u00eb paraburgimit dhe do t\u00eb iniciohet procedur\u00eb penale ndaj tij, Zyra Nd\u00ebrlidh\u00ebse do t\u00eb parashtroj\u00eb k\u00ebrkes\u00eb zyrtare p\u00ebr vizit\u00eb n\u00eb Qendr\u00ebn e Mbajtjes\u201d, tha MPJD.<\/div>\n<p>Kjo ministri u b\u00ebr\u00eb thirrje qytetar\u00ebve t\u00eb Kosov\u00ebs q\u00eb t\u00eb shmangin udh\u00ebtimet p\u00ebrmes territorit t\u00eb Serbis\u00eb \u201cp\u00ebr shkak t\u00eb rrezikut t\u00eb shtuar p\u00ebr ndalime dhe arrestime arbitrare nga autoritetet serbe\u201d.<\/p>\n<p>&nbsp;<\/p>\n<p>&nbsp;<\/p>\n<p>&nbsp;<\/p>\n","protected":false},"excerpt":{"rendered":"<p>Prishtin\u00eb, 24 Korrik 2025 Ministria e Pun\u00ebve t\u00eb Jashtme dhe Diaspor\u00ebs e Kosov\u00ebs (MPJD) tha se ka informuar misionet diplomatike t\u00eb shteteve t\u00eb QUINT-it t\u00eb<\/p>\n","protected":false},"author":1,"featured_media":4984,"comment_status":"open","ping_status":"open","sticky":false,"template":"","format":"standard","meta":{"footnotes":""},"categories":[58],"tags":[],"class_list":["post-4983","post","type-post","status-publish","format-standard","has-post-thumbnail","hentry","category-politike-sq"],"yoast_head":"<!-- This site is optimized with the Yoast SEO plugin v25.3.1 - https:\/\/yoast.com\/wordpress\/plugins\/seo\/ -->\n<title>MPJD njofton Quintin p\u00ebr arrestimin e shtetasit t\u00eb Kosov\u00ebs n\u00eb Serbi -<\/title>\n<meta name=\"robots\" content=\"index, follow, max-snippet:-1, max-image-preview:large, max-video-preview:-1\" \/>\n<link rel=\"canonical\" href=\"https:\/\/veritasinfo.org\/?p=4983\" \/>\n<meta property=\"og:locale\" content=\"en_US\" \/>\n<meta property=\"og:type\" content=\"article\" \/>\n<meta property=\"og:title\" content=\"MPJD njofton Quintin p\u00ebr arrestimin e shtetasit t\u00eb Kosov\u00ebs n\u00eb Serbi -\" \/>\n<meta property=\"og:description\" content=\"Prishtin\u00eb, 24 Korrik 2025 Ministria e Pun\u00ebve t\u00eb Jashtme dhe Diaspor\u00ebs e Kosov\u00ebs (MPJD) tha se ka informuar misionet diplomatike t\u00eb shteteve t\u00eb QUINT-it t\u00eb\" \/>\n<meta property=\"og:url\" content=\"https:\/\/veritasinfo.org\/?p=4983\" \/>\n<meta property=\"article:published_time\" content=\"2025-07-24T06:32:14+00:00\" \/>\n<meta property=\"og:image\" content=\"https:\/\/veritasinfo.org\/wp-content\/uploads\/2025\/07\/IMG_2268.webp\" \/>\n\t<meta property=\"og:image:width\" content=\"780\" \/>\n\t<meta property=\"og:image:height\" content=\"439\" \/>\n\t<meta property=\"og:image:type\" content=\"image\/webp\" \/>\n<meta name=\"author\" content=\"admin\" \/>\n<meta name=\"twitter:card\" content=\"summary_large_image\" \/>\n<meta name=\"twitter:label1\" content=\"Written by\" \/>\n\t<meta name=\"twitter:data1\" content=\"admin\" \/>\n\t<meta name=\"twitter:label2\" content=\"Est. reading time\" \/>\n\t<meta name=\"twitter:data2\" content=\"2 minutes\" \/>\n<script type=\"application\/ld+json\" class=\"yoast-schema-graph\">{\"@context\":\"https:\/\/schema.org\",\"@graph\":[{\"@type\":\"WebPage\",\"@id\":\"https:\/\/veritasinfo.org\/?p=4983\",\"url\":\"https:\/\/veritasinfo.org\/?p=4983\",\"name\":\"MPJD njofton Quintin p\u00ebr arrestimin e shtetasit t\u00eb Kosov\u00ebs n\u00eb Serbi -\",\"isPartOf\":{\"@id\":\"https:\/\/veritasinfo.org\/#website\"},\"primaryImageOfPage\":{\"@id\":\"https:\/\/veritasinfo.org\/?p=4983#primaryimage\"},\"image\":{\"@id\":\"https:\/\/veritasinfo.org\/?p=4983#primaryimage\"},\"thumbnailUrl\":\"https:\/\/veritasinfo.org\/wp-content\/uploads\/2025\/07\/IMG_2268.webp\",\"datePublished\":\"2025-07-24T06:32:14+00:00\",\"author\":{\"@id\":\"https:\/\/veritasinfo.org\/#\/schema\/person\/7701f8c088bece422266b100a712374f\"},\"breadcrumb\":{\"@id\":\"https:\/\/veritasinfo.org\/?p=4983#breadcrumb\"},\"inLanguage\":\"en-US\",\"potentialAction\":[{\"@type\":\"ReadAction\",\"target\":[\"https:\/\/veritasinfo.org\/?p=4983\"]}]},{\"@type\":\"ImageObject\",\"inLanguage\":\"en-US\",\"@id\":\"https:\/\/veritasinfo.org\/?p=4983#primaryimage\",\"url\":\"https:\/\/veritasinfo.org\/wp-content\/uploads\/2025\/07\/IMG_2268.webp\",\"contentUrl\":\"https:\/\/veritasinfo.org\/wp-content\/uploads\/2025\/07\/IMG_2268.webp\",\"width\":780,\"height\":439},{\"@type\":\"BreadcrumbList\",\"@id\":\"https:\/\/veritasinfo.org\/?p=4983#breadcrumb\",\"itemListElement\":[{\"@type\":\"ListItem\",\"position\":1,\"name\":\"Home\",\"item\":\"https:\/\/veritasinfo.org\/\"},{\"@type\":\"ListItem\",\"position\":2,\"name\":\"MPJD njofton Quintin p\u00ebr arrestimin e shtetasit t\u00eb Kosov\u00ebs n\u00eb Serbi\"}]},{\"@type\":\"WebSite\",\"@id\":\"https:\/\/veritasinfo.org\/#website\",\"url\":\"https:\/\/veritasinfo.org\/\",\"name\":\"\",\"description\":\"\",\"potentialAction\":[{\"@type\":\"SearchAction\",\"target\":{\"@type\":\"EntryPoint\",\"urlTemplate\":\"https:\/\/veritasinfo.org\/?s={search_term_string}\"},\"query-input\":{\"@type\":\"PropertyValueSpecification\",\"valueRequired\":true,\"valueName\":\"search_term_string\"}}],\"inLanguage\":\"en-US\"},{\"@type\":\"Person\",\"@id\":\"https:\/\/veritasinfo.org\/#\/schema\/person\/7701f8c088bece422266b100a712374f\",\"name\":\"admin\",\"image\":{\"@type\":\"ImageObject\",\"inLanguage\":\"en-US\",\"@id\":\"https:\/\/veritasinfo.org\/#\/schema\/person\/image\/\",\"url\":\"https:\/\/secure.gravatar.com\/avatar\/ea53aa3bf6c9a12d5fde8ce4deff43fef3885ae33cf60184161a50d6987cfd2f?s=96&d=mm&r=g\",\"contentUrl\":\"https:\/\/secure.gravatar.com\/avatar\/ea53aa3bf6c9a12d5fde8ce4deff43fef3885ae33cf60184161a50d6987cfd2f?s=96&d=mm&r=g\",\"caption\":\"admin\"},\"sameAs\":[\"https:\/\/veritasinfo.org\"],\"url\":\"https:\/\/veritasinfo.org\/?author=1\"}]}<\/script>\n<!-- \/ Yoast SEO plugin. -->","yoast_head_json":{"title":"MPJD njofton Quintin p\u00ebr arrestimin e shtetasit t\u00eb Kosov\u00ebs n\u00eb Serbi -","robots":{"index":"index","follow":"follow","max-snippet":"max-snippet:-1","max-image-preview":"max-image-preview:large","max-video-preview":"max-video-preview:-1"},"canonical":"https:\/\/veritasinfo.org\/?p=4983","og_locale":"en_US","og_type":"article","og_title":"MPJD njofton Quintin p\u00ebr arrestimin e shtetasit t\u00eb Kosov\u00ebs n\u00eb Serbi -","og_description":"Prishtin\u00eb, 24 Korrik 2025 Ministria e Pun\u00ebve t\u00eb Jashtme dhe Diaspor\u00ebs e Kosov\u00ebs (MPJD) tha se ka informuar misionet diplomatike t\u00eb shteteve t\u00eb QUINT-it t\u00eb","og_url":"https:\/\/veritasinfo.org\/?p=4983","article_published_time":"2025-07-24T06:32:14+00:00","og_image":[{"width":780,"height":439,"url":"https:\/\/veritasinfo.org\/wp-content\/uploads\/2025\/07\/IMG_2268.webp","type":"image\/webp"}],"author":"admin","twitter_card":"summary_large_image","twitter_misc":{"Written by":"admin","Est. reading time":"2 minutes"},"schema":{"@context":"https:\/\/schema.org","@graph":[{"@type":"WebPage","@id":"https:\/\/veritasinfo.org\/?p=4983","url":"https:\/\/veritasinfo.org\/?p=4983","name":"MPJD njofton Quintin p\u00ebr arrestimin e shtetasit t\u00eb Kosov\u00ebs n\u00eb Serbi -","isPartOf":{"@id":"https:\/\/veritasinfo.org\/#website"},"primaryImageOfPage":{"@id":"https:\/\/veritasinfo.org\/?p=4983#primaryimage"},"image":{"@id":"https:\/\/veritasinfo.org\/?p=4983#primaryimage"},"thumbnailUrl":"https:\/\/veritasinfo.org\/wp-content\/uploads\/2025\/07\/IMG_2268.webp","datePublished":"2025-07-24T06:32:14+00:00","author":{"@id":"https:\/\/veritasinfo.org\/#\/schema\/person\/7701f8c088bece422266b100a712374f"},"breadcrumb":{"@id":"https:\/\/veritasinfo.org\/?p=4983#breadcrumb"},"inLanguage":"en-US","potentialAction":[{"@type":"ReadAction","target":["https:\/\/veritasinfo.org\/?p=4983"]}]},{"@type":"ImageObject","inLanguage":"en-US","@id":"https:\/\/veritasinfo.org\/?p=4983#primaryimage","url":"https:\/\/veritasinfo.org\/wp-content\/uploads\/2025\/07\/IMG_2268.webp","contentUrl":"https:\/\/veritasinfo.org\/wp-content\/uploads\/2025\/07\/IMG_2268.webp","width":780,"height":439},{"@type":"BreadcrumbList","@id":"https:\/\/veritasinfo.org\/?p=4983#breadcrumb","itemListElement":[{"@type":"ListItem","position":1,"name":"Home","item":"https:\/\/veritasinfo.org\/"},{"@type":"ListItem","position":2,"name":"MPJD njofton Quintin p\u00ebr arrestimin e shtetasit t\u00eb Kosov\u00ebs n\u00eb Serbi"}]},{"@type":"WebSite","@id":"https:\/\/veritasinfo.org\/#website","url":"https:\/\/veritasinfo.org\/","name":"","description":"","potentialAction":[{"@type":"SearchAction","target":{"@type":"EntryPoint","urlTemplate":"https:\/\/veritasinfo.org\/?s={search_term_string}"},"query-input":{"@type":"PropertyValueSpecification","valueRequired":true,"valueName":"search_term_string"}}],"inLanguage":"en-US"},{"@type":"Person","@id":"https:\/\/veritasinfo.org\/#\/schema\/person\/7701f8c088bece422266b100a712374f","name":"admin","image":{"@type":"ImageObject","inLanguage":"en-US","@id":"https:\/\/veritasinfo.org\/#\/schema\/person\/image\/","url":"https:\/\/secure.gravatar.com\/avatar\/ea53aa3bf6c9a12d5fde8ce4deff43fef3885ae33cf60184161a50d6987cfd2f?s=96&d=mm&r=g","contentUrl":"https:\/\/secure.gravatar.com\/avatar\/ea53aa3bf6c9a12d5fde8ce4deff43fef3885ae33cf60184161a50d6987cfd2f?s=96&d=mm&r=g","caption":"admin"},"sameAs":["https:\/\/veritasinfo.org"],"url":"https:\/\/veritasinfo.org\/?author=1"}]}},"featured_image_urls":{"full":["https:\/\/veritasinfo.org\/wp-content\/uploads\/2025\/07\/IMG_2268.webp",780,439,false],"thumbnail":["https:\/\/veritasinfo.org\/wp-content\/uploads\/2025\/07\/IMG_2268-150x150.webp",150,150,true],"medium":["https:\/\/veritasinfo.org\/wp-content\/uploads\/2025\/07\/IMG_2268-300x169.webp",300,169,true],"medium_large":["https:\/\/veritasinfo.org\/wp-content\/uploads\/2025\/07\/IMG_2268-768x432.webp",640,360,true],"large":["https:\/\/veritasinfo.org\/wp-content\/uploads\/2025\/07\/IMG_2268.webp",640,360,false],"1536x1536":["https:\/\/veritasinfo.org\/wp-content\/uploads\/2025\/07\/IMG_2268.webp",780,439,false],"2048x2048":["https:\/\/veritasinfo.org\/wp-content\/uploads\/2025\/07\/IMG_2268.webp",780,439,false],"kreeti-slider-full":["https:\/\/veritasinfo.org\/wp-content\/uploads\/2025\/07\/IMG_2268.webp",780,439,false],"kreeti-featured":["https:\/\/veritasinfo.org\/wp-content\/uploads\/2025\/07\/IMG_2268.webp",780,439,false],"kreeti-medium":["https:\/\/veritasinfo.org\/wp-content\/uploads\/2025\/07\/IMG_2268.webp",720,405,false],"kreeti-medium-square":["https:\/\/veritasinfo.org\/wp-content\/uploads\/2025\/07\/IMG_2268.webp",350,197,false]},"author_info":{"info":["admin"]},"category_info":"<a href=\"https:\/\/veritasinfo.org\/?cat=58\" rel=\"category\">Politik\u00eb<\/a>","tag_info":"Politik\u00eb","comment_count":"0","_links":{"self":[{"href":"https:\/\/veritasinfo.org\/index.php?rest_route=\/wp\/v2\/posts\/4983","targetHints":{"allow":["GET"]}}],"collection":[{"href":"https:\/\/veritasinfo.org\/index.php?rest_route=\/wp\/v2\/posts"}],"about":[{"href":"https:\/\/veritasinfo.org\/index.php?rest_route=\/wp\/v2\/types\/post"}],"author":[{"embeddable":true,"href":"https:\/\/veritasinfo.org\/index.php?rest_route=\/wp\/v2\/users\/1"}],"replies":[{"embeddable":true,"href":"https:\/\/veritasinfo.org\/index.php?rest_route=%2Fwp%2Fv2%2Fcomments&post=4983"}],"version-history":[{"count":1,"href":"https:\/\/veritasinfo.org\/index.php?rest_route=\/wp\/v2\/posts\/4983\/revisions"}],"predecessor-version":[{"id":4985,"href":"https:\/\/veritasinfo.org\/index.php?rest_route=\/wp\/v2\/posts\/4983\/revisions\/4985"}],"wp:featuredmedia":[{"embeddable":true,"href":"https:\/\/veritasinfo.org\/index.php?rest_route=\/wp\/v2\/media\/4984"}],"wp:attachment":[{"href":"https:\/\/veritasinfo.org\/index.php?rest_route=%2Fwp%2Fv2%2Fmedia&parent=4983"}],"wp:term":[{"taxonomy":"category","embeddable":true,"href":"https:\/\/veritasinfo.org\/index.php?rest_route=%2Fwp%2Fv2%2Fcategories&post=4983"},{"taxonomy":"post_tag","embeddable":true,"href":"https:\/\/veritasinfo.org\/index.php?rest_route=%2Fwp%2Fv2%2Ftags&post=4983"}],"curies":[{"name":"wp","href":"https:\/\/api.w.org\/{rel}","templated":true}]}}