{"id":4975,"date":"2025-07-24T07:28:24","date_gmt":"2025-07-24T05:28:24","guid":{"rendered":"https:\/\/veritasinfo.org\/?p=4975"},"modified":"2025-07-23T23:11:15","modified_gmt":"2025-07-23T21:11:15","slug":"vracena-slika-iz-16-veka-ukradena-pre-50-godina","status":"publish","type":"post","link":"https:\/\/veritasinfo.org\/?p=4975&lang=sr","title":{"rendered":"Vra\u0107ena slika iz 16. veka ukradena pre 50 godina"},"content":{"rendered":"<p>Rim, 24. jul 2025.<\/p>\n<p>Barbara de Dozsa je tvrdila vlasni\u0161tvo nad umetni\u010dkim delom italijanskog slikara Solarija, jer je, kako je navela, kupljeno u dobroj veri. Ona je dugo odbijala da vrati sliku, iako se nalazila na listi najtra\u017eenijih umetnina kod vi\u0161e policijskih slu\u017ebave, uklju\u010duju\u0107i Interpol i italijanske Karabinjere.<\/p>\n<p>Slika iz 16. veka \u201cMadona i dete\u201d, koja je zavr\u0161ila u vlasni\u0161tvu jedne \u017eene u Norfolku nakon \u0161to je ukradena iz muzeja u Italiji pre pola veka, bi\u0107e vra\u0107ena zakonitom vlasniku. Nakon godina ube\u0111ivanja od strane advokata za umetni\u010dka dela, Barbara de Dozsa je odlu\u010dila da je preda Muzeju grada Beluno, gde je poslednji put vi\u0111ena 1973. godine.<\/p>\n<p>Kako je \u201cThe Guardian\u201d izvestio u martu ove godine, de Dozsa je odbijala da vrati umetni\u010dko delo iako je bilo u bazama podataka ukradenih umetnina Interpola i Karabinijera. Tvrdila je da je slika u vlasni\u0161tvu njenog pokojnog mu\u017ea, barona De Dozse, koji ju je kupio u dobroj veri 1973. godine, ubrzo nakon kra\u0111e.<\/p>\n<p>Do njihovog razvoda, slika se nalazila u njihovoj ku\u0107i iz 16. veka u Norfolku, \u201cEast Barsham\u201d, blizu Fakenhama, koju je Henri VIII opisao kao \u201csvoju malu seosku rezidenciju\u201d.<\/p>\n<p>Slika je delo italijanskog umetnika Antonija Solarija, poznatog kao Lo Cingaro (Ciganin), \u010dija se druga dela nalaze u Nacionalnoj galeriji u Londonu. Muzej u Belunu ju je kupio 1872. godine, a ukradena je vek kasnije, zajedno s jo\u0161 nekoliko dela. Neka od tih dela brzo su prona\u0111ena u Austriji, gde je suprug de Dozse kupio Solarijevu sliku od neidentifikovane osobe.<\/p>\n<p>Mesto na kojem se nalazila slika ostalo je nepoznato do 2017. godine, kada je de Dozsa poku\u0161ala da je proda preko regionalne aukcijske ku\u0107e, \u0161to je uo\u010dila osoba povezana sa muzejem u Belunu.<\/p>\n<p>Slika je privremeno vra\u0107ena de Dozsi 2020. godine zbog ka\u0161njenja izazvanih pandemijom COVID-19, tokom kojih italijanske vlasti nisu uspele da obezbede neophodnu dokumentaciju za britansku policiju.<\/p>\n<p>Godinama je advokat Kristofer Marinello, specijalizovan za ukradena umetni\u010dka dela, poku\u0161avao da je ubedi da \u201curadi pravu stvar\u201d i vrati sliku Belunu. On je proces vodio dobrovoljno jer je \u017eeleo da pomogne gradu u regionu Veneto, odakle poti\u010de njegova porodica.<\/p>\n<p>De Dozsa se pozivala na britanski Zakon o zastarelosti iz 1980. godine, prema kojem osoba mo\u017ee postati zakoniti vlasnik ukradenog predmeta ako kupovina nije imala veze sa kra\u0111om i ako je pro\u0161lo vi\u0161e od \u0161est godina.<\/p>\n<p>Marinello je takav argument nazvao \u201capsurdnim\u201d.<\/p>\n<p>\u201c\u010cak i ako britanski zakon podr\u017eava njen stav, \u010dinjenica da se slika nalazila u bazama ukradenih umetnina Interpola i Karabinijera zna\u010dila je da nije mogla biti prodata, izlo\u017eena ili transportovana bez rizika od zaplene\u201d, rekao je on.<\/p>\n<p>Marinello, osniva\u010d organizacije Art Recovery International, koja se bavi vra\u0107anjem ukradenih umetnina, ima kancelarije u Londonu, Veneciji i Njujorku. Me\u0111u njegovim prethodnim uspe\u0161nim slu\u010dajevima je i povratak slike Matissea ukradene 1987. iz Muzeja savremene umetnosti u Stokholmu, koja je prona\u0111ena 25 godina kasnije u Londonu.<\/p>\n<p>Na kraju, de Dozsa je pristala da bezuslovno preda sliku nazad muzeju u Belunu.<\/p>\n<p>\u201cOna mi je vratila veru u \u010dove\u010danstvo, u vreme kada mnogi vlasnici ukradenih umetnina poku\u0161avaju da ih zadr\u017ee. Uprkos pravima \u017ertava, ljudi sve manje pokazuju saose\u0107anje \u2014 a ona je pokazala suprotno\u201d, rekao je advokat.<\/p>\n<p>Marinello je dodao u \u0161ali: \u201cKada je re\u010d o vra\u0107anju ukradenih umetni\u010dkih dela, mogu biti naporan i izuzetno uporan. Ali na kraju, to je bila odluka Barbare de Dozse \u2013 i ona je izabrala ispravno\u201d.<\/p>\n<p>Zahvalio je i kompaniji za osiguranje umetnina \u201cArte Generali\u201d, koja je omogu\u0107ila pronala\u017eenje slike kroz donaciju za pokrivanje logisti\u010dkih tro\u0161kova, iako nije bila direktno uklju\u010dena u slu\u010daj.<\/p>\n<p>\u201cBez njihove podr\u0161ke, ovo vra\u0107anje nikada ne bi bilo mogu\u0107e\u201d, zaklju\u010dio je on.<\/p>\n<p>Jedna druga slika \u201cMadona i dete\u201d od umetnika iz 19. veka, Pla\u010dida Fabrija, i dalje nedostaje me\u0111u ukradenim delima iz muzeja Beluno. I ona se nalazi u bazi ukradenih umetnina Karabinijera.<\/p>\n<p>Marinello poziva javnost da mu se obrati ako primete dela u privatnim ili javnim kolekcijama:<\/p>\n<p>\u201cSolarijeva slika je stigla do Velike Britanije \u2013 za\u0161to ne i ove?\u201d, rekao je.<\/p>\n<p>Gradona\u010delnik Beluna, Oskar De Pelegrin, izjavio je:<\/p>\n<p>\u201cPovratak ove slike u grad zna\u010di vra\u0107anje jednog fragmenta njegovog identiteta, istorije i du\u0161e.\u201d<\/p>\n<p>Barbara de Dozsa nije \u017eelela da komentari\u0161e za The Guardian.<\/p>\n","protected":false},"excerpt":{"rendered":"<p>Rim, 24. jul 2025. Barbara de Dozsa je tvrdila vlasni\u0161tvo nad umetni\u010dkim delom italijanskog slikara Solarija, jer je, kako je navela, kupljeno u dobroj veri.<\/p>\n","protected":false},"author":1,"featured_media":4970,"comment_status":"open","ping_status":"open","sticky":false,"template":"","format":"standard","meta":{"footnotes":""},"categories":[34],"tags":[],"class_list":["post-4975","post","type-post","status-publish","format-standard","has-post-thumbnail","hentry","category-kultura"],"yoast_head":"<!-- This site is optimized with the Yoast SEO plugin v25.3.1 - https:\/\/yoast.com\/wordpress\/plugins\/seo\/ -->\n<title>Vra\u0107ena slika iz 16. veka ukradena pre 50 godina -<\/title>\n<meta name=\"robots\" content=\"index, follow, max-snippet:-1, max-image-preview:large, max-video-preview:-1\" \/>\n<link rel=\"canonical\" href=\"https:\/\/veritasinfo.org\/?p=4975&lang=sr\" \/>\n<meta property=\"og:locale\" content=\"en_US\" \/>\n<meta property=\"og:type\" content=\"article\" \/>\n<meta property=\"og:title\" content=\"Vra\u0107ena slika iz 16. veka ukradena pre 50 godina -\" \/>\n<meta property=\"og:description\" content=\"Rim, 24. jul 2025. Barbara de Dozsa je tvrdila vlasni\u0161tvo nad umetni\u010dkim delom italijanskog slikara Solarija, jer je, kako je navela, kupljeno u dobroj veri.\" \/>\n<meta property=\"og:url\" content=\"https:\/\/veritasinfo.org\/?p=4975&amp;lang=sr\" \/>\n<meta property=\"article:published_time\" content=\"2025-07-24T05:28:24+00:00\" \/>\n<meta property=\"og:image\" content=\"https:\/\/veritasinfo.org\/wp-content\/uploads\/2025\/07\/IMG_2266.webp\" \/>\n\t<meta property=\"og:image:width\" content=\"1313\" \/>\n\t<meta property=\"og:image:height\" content=\"870\" \/>\n\t<meta property=\"og:image:type\" content=\"image\/webp\" \/>\n<meta name=\"author\" content=\"admin\" \/>\n<meta name=\"twitter:card\" content=\"summary_large_image\" \/>\n<meta name=\"twitter:label1\" content=\"Written by\" \/>\n\t<meta name=\"twitter:data1\" content=\"admin\" \/>\n\t<meta name=\"twitter:label2\" content=\"Est. reading time\" \/>\n\t<meta name=\"twitter:data2\" content=\"4 minutes\" \/>\n<script type=\"application\/ld+json\" class=\"yoast-schema-graph\">{\"@context\":\"https:\/\/schema.org\",\"@graph\":[{\"@type\":\"WebPage\",\"@id\":\"https:\/\/veritasinfo.org\/?p=4975&lang=sr\",\"url\":\"https:\/\/veritasinfo.org\/?p=4975&lang=sr\",\"name\":\"Vra\u0107ena slika iz 16. veka ukradena pre 50 godina -\",\"isPartOf\":{\"@id\":\"https:\/\/veritasinfo.org\/#website\"},\"primaryImageOfPage\":{\"@id\":\"https:\/\/veritasinfo.org\/?p=4975&lang=sr#primaryimage\"},\"image\":{\"@id\":\"https:\/\/veritasinfo.org\/?p=4975&lang=sr#primaryimage\"},\"thumbnailUrl\":\"https:\/\/veritasinfo.org\/wp-content\/uploads\/2025\/07\/IMG_2266.webp\",\"datePublished\":\"2025-07-24T05:28:24+00:00\",\"author\":{\"@id\":\"https:\/\/veritasinfo.org\/#\/schema\/person\/7701f8c088bece422266b100a712374f\"},\"breadcrumb\":{\"@id\":\"https:\/\/veritasinfo.org\/?p=4975&lang=sr#breadcrumb\"},\"inLanguage\":\"en-US\",\"potentialAction\":[{\"@type\":\"ReadAction\",\"target\":[\"https:\/\/veritasinfo.org\/?p=4975&lang=sr\"]}]},{\"@type\":\"ImageObject\",\"inLanguage\":\"en-US\",\"@id\":\"https:\/\/veritasinfo.org\/?p=4975&lang=sr#primaryimage\",\"url\":\"https:\/\/veritasinfo.org\/wp-content\/uploads\/2025\/07\/IMG_2266.webp\",\"contentUrl\":\"https:\/\/veritasinfo.org\/wp-content\/uploads\/2025\/07\/IMG_2266.webp\",\"width\":1313,\"height\":870},{\"@type\":\"BreadcrumbList\",\"@id\":\"https:\/\/veritasinfo.org\/?p=4975&lang=sr#breadcrumb\",\"itemListElement\":[{\"@type\":\"ListItem\",\"position\":1,\"name\":\"Home\",\"item\":\"https:\/\/veritasinfo.org\/\"},{\"@type\":\"ListItem\",\"position\":2,\"name\":\"Vra\u0107ena slika iz 16. veka ukradena pre 50 godina\"}]},{\"@type\":\"WebSite\",\"@id\":\"https:\/\/veritasinfo.org\/#website\",\"url\":\"https:\/\/veritasinfo.org\/\",\"name\":\"\",\"description\":\"\",\"potentialAction\":[{\"@type\":\"SearchAction\",\"target\":{\"@type\":\"EntryPoint\",\"urlTemplate\":\"https:\/\/veritasinfo.org\/?s={search_term_string}\"},\"query-input\":{\"@type\":\"PropertyValueSpecification\",\"valueRequired\":true,\"valueName\":\"search_term_string\"}}],\"inLanguage\":\"en-US\"},{\"@type\":\"Person\",\"@id\":\"https:\/\/veritasinfo.org\/#\/schema\/person\/7701f8c088bece422266b100a712374f\",\"name\":\"admin\",\"image\":{\"@type\":\"ImageObject\",\"inLanguage\":\"en-US\",\"@id\":\"https:\/\/veritasinfo.org\/#\/schema\/person\/image\/\",\"url\":\"https:\/\/secure.gravatar.com\/avatar\/ea53aa3bf6c9a12d5fde8ce4deff43fef3885ae33cf60184161a50d6987cfd2f?s=96&d=mm&r=g\",\"contentUrl\":\"https:\/\/secure.gravatar.com\/avatar\/ea53aa3bf6c9a12d5fde8ce4deff43fef3885ae33cf60184161a50d6987cfd2f?s=96&d=mm&r=g\",\"caption\":\"admin\"},\"sameAs\":[\"https:\/\/veritasinfo.org\"],\"url\":\"https:\/\/veritasinfo.org\/?author=1\"}]}<\/script>\n<!-- \/ Yoast SEO plugin. -->","yoast_head_json":{"title":"Vra\u0107ena slika iz 16. veka ukradena pre 50 godina -","robots":{"index":"index","follow":"follow","max-snippet":"max-snippet:-1","max-image-preview":"max-image-preview:large","max-video-preview":"max-video-preview:-1"},"canonical":"https:\/\/veritasinfo.org\/?p=4975&lang=sr","og_locale":"en_US","og_type":"article","og_title":"Vra\u0107ena slika iz 16. veka ukradena pre 50 godina -","og_description":"Rim, 24. jul 2025. Barbara de Dozsa je tvrdila vlasni\u0161tvo nad umetni\u010dkim delom italijanskog slikara Solarija, jer je, kako je navela, kupljeno u dobroj veri.","og_url":"https:\/\/veritasinfo.org\/?p=4975&lang=sr","article_published_time":"2025-07-24T05:28:24+00:00","og_image":[{"width":1313,"height":870,"url":"https:\/\/veritasinfo.org\/wp-content\/uploads\/2025\/07\/IMG_2266.webp","type":"image\/webp"}],"author":"admin","twitter_card":"summary_large_image","twitter_misc":{"Written by":"admin","Est. reading time":"4 minutes"},"schema":{"@context":"https:\/\/schema.org","@graph":[{"@type":"WebPage","@id":"https:\/\/veritasinfo.org\/?p=4975&lang=sr","url":"https:\/\/veritasinfo.org\/?p=4975&lang=sr","name":"Vra\u0107ena slika iz 16. veka ukradena pre 50 godina -","isPartOf":{"@id":"https:\/\/veritasinfo.org\/#website"},"primaryImageOfPage":{"@id":"https:\/\/veritasinfo.org\/?p=4975&lang=sr#primaryimage"},"image":{"@id":"https:\/\/veritasinfo.org\/?p=4975&lang=sr#primaryimage"},"thumbnailUrl":"https:\/\/veritasinfo.org\/wp-content\/uploads\/2025\/07\/IMG_2266.webp","datePublished":"2025-07-24T05:28:24+00:00","author":{"@id":"https:\/\/veritasinfo.org\/#\/schema\/person\/7701f8c088bece422266b100a712374f"},"breadcrumb":{"@id":"https:\/\/veritasinfo.org\/?p=4975&lang=sr#breadcrumb"},"inLanguage":"en-US","potentialAction":[{"@type":"ReadAction","target":["https:\/\/veritasinfo.org\/?p=4975&lang=sr"]}]},{"@type":"ImageObject","inLanguage":"en-US","@id":"https:\/\/veritasinfo.org\/?p=4975&lang=sr#primaryimage","url":"https:\/\/veritasinfo.org\/wp-content\/uploads\/2025\/07\/IMG_2266.webp","contentUrl":"https:\/\/veritasinfo.org\/wp-content\/uploads\/2025\/07\/IMG_2266.webp","width":1313,"height":870},{"@type":"BreadcrumbList","@id":"https:\/\/veritasinfo.org\/?p=4975&lang=sr#breadcrumb","itemListElement":[{"@type":"ListItem","position":1,"name":"Home","item":"https:\/\/veritasinfo.org\/"},{"@type":"ListItem","position":2,"name":"Vra\u0107ena slika iz 16. veka ukradena pre 50 godina"}]},{"@type":"WebSite","@id":"https:\/\/veritasinfo.org\/#website","url":"https:\/\/veritasinfo.org\/","name":"","description":"","potentialAction":[{"@type":"SearchAction","target":{"@type":"EntryPoint","urlTemplate":"https:\/\/veritasinfo.org\/?s={search_term_string}"},"query-input":{"@type":"PropertyValueSpecification","valueRequired":true,"valueName":"search_term_string"}}],"inLanguage":"en-US"},{"@type":"Person","@id":"https:\/\/veritasinfo.org\/#\/schema\/person\/7701f8c088bece422266b100a712374f","name":"admin","image":{"@type":"ImageObject","inLanguage":"en-US","@id":"https:\/\/veritasinfo.org\/#\/schema\/person\/image\/","url":"https:\/\/secure.gravatar.com\/avatar\/ea53aa3bf6c9a12d5fde8ce4deff43fef3885ae33cf60184161a50d6987cfd2f?s=96&d=mm&r=g","contentUrl":"https:\/\/secure.gravatar.com\/avatar\/ea53aa3bf6c9a12d5fde8ce4deff43fef3885ae33cf60184161a50d6987cfd2f?s=96&d=mm&r=g","caption":"admin"},"sameAs":["https:\/\/veritasinfo.org"],"url":"https:\/\/veritasinfo.org\/?author=1"}]}},"featured_image_urls":{"full":["https:\/\/veritasinfo.org\/wp-content\/uploads\/2025\/07\/IMG_2266.webp",1313,870,false],"thumbnail":["https:\/\/veritasinfo.org\/wp-content\/uploads\/2025\/07\/IMG_2266-150x150.webp",150,150,true],"medium":["https:\/\/veritasinfo.org\/wp-content\/uploads\/2025\/07\/IMG_2266-300x199.webp",300,199,true],"medium_large":["https:\/\/veritasinfo.org\/wp-content\/uploads\/2025\/07\/IMG_2266-768x509.webp",640,424,true],"large":["https:\/\/veritasinfo.org\/wp-content\/uploads\/2025\/07\/IMG_2266-1024x679.webp",640,424,true],"1536x1536":["https:\/\/veritasinfo.org\/wp-content\/uploads\/2025\/07\/IMG_2266.webp",1313,870,false],"2048x2048":["https:\/\/veritasinfo.org\/wp-content\/uploads\/2025\/07\/IMG_2266.webp",1313,870,false],"kreeti-slider-full":["https:\/\/veritasinfo.org\/wp-content\/uploads\/2025\/07\/IMG_2266.webp",1087,720,false],"kreeti-featured":["https:\/\/veritasinfo.org\/wp-content\/uploads\/2025\/07\/IMG_2266.webp",1024,679,false],"kreeti-medium":["https:\/\/veritasinfo.org\/wp-content\/uploads\/2025\/07\/IMG_2266.webp",720,477,false],"kreeti-medium-square":["https:\/\/veritasinfo.org\/wp-content\/uploads\/2025\/07\/IMG_2266.webp",350,232,false]},"author_info":{"info":["admin"]},"category_info":"<a href=\"https:\/\/veritasinfo.org\/?cat=34&#038;lang=sr\" rel=\"category\">Kultura<\/a>","tag_info":"Kultura","comment_count":"0","_links":{"self":[{"href":"https:\/\/veritasinfo.org\/index.php?rest_route=\/wp\/v2\/posts\/4975","targetHints":{"allow":["GET"]}}],"collection":[{"href":"https:\/\/veritasinfo.org\/index.php?rest_route=\/wp\/v2\/posts"}],"about":[{"href":"https:\/\/veritasinfo.org\/index.php?rest_route=\/wp\/v2\/types\/post"}],"author":[{"embeddable":true,"href":"https:\/\/veritasinfo.org\/index.php?rest_route=\/wp\/v2\/users\/1"}],"replies":[{"embeddable":true,"href":"https:\/\/veritasinfo.org\/index.php?rest_route=%2Fwp%2Fv2%2Fcomments&post=4975"}],"version-history":[{"count":1,"href":"https:\/\/veritasinfo.org\/index.php?rest_route=\/wp\/v2\/posts\/4975\/revisions"}],"predecessor-version":[{"id":4978,"href":"https:\/\/veritasinfo.org\/index.php?rest_route=\/wp\/v2\/posts\/4975\/revisions\/4978"}],"wp:featuredmedia":[{"embeddable":true,"href":"https:\/\/veritasinfo.org\/index.php?rest_route=\/wp\/v2\/media\/4970"}],"wp:attachment":[{"href":"https:\/\/veritasinfo.org\/index.php?rest_route=%2Fwp%2Fv2%2Fmedia&parent=4975"}],"wp:term":[{"taxonomy":"category","embeddable":true,"href":"https:\/\/veritasinfo.org\/index.php?rest_route=%2Fwp%2Fv2%2Fcategories&post=4975"},{"taxonomy":"post_tag","embeddable":true,"href":"https:\/\/veritasinfo.org\/index.php?rest_route=%2Fwp%2Fv2%2Ftags&post=4975"}],"curies":[{"name":"wp","href":"https:\/\/api.w.org\/{rel}","templated":true}]}}