{"id":4969,"date":"2025-07-24T07:27:28","date_gmt":"2025-07-24T05:27:28","guid":{"rendered":"https:\/\/veritasinfo.org\/?p=4969"},"modified":"2025-07-23T23:08:14","modified_gmt":"2025-07-23T21:08:14","slug":"dorezohet-piktura-e-shekullit-xvi-e-vjedhur-para-50-vjeteve","status":"publish","type":"post","link":"https:\/\/veritasinfo.org\/?p=4969","title":{"rendered":"Dor\u00ebzohet piktura e shekullit XVI e vjedhur para 50 vjet\u00ebve"},"content":{"rendered":"<p>Rome, 24 Korrik 2025<\/p>\n<h2>Barbara de Dozsa kishte argumentuar pron\u00ebsin\u00eb, sepse vepra e artistit italian Solario ishte bler\u00eb me mir\u00ebbesim. Ajo kishte refuzuar ta kthente piktur\u00ebn, ani pse ndodhej n\u00eb listat m\u00eb t\u00eb k\u00ebrkuara t\u00eb forcave t\u00eb ndryshme policore, p\u00ebrfshir\u00eb Interpolin dhe Karabinier\u00ebt italian\u00eb<\/h2>\n<div class=\"instream-video\">\n<div data-id=\"2kQm8Ze4251g\">\n<div class=\"orp-player-wrapper orp-aspectRateFixed orp-tiny-size orp-player-ipm orp-player-ipm-hidden orp-force-hide-player\"><\/div>\n<\/div>\n<\/div>\n<p>Piktura e shekullit XVI \u201cMadonna and Child\u201d, e cila p\u00ebrfundoi n\u00eb pron\u00ebsi t\u00eb nj\u00eb gruaje n\u00eb Norfolk pasi u vodh nga nj\u00eb muze n\u00eb Itali gjysm\u00eb shekulli m\u00eb par\u00eb, do t\u2019i kthehet pronarit t\u00eb saj t\u00eb ligjsh\u00ebm. Pas viteve t\u00eb nd\u00ebrgjegj\u00ebsimit dhe bindjes nga nj\u00eb avokat i artit, Barbara de Dozsa vendosi ta dor\u00ebzoj\u00eb at\u00eb n\u00eb Muzeun e Qytetit t\u00eb Bellunos, ku piktura u pa p\u00ebr her\u00eb t\u00eb fundit n\u00eb vitin 1973.<\/p>\n<p>Si\u00e7 raportoi \u201cThe Guardian\u201d n\u00eb mars t\u00eb k\u00ebtij viti, de Dozsa kishte refuzuar ta kthente vepr\u00ebn artistike ani pse ndodhej n\u00eb listat m\u00eb t\u00eb k\u00ebrkuara t\u00eb forcave t\u00eb ndryshme policore, p\u00ebrfshir\u00eb Interpolin dhe Karabinier\u00ebt italian\u00eb.<\/p>\n<p>Ajo kishte pretenduar pron\u00ebsin\u00eb, pjes\u00ebrisht sepse ish-bashk\u00ebshorti i saj, baroni i ndjer\u00eb De Dozsa, e kishte bler\u00eb at\u00eb n\u00eb mir\u00ebbesim n\u00eb vitin 1973, menj\u00ebher\u00eb pas grabitjes.<\/p>\n<div id=\"__ads-300x250in-4\" class=\"__ads-300x250-inarticle\" data-google-query-id=\"CLP_wOrw044DFWRCpAQdi7gawA\">\n<div id=\"futureads_async_1452929932\" data-zone=\"dcd202be-eaca-4f3c-a133-263b2e0d91e3\" data-sender=\"futureads\" data-parent-id=\"google_ads_iframe_\/21895329656\/300x250-in-article_0__container__\">\n<div class=\"resize-sensor\" dir=\"ltr\">\n<div class=\"resize-sensor-expand\">\n<div>Deri n\u00eb shkuror\u00ebzimin e \u00e7iftit, piktura ndodhej n\u00eb sht\u00ebpin\u00eb e tyre t\u00eb shekullit t\u00eb 16-t\u00eb n\u00eb Norfolk, \u201cEast Barsham\u201d pran\u00eb Fakenhamit, e p\u00ebrshkruar nga Henry VIII si \u201crezidenca e tij t\u00eb vog\u00ebl n\u00eb fshat\u201d.<\/div>\n<\/div>\n<\/div>\n<\/div>\n<\/div>\n<p>Piktura ishte realizuar nga artisti italian, Antonio Solario, i njohur si Lo Zingaro (Cigani), disa nga veprat e t\u00eb cilit ndodhen n\u00eb Galerin\u00eb Komb\u00ebtare n\u00eb Lond\u00ebr. Ajo ishte bler\u00eb nga muzeu \u201cBelluno\u201d n\u00eb vitin 1872 dhe ishte midis disa veprave q\u00eb u vodh\u00ebn nj\u00eb shekull m\u00eb pas. Disa prej tyre u gjet\u00ebn shpejt n\u00eb Austri, ku burri i De Dozsas e bleu piktur\u00ebn e Solarios nga nj\u00eb person i paidentifikuar.<\/p>\n<p>Vendndodhja e saj mbeti e panjohur deri n\u00eb vitin 2017 kur De Dozsa u p\u00ebrpoq ta shiste p\u00ebrmes nj\u00eb sht\u00ebpie ankandi rajonale, dhe u vu re nga dikush i lidhur me muzeun e Bellunos.<\/p>\n<p>Piktura iu kthye p\u00ebrkoh\u00ebsisht De Dozsas n\u00eb vitin 2020, pasi vonesat e shkaktuara nga izolimi p\u00ebr shkak t\u00eb COVID-it b\u00ebn\u00eb q\u00eb autoritetet italiane t\u00eb mos arrinin t\u00eb siguronin dokumentet p\u00ebrkat\u00ebse t\u00eb k\u00ebrkuara nga policia britanike.<\/p>\n<p>Gjat\u00eb viteve, Christopher Marinello, nj\u00eb avokat i specializuar p\u00ebr artin e vjedhur, ishte p\u00ebrpjekur vazhdimisht ta bindte at\u00eb t\u00eb \u201cb\u00ebnte gj\u00ebn\u00eb e duhur\u201d dhe ta kthente piktur\u00ebn n\u00eb Belluno. Ai e menaxhoi procesin e rikuperimit n\u00eb m\u00ebnyr\u00eb vullnetare sepse donte t\u00eb ndihmonte qytetin n\u00eb rajonin e Venetos n\u00eb Italin\u00eb veriore, nga ku kishte origjin\u00ebn familja e tij.<\/p>\n<p>De Dozsa n\u00eb fillim citoi Ligjin e Kufizimeve t\u00eb Mbret\u00ebris\u00eb s\u00eb Bashkuar t\u00eb vitit 1980, i cili thot\u00eb se nj\u00eb person q\u00eb blen mallra t\u00eb vjedhura mund t\u00eb njihet si pronar ligjor, n\u00ebse blerja nuk ka lidhje me vjedhjen dhe kan\u00eb kaluar m\u00eb shum\u00eb se gjasht\u00eb vjet prej kur \u00ebsht\u00eb kryer blerja.<\/p>\n<p>Marinello e hodhi posht\u00eb k\u00ebt\u00eb argument duke e cil\u00ebsuar si \u201cabsurditet\u201d.<\/p>\n<p>\u201cEdhe pse Ligji i Kufizimeve i Mbret\u00ebris\u00eb s\u00eb Bashkuar mb\u00ebshteste q\u00ebndrimin e saj, fakti q\u00eb piktura ishte e listuar n\u00eb bazat e t\u00eb dh\u00ebnave t\u00eb artit t\u00eb vjedhur t\u00eb Interpolit dhe Karabinier\u00ebve, n\u00ebnkuptonte se ajo nuk mund t\u00eb shitej, ekspozohej apo transportohej pa rrezikuar sekuestrimin\u201d, ka th\u00ebn\u00eb ai.<\/p>\n<p>Marinello \u00ebsht\u00eb themelues i organizat\u00ebs \u201cArt Recovery International\u201d, q\u00eb fokusohet n\u00eb artin e vjedhur ose t\u00eb pla\u00e7kitur dhe ka zyra n\u00eb Lond\u00ebr, Venecia dhe New York. Rikuperimet e tij t\u00eb m\u00ebparshme p\u00ebrfshijn\u00eb nj\u00eb piktur\u00eb t\u00eb Matisseit q\u00eb ishte vjedhur n\u00eb vitin 1987 nga Muzeu i Artit Modern n\u00eb Stokholm, dhe ishte zhdukur pa gjurm\u00eb p\u00ebr 25 vjet derisa u rishfaq n\u00eb Lond\u00ebr.<\/p>\n<p>De Dozsa p\u00ebrfundimisht pranoi ta dor\u00ebzonte piktur\u00ebn pa kushte n\u00eb Belluno.<\/p>\n<p>\u201cAjo m\u00eb ka rikthyer besimin te njer\u00ebzimi n\u00eb nj\u00eb koh\u00eb kur kaq shum\u00eb posedues t\u00eb veprave t\u00eb vjedhura t\u00eb artit p\u00ebrpiqen t\u00eb mos i dor\u00ebzojn\u00eb ato. Pavar\u00ebsisht t\u00eb drejtave t\u00eb viktim\u00ebs, njer\u00ebzit nuk kan\u00eb m\u00eb ndjeshm\u00ebri \u2013 dhe ajo e tregoi t\u00eb kund\u00ebrt\u00ebn\u201d, ka th\u00ebn\u00eb avokati.<\/p>\n<p>Duke b\u00ebr\u00eb shaka, Marinello tha: \u201cKur b\u00ebhet fjal\u00eb p\u00ebr kthimin e artit t\u00eb vjedhur dhe p\u00ebr t\u00eb b\u00ebr\u00eb gj\u00ebn\u00eb e duhur, mund t\u00eb jem bezdis\u00ebs dhe jasht\u00ebzakonisht k\u00ebmb\u00ebngul\u00ebs. Por n\u00eb fund t\u00eb fundit, ishte vendimi i Barbara de Dozsas dhe ajo b\u00ebri zgjedhjen e duhur\u201d.<\/p>\n<p>Ai fal\u00ebnderoi \u201cArte Generali\u201d, kompanin\u00eb e sigurimeve t\u00eb artit q\u00eb e b\u00ebri t\u00eb mundur rigjetjen e piktur\u00ebs me nj\u00eb donacion p\u00ebr t\u00eb mbuluar kostot logjistike, megjith\u00ebse nuk kishte lidhje direkte me k\u00ebt\u00eb rast.<\/p>\n<p>\u201cPa mb\u00ebshtetjen e tyre, ky kthim nuk do t\u00eb kishte ndodhur kurr\u00eb\u201d, ka th\u00ebn\u00eb n\u00eb fund, Marinello.<\/p>\n<p>Nj\u00eb tjet\u00ebr piktur\u00eb \u201cMadonna and Child\u201d, nga artisti italian i shekullit t\u00eb 19-t\u00eb, Placido Fabris, \u00ebsht\u00eb midis veprave t\u00eb tjera t\u00eb vjedhura nga muzeu Belluno, q\u00eb ende mungojn\u00eb. Ato jan\u00eb t\u00eb listuara n\u00eb baz\u00ebn e t\u00eb dh\u00ebnave t\u00eb artit t\u00eb vjedhur t\u00eb Karabinier\u00ebve.<\/p>\n<p>Marinello i b\u00ebn thirrje publikut ta kontaktoj\u00eb n\u00ebse i v\u00ebrejn\u00eb ato n\u00eb koleksione private apo publike:<\/p>\n<p>\u201cPiktura e artistit Solario arriti deri n\u00eb Britani t\u00eb Madhe \u2013 pse jo edhe k\u00ebto?\u201d, ka th\u00ebn\u00eb ai.<br \/>\nOscar De Pellegrin, kryetari i bashkis\u00eb s\u00eb Bellunos, tha: \u201cKthimi i k\u00ebsaj pikture n\u00eb qytet do t\u00eb thot\u00eb t\u2019i jap\u00ebsh nj\u00eb fragment t\u00eb identitetit, historis\u00eb dhe shpirtit t\u00eb tij\u201d.<\/p>\n<p>Barbara de Dozsa nuk pranoi t\u00eb prononcohet p\u00ebr \u201cThe Guardian\u201d.<\/p>\n<p>&nbsp;<\/p>\n","protected":false},"excerpt":{"rendered":"<p>Rome, 24 Korrik 2025 Barbara de Dozsa kishte argumentuar pron\u00ebsin\u00eb, sepse vepra e artistit italian Solario ishte bler\u00eb me mir\u00ebbesim. Ajo kishte refuzuar ta kthente<\/p>\n","protected":false},"author":1,"featured_media":4970,"comment_status":"open","ping_status":"open","sticky":false,"template":"","format":"standard","meta":{"footnotes":""},"categories":[54],"tags":[],"class_list":["post-4969","post","type-post","status-publish","format-standard","has-post-thumbnail","hentry","category-kulture-sq"],"yoast_head":"<!-- This site is optimized with the Yoast SEO plugin v25.3.1 - https:\/\/yoast.com\/wordpress\/plugins\/seo\/ -->\n<title>Dor\u00ebzohet piktura e shekullit XVI e vjedhur para 50 vjet\u00ebve -<\/title>\n<meta name=\"robots\" content=\"index, follow, max-snippet:-1, max-image-preview:large, max-video-preview:-1\" \/>\n<link rel=\"canonical\" href=\"https:\/\/veritasinfo.org\/?p=4969\" \/>\n<meta property=\"og:locale\" content=\"en_US\" \/>\n<meta property=\"og:type\" content=\"article\" \/>\n<meta property=\"og:title\" content=\"Dor\u00ebzohet piktura e shekullit XVI e vjedhur para 50 vjet\u00ebve -\" \/>\n<meta property=\"og:description\" content=\"Rome, 24 Korrik 2025 Barbara de Dozsa kishte argumentuar pron\u00ebsin\u00eb, sepse vepra e artistit italian Solario ishte bler\u00eb me mir\u00ebbesim. Ajo kishte refuzuar ta kthente\" \/>\n<meta property=\"og:url\" content=\"https:\/\/veritasinfo.org\/?p=4969\" \/>\n<meta property=\"article:published_time\" content=\"2025-07-24T05:27:28+00:00\" \/>\n<meta property=\"og:image\" content=\"https:\/\/veritasinfo.org\/wp-content\/uploads\/2025\/07\/IMG_2266.webp\" \/>\n\t<meta property=\"og:image:width\" content=\"1313\" \/>\n\t<meta property=\"og:image:height\" content=\"870\" \/>\n\t<meta property=\"og:image:type\" content=\"image\/webp\" \/>\n<meta name=\"author\" content=\"admin\" \/>\n<meta name=\"twitter:card\" content=\"summary_large_image\" \/>\n<meta name=\"twitter:label1\" content=\"Written by\" \/>\n\t<meta name=\"twitter:data1\" content=\"admin\" \/>\n\t<meta name=\"twitter:label2\" content=\"Est. reading time\" \/>\n\t<meta name=\"twitter:data2\" content=\"4 minutes\" \/>\n<script type=\"application\/ld+json\" class=\"yoast-schema-graph\">{\"@context\":\"https:\/\/schema.org\",\"@graph\":[{\"@type\":\"WebPage\",\"@id\":\"https:\/\/veritasinfo.org\/?p=4969\",\"url\":\"https:\/\/veritasinfo.org\/?p=4969\",\"name\":\"Dor\u00ebzohet piktura e shekullit XVI e vjedhur para 50 vjet\u00ebve -\",\"isPartOf\":{\"@id\":\"https:\/\/veritasinfo.org\/#website\"},\"primaryImageOfPage\":{\"@id\":\"https:\/\/veritasinfo.org\/?p=4969#primaryimage\"},\"image\":{\"@id\":\"https:\/\/veritasinfo.org\/?p=4969#primaryimage\"},\"thumbnailUrl\":\"https:\/\/veritasinfo.org\/wp-content\/uploads\/2025\/07\/IMG_2266.webp\",\"datePublished\":\"2025-07-24T05:27:28+00:00\",\"author\":{\"@id\":\"https:\/\/veritasinfo.org\/#\/schema\/person\/7701f8c088bece422266b100a712374f\"},\"breadcrumb\":{\"@id\":\"https:\/\/veritasinfo.org\/?p=4969#breadcrumb\"},\"inLanguage\":\"en-US\",\"potentialAction\":[{\"@type\":\"ReadAction\",\"target\":[\"https:\/\/veritasinfo.org\/?p=4969\"]}]},{\"@type\":\"ImageObject\",\"inLanguage\":\"en-US\",\"@id\":\"https:\/\/veritasinfo.org\/?p=4969#primaryimage\",\"url\":\"https:\/\/veritasinfo.org\/wp-content\/uploads\/2025\/07\/IMG_2266.webp\",\"contentUrl\":\"https:\/\/veritasinfo.org\/wp-content\/uploads\/2025\/07\/IMG_2266.webp\",\"width\":1313,\"height\":870},{\"@type\":\"BreadcrumbList\",\"@id\":\"https:\/\/veritasinfo.org\/?p=4969#breadcrumb\",\"itemListElement\":[{\"@type\":\"ListItem\",\"position\":1,\"name\":\"Home\",\"item\":\"https:\/\/veritasinfo.org\/\"},{\"@type\":\"ListItem\",\"position\":2,\"name\":\"Dor\u00ebzohet piktura e shekullit XVI e vjedhur para 50 vjet\u00ebve\"}]},{\"@type\":\"WebSite\",\"@id\":\"https:\/\/veritasinfo.org\/#website\",\"url\":\"https:\/\/veritasinfo.org\/\",\"name\":\"\",\"description\":\"\",\"potentialAction\":[{\"@type\":\"SearchAction\",\"target\":{\"@type\":\"EntryPoint\",\"urlTemplate\":\"https:\/\/veritasinfo.org\/?s={search_term_string}\"},\"query-input\":{\"@type\":\"PropertyValueSpecification\",\"valueRequired\":true,\"valueName\":\"search_term_string\"}}],\"inLanguage\":\"en-US\"},{\"@type\":\"Person\",\"@id\":\"https:\/\/veritasinfo.org\/#\/schema\/person\/7701f8c088bece422266b100a712374f\",\"name\":\"admin\",\"image\":{\"@type\":\"ImageObject\",\"inLanguage\":\"en-US\",\"@id\":\"https:\/\/veritasinfo.org\/#\/schema\/person\/image\/\",\"url\":\"https:\/\/secure.gravatar.com\/avatar\/ea53aa3bf6c9a12d5fde8ce4deff43fef3885ae33cf60184161a50d6987cfd2f?s=96&d=mm&r=g\",\"contentUrl\":\"https:\/\/secure.gravatar.com\/avatar\/ea53aa3bf6c9a12d5fde8ce4deff43fef3885ae33cf60184161a50d6987cfd2f?s=96&d=mm&r=g\",\"caption\":\"admin\"},\"sameAs\":[\"https:\/\/veritasinfo.org\"],\"url\":\"https:\/\/veritasinfo.org\/?author=1\"}]}<\/script>\n<!-- \/ Yoast SEO plugin. -->","yoast_head_json":{"title":"Dor\u00ebzohet piktura e shekullit XVI e vjedhur para 50 vjet\u00ebve -","robots":{"index":"index","follow":"follow","max-snippet":"max-snippet:-1","max-image-preview":"max-image-preview:large","max-video-preview":"max-video-preview:-1"},"canonical":"https:\/\/veritasinfo.org\/?p=4969","og_locale":"en_US","og_type":"article","og_title":"Dor\u00ebzohet piktura e shekullit XVI e vjedhur para 50 vjet\u00ebve -","og_description":"Rome, 24 Korrik 2025 Barbara de Dozsa kishte argumentuar pron\u00ebsin\u00eb, sepse vepra e artistit italian Solario ishte bler\u00eb me mir\u00ebbesim. Ajo kishte refuzuar ta kthente","og_url":"https:\/\/veritasinfo.org\/?p=4969","article_published_time":"2025-07-24T05:27:28+00:00","og_image":[{"width":1313,"height":870,"url":"https:\/\/veritasinfo.org\/wp-content\/uploads\/2025\/07\/IMG_2266.webp","type":"image\/webp"}],"author":"admin","twitter_card":"summary_large_image","twitter_misc":{"Written by":"admin","Est. reading time":"4 minutes"},"schema":{"@context":"https:\/\/schema.org","@graph":[{"@type":"WebPage","@id":"https:\/\/veritasinfo.org\/?p=4969","url":"https:\/\/veritasinfo.org\/?p=4969","name":"Dor\u00ebzohet piktura e shekullit XVI e vjedhur para 50 vjet\u00ebve -","isPartOf":{"@id":"https:\/\/veritasinfo.org\/#website"},"primaryImageOfPage":{"@id":"https:\/\/veritasinfo.org\/?p=4969#primaryimage"},"image":{"@id":"https:\/\/veritasinfo.org\/?p=4969#primaryimage"},"thumbnailUrl":"https:\/\/veritasinfo.org\/wp-content\/uploads\/2025\/07\/IMG_2266.webp","datePublished":"2025-07-24T05:27:28+00:00","author":{"@id":"https:\/\/veritasinfo.org\/#\/schema\/person\/7701f8c088bece422266b100a712374f"},"breadcrumb":{"@id":"https:\/\/veritasinfo.org\/?p=4969#breadcrumb"},"inLanguage":"en-US","potentialAction":[{"@type":"ReadAction","target":["https:\/\/veritasinfo.org\/?p=4969"]}]},{"@type":"ImageObject","inLanguage":"en-US","@id":"https:\/\/veritasinfo.org\/?p=4969#primaryimage","url":"https:\/\/veritasinfo.org\/wp-content\/uploads\/2025\/07\/IMG_2266.webp","contentUrl":"https:\/\/veritasinfo.org\/wp-content\/uploads\/2025\/07\/IMG_2266.webp","width":1313,"height":870},{"@type":"BreadcrumbList","@id":"https:\/\/veritasinfo.org\/?p=4969#breadcrumb","itemListElement":[{"@type":"ListItem","position":1,"name":"Home","item":"https:\/\/veritasinfo.org\/"},{"@type":"ListItem","position":2,"name":"Dor\u00ebzohet piktura e shekullit XVI e vjedhur para 50 vjet\u00ebve"}]},{"@type":"WebSite","@id":"https:\/\/veritasinfo.org\/#website","url":"https:\/\/veritasinfo.org\/","name":"","description":"","potentialAction":[{"@type":"SearchAction","target":{"@type":"EntryPoint","urlTemplate":"https:\/\/veritasinfo.org\/?s={search_term_string}"},"query-input":{"@type":"PropertyValueSpecification","valueRequired":true,"valueName":"search_term_string"}}],"inLanguage":"en-US"},{"@type":"Person","@id":"https:\/\/veritasinfo.org\/#\/schema\/person\/7701f8c088bece422266b100a712374f","name":"admin","image":{"@type":"ImageObject","inLanguage":"en-US","@id":"https:\/\/veritasinfo.org\/#\/schema\/person\/image\/","url":"https:\/\/secure.gravatar.com\/avatar\/ea53aa3bf6c9a12d5fde8ce4deff43fef3885ae33cf60184161a50d6987cfd2f?s=96&d=mm&r=g","contentUrl":"https:\/\/secure.gravatar.com\/avatar\/ea53aa3bf6c9a12d5fde8ce4deff43fef3885ae33cf60184161a50d6987cfd2f?s=96&d=mm&r=g","caption":"admin"},"sameAs":["https:\/\/veritasinfo.org"],"url":"https:\/\/veritasinfo.org\/?author=1"}]}},"featured_image_urls":{"full":["https:\/\/veritasinfo.org\/wp-content\/uploads\/2025\/07\/IMG_2266.webp",1313,870,false],"thumbnail":["https:\/\/veritasinfo.org\/wp-content\/uploads\/2025\/07\/IMG_2266-150x150.webp",150,150,true],"medium":["https:\/\/veritasinfo.org\/wp-content\/uploads\/2025\/07\/IMG_2266-300x199.webp",300,199,true],"medium_large":["https:\/\/veritasinfo.org\/wp-content\/uploads\/2025\/07\/IMG_2266-768x509.webp",640,424,true],"large":["https:\/\/veritasinfo.org\/wp-content\/uploads\/2025\/07\/IMG_2266-1024x679.webp",640,424,true],"1536x1536":["https:\/\/veritasinfo.org\/wp-content\/uploads\/2025\/07\/IMG_2266.webp",1313,870,false],"2048x2048":["https:\/\/veritasinfo.org\/wp-content\/uploads\/2025\/07\/IMG_2266.webp",1313,870,false],"kreeti-slider-full":["https:\/\/veritasinfo.org\/wp-content\/uploads\/2025\/07\/IMG_2266.webp",1087,720,false],"kreeti-featured":["https:\/\/veritasinfo.org\/wp-content\/uploads\/2025\/07\/IMG_2266.webp",1024,679,false],"kreeti-medium":["https:\/\/veritasinfo.org\/wp-content\/uploads\/2025\/07\/IMG_2266.webp",720,477,false],"kreeti-medium-square":["https:\/\/veritasinfo.org\/wp-content\/uploads\/2025\/07\/IMG_2266.webp",350,232,false]},"author_info":{"info":["admin"]},"category_info":"<a href=\"https:\/\/veritasinfo.org\/?cat=54\" rel=\"category\">Kultur\u00eb<\/a>","tag_info":"Kultur\u00eb","comment_count":"0","_links":{"self":[{"href":"https:\/\/veritasinfo.org\/index.php?rest_route=\/wp\/v2\/posts\/4969","targetHints":{"allow":["GET"]}}],"collection":[{"href":"https:\/\/veritasinfo.org\/index.php?rest_route=\/wp\/v2\/posts"}],"about":[{"href":"https:\/\/veritasinfo.org\/index.php?rest_route=\/wp\/v2\/types\/post"}],"author":[{"embeddable":true,"href":"https:\/\/veritasinfo.org\/index.php?rest_route=\/wp\/v2\/users\/1"}],"replies":[{"embeddable":true,"href":"https:\/\/veritasinfo.org\/index.php?rest_route=%2Fwp%2Fv2%2Fcomments&post=4969"}],"version-history":[{"count":3,"href":"https:\/\/veritasinfo.org\/index.php?rest_route=\/wp\/v2\/posts\/4969\/revisions"}],"predecessor-version":[{"id":4974,"href":"https:\/\/veritasinfo.org\/index.php?rest_route=\/wp\/v2\/posts\/4969\/revisions\/4974"}],"wp:featuredmedia":[{"embeddable":true,"href":"https:\/\/veritasinfo.org\/index.php?rest_route=\/wp\/v2\/media\/4970"}],"wp:attachment":[{"href":"https:\/\/veritasinfo.org\/index.php?rest_route=%2Fwp%2Fv2%2Fmedia&parent=4969"}],"wp:term":[{"taxonomy":"category","embeddable":true,"href":"https:\/\/veritasinfo.org\/index.php?rest_route=%2Fwp%2Fv2%2Fcategories&post=4969"},{"taxonomy":"post_tag","embeddable":true,"href":"https:\/\/veritasinfo.org\/index.php?rest_route=%2Fwp%2Fv2%2Ftags&post=4969"}],"curies":[{"name":"wp","href":"https:\/\/api.w.org\/{rel}","templated":true}]}}