{"id":4956,"date":"2025-07-24T07:20:03","date_gmt":"2025-07-24T05:20:03","guid":{"rendered":"https:\/\/veritasinfo.org\/?p=4956"},"modified":"2025-07-23T22:59:26","modified_gmt":"2025-07-23T20:59:26","slug":"vazhdon-gjykimi-per-rastin-banjska-seanca-e-radhes-sot-ne-oren-0930","status":"publish","type":"post","link":"https:\/\/veritasinfo.org\/?p=4956","title":{"rendered":"Vazhdon gjykimi p\u00ebr rastin \u201cBanjska\u201d \u2013 seanca e radh\u00ebs sot n\u00eb or\u00ebn 09:30"},"content":{"rendered":"<p>Vazhdon gjykimi p\u00ebr rastin \u201cBanjska\u201d \u2013 seanca e radh\u00ebs sot n\u00eb or\u00ebn 09:30<\/p>\n<p>Prishtin\u00eb, 24 korrik 2025<\/p>\n<p>Sot n\u00eb Pallatin e Drejt\u00ebsis\u00eb, duke filluar nga ora 09:30, zhvillohet seanca e radh\u00ebs gjyq\u00ebsore n\u00eb rastin \u201cBanjska\u201d, ndaj t\u00eb akuzuarve p\u00ebr sulmin terrorist t\u00eb 24 shtatorit 2023: Blagoje Spasojeviq, Vladimir Toliq dhe Dushan Maksimoviq.<\/p>\n<p>N\u00eb seancat e m\u00ebparshme kan\u00eb d\u00ebshmuar disa zyrtar\u00eb policor\u00eb q\u00eb ishin pjes\u00eb e kund\u00ebrp\u00ebrgjigjes ndaj grupit t\u00eb armatosur n\u00eb fshatin Banjska t\u00eb komun\u00ebs s\u00eb Zve\u00e7anit.<\/p>\n<p>T\u00eb pandehurit p\u00ebrballen me akuza t\u00eb r\u00ebnda p\u00ebr p\u00ebrfshirje n\u00eb ngjarjet q\u00eb rezultuan me vrasjen e rreshterit t\u00eb Policis\u00eb s\u00eb Kosov\u00ebs, Afrim Bunjaku, si dhe plagosjen e disa zyrtar\u00ebve t\u00eb tjer\u00eb policor\u00eb.<\/p>\n<p>&nbsp;<\/p>\n<p>&nbsp;<\/p>\n","protected":false},"excerpt":{"rendered":"<p>Vazhdon gjykimi p\u00ebr rastin \u201cBanjska\u201d \u2013 seanca e radh\u00ebs sot n\u00eb or\u00ebn 09:30 Prishtin\u00eb, 24 korrik 2025 Sot n\u00eb Pallatin e Drejt\u00ebsis\u00eb, duke filluar nga<\/p>\n","protected":false},"author":1,"featured_media":4960,"comment_status":"open","ping_status":"open","sticky":false,"template":"","format":"standard","meta":{"footnotes":""},"categories":[60],"tags":[],"class_list":["post-4956","post","type-post","status-publish","format-standard","has-post-thumbnail","hentry","category-shoqerore-sq"],"yoast_head":"<!-- This site is optimized with the Yoast SEO plugin v25.3.1 - https:\/\/yoast.com\/wordpress\/plugins\/seo\/ -->\n<title>Vazhdon gjykimi p\u00ebr rastin \u201cBanjska\u201d \u2013 seanca e radh\u00ebs sot n\u00eb or\u00ebn 09:30 -<\/title>\n<meta name=\"robots\" content=\"index, follow, max-snippet:-1, max-image-preview:large, max-video-preview:-1\" \/>\n<link rel=\"canonical\" href=\"https:\/\/veritasinfo.org\/?p=4956\" \/>\n<meta property=\"og:locale\" content=\"en_US\" \/>\n<meta property=\"og:type\" content=\"article\" \/>\n<meta property=\"og:title\" content=\"Vazhdon gjykimi p\u00ebr rastin \u201cBanjska\u201d \u2013 seanca e radh\u00ebs sot n\u00eb or\u00ebn 09:30 -\" \/>\n<meta property=\"og:description\" content=\"Vazhdon gjykimi p\u00ebr rastin \u201cBanjska\u201d \u2013 seanca e radh\u00ebs sot n\u00eb or\u00ebn 09:30 Prishtin\u00eb, 24 korrik 2025 Sot n\u00eb Pallatin e Drejt\u00ebsis\u00eb, duke filluar nga\" \/>\n<meta property=\"og:url\" content=\"https:\/\/veritasinfo.org\/?p=4956\" \/>\n<meta property=\"article:published_time\" content=\"2025-07-24T05:20:03+00:00\" \/>\n<meta property=\"og:image\" content=\"https:\/\/veritasinfo.org\/wp-content\/uploads\/2025\/07\/3333-2.jpg\" \/>\n\t<meta property=\"og:image:width\" content=\"1076\" \/>\n\t<meta property=\"og:image:height\" content=\"479\" \/>\n\t<meta property=\"og:image:type\" content=\"image\/jpeg\" \/>\n<meta name=\"author\" content=\"admin\" \/>\n<meta name=\"twitter:card\" content=\"summary_large_image\" \/>\n<meta name=\"twitter:label1\" content=\"Written by\" \/>\n\t<meta name=\"twitter:data1\" content=\"admin\" \/>\n\t<meta name=\"twitter:label2\" content=\"Est. reading time\" \/>\n\t<meta name=\"twitter:data2\" content=\"1 minute\" \/>\n<script type=\"application\/ld+json\" class=\"yoast-schema-graph\">{\"@context\":\"https:\/\/schema.org\",\"@graph\":[{\"@type\":\"WebPage\",\"@id\":\"https:\/\/veritasinfo.org\/?p=4956\",\"url\":\"https:\/\/veritasinfo.org\/?p=4956\",\"name\":\"Vazhdon gjykimi p\u00ebr rastin \u201cBanjska\u201d \u2013 seanca e radh\u00ebs sot n\u00eb or\u00ebn 09:30 -\",\"isPartOf\":{\"@id\":\"https:\/\/veritasinfo.org\/#website\"},\"primaryImageOfPage\":{\"@id\":\"https:\/\/veritasinfo.org\/?p=4956#primaryimage\"},\"image\":{\"@id\":\"https:\/\/veritasinfo.org\/?p=4956#primaryimage\"},\"thumbnailUrl\":\"https:\/\/veritasinfo.org\/wp-content\/uploads\/2025\/07\/3333-2.jpg\",\"datePublished\":\"2025-07-24T05:20:03+00:00\",\"author\":{\"@id\":\"https:\/\/veritasinfo.org\/#\/schema\/person\/7701f8c088bece422266b100a712374f\"},\"breadcrumb\":{\"@id\":\"https:\/\/veritasinfo.org\/?p=4956#breadcrumb\"},\"inLanguage\":\"en-US\",\"potentialAction\":[{\"@type\":\"ReadAction\",\"target\":[\"https:\/\/veritasinfo.org\/?p=4956\"]}]},{\"@type\":\"ImageObject\",\"inLanguage\":\"en-US\",\"@id\":\"https:\/\/veritasinfo.org\/?p=4956#primaryimage\",\"url\":\"https:\/\/veritasinfo.org\/wp-content\/uploads\/2025\/07\/3333-2.jpg\",\"contentUrl\":\"https:\/\/veritasinfo.org\/wp-content\/uploads\/2025\/07\/3333-2.jpg\",\"width\":1076,\"height\":479},{\"@type\":\"BreadcrumbList\",\"@id\":\"https:\/\/veritasinfo.org\/?p=4956#breadcrumb\",\"itemListElement\":[{\"@type\":\"ListItem\",\"position\":1,\"name\":\"Home\",\"item\":\"https:\/\/veritasinfo.org\/\"},{\"@type\":\"ListItem\",\"position\":2,\"name\":\"Vazhdon gjykimi p\u00ebr rastin \u201cBanjska\u201d \u2013 seanca e radh\u00ebs sot n\u00eb or\u00ebn 09:30\"}]},{\"@type\":\"WebSite\",\"@id\":\"https:\/\/veritasinfo.org\/#website\",\"url\":\"https:\/\/veritasinfo.org\/\",\"name\":\"\",\"description\":\"\",\"potentialAction\":[{\"@type\":\"SearchAction\",\"target\":{\"@type\":\"EntryPoint\",\"urlTemplate\":\"https:\/\/veritasinfo.org\/?s={search_term_string}\"},\"query-input\":{\"@type\":\"PropertyValueSpecification\",\"valueRequired\":true,\"valueName\":\"search_term_string\"}}],\"inLanguage\":\"en-US\"},{\"@type\":\"Person\",\"@id\":\"https:\/\/veritasinfo.org\/#\/schema\/person\/7701f8c088bece422266b100a712374f\",\"name\":\"admin\",\"image\":{\"@type\":\"ImageObject\",\"inLanguage\":\"en-US\",\"@id\":\"https:\/\/veritasinfo.org\/#\/schema\/person\/image\/\",\"url\":\"https:\/\/secure.gravatar.com\/avatar\/ea53aa3bf6c9a12d5fde8ce4deff43fef3885ae33cf60184161a50d6987cfd2f?s=96&d=mm&r=g\",\"contentUrl\":\"https:\/\/secure.gravatar.com\/avatar\/ea53aa3bf6c9a12d5fde8ce4deff43fef3885ae33cf60184161a50d6987cfd2f?s=96&d=mm&r=g\",\"caption\":\"admin\"},\"sameAs\":[\"https:\/\/veritasinfo.org\"],\"url\":\"https:\/\/veritasinfo.org\/?author=1\"}]}<\/script>\n<!-- \/ Yoast SEO plugin. -->","yoast_head_json":{"title":"Vazhdon gjykimi p\u00ebr rastin \u201cBanjska\u201d \u2013 seanca e radh\u00ebs sot n\u00eb or\u00ebn 09:30 -","robots":{"index":"index","follow":"follow","max-snippet":"max-snippet:-1","max-image-preview":"max-image-preview:large","max-video-preview":"max-video-preview:-1"},"canonical":"https:\/\/veritasinfo.org\/?p=4956","og_locale":"en_US","og_type":"article","og_title":"Vazhdon gjykimi p\u00ebr rastin \u201cBanjska\u201d \u2013 seanca e radh\u00ebs sot n\u00eb or\u00ebn 09:30 -","og_description":"Vazhdon gjykimi p\u00ebr rastin \u201cBanjska\u201d \u2013 seanca e radh\u00ebs sot n\u00eb or\u00ebn 09:30 Prishtin\u00eb, 24 korrik 2025 Sot n\u00eb Pallatin e Drejt\u00ebsis\u00eb, duke filluar nga","og_url":"https:\/\/veritasinfo.org\/?p=4956","article_published_time":"2025-07-24T05:20:03+00:00","og_image":[{"width":1076,"height":479,"url":"https:\/\/veritasinfo.org\/wp-content\/uploads\/2025\/07\/3333-2.jpg","type":"image\/jpeg"}],"author":"admin","twitter_card":"summary_large_image","twitter_misc":{"Written by":"admin","Est. reading time":"1 minute"},"schema":{"@context":"https:\/\/schema.org","@graph":[{"@type":"WebPage","@id":"https:\/\/veritasinfo.org\/?p=4956","url":"https:\/\/veritasinfo.org\/?p=4956","name":"Vazhdon gjykimi p\u00ebr rastin \u201cBanjska\u201d \u2013 seanca e radh\u00ebs sot n\u00eb or\u00ebn 09:30 -","isPartOf":{"@id":"https:\/\/veritasinfo.org\/#website"},"primaryImageOfPage":{"@id":"https:\/\/veritasinfo.org\/?p=4956#primaryimage"},"image":{"@id":"https:\/\/veritasinfo.org\/?p=4956#primaryimage"},"thumbnailUrl":"https:\/\/veritasinfo.org\/wp-content\/uploads\/2025\/07\/3333-2.jpg","datePublished":"2025-07-24T05:20:03+00:00","author":{"@id":"https:\/\/veritasinfo.org\/#\/schema\/person\/7701f8c088bece422266b100a712374f"},"breadcrumb":{"@id":"https:\/\/veritasinfo.org\/?p=4956#breadcrumb"},"inLanguage":"en-US","potentialAction":[{"@type":"ReadAction","target":["https:\/\/veritasinfo.org\/?p=4956"]}]},{"@type":"ImageObject","inLanguage":"en-US","@id":"https:\/\/veritasinfo.org\/?p=4956#primaryimage","url":"https:\/\/veritasinfo.org\/wp-content\/uploads\/2025\/07\/3333-2.jpg","contentUrl":"https:\/\/veritasinfo.org\/wp-content\/uploads\/2025\/07\/3333-2.jpg","width":1076,"height":479},{"@type":"BreadcrumbList","@id":"https:\/\/veritasinfo.org\/?p=4956#breadcrumb","itemListElement":[{"@type":"ListItem","position":1,"name":"Home","item":"https:\/\/veritasinfo.org\/"},{"@type":"ListItem","position":2,"name":"Vazhdon gjykimi p\u00ebr rastin \u201cBanjska\u201d \u2013 seanca e radh\u00ebs sot n\u00eb or\u00ebn 09:30"}]},{"@type":"WebSite","@id":"https:\/\/veritasinfo.org\/#website","url":"https:\/\/veritasinfo.org\/","name":"","description":"","potentialAction":[{"@type":"SearchAction","target":{"@type":"EntryPoint","urlTemplate":"https:\/\/veritasinfo.org\/?s={search_term_string}"},"query-input":{"@type":"PropertyValueSpecification","valueRequired":true,"valueName":"search_term_string"}}],"inLanguage":"en-US"},{"@type":"Person","@id":"https:\/\/veritasinfo.org\/#\/schema\/person\/7701f8c088bece422266b100a712374f","name":"admin","image":{"@type":"ImageObject","inLanguage":"en-US","@id":"https:\/\/veritasinfo.org\/#\/schema\/person\/image\/","url":"https:\/\/secure.gravatar.com\/avatar\/ea53aa3bf6c9a12d5fde8ce4deff43fef3885ae33cf60184161a50d6987cfd2f?s=96&d=mm&r=g","contentUrl":"https:\/\/secure.gravatar.com\/avatar\/ea53aa3bf6c9a12d5fde8ce4deff43fef3885ae33cf60184161a50d6987cfd2f?s=96&d=mm&r=g","caption":"admin"},"sameAs":["https:\/\/veritasinfo.org"],"url":"https:\/\/veritasinfo.org\/?author=1"}]}},"featured_image_urls":{"full":["https:\/\/veritasinfo.org\/wp-content\/uploads\/2025\/07\/3333-2.jpg",1076,479,false],"thumbnail":["https:\/\/veritasinfo.org\/wp-content\/uploads\/2025\/07\/3333-2-150x150.jpg",150,150,true],"medium":["https:\/\/veritasinfo.org\/wp-content\/uploads\/2025\/07\/3333-2-300x134.jpg",300,134,true],"medium_large":["https:\/\/veritasinfo.org\/wp-content\/uploads\/2025\/07\/3333-2-768x342.jpg",640,285,true],"large":["https:\/\/veritasinfo.org\/wp-content\/uploads\/2025\/07\/3333-2-1024x456.jpg",640,285,true],"1536x1536":["https:\/\/veritasinfo.org\/wp-content\/uploads\/2025\/07\/3333-2.jpg",1076,479,false],"2048x2048":["https:\/\/veritasinfo.org\/wp-content\/uploads\/2025\/07\/3333-2.jpg",1076,479,false],"kreeti-slider-full":["https:\/\/veritasinfo.org\/wp-content\/uploads\/2025\/07\/3333-2.jpg",1076,479,false],"kreeti-featured":["https:\/\/veritasinfo.org\/wp-content\/uploads\/2025\/07\/3333-2.jpg",1024,456,false],"kreeti-medium":["https:\/\/veritasinfo.org\/wp-content\/uploads\/2025\/07\/3333-2.jpg",720,321,false],"kreeti-medium-square":["https:\/\/veritasinfo.org\/wp-content\/uploads\/2025\/07\/3333-2.jpg",350,156,false]},"author_info":{"info":["admin"]},"category_info":"<a href=\"https:\/\/veritasinfo.org\/?cat=60\" rel=\"category\">Shoq\u00ebrore<\/a>","tag_info":"Shoq\u00ebrore","comment_count":"0","_links":{"self":[{"href":"https:\/\/veritasinfo.org\/index.php?rest_route=\/wp\/v2\/posts\/4956","targetHints":{"allow":["GET"]}}],"collection":[{"href":"https:\/\/veritasinfo.org\/index.php?rest_route=\/wp\/v2\/posts"}],"about":[{"href":"https:\/\/veritasinfo.org\/index.php?rest_route=\/wp\/v2\/types\/post"}],"author":[{"embeddable":true,"href":"https:\/\/veritasinfo.org\/index.php?rest_route=\/wp\/v2\/users\/1"}],"replies":[{"embeddable":true,"href":"https:\/\/veritasinfo.org\/index.php?rest_route=%2Fwp%2Fv2%2Fcomments&post=4956"}],"version-history":[{"count":1,"href":"https:\/\/veritasinfo.org\/index.php?rest_route=\/wp\/v2\/posts\/4956\/revisions"}],"predecessor-version":[{"id":4963,"href":"https:\/\/veritasinfo.org\/index.php?rest_route=\/wp\/v2\/posts\/4956\/revisions\/4963"}],"wp:featuredmedia":[{"embeddable":true,"href":"https:\/\/veritasinfo.org\/index.php?rest_route=\/wp\/v2\/media\/4960"}],"wp:attachment":[{"href":"https:\/\/veritasinfo.org\/index.php?rest_route=%2Fwp%2Fv2%2Fmedia&parent=4956"}],"wp:term":[{"taxonomy":"category","embeddable":true,"href":"https:\/\/veritasinfo.org\/index.php?rest_route=%2Fwp%2Fv2%2Fcategories&post=4956"},{"taxonomy":"post_tag","embeddable":true,"href":"https:\/\/veritasinfo.org\/index.php?rest_route=%2Fwp%2Fv2%2Ftags&post=4956"}],"curies":[{"name":"wp","href":"https:\/\/api.w.org\/{rel}","templated":true}]}}