{"id":4945,"date":"2025-07-24T07:20:15","date_gmt":"2025-07-24T05:20:15","guid":{"rendered":"https:\/\/veritasinfo.org\/?p=4945"},"modified":"2025-07-23T22:47:32","modified_gmt":"2025-07-23T20:47:32","slug":"maqedonci-politika-shteterore-e-serbise-mbetet-gjeneratorja-me-e-rrezikshme-e-destabilizimit","status":"publish","type":"post","link":"https:\/\/veritasinfo.org\/?p=4945","title":{"rendered":"Maqedonci: Politika shtet\u00ebrore e Serbis\u00eb mbetet gjeneratorja m\u00eb e rrezikshme e destabilizimit"},"content":{"rendered":"<p>Prishtin\u00eb, 23 Korrik 2025<\/p>\n<p>Ministri n\u00eb detyr\u00eb i Mbrojtjes, Ejup Maqedonci, ka th\u00ebn\u00eb se politika shtet\u00ebrore e Serbis\u00eb \u00ebsht\u00eb mb\u00ebshtet\u00ebsja m\u00eb e madhe e destabilizimit n\u00eb Ballkanin Per\u00ebndimor.<\/p>\n<div class=\"instream-video\">\n<div data-id=\"2kQm8Ze4251g\">\n<div class=\"orp-player-wrapper orp-aspectRateFixed orp-tiny-size orp-player-ipm orp-player-ipm-hidden orp-force-hide-player\">Ai i ka reaguar homologut nga Serbia, Bratislav Gashiq, pasi ky i fundit ka folur p\u00ebr kushtet e jetes\u00ebs s\u00eb serb\u00ebve t\u00eb Kosov\u00ebs derisa i ka paraqitur ato si t\u00eb k\u00ebqija. Gashiq ka akuzuar kryeministrin n\u00eb detyr\u00eb, Albin Kurti, e ministrin n\u00eb detyr\u00eb t\u00eb Brendsh\u00ebm, Xhelal Sve\u00e7la, se kan\u00eb synim destabilizimin.<\/div>\n<\/div>\n<\/div>\n<p>Maqedonci ka shtuar se deklaratat e zyrtar\u00ebve serb\u00eb jan\u00eb n\u00eb nj\u00eb frym\u00eb me ato t\u00eb Aleksand\u00ebr Vu\u00e7iqit e Slobodan Millosheviqit.<\/p>\n<p>\u201cDeklarata e Ministrit serb t\u00eb Mbrojtjes, Gashiq, se Kryeministri i Republik\u00ebs s\u00eb Kosov\u00ebs, Albin Kurti, dhe institucionet tona po \u2018sajojn\u00eb luft\u00ebn kund\u00ebr krimit p\u00ebr q\u00ebllime terrori dhe spastrimi etnik\u2019, \u00ebsht\u00eb nj\u00eb deklarat\u00eb n\u00eb frym\u00ebn e shefit t\u00eb tij, Aleksand\u00ebr Vu\u00e7iq, dhe idolit t\u00eb tyre t\u00eb p\u00ebrbashk\u00ebt ideologjik, kryekriminelit Sllobodan Millosheviq\u201d, ka shkruar Maqedonci n\u00eb Facebook.<\/p>\n<p>Maqedonci e ka quajtur hipokrizi akuz\u00ebn e Gashiqit derisa ka th\u00ebn\u00eb se n\u00eb Serbi p\u00ebrgatisin parada madh\u00ebshtore ushtarake p\u00ebr t\u00eb frik\u00ebsuar fqinj\u00ebt. Ai i ka quajtur t\u00ebr\u00ebsisht t\u00eb pabaza deklaratat e Gashiqit, duke theksuar se Kosova vepron ligjsh\u00ebm brenda kufijve shtet\u00ebror\u00eb.<\/p>\n<p>\u201cKur flasim p\u00ebr krimin dhe destabilizimin, i kujtojm\u00eb Ministrit Gashiq se politika shtet\u00ebrore e Serbis\u00eb mbetet gjeneratorja dhe mb\u00ebshtet\u00ebsja m\u00eb e madhe dhe m\u00eb e rrezikshme e destabilizimit dhe krimit n\u00eb Ballkanin Per\u00ebndimor. P\u00ebrmes nj\u00eb lufte hibride \u2014 q\u00eb p\u00ebrfshin k\u00ebrc\u00ebnimin konvencional p\u00ebrmes militarizimit t\u00eb zonave p\u00ebrreth Kosov\u00ebs, mb\u00ebshtetjen dhe strehimin e grupeve terroriste t\u00eb udh\u00ebhequra nga krimineli Millan Radoi\u00e7iq, fushatave t\u00eb dezinformimit dhe lajmeve t\u00eb rreme, luft\u00ebs diplomatike dhe sponsorizimit t\u00eb akteve t\u00eb sabotazhit \u2014 strukturat politike dhe t\u00eb siguris\u00eb n\u00eb Serbi synojn\u00eb destabilizimin e q\u00ebllimsh\u00ebm t\u00eb Republik\u00ebs s\u00eb Kosov\u00ebs, si dhe minimin e sovranitetit, kushtetutshm\u00ebris\u00eb dhe ligjshm\u00ebris\u00eb s\u00eb saj\u201d, ka shkruar ai.<\/p>\n<p>Maqedonci ka paraqitur dy masa q\u00eb sipas tij Serbia duhet t\u2019i nd\u00ebrmarr\u00eb p\u00ebr t\u00eb arritur nj\u00eb paqe t\u00eb q\u00ebndrueshme dhe stabilitet n\u00eb Evrop\u00ebn Juglindore.<\/p>\n<div id=\"__ads-300x250in-7\" class=\"__ads-300x250-inarticle\" data-google-query-id=\"CMv-wcLs044DFY4iBgAdnU4nTA\">\n<div id=\"futureads_async_1452929932\" data-zone=\"dcd202be-eaca-4f3c-a133-263b2e0d91e3\" data-sender=\"futureads\" data-parent-id=\"google_ads_iframe_\/21895329656\/300x250-in-article_1__container__\">\n<div class=\"resize-sensor\" dir=\"ltr\">\n<div class=\"resize-sensor-shrink\">\n<div>\u201cP\u00ebr nj\u00eb paqe t\u00eb q\u00ebndrueshme dhe stabilitet afatgjat\u00eb n\u00eb Evrop\u00ebn Juglindore, jan\u00eb dy masa thelb\u00ebsore: s\u00eb pari, de-hegjemonizimi i politik\u00ebs serbe, e cila ende sillet me logjik\u00ebn e dominimit ndaj fqinj\u00ebve; dhe s\u00eb dyti, dekriminalizimi i ushtris\u00eb serbe, e cila n\u00eb pozitat m\u00eb t\u00eb larta vazhdon t\u00eb ket\u00eb komandant\u00eb t\u00eb p\u00ebrfshir\u00eb n\u00eb krime gjat\u00eb luft\u00ebrave t\u00eb viteve \u201990. Kjo p\u00ebrfshin edhe Shefin aktual t\u00eb Shtabit t\u00eb Ushtris\u00eb s\u00eb Serbis\u00eb, Gjeneral Mojsiloviq, i cili gjat\u00eb luft\u00ebs n\u00eb Kosov\u00eb ka komanduar operacionet ushtarake serbe n\u00eb regjionin e Ferizajt. Dekriminalizimi i ushtris\u00eb serbe \u00ebsht\u00eb i domosdosh\u00ebm, sepse p\u00ebrderisa p\u00ebr Serbin\u00eb e Millosheviqit lufta ishte zgjedhje, p\u00ebr popujt tjer\u00eb t\u00eb ish-Jugosllavis\u00eb ajo ishte nj\u00eb detyrim mbijetese\u201d, ka p\u00ebrfunduar ai.<\/div>\n<\/div>\n<\/div>\n<\/div>\n<\/div>\n<p>&nbsp;<\/p>\n","protected":false},"excerpt":{"rendered":"<p>Prishtin\u00eb, 23 Korrik 2025 Ministri n\u00eb detyr\u00eb i Mbrojtjes, Ejup Maqedonci, ka th\u00ebn\u00eb se politika shtet\u00ebrore e Serbis\u00eb \u00ebsht\u00eb mb\u00ebshtet\u00ebsja m\u00eb e madhe e destabilizimit<\/p>\n","protected":false},"author":1,"featured_media":4946,"comment_status":"open","ping_status":"open","sticky":false,"template":"","format":"standard","meta":{"footnotes":""},"categories":[58],"tags":[],"class_list":["post-4945","post","type-post","status-publish","format-standard","has-post-thumbnail","hentry","category-politike-sq"],"yoast_head":"<!-- This site is optimized with the Yoast SEO plugin v25.3.1 - https:\/\/yoast.com\/wordpress\/plugins\/seo\/ -->\n<title>Maqedonci: Politika shtet\u00ebrore e Serbis\u00eb mbetet gjeneratorja m\u00eb e rrezikshme e destabilizimit -<\/title>\n<meta name=\"robots\" content=\"index, follow, max-snippet:-1, max-image-preview:large, max-video-preview:-1\" \/>\n<link rel=\"canonical\" href=\"https:\/\/veritasinfo.org\/?p=4945\" \/>\n<meta property=\"og:locale\" content=\"en_US\" \/>\n<meta property=\"og:type\" content=\"article\" \/>\n<meta property=\"og:title\" content=\"Maqedonci: Politika shtet\u00ebrore e Serbis\u00eb mbetet gjeneratorja m\u00eb e rrezikshme e destabilizimit -\" \/>\n<meta property=\"og:description\" content=\"Prishtin\u00eb, 23 Korrik 2025 Ministri n\u00eb detyr\u00eb i Mbrojtjes, Ejup Maqedonci, ka th\u00ebn\u00eb se politika shtet\u00ebrore e Serbis\u00eb \u00ebsht\u00eb mb\u00ebshtet\u00ebsja m\u00eb e madhe e destabilizimit\" \/>\n<meta property=\"og:url\" content=\"https:\/\/veritasinfo.org\/?p=4945\" \/>\n<meta property=\"article:published_time\" content=\"2025-07-24T05:20:15+00:00\" \/>\n<meta property=\"og:image\" content=\"https:\/\/veritasinfo.org\/wp-content\/uploads\/2025\/07\/IMG_2263.webp\" \/>\n\t<meta property=\"og:image:width\" content=\"1360\" \/>\n\t<meta property=\"og:image:height\" content=\"870\" \/>\n\t<meta property=\"og:image:type\" content=\"image\/webp\" \/>\n<meta name=\"author\" content=\"admin\" \/>\n<meta name=\"twitter:card\" content=\"summary_large_image\" \/>\n<meta name=\"twitter:label1\" content=\"Written by\" \/>\n\t<meta name=\"twitter:data1\" content=\"admin\" \/>\n\t<meta name=\"twitter:label2\" content=\"Est. reading time\" \/>\n\t<meta name=\"twitter:data2\" content=\"3 minutes\" \/>\n<script type=\"application\/ld+json\" class=\"yoast-schema-graph\">{\"@context\":\"https:\/\/schema.org\",\"@graph\":[{\"@type\":\"WebPage\",\"@id\":\"https:\/\/veritasinfo.org\/?p=4945\",\"url\":\"https:\/\/veritasinfo.org\/?p=4945\",\"name\":\"Maqedonci: Politika shtet\u00ebrore e Serbis\u00eb mbetet gjeneratorja m\u00eb e rrezikshme e destabilizimit -\",\"isPartOf\":{\"@id\":\"https:\/\/veritasinfo.org\/#website\"},\"primaryImageOfPage\":{\"@id\":\"https:\/\/veritasinfo.org\/?p=4945#primaryimage\"},\"image\":{\"@id\":\"https:\/\/veritasinfo.org\/?p=4945#primaryimage\"},\"thumbnailUrl\":\"https:\/\/veritasinfo.org\/wp-content\/uploads\/2025\/07\/IMG_2263.webp\",\"datePublished\":\"2025-07-24T05:20:15+00:00\",\"author\":{\"@id\":\"https:\/\/veritasinfo.org\/#\/schema\/person\/7701f8c088bece422266b100a712374f\"},\"breadcrumb\":{\"@id\":\"https:\/\/veritasinfo.org\/?p=4945#breadcrumb\"},\"inLanguage\":\"en-US\",\"potentialAction\":[{\"@type\":\"ReadAction\",\"target\":[\"https:\/\/veritasinfo.org\/?p=4945\"]}]},{\"@type\":\"ImageObject\",\"inLanguage\":\"en-US\",\"@id\":\"https:\/\/veritasinfo.org\/?p=4945#primaryimage\",\"url\":\"https:\/\/veritasinfo.org\/wp-content\/uploads\/2025\/07\/IMG_2263.webp\",\"contentUrl\":\"https:\/\/veritasinfo.org\/wp-content\/uploads\/2025\/07\/IMG_2263.webp\",\"width\":1360,\"height\":870},{\"@type\":\"BreadcrumbList\",\"@id\":\"https:\/\/veritasinfo.org\/?p=4945#breadcrumb\",\"itemListElement\":[{\"@type\":\"ListItem\",\"position\":1,\"name\":\"Home\",\"item\":\"https:\/\/veritasinfo.org\/\"},{\"@type\":\"ListItem\",\"position\":2,\"name\":\"Maqedonci: Politika shtet\u00ebrore e Serbis\u00eb mbetet gjeneratorja m\u00eb e rrezikshme e destabilizimit\"}]},{\"@type\":\"WebSite\",\"@id\":\"https:\/\/veritasinfo.org\/#website\",\"url\":\"https:\/\/veritasinfo.org\/\",\"name\":\"\",\"description\":\"\",\"potentialAction\":[{\"@type\":\"SearchAction\",\"target\":{\"@type\":\"EntryPoint\",\"urlTemplate\":\"https:\/\/veritasinfo.org\/?s={search_term_string}\"},\"query-input\":{\"@type\":\"PropertyValueSpecification\",\"valueRequired\":true,\"valueName\":\"search_term_string\"}}],\"inLanguage\":\"en-US\"},{\"@type\":\"Person\",\"@id\":\"https:\/\/veritasinfo.org\/#\/schema\/person\/7701f8c088bece422266b100a712374f\",\"name\":\"admin\",\"image\":{\"@type\":\"ImageObject\",\"inLanguage\":\"en-US\",\"@id\":\"https:\/\/veritasinfo.org\/#\/schema\/person\/image\/\",\"url\":\"https:\/\/secure.gravatar.com\/avatar\/ea53aa3bf6c9a12d5fde8ce4deff43fef3885ae33cf60184161a50d6987cfd2f?s=96&d=mm&r=g\",\"contentUrl\":\"https:\/\/secure.gravatar.com\/avatar\/ea53aa3bf6c9a12d5fde8ce4deff43fef3885ae33cf60184161a50d6987cfd2f?s=96&d=mm&r=g\",\"caption\":\"admin\"},\"sameAs\":[\"https:\/\/veritasinfo.org\"],\"url\":\"https:\/\/veritasinfo.org\/?author=1\"}]}<\/script>\n<!-- \/ Yoast SEO plugin. -->","yoast_head_json":{"title":"Maqedonci: Politika shtet\u00ebrore e Serbis\u00eb mbetet gjeneratorja m\u00eb e rrezikshme e destabilizimit -","robots":{"index":"index","follow":"follow","max-snippet":"max-snippet:-1","max-image-preview":"max-image-preview:large","max-video-preview":"max-video-preview:-1"},"canonical":"https:\/\/veritasinfo.org\/?p=4945","og_locale":"en_US","og_type":"article","og_title":"Maqedonci: Politika shtet\u00ebrore e Serbis\u00eb mbetet gjeneratorja m\u00eb e rrezikshme e destabilizimit -","og_description":"Prishtin\u00eb, 23 Korrik 2025 Ministri n\u00eb detyr\u00eb i Mbrojtjes, Ejup Maqedonci, ka th\u00ebn\u00eb se politika shtet\u00ebrore e Serbis\u00eb \u00ebsht\u00eb mb\u00ebshtet\u00ebsja m\u00eb e madhe e destabilizimit","og_url":"https:\/\/veritasinfo.org\/?p=4945","article_published_time":"2025-07-24T05:20:15+00:00","og_image":[{"width":1360,"height":870,"url":"https:\/\/veritasinfo.org\/wp-content\/uploads\/2025\/07\/IMG_2263.webp","type":"image\/webp"}],"author":"admin","twitter_card":"summary_large_image","twitter_misc":{"Written by":"admin","Est. reading time":"3 minutes"},"schema":{"@context":"https:\/\/schema.org","@graph":[{"@type":"WebPage","@id":"https:\/\/veritasinfo.org\/?p=4945","url":"https:\/\/veritasinfo.org\/?p=4945","name":"Maqedonci: Politika shtet\u00ebrore e Serbis\u00eb mbetet gjeneratorja m\u00eb e rrezikshme e destabilizimit -","isPartOf":{"@id":"https:\/\/veritasinfo.org\/#website"},"primaryImageOfPage":{"@id":"https:\/\/veritasinfo.org\/?p=4945#primaryimage"},"image":{"@id":"https:\/\/veritasinfo.org\/?p=4945#primaryimage"},"thumbnailUrl":"https:\/\/veritasinfo.org\/wp-content\/uploads\/2025\/07\/IMG_2263.webp","datePublished":"2025-07-24T05:20:15+00:00","author":{"@id":"https:\/\/veritasinfo.org\/#\/schema\/person\/7701f8c088bece422266b100a712374f"},"breadcrumb":{"@id":"https:\/\/veritasinfo.org\/?p=4945#breadcrumb"},"inLanguage":"en-US","potentialAction":[{"@type":"ReadAction","target":["https:\/\/veritasinfo.org\/?p=4945"]}]},{"@type":"ImageObject","inLanguage":"en-US","@id":"https:\/\/veritasinfo.org\/?p=4945#primaryimage","url":"https:\/\/veritasinfo.org\/wp-content\/uploads\/2025\/07\/IMG_2263.webp","contentUrl":"https:\/\/veritasinfo.org\/wp-content\/uploads\/2025\/07\/IMG_2263.webp","width":1360,"height":870},{"@type":"BreadcrumbList","@id":"https:\/\/veritasinfo.org\/?p=4945#breadcrumb","itemListElement":[{"@type":"ListItem","position":1,"name":"Home","item":"https:\/\/veritasinfo.org\/"},{"@type":"ListItem","position":2,"name":"Maqedonci: Politika shtet\u00ebrore e Serbis\u00eb mbetet gjeneratorja m\u00eb e rrezikshme e destabilizimit"}]},{"@type":"WebSite","@id":"https:\/\/veritasinfo.org\/#website","url":"https:\/\/veritasinfo.org\/","name":"","description":"","potentialAction":[{"@type":"SearchAction","target":{"@type":"EntryPoint","urlTemplate":"https:\/\/veritasinfo.org\/?s={search_term_string}"},"query-input":{"@type":"PropertyValueSpecification","valueRequired":true,"valueName":"search_term_string"}}],"inLanguage":"en-US"},{"@type":"Person","@id":"https:\/\/veritasinfo.org\/#\/schema\/person\/7701f8c088bece422266b100a712374f","name":"admin","image":{"@type":"ImageObject","inLanguage":"en-US","@id":"https:\/\/veritasinfo.org\/#\/schema\/person\/image\/","url":"https:\/\/secure.gravatar.com\/avatar\/ea53aa3bf6c9a12d5fde8ce4deff43fef3885ae33cf60184161a50d6987cfd2f?s=96&d=mm&r=g","contentUrl":"https:\/\/secure.gravatar.com\/avatar\/ea53aa3bf6c9a12d5fde8ce4deff43fef3885ae33cf60184161a50d6987cfd2f?s=96&d=mm&r=g","caption":"admin"},"sameAs":["https:\/\/veritasinfo.org"],"url":"https:\/\/veritasinfo.org\/?author=1"}]}},"featured_image_urls":{"full":["https:\/\/veritasinfo.org\/wp-content\/uploads\/2025\/07\/IMG_2263.webp",1360,870,false],"thumbnail":["https:\/\/veritasinfo.org\/wp-content\/uploads\/2025\/07\/IMG_2263-150x150.webp",150,150,true],"medium":["https:\/\/veritasinfo.org\/wp-content\/uploads\/2025\/07\/IMG_2263-300x192.webp",300,192,true],"medium_large":["https:\/\/veritasinfo.org\/wp-content\/uploads\/2025\/07\/IMG_2263-768x491.webp",640,409,true],"large":["https:\/\/veritasinfo.org\/wp-content\/uploads\/2025\/07\/IMG_2263-1024x655.webp",640,409,true],"1536x1536":["https:\/\/veritasinfo.org\/wp-content\/uploads\/2025\/07\/IMG_2263.webp",1360,870,false],"2048x2048":["https:\/\/veritasinfo.org\/wp-content\/uploads\/2025\/07\/IMG_2263.webp",1360,870,false],"kreeti-slider-full":["https:\/\/veritasinfo.org\/wp-content\/uploads\/2025\/07\/IMG_2263.webp",1126,720,false],"kreeti-featured":["https:\/\/veritasinfo.org\/wp-content\/uploads\/2025\/07\/IMG_2263.webp",1024,655,false],"kreeti-medium":["https:\/\/veritasinfo.org\/wp-content\/uploads\/2025\/07\/IMG_2263.webp",720,461,false],"kreeti-medium-square":["https:\/\/veritasinfo.org\/wp-content\/uploads\/2025\/07\/IMG_2263.webp",350,224,false]},"author_info":{"info":["admin"]},"category_info":"<a href=\"https:\/\/veritasinfo.org\/?cat=58\" rel=\"category\">Politik\u00eb<\/a>","tag_info":"Politik\u00eb","comment_count":"0","_links":{"self":[{"href":"https:\/\/veritasinfo.org\/index.php?rest_route=\/wp\/v2\/posts\/4945","targetHints":{"allow":["GET"]}}],"collection":[{"href":"https:\/\/veritasinfo.org\/index.php?rest_route=\/wp\/v2\/posts"}],"about":[{"href":"https:\/\/veritasinfo.org\/index.php?rest_route=\/wp\/v2\/types\/post"}],"author":[{"embeddable":true,"href":"https:\/\/veritasinfo.org\/index.php?rest_route=\/wp\/v2\/users\/1"}],"replies":[{"embeddable":true,"href":"https:\/\/veritasinfo.org\/index.php?rest_route=%2Fwp%2Fv2%2Fcomments&post=4945"}],"version-history":[{"count":3,"href":"https:\/\/veritasinfo.org\/index.php?rest_route=\/wp\/v2\/posts\/4945\/revisions"}],"predecessor-version":[{"id":4949,"href":"https:\/\/veritasinfo.org\/index.php?rest_route=\/wp\/v2\/posts\/4945\/revisions\/4949"}],"wp:featuredmedia":[{"embeddable":true,"href":"https:\/\/veritasinfo.org\/index.php?rest_route=\/wp\/v2\/media\/4946"}],"wp:attachment":[{"href":"https:\/\/veritasinfo.org\/index.php?rest_route=%2Fwp%2Fv2%2Fmedia&parent=4945"}],"wp:term":[{"taxonomy":"category","embeddable":true,"href":"https:\/\/veritasinfo.org\/index.php?rest_route=%2Fwp%2Fv2%2Fcategories&post=4945"},{"taxonomy":"post_tag","embeddable":true,"href":"https:\/\/veritasinfo.org\/index.php?rest_route=%2Fwp%2Fv2%2Ftags&post=4945"}],"curies":[{"name":"wp","href":"https:\/\/api.w.org\/{rel}","templated":true}]}}