{"id":4943,"date":"2025-07-23T22:41:26","date_gmt":"2025-07-23T20:41:26","guid":{"rendered":"https:\/\/veritasinfo.org\/?p=4943"},"modified":"2025-07-23T22:41:26","modified_gmt":"2025-07-23T20:41:26","slug":"svecla-genjeshtra-eshte-interes-nacional-serb-vuciq-dhe-shpura-e-tij-po-mundohen-ti-qendrojne-kesaj","status":"publish","type":"post","link":"https:\/\/veritasinfo.org\/?p=4943","title":{"rendered":"Sve\u00e7la: G\u00ebnjeshtra \u00ebsht\u00eb interes nacional serb \u2013 Vu\u00e7iq dhe shpura e tij po mundohen t\u2019i q\u00ebndrojn\u00eb k\u00ebsaj"},"content":{"rendered":"<p>Sve\u00e7la: G\u00ebnjeshtra \u00ebsht\u00eb interes nacional serb \u2013 Vu\u00e7iq dhe shpura e tij po mundohen t\u2019i q\u00ebndrojn\u00eb k\u00ebsaj<\/p>\n<p>Prishtin\u00eb, 23 korrik 2025<\/p>\n<p>Ministri i Pun\u00ebve t\u00eb Brendshme n\u00eb detyr\u00eb, Xhelal Sve\u00e7la, ka reaguar ndaj deklaratave t\u00eb zyrtar\u00ebve serb\u00eb lidhur me nj\u00eb rast pron\u00ebsor n\u00eb veri t\u00eb Kosov\u00ebs, duke i cil\u00ebsuar ato si pjes\u00eb e nj\u00eb fushate t\u00eb rrezikshme dezinformimi, t\u00eb udh\u00ebhequr nga presidenti i Serbis\u00eb, Aleksand\u00ebr Vu\u00e7iq.<\/p>\n<p>P\u00ebrmes nj\u00eb postimi n\u00eb rrjetet sociale, Sve\u00e7la ka ndar\u00eb edhe reagimin zyrtar t\u00eb Agjencis\u00eb Kosovare p\u00ebr Krahasim dhe Verifikim t\u00eb Pron\u00ebs (AKKVP), e cila ka sqaruar se prona p\u00ebr t\u00eb cil\u00ebn b\u00ebhet fjal\u00eb \u2013 q\u00eb i p\u00ebrket familjes Shipolli \u2013 \u00ebsht\u00eb njohur ligj\u00ebrisht q\u00eb nga viti 2005 dhe se t\u00eb gjitha veprimet e agjencis\u00eb jan\u00eb n\u00eb p\u00ebrputhje me vendimet p\u00ebrfundimtare t\u00eb institucioneve t\u00eb drejt\u00ebsis\u00eb.<\/p>\n<p>\u201cSerbia po p\u00ebrpiqet t\u00eb manipuloj\u00eb opinionin publik me g\u00ebnjeshtra t\u00eb fabrikuara\u201d, ka shkruar Sve\u00e7la, duke e lidhur k\u00ebt\u00eb praktik\u00eb me ideologjin\u00eb nacionaliste serbe t\u00eb shekullit t\u00eb kaluar.<\/p>\n<p>\u201cSi\u00e7 ka deklaruar nj\u00ebri nga ideolog\u00ebt kryesor\u00eb t\u00eb krimeve serbe n\u00eb fund t\u00eb shekullit t\u00eb kaluar \u2013 Dobrica \u00c7osiq \u2013 se g\u00ebnjeshtra \u00ebsht\u00eb interes nacional serb, edhe Vu\u00e7iq dhe shpura e tij po mundohen me p\u00ebrpik\u00ebri t\u2019i q\u00ebndrojn\u00eb k\u00ebsaj\u201d, ka shkruar ai.<\/p>\n<p>N\u00eb fund t\u00eb reagimit, Sve\u00e7la ka theksuar se n\u00eb Republik\u00ebn e Kosov\u00ebs nuk do t\u00eb mbizot\u00ebroj\u00eb dezinformimi, por ligjshm\u00ebria dhe e v\u00ebrteta.<\/p>\n<p>\u201cPor kot e kan\u00eb. N\u00eb Republik\u00ebn ton\u00eb do t\u00eb mbret\u00ebroj\u00eb jo vet\u00ebm e v\u00ebrteta, por edhe rendi dhe sundimi i ligjit \u2013 kurdo dhe kudo\u201d, ka p\u00ebrfunduar ai.<\/p>\n<p>&nbsp;<\/p>\n<p>&nbsp;<\/p>\n<p>&nbsp;<\/p>\n","protected":false},"excerpt":{"rendered":"<p>Sve\u00e7la: G\u00ebnjeshtra \u00ebsht\u00eb interes nacional serb \u2013 Vu\u00e7iq dhe shpura e tij po mundohen t\u2019i q\u00ebndrojn\u00eb k\u00ebsaj Prishtin\u00eb, 23 korrik 2025 Ministri i Pun\u00ebve t\u00eb<\/p>\n","protected":false},"author":1,"featured_media":4941,"comment_status":"open","ping_status":"open","sticky":false,"template":"","format":"standard","meta":{"footnotes":""},"categories":[58],"tags":[],"class_list":["post-4943","post","type-post","status-publish","format-standard","has-post-thumbnail","hentry","category-politike-sq"],"yoast_head":"<!-- This site is optimized with the Yoast SEO plugin v25.3.1 - https:\/\/yoast.com\/wordpress\/plugins\/seo\/ -->\n<title>Sve\u00e7la: G\u00ebnjeshtra \u00ebsht\u00eb interes nacional serb \u2013 Vu\u00e7iq dhe shpura e tij po mundohen t\u2019i q\u00ebndrojn\u00eb k\u00ebsaj -<\/title>\n<meta name=\"robots\" content=\"index, follow, max-snippet:-1, max-image-preview:large, max-video-preview:-1\" \/>\n<link rel=\"canonical\" href=\"https:\/\/veritasinfo.org\/?p=4943\" \/>\n<meta property=\"og:locale\" content=\"en_US\" \/>\n<meta property=\"og:type\" content=\"article\" \/>\n<meta property=\"og:title\" content=\"Sve\u00e7la: G\u00ebnjeshtra \u00ebsht\u00eb interes nacional serb \u2013 Vu\u00e7iq dhe shpura e tij po mundohen t\u2019i q\u00ebndrojn\u00eb k\u00ebsaj -\" \/>\n<meta property=\"og:description\" content=\"Sve\u00e7la: G\u00ebnjeshtra \u00ebsht\u00eb interes nacional serb \u2013 Vu\u00e7iq dhe shpura e tij po mundohen t\u2019i q\u00ebndrojn\u00eb k\u00ebsaj Prishtin\u00eb, 23 korrik 2025 Ministri i Pun\u00ebve t\u00eb\" \/>\n<meta property=\"og:url\" content=\"https:\/\/veritasinfo.org\/?p=4943\" \/>\n<meta property=\"article:published_time\" content=\"2025-07-23T20:41:26+00:00\" \/>\n<meta property=\"og:image\" content=\"https:\/\/veritasinfo.org\/wp-content\/uploads\/2025\/07\/auto_xhelal-svecla1735130378.jpg\" \/>\n\t<meta property=\"og:image:width\" content=\"850\" \/>\n\t<meta property=\"og:image:height\" content=\"549\" \/>\n\t<meta property=\"og:image:type\" content=\"image\/jpeg\" \/>\n<meta name=\"author\" content=\"admin\" \/>\n<meta name=\"twitter:card\" content=\"summary_large_image\" \/>\n<meta name=\"twitter:label1\" content=\"Written by\" \/>\n\t<meta name=\"twitter:data1\" content=\"admin\" \/>\n\t<meta name=\"twitter:label2\" content=\"Est. reading time\" \/>\n\t<meta name=\"twitter:data2\" content=\"2 minutes\" \/>\n<script type=\"application\/ld+json\" class=\"yoast-schema-graph\">{\"@context\":\"https:\/\/schema.org\",\"@graph\":[{\"@type\":\"WebPage\",\"@id\":\"https:\/\/veritasinfo.org\/?p=4943\",\"url\":\"https:\/\/veritasinfo.org\/?p=4943\",\"name\":\"Sve\u00e7la: G\u00ebnjeshtra \u00ebsht\u00eb interes nacional serb \u2013 Vu\u00e7iq dhe shpura e tij po mundohen t\u2019i q\u00ebndrojn\u00eb k\u00ebsaj -\",\"isPartOf\":{\"@id\":\"https:\/\/veritasinfo.org\/#website\"},\"primaryImageOfPage\":{\"@id\":\"https:\/\/veritasinfo.org\/?p=4943#primaryimage\"},\"image\":{\"@id\":\"https:\/\/veritasinfo.org\/?p=4943#primaryimage\"},\"thumbnailUrl\":\"https:\/\/veritasinfo.org\/wp-content\/uploads\/2025\/07\/auto_xhelal-svecla1735130378.jpg\",\"datePublished\":\"2025-07-23T20:41:26+00:00\",\"author\":{\"@id\":\"https:\/\/veritasinfo.org\/#\/schema\/person\/7701f8c088bece422266b100a712374f\"},\"breadcrumb\":{\"@id\":\"https:\/\/veritasinfo.org\/?p=4943#breadcrumb\"},\"inLanguage\":\"en-US\",\"potentialAction\":[{\"@type\":\"ReadAction\",\"target\":[\"https:\/\/veritasinfo.org\/?p=4943\"]}]},{\"@type\":\"ImageObject\",\"inLanguage\":\"en-US\",\"@id\":\"https:\/\/veritasinfo.org\/?p=4943#primaryimage\",\"url\":\"https:\/\/veritasinfo.org\/wp-content\/uploads\/2025\/07\/auto_xhelal-svecla1735130378.jpg\",\"contentUrl\":\"https:\/\/veritasinfo.org\/wp-content\/uploads\/2025\/07\/auto_xhelal-svecla1735130378.jpg\",\"width\":850,\"height\":549},{\"@type\":\"BreadcrumbList\",\"@id\":\"https:\/\/veritasinfo.org\/?p=4943#breadcrumb\",\"itemListElement\":[{\"@type\":\"ListItem\",\"position\":1,\"name\":\"Home\",\"item\":\"https:\/\/veritasinfo.org\/\"},{\"@type\":\"ListItem\",\"position\":2,\"name\":\"Sve\u00e7la: G\u00ebnjeshtra \u00ebsht\u00eb interes nacional serb \u2013 Vu\u00e7iq dhe shpura e tij po mundohen t\u2019i q\u00ebndrojn\u00eb k\u00ebsaj\"}]},{\"@type\":\"WebSite\",\"@id\":\"https:\/\/veritasinfo.org\/#website\",\"url\":\"https:\/\/veritasinfo.org\/\",\"name\":\"\",\"description\":\"\",\"potentialAction\":[{\"@type\":\"SearchAction\",\"target\":{\"@type\":\"EntryPoint\",\"urlTemplate\":\"https:\/\/veritasinfo.org\/?s={search_term_string}\"},\"query-input\":{\"@type\":\"PropertyValueSpecification\",\"valueRequired\":true,\"valueName\":\"search_term_string\"}}],\"inLanguage\":\"en-US\"},{\"@type\":\"Person\",\"@id\":\"https:\/\/veritasinfo.org\/#\/schema\/person\/7701f8c088bece422266b100a712374f\",\"name\":\"admin\",\"image\":{\"@type\":\"ImageObject\",\"inLanguage\":\"en-US\",\"@id\":\"https:\/\/veritasinfo.org\/#\/schema\/person\/image\/\",\"url\":\"https:\/\/secure.gravatar.com\/avatar\/ea53aa3bf6c9a12d5fde8ce4deff43fef3885ae33cf60184161a50d6987cfd2f?s=96&d=mm&r=g\",\"contentUrl\":\"https:\/\/secure.gravatar.com\/avatar\/ea53aa3bf6c9a12d5fde8ce4deff43fef3885ae33cf60184161a50d6987cfd2f?s=96&d=mm&r=g\",\"caption\":\"admin\"},\"sameAs\":[\"https:\/\/veritasinfo.org\"],\"url\":\"https:\/\/veritasinfo.org\/?author=1\"}]}<\/script>\n<!-- \/ Yoast SEO plugin. -->","yoast_head_json":{"title":"Sve\u00e7la: G\u00ebnjeshtra \u00ebsht\u00eb interes nacional serb \u2013 Vu\u00e7iq dhe shpura e tij po mundohen t\u2019i q\u00ebndrojn\u00eb k\u00ebsaj -","robots":{"index":"index","follow":"follow","max-snippet":"max-snippet:-1","max-image-preview":"max-image-preview:large","max-video-preview":"max-video-preview:-1"},"canonical":"https:\/\/veritasinfo.org\/?p=4943","og_locale":"en_US","og_type":"article","og_title":"Sve\u00e7la: G\u00ebnjeshtra \u00ebsht\u00eb interes nacional serb \u2013 Vu\u00e7iq dhe shpura e tij po mundohen t\u2019i q\u00ebndrojn\u00eb k\u00ebsaj -","og_description":"Sve\u00e7la: G\u00ebnjeshtra \u00ebsht\u00eb interes nacional serb \u2013 Vu\u00e7iq dhe shpura e tij po mundohen t\u2019i q\u00ebndrojn\u00eb k\u00ebsaj Prishtin\u00eb, 23 korrik 2025 Ministri i Pun\u00ebve t\u00eb","og_url":"https:\/\/veritasinfo.org\/?p=4943","article_published_time":"2025-07-23T20:41:26+00:00","og_image":[{"width":850,"height":549,"url":"https:\/\/veritasinfo.org\/wp-content\/uploads\/2025\/07\/auto_xhelal-svecla1735130378.jpg","type":"image\/jpeg"}],"author":"admin","twitter_card":"summary_large_image","twitter_misc":{"Written by":"admin","Est. reading time":"2 minutes"},"schema":{"@context":"https:\/\/schema.org","@graph":[{"@type":"WebPage","@id":"https:\/\/veritasinfo.org\/?p=4943","url":"https:\/\/veritasinfo.org\/?p=4943","name":"Sve\u00e7la: G\u00ebnjeshtra \u00ebsht\u00eb interes nacional serb \u2013 Vu\u00e7iq dhe shpura e tij po mundohen t\u2019i q\u00ebndrojn\u00eb k\u00ebsaj -","isPartOf":{"@id":"https:\/\/veritasinfo.org\/#website"},"primaryImageOfPage":{"@id":"https:\/\/veritasinfo.org\/?p=4943#primaryimage"},"image":{"@id":"https:\/\/veritasinfo.org\/?p=4943#primaryimage"},"thumbnailUrl":"https:\/\/veritasinfo.org\/wp-content\/uploads\/2025\/07\/auto_xhelal-svecla1735130378.jpg","datePublished":"2025-07-23T20:41:26+00:00","author":{"@id":"https:\/\/veritasinfo.org\/#\/schema\/person\/7701f8c088bece422266b100a712374f"},"breadcrumb":{"@id":"https:\/\/veritasinfo.org\/?p=4943#breadcrumb"},"inLanguage":"en-US","potentialAction":[{"@type":"ReadAction","target":["https:\/\/veritasinfo.org\/?p=4943"]}]},{"@type":"ImageObject","inLanguage":"en-US","@id":"https:\/\/veritasinfo.org\/?p=4943#primaryimage","url":"https:\/\/veritasinfo.org\/wp-content\/uploads\/2025\/07\/auto_xhelal-svecla1735130378.jpg","contentUrl":"https:\/\/veritasinfo.org\/wp-content\/uploads\/2025\/07\/auto_xhelal-svecla1735130378.jpg","width":850,"height":549},{"@type":"BreadcrumbList","@id":"https:\/\/veritasinfo.org\/?p=4943#breadcrumb","itemListElement":[{"@type":"ListItem","position":1,"name":"Home","item":"https:\/\/veritasinfo.org\/"},{"@type":"ListItem","position":2,"name":"Sve\u00e7la: G\u00ebnjeshtra \u00ebsht\u00eb interes nacional serb \u2013 Vu\u00e7iq dhe shpura e tij po mundohen t\u2019i q\u00ebndrojn\u00eb k\u00ebsaj"}]},{"@type":"WebSite","@id":"https:\/\/veritasinfo.org\/#website","url":"https:\/\/veritasinfo.org\/","name":"","description":"","potentialAction":[{"@type":"SearchAction","target":{"@type":"EntryPoint","urlTemplate":"https:\/\/veritasinfo.org\/?s={search_term_string}"},"query-input":{"@type":"PropertyValueSpecification","valueRequired":true,"valueName":"search_term_string"}}],"inLanguage":"en-US"},{"@type":"Person","@id":"https:\/\/veritasinfo.org\/#\/schema\/person\/7701f8c088bece422266b100a712374f","name":"admin","image":{"@type":"ImageObject","inLanguage":"en-US","@id":"https:\/\/veritasinfo.org\/#\/schema\/person\/image\/","url":"https:\/\/secure.gravatar.com\/avatar\/ea53aa3bf6c9a12d5fde8ce4deff43fef3885ae33cf60184161a50d6987cfd2f?s=96&d=mm&r=g","contentUrl":"https:\/\/secure.gravatar.com\/avatar\/ea53aa3bf6c9a12d5fde8ce4deff43fef3885ae33cf60184161a50d6987cfd2f?s=96&d=mm&r=g","caption":"admin"},"sameAs":["https:\/\/veritasinfo.org"],"url":"https:\/\/veritasinfo.org\/?author=1"}]}},"featured_image_urls":{"full":["https:\/\/veritasinfo.org\/wp-content\/uploads\/2025\/07\/auto_xhelal-svecla1735130378.jpg",850,549,false],"thumbnail":["https:\/\/veritasinfo.org\/wp-content\/uploads\/2025\/07\/auto_xhelal-svecla1735130378-150x150.jpg",150,150,true],"medium":["https:\/\/veritasinfo.org\/wp-content\/uploads\/2025\/07\/auto_xhelal-svecla1735130378-300x194.jpg",300,194,true],"medium_large":["https:\/\/veritasinfo.org\/wp-content\/uploads\/2025\/07\/auto_xhelal-svecla1735130378-768x496.jpg",640,413,true],"large":["https:\/\/veritasinfo.org\/wp-content\/uploads\/2025\/07\/auto_xhelal-svecla1735130378.jpg",640,413,false],"1536x1536":["https:\/\/veritasinfo.org\/wp-content\/uploads\/2025\/07\/auto_xhelal-svecla1735130378.jpg",850,549,false],"2048x2048":["https:\/\/veritasinfo.org\/wp-content\/uploads\/2025\/07\/auto_xhelal-svecla1735130378.jpg",850,549,false],"kreeti-slider-full":["https:\/\/veritasinfo.org\/wp-content\/uploads\/2025\/07\/auto_xhelal-svecla1735130378.jpg",850,549,false],"kreeti-featured":["https:\/\/veritasinfo.org\/wp-content\/uploads\/2025\/07\/auto_xhelal-svecla1735130378.jpg",850,549,false],"kreeti-medium":["https:\/\/veritasinfo.org\/wp-content\/uploads\/2025\/07\/auto_xhelal-svecla1735130378.jpg",720,465,false],"kreeti-medium-square":["https:\/\/veritasinfo.org\/wp-content\/uploads\/2025\/07\/auto_xhelal-svecla1735130378.jpg",350,226,false]},"author_info":{"info":["admin"]},"category_info":"<a href=\"https:\/\/veritasinfo.org\/?cat=58\" rel=\"category\">Politik\u00eb<\/a>","tag_info":"Politik\u00eb","comment_count":"0","_links":{"self":[{"href":"https:\/\/veritasinfo.org\/index.php?rest_route=\/wp\/v2\/posts\/4943","targetHints":{"allow":["GET"]}}],"collection":[{"href":"https:\/\/veritasinfo.org\/index.php?rest_route=\/wp\/v2\/posts"}],"about":[{"href":"https:\/\/veritasinfo.org\/index.php?rest_route=\/wp\/v2\/types\/post"}],"author":[{"embeddable":true,"href":"https:\/\/veritasinfo.org\/index.php?rest_route=\/wp\/v2\/users\/1"}],"replies":[{"embeddable":true,"href":"https:\/\/veritasinfo.org\/index.php?rest_route=%2Fwp%2Fv2%2Fcomments&post=4943"}],"version-history":[{"count":1,"href":"https:\/\/veritasinfo.org\/index.php?rest_route=\/wp\/v2\/posts\/4943\/revisions"}],"predecessor-version":[{"id":4944,"href":"https:\/\/veritasinfo.org\/index.php?rest_route=\/wp\/v2\/posts\/4943\/revisions\/4944"}],"wp:featuredmedia":[{"embeddable":true,"href":"https:\/\/veritasinfo.org\/index.php?rest_route=\/wp\/v2\/media\/4941"}],"wp:attachment":[{"href":"https:\/\/veritasinfo.org\/index.php?rest_route=%2Fwp%2Fv2%2Fmedia&parent=4943"}],"wp:term":[{"taxonomy":"category","embeddable":true,"href":"https:\/\/veritasinfo.org\/index.php?rest_route=%2Fwp%2Fv2%2Fcategories&post=4943"},{"taxonomy":"post_tag","embeddable":true,"href":"https:\/\/veritasinfo.org\/index.php?rest_route=%2Fwp%2Fv2%2Ftags&post=4943"}],"curies":[{"name":"wp","href":"https:\/\/api.w.org\/{rel}","templated":true}]}}