{"id":4931,"date":"2025-07-23T21:42:48","date_gmt":"2025-07-23T19:42:48","guid":{"rendered":"https:\/\/veritasinfo.org\/?p=4931"},"modified":"2025-07-23T21:42:48","modified_gmt":"2025-07-23T19:42:48","slug":"agjencia-kosovare-per-krahasim-dhe-verifikim-te-prones-e-quan-te-pavertete-deklaraten-e-petkoviq-per-nje-prone-ne-veri","status":"publish","type":"post","link":"https:\/\/veritasinfo.org\/?p=4931","title":{"rendered":"Agjencia Kosovare p\u00ebr Krahasim dhe Verifikim t\u00eb Pron\u00ebs e quan t\u00eb pav\u00ebrtet\u00eb deklarat\u00ebn e Petkoviq p\u00ebr nj\u00eb pron\u00eb n\u00eb veri"},"content":{"rendered":"<p>Prishtin\u00eb, 23 Korrik 2025<\/p>\n<p>Agjencia Kosovare p\u00ebr Krahasim dhe Verifikim t\u00eb Pron\u00ebs (AKKVP) ka reaguar ndaj deklarat\u00ebs s\u00eb Petar Petkoviq lidhur me nj\u00eb rast pron\u00ebsor n\u00eb veri t\u00eb Kosov\u00ebs, duke e konsideruar ato p\u00ebrpjekje t\u00eb rrezikshme p\u00ebr politizim dhe dezinformim.<\/p>\n<p>Rasti n\u00eb fjal\u00eb, sipas k\u00ebsaj agjencie q\u00eb p\u00ebrfshin pron\u00ebn e familjes Ferki Shipolli, \u00ebsht\u00eb trajtuar q\u00eb n\u00eb vitin 2005, ku \u00ebsht\u00eb v\u00ebrtetuar se pala \u00ebsht\u00eb poseduese e ligjshme e pron\u00ebs. AKKVP zbaton vendime p\u00ebrfundimtare t\u00eb institucioneve ligjore n\u00eb p\u00ebrputhje me mandatin dhe korniz\u00ebn ligjore n\u00eb fuqi.<\/p>\n<div class=\"jeg_ad jeg_ad_article jnews_content_inline_ads  \">\n<div class=\"ads-wrapper align-center \"><\/div>\n<\/div>\n<p>\u201cRikthimi i pron\u00ebs b\u00ebhet p\u00ebrmes procedurave t\u00eb rregullta ligjore dhe zbatohet ndaj \u00e7do uzurpimi t\u00eb paligjsh\u00ebm, pavar\u00ebsisht p\u00ebrkat\u00ebsis\u00eb etnike apo statusit t\u00eb pal\u00ebs. Deklaratat e tilla si kjo e Petar Petkoviqit jan\u00eb t\u00eb papranueshme sepse nxisin tensione dhe minojn\u00eb sundimin e ligjit dhe bashk\u00ebjetes\u00ebn. AKKVP mbetet e p\u00ebrkushtuar ndaj zbatimit t\u00eb drejt\u00eb, t\u00eb barabart\u00eb dhe ligjor t\u00eb mandatit t\u00eb saj\u201d, thuhet n\u00eb reagim.<img fetchpriority=\"high\" decoding=\"async\" class=\"alignnone size-medium wp-image-4932\" src=\"https:\/\/veritasinfo.org\/wp-content\/uploads\/2025\/07\/IMG_2262-228x300.jpeg\" alt=\"\" width=\"228\" height=\"300\" srcset=\"https:\/\/veritasinfo.org\/wp-content\/uploads\/2025\/07\/IMG_2262-228x300.jpeg 228w, https:\/\/veritasinfo.org\/wp-content\/uploads\/2025\/07\/IMG_2262-778x1024.jpeg 778w, https:\/\/veritasinfo.org\/wp-content\/uploads\/2025\/07\/IMG_2262-768x1011.jpeg 768w, https:\/\/veritasinfo.org\/wp-content\/uploads\/2025\/07\/IMG_2262-1167x1536.jpeg 1167w, https:\/\/veritasinfo.org\/wp-content\/uploads\/2025\/07\/IMG_2262.jpeg 1216w\" sizes=\"(max-width: 228px) 100vw, 228px\" \/><\/p>\n<p class=\"p1\"><span class=\"s1\">\ud835\udc11\ud835\udc1e\ud835\udc1a\ud835\udc20\ud835\udc22\ud835\udc26 \ud835\udc22 \ud835\udc00\ud835\udc20\ud835\udc23\ud835\udc1e\ud835\udc27\ud835\udc1c\ud835\udc22\ud835\udc2c\ud835\udc1e\u0308 \ud835\udc0a\ud835\udc28\ud835\udc2c\ud835\udc28\ud835\udc2f\ud835\udc1a\ud835\udc2b\ud835\udc1e \ud835\udc29\ud835\udc1e\u0308\ud835\udc2b \ud835\udc0a\ud835\udc2b\ud835\udc1a\ud835\udc21\ud835\udc1a\ud835\udc2c\ud835\udc22\ud835\udc26 \ud835\udc1d\ud835\udc21\ud835\udc1e \ud835\udc15\ud835\udc1e\ud835\udc2b\ud835\udc22\ud835\udc1f\ud835\udc22\ud835\udc24\ud835\udc22\ud835\udc26 \ud835\udc2d\ud835\udc1e\u0308 \ud835\udc0f\ud835\udc2b\ud835\udc28\ud835\udc27\ud835\udc1e\u0308\ud835\udc2c (\ud835\udc00\ud835\udc0a\ud835\udc0a\ud835\udc15\ud835\udc0f)<\/span><\/p>\n<p class=\"p1\"><span class=\"s1\">Agjencia Kosovare p\u00ebr Krahasim dhe Verifikim t\u00eb Pron\u00ebs (AKKVP) kund\u00ebrshton ashp\u00ebr deklaratat e pav\u00ebrteta t\u00eb z. Petar Petkoviq lidhur me nj\u00eb rast pron\u00ebsor n\u00eb veri t\u00eb Kosov\u00ebs, duke i konsideruar ato p\u00ebrpjekje t\u00eb rrezikshme p\u00ebr politizim dhe dezinformim.<\/span><\/p>\n<p class=\"p1\"><span class=\"s1\">Rasti n\u00eb fjal\u00eb, q\u00eb p\u00ebrfshin pron\u00ebn e familjes Ferki Shipolli, \u00ebsht\u00eb trajtuar q\u00eb n\u00eb vitin 2005, ku \u00ebsht\u00eb v\u00ebrtetuar se pala \u00ebsht\u00eb poseduese e ligjshme e pron\u00ebs. AKKVP zbaton vendime p\u00ebrfundimtare t\u00eb institucioneve ligjore n\u00eb p\u00ebrputhje me mandatin dhe korniz\u00ebn ligjore n\u00eb fuqi.<\/span><\/p>\n<p class=\"p1\"><span class=\"s1\">Rikthimi i pron\u00ebs b\u00ebhet p\u00ebrmes procedurave t\u00eb rregullta ligjore dhe zbatohet ndaj \u00e7do uzurpimi t\u00eb paligjsh\u00ebm, pavar\u00ebsisht p\u00ebrkat\u00ebsis\u00eb etnike apo statusit t\u00eb pal\u00ebs.<\/span><\/p>\n<p class=\"p1\"><span class=\"s1\">Deklaratat e tilla si kjo e Petar Petkoviqit jan\u00eb t\u00eb papranueshme sepse nxisin tensione dhe minojn\u00eb sundimin e ligjit dhe bashk\u00ebjetes\u00ebn. AKKVP mbetet e p\u00ebrkushtuar ndaj zbatimit t\u00eb drejt\u00eb, t\u00eb barabart\u00eb dhe ligjor t\u00eb mandatit t\u00eb saj.<\/span><\/p>\n<p>&nbsp;<\/p>\n","protected":false},"excerpt":{"rendered":"<p>Prishtin\u00eb, 23 Korrik 2025 Agjencia Kosovare p\u00ebr Krahasim dhe Verifikim t\u00eb Pron\u00ebs (AKKVP) ka reaguar ndaj deklarat\u00ebs s\u00eb Petar Petkoviq lidhur me nj\u00eb rast pron\u00ebsor<\/p>\n","protected":false},"author":1,"featured_media":4933,"comment_status":"open","ping_status":"open","sticky":false,"template":"","format":"standard","meta":{"footnotes":""},"categories":[58],"tags":[],"class_list":["post-4931","post","type-post","status-publish","format-standard","has-post-thumbnail","hentry","category-politike-sq"],"yoast_head":"<!-- This site is optimized with the Yoast SEO plugin v25.3.1 - https:\/\/yoast.com\/wordpress\/plugins\/seo\/ -->\n<title>Agjencia Kosovare p\u00ebr Krahasim dhe Verifikim t\u00eb Pron\u00ebs e quan t\u00eb pav\u00ebrtet\u00eb deklarat\u00ebn e Petkoviq p\u00ebr nj\u00eb pron\u00eb n\u00eb veri -<\/title>\n<meta name=\"robots\" content=\"index, follow, max-snippet:-1, max-image-preview:large, max-video-preview:-1\" \/>\n<link rel=\"canonical\" href=\"https:\/\/veritasinfo.org\/?p=4931\" \/>\n<meta property=\"og:locale\" content=\"en_US\" \/>\n<meta property=\"og:type\" content=\"article\" \/>\n<meta property=\"og:title\" content=\"Agjencia Kosovare p\u00ebr Krahasim dhe Verifikim t\u00eb Pron\u00ebs e quan t\u00eb pav\u00ebrtet\u00eb deklarat\u00ebn e Petkoviq p\u00ebr nj\u00eb pron\u00eb n\u00eb veri -\" \/>\n<meta property=\"og:description\" content=\"Prishtin\u00eb, 23 Korrik 2025 Agjencia Kosovare p\u00ebr Krahasim dhe Verifikim t\u00eb Pron\u00ebs (AKKVP) ka reaguar ndaj deklarat\u00ebs s\u00eb Petar Petkoviq lidhur me nj\u00eb rast pron\u00ebsor\" \/>\n<meta property=\"og:url\" content=\"https:\/\/veritasinfo.org\/?p=4931\" \/>\n<meta property=\"article:published_time\" content=\"2025-07-23T19:42:48+00:00\" \/>\n<meta property=\"og:image\" content=\"https:\/\/veritasinfo.org\/wp-content\/uploads\/2025\/07\/IMG_2261.png\" \/>\n\t<meta property=\"og:image:width\" content=\"750\" \/>\n\t<meta property=\"og:image:height\" content=\"375\" \/>\n\t<meta property=\"og:image:type\" content=\"image\/png\" \/>\n<meta name=\"author\" content=\"admin\" \/>\n<meta name=\"twitter:card\" content=\"summary_large_image\" \/>\n<meta name=\"twitter:label1\" content=\"Written by\" \/>\n\t<meta name=\"twitter:data1\" content=\"admin\" \/>\n\t<meta name=\"twitter:label2\" content=\"Est. reading time\" \/>\n\t<meta name=\"twitter:data2\" content=\"2 minutes\" \/>\n<script type=\"application\/ld+json\" class=\"yoast-schema-graph\">{\"@context\":\"https:\/\/schema.org\",\"@graph\":[{\"@type\":\"WebPage\",\"@id\":\"https:\/\/veritasinfo.org\/?p=4931\",\"url\":\"https:\/\/veritasinfo.org\/?p=4931\",\"name\":\"Agjencia Kosovare p\u00ebr Krahasim dhe Verifikim t\u00eb Pron\u00ebs e quan t\u00eb pav\u00ebrtet\u00eb deklarat\u00ebn e Petkoviq p\u00ebr nj\u00eb pron\u00eb n\u00eb veri -\",\"isPartOf\":{\"@id\":\"https:\/\/veritasinfo.org\/#website\"},\"primaryImageOfPage\":{\"@id\":\"https:\/\/veritasinfo.org\/?p=4931#primaryimage\"},\"image\":{\"@id\":\"https:\/\/veritasinfo.org\/?p=4931#primaryimage\"},\"thumbnailUrl\":\"https:\/\/veritasinfo.org\/wp-content\/uploads\/2025\/07\/IMG_2261.png\",\"datePublished\":\"2025-07-23T19:42:48+00:00\",\"author\":{\"@id\":\"https:\/\/veritasinfo.org\/#\/schema\/person\/7701f8c088bece422266b100a712374f\"},\"breadcrumb\":{\"@id\":\"https:\/\/veritasinfo.org\/?p=4931#breadcrumb\"},\"inLanguage\":\"en-US\",\"potentialAction\":[{\"@type\":\"ReadAction\",\"target\":[\"https:\/\/veritasinfo.org\/?p=4931\"]}]},{\"@type\":\"ImageObject\",\"inLanguage\":\"en-US\",\"@id\":\"https:\/\/veritasinfo.org\/?p=4931#primaryimage\",\"url\":\"https:\/\/veritasinfo.org\/wp-content\/uploads\/2025\/07\/IMG_2261.png\",\"contentUrl\":\"https:\/\/veritasinfo.org\/wp-content\/uploads\/2025\/07\/IMG_2261.png\",\"width\":750,\"height\":375},{\"@type\":\"BreadcrumbList\",\"@id\":\"https:\/\/veritasinfo.org\/?p=4931#breadcrumb\",\"itemListElement\":[{\"@type\":\"ListItem\",\"position\":1,\"name\":\"Home\",\"item\":\"https:\/\/veritasinfo.org\/\"},{\"@type\":\"ListItem\",\"position\":2,\"name\":\"Agjencia Kosovare p\u00ebr Krahasim dhe Verifikim t\u00eb Pron\u00ebs e quan t\u00eb pav\u00ebrtet\u00eb deklarat\u00ebn e Petkoviq p\u00ebr nj\u00eb pron\u00eb n\u00eb veri\"}]},{\"@type\":\"WebSite\",\"@id\":\"https:\/\/veritasinfo.org\/#website\",\"url\":\"https:\/\/veritasinfo.org\/\",\"name\":\"\",\"description\":\"\",\"potentialAction\":[{\"@type\":\"SearchAction\",\"target\":{\"@type\":\"EntryPoint\",\"urlTemplate\":\"https:\/\/veritasinfo.org\/?s={search_term_string}\"},\"query-input\":{\"@type\":\"PropertyValueSpecification\",\"valueRequired\":true,\"valueName\":\"search_term_string\"}}],\"inLanguage\":\"en-US\"},{\"@type\":\"Person\",\"@id\":\"https:\/\/veritasinfo.org\/#\/schema\/person\/7701f8c088bece422266b100a712374f\",\"name\":\"admin\",\"image\":{\"@type\":\"ImageObject\",\"inLanguage\":\"en-US\",\"@id\":\"https:\/\/veritasinfo.org\/#\/schema\/person\/image\/\",\"url\":\"https:\/\/secure.gravatar.com\/avatar\/ea53aa3bf6c9a12d5fde8ce4deff43fef3885ae33cf60184161a50d6987cfd2f?s=96&d=mm&r=g\",\"contentUrl\":\"https:\/\/secure.gravatar.com\/avatar\/ea53aa3bf6c9a12d5fde8ce4deff43fef3885ae33cf60184161a50d6987cfd2f?s=96&d=mm&r=g\",\"caption\":\"admin\"},\"sameAs\":[\"https:\/\/veritasinfo.org\"],\"url\":\"https:\/\/veritasinfo.org\/?author=1\"}]}<\/script>\n<!-- \/ Yoast SEO plugin. -->","yoast_head_json":{"title":"Agjencia Kosovare p\u00ebr Krahasim dhe Verifikim t\u00eb Pron\u00ebs e quan t\u00eb pav\u00ebrtet\u00eb deklarat\u00ebn e Petkoviq p\u00ebr nj\u00eb pron\u00eb n\u00eb veri -","robots":{"index":"index","follow":"follow","max-snippet":"max-snippet:-1","max-image-preview":"max-image-preview:large","max-video-preview":"max-video-preview:-1"},"canonical":"https:\/\/veritasinfo.org\/?p=4931","og_locale":"en_US","og_type":"article","og_title":"Agjencia Kosovare p\u00ebr Krahasim dhe Verifikim t\u00eb Pron\u00ebs e quan t\u00eb pav\u00ebrtet\u00eb deklarat\u00ebn e Petkoviq p\u00ebr nj\u00eb pron\u00eb n\u00eb veri -","og_description":"Prishtin\u00eb, 23 Korrik 2025 Agjencia Kosovare p\u00ebr Krahasim dhe Verifikim t\u00eb Pron\u00ebs (AKKVP) ka reaguar ndaj deklarat\u00ebs s\u00eb Petar Petkoviq lidhur me nj\u00eb rast pron\u00ebsor","og_url":"https:\/\/veritasinfo.org\/?p=4931","article_published_time":"2025-07-23T19:42:48+00:00","og_image":[{"width":750,"height":375,"url":"https:\/\/veritasinfo.org\/wp-content\/uploads\/2025\/07\/IMG_2261.png","type":"image\/png"}],"author":"admin","twitter_card":"summary_large_image","twitter_misc":{"Written by":"admin","Est. reading time":"2 minutes"},"schema":{"@context":"https:\/\/schema.org","@graph":[{"@type":"WebPage","@id":"https:\/\/veritasinfo.org\/?p=4931","url":"https:\/\/veritasinfo.org\/?p=4931","name":"Agjencia Kosovare p\u00ebr Krahasim dhe Verifikim t\u00eb Pron\u00ebs e quan t\u00eb pav\u00ebrtet\u00eb deklarat\u00ebn e Petkoviq p\u00ebr nj\u00eb pron\u00eb n\u00eb veri -","isPartOf":{"@id":"https:\/\/veritasinfo.org\/#website"},"primaryImageOfPage":{"@id":"https:\/\/veritasinfo.org\/?p=4931#primaryimage"},"image":{"@id":"https:\/\/veritasinfo.org\/?p=4931#primaryimage"},"thumbnailUrl":"https:\/\/veritasinfo.org\/wp-content\/uploads\/2025\/07\/IMG_2261.png","datePublished":"2025-07-23T19:42:48+00:00","author":{"@id":"https:\/\/veritasinfo.org\/#\/schema\/person\/7701f8c088bece422266b100a712374f"},"breadcrumb":{"@id":"https:\/\/veritasinfo.org\/?p=4931#breadcrumb"},"inLanguage":"en-US","potentialAction":[{"@type":"ReadAction","target":["https:\/\/veritasinfo.org\/?p=4931"]}]},{"@type":"ImageObject","inLanguage":"en-US","@id":"https:\/\/veritasinfo.org\/?p=4931#primaryimage","url":"https:\/\/veritasinfo.org\/wp-content\/uploads\/2025\/07\/IMG_2261.png","contentUrl":"https:\/\/veritasinfo.org\/wp-content\/uploads\/2025\/07\/IMG_2261.png","width":750,"height":375},{"@type":"BreadcrumbList","@id":"https:\/\/veritasinfo.org\/?p=4931#breadcrumb","itemListElement":[{"@type":"ListItem","position":1,"name":"Home","item":"https:\/\/veritasinfo.org\/"},{"@type":"ListItem","position":2,"name":"Agjencia Kosovare p\u00ebr Krahasim dhe Verifikim t\u00eb Pron\u00ebs e quan t\u00eb pav\u00ebrtet\u00eb deklarat\u00ebn e Petkoviq p\u00ebr nj\u00eb pron\u00eb n\u00eb veri"}]},{"@type":"WebSite","@id":"https:\/\/veritasinfo.org\/#website","url":"https:\/\/veritasinfo.org\/","name":"","description":"","potentialAction":[{"@type":"SearchAction","target":{"@type":"EntryPoint","urlTemplate":"https:\/\/veritasinfo.org\/?s={search_term_string}"},"query-input":{"@type":"PropertyValueSpecification","valueRequired":true,"valueName":"search_term_string"}}],"inLanguage":"en-US"},{"@type":"Person","@id":"https:\/\/veritasinfo.org\/#\/schema\/person\/7701f8c088bece422266b100a712374f","name":"admin","image":{"@type":"ImageObject","inLanguage":"en-US","@id":"https:\/\/veritasinfo.org\/#\/schema\/person\/image\/","url":"https:\/\/secure.gravatar.com\/avatar\/ea53aa3bf6c9a12d5fde8ce4deff43fef3885ae33cf60184161a50d6987cfd2f?s=96&d=mm&r=g","contentUrl":"https:\/\/secure.gravatar.com\/avatar\/ea53aa3bf6c9a12d5fde8ce4deff43fef3885ae33cf60184161a50d6987cfd2f?s=96&d=mm&r=g","caption":"admin"},"sameAs":["https:\/\/veritasinfo.org"],"url":"https:\/\/veritasinfo.org\/?author=1"}]}},"featured_image_urls":{"full":["https:\/\/veritasinfo.org\/wp-content\/uploads\/2025\/07\/IMG_2261.png",750,375,false],"thumbnail":["https:\/\/veritasinfo.org\/wp-content\/uploads\/2025\/07\/IMG_2261-150x150.png",150,150,true],"medium":["https:\/\/veritasinfo.org\/wp-content\/uploads\/2025\/07\/IMG_2261-300x150.png",300,150,true],"medium_large":["https:\/\/veritasinfo.org\/wp-content\/uploads\/2025\/07\/IMG_2261.png",640,320,false],"large":["https:\/\/veritasinfo.org\/wp-content\/uploads\/2025\/07\/IMG_2261.png",640,320,false],"1536x1536":["https:\/\/veritasinfo.org\/wp-content\/uploads\/2025\/07\/IMG_2261.png",750,375,false],"2048x2048":["https:\/\/veritasinfo.org\/wp-content\/uploads\/2025\/07\/IMG_2261.png",750,375,false],"kreeti-slider-full":["https:\/\/veritasinfo.org\/wp-content\/uploads\/2025\/07\/IMG_2261.png",750,375,false],"kreeti-featured":["https:\/\/veritasinfo.org\/wp-content\/uploads\/2025\/07\/IMG_2261.png",750,375,false],"kreeti-medium":["https:\/\/veritasinfo.org\/wp-content\/uploads\/2025\/07\/IMG_2261.png",720,360,false],"kreeti-medium-square":["https:\/\/veritasinfo.org\/wp-content\/uploads\/2025\/07\/IMG_2261.png",350,175,false]},"author_info":{"info":["admin"]},"category_info":"<a href=\"https:\/\/veritasinfo.org\/?cat=58\" rel=\"category\">Politik\u00eb<\/a>","tag_info":"Politik\u00eb","comment_count":"0","_links":{"self":[{"href":"https:\/\/veritasinfo.org\/index.php?rest_route=\/wp\/v2\/posts\/4931","targetHints":{"allow":["GET"]}}],"collection":[{"href":"https:\/\/veritasinfo.org\/index.php?rest_route=\/wp\/v2\/posts"}],"about":[{"href":"https:\/\/veritasinfo.org\/index.php?rest_route=\/wp\/v2\/types\/post"}],"author":[{"embeddable":true,"href":"https:\/\/veritasinfo.org\/index.php?rest_route=\/wp\/v2\/users\/1"}],"replies":[{"embeddable":true,"href":"https:\/\/veritasinfo.org\/index.php?rest_route=%2Fwp%2Fv2%2Fcomments&post=4931"}],"version-history":[{"count":2,"href":"https:\/\/veritasinfo.org\/index.php?rest_route=\/wp\/v2\/posts\/4931\/revisions"}],"predecessor-version":[{"id":4935,"href":"https:\/\/veritasinfo.org\/index.php?rest_route=\/wp\/v2\/posts\/4931\/revisions\/4935"}],"wp:featuredmedia":[{"embeddable":true,"href":"https:\/\/veritasinfo.org\/index.php?rest_route=\/wp\/v2\/media\/4933"}],"wp:attachment":[{"href":"https:\/\/veritasinfo.org\/index.php?rest_route=%2Fwp%2Fv2%2Fmedia&parent=4931"}],"wp:term":[{"taxonomy":"category","embeddable":true,"href":"https:\/\/veritasinfo.org\/index.php?rest_route=%2Fwp%2Fv2%2Fcategories&post=4931"},{"taxonomy":"post_tag","embeddable":true,"href":"https:\/\/veritasinfo.org\/index.php?rest_route=%2Fwp%2Fv2%2Ftags&post=4931"}],"curies":[{"name":"wp","href":"https:\/\/api.w.org\/{rel}","templated":true}]}}