{"id":4925,"date":"2025-07-23T20:25:41","date_gmt":"2025-07-23T18:25:41","guid":{"rendered":"https:\/\/veritasinfo.org\/?p=4925"},"modified":"2025-07-23T20:25:41","modified_gmt":"2025-07-23T18:25:41","slug":"mpjd-serbia-refuzon-te-ndaje-informacione-per-arrestimin-e-lulzim-halilit","status":"publish","type":"post","link":"https:\/\/veritasinfo.org\/?p=4925","title":{"rendered":"MPJD: Serbia refuzon t\u00eb ndaj\u00eb informacione p\u00ebr arrestimin e Lulzim Halilit"},"content":{"rendered":"<p>MPJD: Serbia refuzon t\u00eb ndaj\u00eb informacione p\u00ebr arrestimin e Lulzim Halilit<\/p>\n<p>Prishtin\u00eb, 23 korrik 2025<\/p>\n<p>Ministria e Pun\u00ebve t\u00eb Jashtme dhe Diaspor\u00ebs ka b\u00ebr\u00eb t\u00eb ditur se autoritetet serbe nuk kan\u00eb dh\u00ebn\u00eb asnj\u00eb informacion zyrtar lidhur me arrestimin e shtetasit t\u00eb Kosov\u00ebs, Lulzim Halili, n\u00eb af\u00ebrsi t\u00eb Svilajnacit.<\/p>\n<p>Sipas MPJD-s\u00eb, Zyra Nd\u00ebrlidh\u00ebse ka kontaktuar mbr\u00ebm\u00eb Stacionin Policor n\u00eb Svilajnac, por zyrtari kujdestar ka refuzuar t\u00eb jap\u00eb detaje. Sot, \u00ebsht\u00eb d\u00ebrguar k\u00ebrkes\u00eb zyrtare Qeveris\u00eb s\u00eb Serbis\u00eb dhe \u00ebsht\u00eb njoftuar edhe Delegacioni i BE-s\u00eb n\u00eb Serbi. Deri tani, nuk ka p\u00ebrgjigje.<\/p>\n<p>N\u00ebse konfirmohet paraburgimi dhe nisja e procedur\u00ebs penale ndaj Halilit, Zyra Nd\u00ebrlidh\u00ebse do t\u00eb k\u00ebrkoj\u00eb vizit\u00eb zyrtare n\u00eb Qendr\u00ebn e Mbajtjes.<\/p>\n<p>&nbsp;<\/p>\n<p>&nbsp;<\/p>\n","protected":false},"excerpt":{"rendered":"<p>MPJD: Serbia refuzon t\u00eb ndaj\u00eb informacione p\u00ebr arrestimin e Lulzim Halilit Prishtin\u00eb, 23 korrik 2025 Ministria e Pun\u00ebve t\u00eb Jashtme dhe Diaspor\u00ebs ka b\u00ebr\u00eb t\u00eb<\/p>\n","protected":false},"author":1,"featured_media":4602,"comment_status":"open","ping_status":"open","sticky":false,"template":"","format":"standard","meta":{"footnotes":""},"categories":[60],"tags":[],"class_list":["post-4925","post","type-post","status-publish","format-standard","has-post-thumbnail","hentry","category-shoqerore-sq"],"yoast_head":"<!-- This site is optimized with the Yoast SEO plugin v25.3.1 - https:\/\/yoast.com\/wordpress\/plugins\/seo\/ -->\n<title>MPJD: Serbia refuzon t\u00eb ndaj\u00eb informacione p\u00ebr arrestimin e Lulzim Halilit -<\/title>\n<meta name=\"robots\" content=\"index, follow, max-snippet:-1, max-image-preview:large, max-video-preview:-1\" \/>\n<link rel=\"canonical\" href=\"https:\/\/veritasinfo.org\/?p=4925\" \/>\n<meta property=\"og:locale\" content=\"en_US\" \/>\n<meta property=\"og:type\" content=\"article\" \/>\n<meta property=\"og:title\" content=\"MPJD: Serbia refuzon t\u00eb ndaj\u00eb informacione p\u00ebr arrestimin e Lulzim Halilit -\" \/>\n<meta property=\"og:description\" content=\"MPJD: Serbia refuzon t\u00eb ndaj\u00eb informacione p\u00ebr arrestimin e Lulzim Halilit Prishtin\u00eb, 23 korrik 2025 Ministria e Pun\u00ebve t\u00eb Jashtme dhe Diaspor\u00ebs ka b\u00ebr\u00eb t\u00eb\" \/>\n<meta property=\"og:url\" content=\"https:\/\/veritasinfo.org\/?p=4925\" \/>\n<meta property=\"article:published_time\" content=\"2025-07-23T18:25:41+00:00\" \/>\n<meta property=\"og:image\" content=\"https:\/\/veritasinfo.org\/wp-content\/uploads\/2025\/07\/ministriapunevetejashtme.png\" \/>\n\t<meta property=\"og:image:width\" content=\"1500\" \/>\n\t<meta property=\"og:image:height\" content=\"1060\" \/>\n\t<meta property=\"og:image:type\" content=\"image\/png\" \/>\n<meta name=\"author\" content=\"admin\" \/>\n<meta name=\"twitter:card\" content=\"summary_large_image\" \/>\n<meta name=\"twitter:label1\" content=\"Written by\" \/>\n\t<meta name=\"twitter:data1\" content=\"admin\" \/>\n\t<meta name=\"twitter:label2\" content=\"Est. reading time\" \/>\n\t<meta name=\"twitter:data2\" content=\"1 minute\" \/>\n<script type=\"application\/ld+json\" class=\"yoast-schema-graph\">{\"@context\":\"https:\/\/schema.org\",\"@graph\":[{\"@type\":\"WebPage\",\"@id\":\"https:\/\/veritasinfo.org\/?p=4925\",\"url\":\"https:\/\/veritasinfo.org\/?p=4925\",\"name\":\"MPJD: Serbia refuzon t\u00eb ndaj\u00eb informacione p\u00ebr arrestimin e Lulzim Halilit -\",\"isPartOf\":{\"@id\":\"https:\/\/veritasinfo.org\/#website\"},\"primaryImageOfPage\":{\"@id\":\"https:\/\/veritasinfo.org\/?p=4925#primaryimage\"},\"image\":{\"@id\":\"https:\/\/veritasinfo.org\/?p=4925#primaryimage\"},\"thumbnailUrl\":\"https:\/\/veritasinfo.org\/wp-content\/uploads\/2025\/07\/ministriapunevetejashtme.png\",\"datePublished\":\"2025-07-23T18:25:41+00:00\",\"author\":{\"@id\":\"https:\/\/veritasinfo.org\/#\/schema\/person\/7701f8c088bece422266b100a712374f\"},\"breadcrumb\":{\"@id\":\"https:\/\/veritasinfo.org\/?p=4925#breadcrumb\"},\"inLanguage\":\"en-US\",\"potentialAction\":[{\"@type\":\"ReadAction\",\"target\":[\"https:\/\/veritasinfo.org\/?p=4925\"]}]},{\"@type\":\"ImageObject\",\"inLanguage\":\"en-US\",\"@id\":\"https:\/\/veritasinfo.org\/?p=4925#primaryimage\",\"url\":\"https:\/\/veritasinfo.org\/wp-content\/uploads\/2025\/07\/ministriapunevetejashtme.png\",\"contentUrl\":\"https:\/\/veritasinfo.org\/wp-content\/uploads\/2025\/07\/ministriapunevetejashtme.png\",\"width\":1500,\"height\":1060},{\"@type\":\"BreadcrumbList\",\"@id\":\"https:\/\/veritasinfo.org\/?p=4925#breadcrumb\",\"itemListElement\":[{\"@type\":\"ListItem\",\"position\":1,\"name\":\"Home\",\"item\":\"https:\/\/veritasinfo.org\/\"},{\"@type\":\"ListItem\",\"position\":2,\"name\":\"MPJD: Serbia refuzon t\u00eb ndaj\u00eb informacione p\u00ebr arrestimin e Lulzim Halilit\"}]},{\"@type\":\"WebSite\",\"@id\":\"https:\/\/veritasinfo.org\/#website\",\"url\":\"https:\/\/veritasinfo.org\/\",\"name\":\"\",\"description\":\"\",\"potentialAction\":[{\"@type\":\"SearchAction\",\"target\":{\"@type\":\"EntryPoint\",\"urlTemplate\":\"https:\/\/veritasinfo.org\/?s={search_term_string}\"},\"query-input\":{\"@type\":\"PropertyValueSpecification\",\"valueRequired\":true,\"valueName\":\"search_term_string\"}}],\"inLanguage\":\"en-US\"},{\"@type\":\"Person\",\"@id\":\"https:\/\/veritasinfo.org\/#\/schema\/person\/7701f8c088bece422266b100a712374f\",\"name\":\"admin\",\"image\":{\"@type\":\"ImageObject\",\"inLanguage\":\"en-US\",\"@id\":\"https:\/\/veritasinfo.org\/#\/schema\/person\/image\/\",\"url\":\"https:\/\/secure.gravatar.com\/avatar\/ea53aa3bf6c9a12d5fde8ce4deff43fef3885ae33cf60184161a50d6987cfd2f?s=96&d=mm&r=g\",\"contentUrl\":\"https:\/\/secure.gravatar.com\/avatar\/ea53aa3bf6c9a12d5fde8ce4deff43fef3885ae33cf60184161a50d6987cfd2f?s=96&d=mm&r=g\",\"caption\":\"admin\"},\"sameAs\":[\"https:\/\/veritasinfo.org\"],\"url\":\"https:\/\/veritasinfo.org\/?author=1\"}]}<\/script>\n<!-- \/ Yoast SEO plugin. -->","yoast_head_json":{"title":"MPJD: Serbia refuzon t\u00eb ndaj\u00eb informacione p\u00ebr arrestimin e Lulzim Halilit -","robots":{"index":"index","follow":"follow","max-snippet":"max-snippet:-1","max-image-preview":"max-image-preview:large","max-video-preview":"max-video-preview:-1"},"canonical":"https:\/\/veritasinfo.org\/?p=4925","og_locale":"en_US","og_type":"article","og_title":"MPJD: Serbia refuzon t\u00eb ndaj\u00eb informacione p\u00ebr arrestimin e Lulzim Halilit -","og_description":"MPJD: Serbia refuzon t\u00eb ndaj\u00eb informacione p\u00ebr arrestimin e Lulzim Halilit Prishtin\u00eb, 23 korrik 2025 Ministria e Pun\u00ebve t\u00eb Jashtme dhe Diaspor\u00ebs ka b\u00ebr\u00eb t\u00eb","og_url":"https:\/\/veritasinfo.org\/?p=4925","article_published_time":"2025-07-23T18:25:41+00:00","og_image":[{"width":1500,"height":1060,"url":"https:\/\/veritasinfo.org\/wp-content\/uploads\/2025\/07\/ministriapunevetejashtme.png","type":"image\/png"}],"author":"admin","twitter_card":"summary_large_image","twitter_misc":{"Written by":"admin","Est. reading time":"1 minute"},"schema":{"@context":"https:\/\/schema.org","@graph":[{"@type":"WebPage","@id":"https:\/\/veritasinfo.org\/?p=4925","url":"https:\/\/veritasinfo.org\/?p=4925","name":"MPJD: Serbia refuzon t\u00eb ndaj\u00eb informacione p\u00ebr arrestimin e Lulzim Halilit -","isPartOf":{"@id":"https:\/\/veritasinfo.org\/#website"},"primaryImageOfPage":{"@id":"https:\/\/veritasinfo.org\/?p=4925#primaryimage"},"image":{"@id":"https:\/\/veritasinfo.org\/?p=4925#primaryimage"},"thumbnailUrl":"https:\/\/veritasinfo.org\/wp-content\/uploads\/2025\/07\/ministriapunevetejashtme.png","datePublished":"2025-07-23T18:25:41+00:00","author":{"@id":"https:\/\/veritasinfo.org\/#\/schema\/person\/7701f8c088bece422266b100a712374f"},"breadcrumb":{"@id":"https:\/\/veritasinfo.org\/?p=4925#breadcrumb"},"inLanguage":"en-US","potentialAction":[{"@type":"ReadAction","target":["https:\/\/veritasinfo.org\/?p=4925"]}]},{"@type":"ImageObject","inLanguage":"en-US","@id":"https:\/\/veritasinfo.org\/?p=4925#primaryimage","url":"https:\/\/veritasinfo.org\/wp-content\/uploads\/2025\/07\/ministriapunevetejashtme.png","contentUrl":"https:\/\/veritasinfo.org\/wp-content\/uploads\/2025\/07\/ministriapunevetejashtme.png","width":1500,"height":1060},{"@type":"BreadcrumbList","@id":"https:\/\/veritasinfo.org\/?p=4925#breadcrumb","itemListElement":[{"@type":"ListItem","position":1,"name":"Home","item":"https:\/\/veritasinfo.org\/"},{"@type":"ListItem","position":2,"name":"MPJD: Serbia refuzon t\u00eb ndaj\u00eb informacione p\u00ebr arrestimin e Lulzim Halilit"}]},{"@type":"WebSite","@id":"https:\/\/veritasinfo.org\/#website","url":"https:\/\/veritasinfo.org\/","name":"","description":"","potentialAction":[{"@type":"SearchAction","target":{"@type":"EntryPoint","urlTemplate":"https:\/\/veritasinfo.org\/?s={search_term_string}"},"query-input":{"@type":"PropertyValueSpecification","valueRequired":true,"valueName":"search_term_string"}}],"inLanguage":"en-US"},{"@type":"Person","@id":"https:\/\/veritasinfo.org\/#\/schema\/person\/7701f8c088bece422266b100a712374f","name":"admin","image":{"@type":"ImageObject","inLanguage":"en-US","@id":"https:\/\/veritasinfo.org\/#\/schema\/person\/image\/","url":"https:\/\/secure.gravatar.com\/avatar\/ea53aa3bf6c9a12d5fde8ce4deff43fef3885ae33cf60184161a50d6987cfd2f?s=96&d=mm&r=g","contentUrl":"https:\/\/secure.gravatar.com\/avatar\/ea53aa3bf6c9a12d5fde8ce4deff43fef3885ae33cf60184161a50d6987cfd2f?s=96&d=mm&r=g","caption":"admin"},"sameAs":["https:\/\/veritasinfo.org"],"url":"https:\/\/veritasinfo.org\/?author=1"}]}},"featured_image_urls":{"full":["https:\/\/veritasinfo.org\/wp-content\/uploads\/2025\/07\/ministriapunevetejashtme.png",1500,1060,false],"thumbnail":["https:\/\/veritasinfo.org\/wp-content\/uploads\/2025\/07\/ministriapunevetejashtme-150x150.png",150,150,true],"medium":["https:\/\/veritasinfo.org\/wp-content\/uploads\/2025\/07\/ministriapunevetejashtme-300x212.png",300,212,true],"medium_large":["https:\/\/veritasinfo.org\/wp-content\/uploads\/2025\/07\/ministriapunevetejashtme-768x543.png",640,453,true],"large":["https:\/\/veritasinfo.org\/wp-content\/uploads\/2025\/07\/ministriapunevetejashtme-1024x724.png",640,453,true],"1536x1536":["https:\/\/veritasinfo.org\/wp-content\/uploads\/2025\/07\/ministriapunevetejashtme.png",1500,1060,false],"2048x2048":["https:\/\/veritasinfo.org\/wp-content\/uploads\/2025\/07\/ministriapunevetejashtme.png",1500,1060,false],"kreeti-slider-full":["https:\/\/veritasinfo.org\/wp-content\/uploads\/2025\/07\/ministriapunevetejashtme.png",1019,720,false],"kreeti-featured":["https:\/\/veritasinfo.org\/wp-content\/uploads\/2025\/07\/ministriapunevetejashtme.png",1024,724,false],"kreeti-medium":["https:\/\/veritasinfo.org\/wp-content\/uploads\/2025\/07\/ministriapunevetejashtme.png",720,509,false],"kreeti-medium-square":["https:\/\/veritasinfo.org\/wp-content\/uploads\/2025\/07\/ministriapunevetejashtme.png",350,247,false]},"author_info":{"info":["admin"]},"category_info":"<a href=\"https:\/\/veritasinfo.org\/?cat=60\" rel=\"category\">Shoq\u00ebrore<\/a>","tag_info":"Shoq\u00ebrore","comment_count":"0","_links":{"self":[{"href":"https:\/\/veritasinfo.org\/index.php?rest_route=\/wp\/v2\/posts\/4925","targetHints":{"allow":["GET"]}}],"collection":[{"href":"https:\/\/veritasinfo.org\/index.php?rest_route=\/wp\/v2\/posts"}],"about":[{"href":"https:\/\/veritasinfo.org\/index.php?rest_route=\/wp\/v2\/types\/post"}],"author":[{"embeddable":true,"href":"https:\/\/veritasinfo.org\/index.php?rest_route=\/wp\/v2\/users\/1"}],"replies":[{"embeddable":true,"href":"https:\/\/veritasinfo.org\/index.php?rest_route=%2Fwp%2Fv2%2Fcomments&post=4925"}],"version-history":[{"count":1,"href":"https:\/\/veritasinfo.org\/index.php?rest_route=\/wp\/v2\/posts\/4925\/revisions"}],"predecessor-version":[{"id":4926,"href":"https:\/\/veritasinfo.org\/index.php?rest_route=\/wp\/v2\/posts\/4925\/revisions\/4926"}],"wp:featuredmedia":[{"embeddable":true,"href":"https:\/\/veritasinfo.org\/index.php?rest_route=\/wp\/v2\/media\/4602"}],"wp:attachment":[{"href":"https:\/\/veritasinfo.org\/index.php?rest_route=%2Fwp%2Fv2%2Fmedia&parent=4925"}],"wp:term":[{"taxonomy":"category","embeddable":true,"href":"https:\/\/veritasinfo.org\/index.php?rest_route=%2Fwp%2Fv2%2Fcategories&post=4925"},{"taxonomy":"post_tag","embeddable":true,"href":"https:\/\/veritasinfo.org\/index.php?rest_route=%2Fwp%2Fv2%2Ftags&post=4925"}],"curies":[{"name":"wp","href":"https:\/\/api.w.org\/{rel}","templated":true}]}}