{"id":4920,"date":"2025-07-23T19:23:22","date_gmt":"2025-07-23T17:23:22","guid":{"rendered":"https:\/\/veritasinfo.org\/?p=4920"},"modified":"2025-07-23T19:23:23","modified_gmt":"2025-07-23T17:23:23","slug":"kater-zyrtare-te-komunes-se-gjakoves-arrestohen-per-keqperdorim-te-pozites-zyrtare","status":"publish","type":"post","link":"https:\/\/veritasinfo.org\/?p=4920","title":{"rendered":"Kat\u00ebr zyrtar\u00eb t\u00eb Komun\u00ebs s\u00eb Gjakov\u00ebs arrestohen p\u00ebr keqp\u00ebrdorim t\u00eb pozit\u00ebs zyrtare"},"content":{"rendered":"<p>Gjakov\u00eb, 23 korrik 2025<\/p>\n<p>Policia ka arrestuar kat\u00ebr zyrtar\u00eb t\u00eb Drejtoris\u00eb s\u00eb Urbanizmit dhe asaj t\u00eb Kadastrit n\u00eb Komun\u00ebn e Gjakov\u00ebs, t\u00eb cil\u00ebt dyshohen p\u00ebr keqp\u00ebrdorim t\u00eb pozit\u00ebs zyrtare n\u00eb rastet e bartjes s\u00eb pron\u00ebsis\u00eb s\u00eb paligjshme t\u00eb pronave.<\/p>\n<p>Hetimet e zhvilluara nga Drejtoria p\u00ebr Hetimin e Krimeve Ekonomike dhe Korrupsionit n\u00eb Prizren kan\u00eb nxjerr\u00eb prova q\u00eb tregojn\u00eb se t\u00eb dyshuarit, gjat\u00eb viteve 2018\u20132019, kan\u00eb l\u00ebshuar vendime p\u00ebr parcelizim dhe bartje t\u00eb pronave tek persona t\u00eb tret\u00eb pa dijenin\u00eb apo p\u00eblqimin e pronar\u00ebve legjitim\u00eb.<\/p>\n<p>T\u00eb dyshuarit (dy burra dhe dy gra) jan\u00eb ndaluar p\u00ebr 48 or\u00eb, nd\u00ebrsa hetimet po vazhdojn\u00eb n\u00eb koordinim me Prokurorin\u00eb e Shtetit.<\/p>\n<p>&nbsp;<\/p>\n<p>&nbsp;<\/p>\n","protected":false},"excerpt":{"rendered":"<p>Gjakov\u00eb, 23 korrik 2025 Policia ka arrestuar kat\u00ebr zyrtar\u00eb t\u00eb Drejtoris\u00eb s\u00eb Urbanizmit dhe asaj t\u00eb Kadastrit n\u00eb Komun\u00ebn e Gjakov\u00ebs, t\u00eb cil\u00ebt dyshohen p\u00ebr<\/p>\n","protected":false},"author":1,"featured_media":4921,"comment_status":"open","ping_status":"open","sticky":false,"template":"","format":"standard","meta":{"footnotes":""},"categories":[60],"tags":[],"class_list":["post-4920","post","type-post","status-publish","format-standard","has-post-thumbnail","hentry","category-shoqerore-sq"],"yoast_head":"<!-- This site is optimized with the Yoast SEO plugin v25.3.1 - https:\/\/yoast.com\/wordpress\/plugins\/seo\/ -->\n<title>Kat\u00ebr zyrtar\u00eb t\u00eb Komun\u00ebs s\u00eb Gjakov\u00ebs arrestohen p\u00ebr keqp\u00ebrdorim t\u00eb pozit\u00ebs zyrtare -<\/title>\n<meta name=\"robots\" content=\"index, follow, max-snippet:-1, max-image-preview:large, max-video-preview:-1\" \/>\n<link rel=\"canonical\" href=\"https:\/\/veritasinfo.org\/?p=4920\" \/>\n<meta property=\"og:locale\" content=\"en_US\" \/>\n<meta property=\"og:type\" content=\"article\" \/>\n<meta property=\"og:title\" content=\"Kat\u00ebr zyrtar\u00eb t\u00eb Komun\u00ebs s\u00eb Gjakov\u00ebs arrestohen p\u00ebr keqp\u00ebrdorim t\u00eb pozit\u00ebs zyrtare -\" \/>\n<meta property=\"og:description\" content=\"Gjakov\u00eb, 23 korrik 2025 Policia ka arrestuar kat\u00ebr zyrtar\u00eb t\u00eb Drejtoris\u00eb s\u00eb Urbanizmit dhe asaj t\u00eb Kadastrit n\u00eb Komun\u00ebn e Gjakov\u00ebs, t\u00eb cil\u00ebt dyshohen p\u00ebr\" \/>\n<meta property=\"og:url\" content=\"https:\/\/veritasinfo.org\/?p=4920\" \/>\n<meta property=\"article:published_time\" content=\"2025-07-23T17:23:22+00:00\" \/>\n<meta property=\"article:modified_time\" content=\"2025-07-23T17:23:23+00:00\" \/>\n<meta property=\"og:image\" content=\"https:\/\/veritasinfo.org\/wp-content\/uploads\/2025\/07\/unnamed.jpg\" \/>\n\t<meta property=\"og:image:width\" content=\"512\" \/>\n\t<meta property=\"og:image:height\" content=\"330\" \/>\n\t<meta property=\"og:image:type\" content=\"image\/jpeg\" \/>\n<meta name=\"author\" content=\"admin\" \/>\n<meta name=\"twitter:card\" content=\"summary_large_image\" \/>\n<meta name=\"twitter:label1\" content=\"Written by\" \/>\n\t<meta name=\"twitter:data1\" content=\"admin\" \/>\n\t<meta name=\"twitter:label2\" content=\"Est. reading time\" \/>\n\t<meta name=\"twitter:data2\" content=\"1 minute\" \/>\n<script type=\"application\/ld+json\" class=\"yoast-schema-graph\">{\"@context\":\"https:\/\/schema.org\",\"@graph\":[{\"@type\":\"WebPage\",\"@id\":\"https:\/\/veritasinfo.org\/?p=4920\",\"url\":\"https:\/\/veritasinfo.org\/?p=4920\",\"name\":\"Kat\u00ebr zyrtar\u00eb t\u00eb Komun\u00ebs s\u00eb Gjakov\u00ebs arrestohen p\u00ebr keqp\u00ebrdorim t\u00eb pozit\u00ebs zyrtare -\",\"isPartOf\":{\"@id\":\"https:\/\/veritasinfo.org\/#website\"},\"primaryImageOfPage\":{\"@id\":\"https:\/\/veritasinfo.org\/?p=4920#primaryimage\"},\"image\":{\"@id\":\"https:\/\/veritasinfo.org\/?p=4920#primaryimage\"},\"thumbnailUrl\":\"https:\/\/veritasinfo.org\/wp-content\/uploads\/2025\/07\/unnamed.jpg\",\"datePublished\":\"2025-07-23T17:23:22+00:00\",\"dateModified\":\"2025-07-23T17:23:23+00:00\",\"author\":{\"@id\":\"https:\/\/veritasinfo.org\/#\/schema\/person\/7701f8c088bece422266b100a712374f\"},\"breadcrumb\":{\"@id\":\"https:\/\/veritasinfo.org\/?p=4920#breadcrumb\"},\"inLanguage\":\"en-US\",\"potentialAction\":[{\"@type\":\"ReadAction\",\"target\":[\"https:\/\/veritasinfo.org\/?p=4920\"]}]},{\"@type\":\"ImageObject\",\"inLanguage\":\"en-US\",\"@id\":\"https:\/\/veritasinfo.org\/?p=4920#primaryimage\",\"url\":\"https:\/\/veritasinfo.org\/wp-content\/uploads\/2025\/07\/unnamed.jpg\",\"contentUrl\":\"https:\/\/veritasinfo.org\/wp-content\/uploads\/2025\/07\/unnamed.jpg\",\"width\":512,\"height\":330},{\"@type\":\"BreadcrumbList\",\"@id\":\"https:\/\/veritasinfo.org\/?p=4920#breadcrumb\",\"itemListElement\":[{\"@type\":\"ListItem\",\"position\":1,\"name\":\"Home\",\"item\":\"https:\/\/veritasinfo.org\/\"},{\"@type\":\"ListItem\",\"position\":2,\"name\":\"Kat\u00ebr zyrtar\u00eb t\u00eb Komun\u00ebs s\u00eb Gjakov\u00ebs arrestohen p\u00ebr keqp\u00ebrdorim t\u00eb pozit\u00ebs zyrtare\"}]},{\"@type\":\"WebSite\",\"@id\":\"https:\/\/veritasinfo.org\/#website\",\"url\":\"https:\/\/veritasinfo.org\/\",\"name\":\"\",\"description\":\"\",\"potentialAction\":[{\"@type\":\"SearchAction\",\"target\":{\"@type\":\"EntryPoint\",\"urlTemplate\":\"https:\/\/veritasinfo.org\/?s={search_term_string}\"},\"query-input\":{\"@type\":\"PropertyValueSpecification\",\"valueRequired\":true,\"valueName\":\"search_term_string\"}}],\"inLanguage\":\"en-US\"},{\"@type\":\"Person\",\"@id\":\"https:\/\/veritasinfo.org\/#\/schema\/person\/7701f8c088bece422266b100a712374f\",\"name\":\"admin\",\"image\":{\"@type\":\"ImageObject\",\"inLanguage\":\"en-US\",\"@id\":\"https:\/\/veritasinfo.org\/#\/schema\/person\/image\/\",\"url\":\"https:\/\/secure.gravatar.com\/avatar\/ea53aa3bf6c9a12d5fde8ce4deff43fef3885ae33cf60184161a50d6987cfd2f?s=96&d=mm&r=g\",\"contentUrl\":\"https:\/\/secure.gravatar.com\/avatar\/ea53aa3bf6c9a12d5fde8ce4deff43fef3885ae33cf60184161a50d6987cfd2f?s=96&d=mm&r=g\",\"caption\":\"admin\"},\"sameAs\":[\"https:\/\/veritasinfo.org\"],\"url\":\"https:\/\/veritasinfo.org\/?author=1\"}]}<\/script>\n<!-- \/ Yoast SEO plugin. -->","yoast_head_json":{"title":"Kat\u00ebr zyrtar\u00eb t\u00eb Komun\u00ebs s\u00eb Gjakov\u00ebs arrestohen p\u00ebr keqp\u00ebrdorim t\u00eb pozit\u00ebs zyrtare -","robots":{"index":"index","follow":"follow","max-snippet":"max-snippet:-1","max-image-preview":"max-image-preview:large","max-video-preview":"max-video-preview:-1"},"canonical":"https:\/\/veritasinfo.org\/?p=4920","og_locale":"en_US","og_type":"article","og_title":"Kat\u00ebr zyrtar\u00eb t\u00eb Komun\u00ebs s\u00eb Gjakov\u00ebs arrestohen p\u00ebr keqp\u00ebrdorim t\u00eb pozit\u00ebs zyrtare -","og_description":"Gjakov\u00eb, 23 korrik 2025 Policia ka arrestuar kat\u00ebr zyrtar\u00eb t\u00eb Drejtoris\u00eb s\u00eb Urbanizmit dhe asaj t\u00eb Kadastrit n\u00eb Komun\u00ebn e Gjakov\u00ebs, t\u00eb cil\u00ebt dyshohen p\u00ebr","og_url":"https:\/\/veritasinfo.org\/?p=4920","article_published_time":"2025-07-23T17:23:22+00:00","article_modified_time":"2025-07-23T17:23:23+00:00","og_image":[{"width":512,"height":330,"url":"https:\/\/veritasinfo.org\/wp-content\/uploads\/2025\/07\/unnamed.jpg","type":"image\/jpeg"}],"author":"admin","twitter_card":"summary_large_image","twitter_misc":{"Written by":"admin","Est. reading time":"1 minute"},"schema":{"@context":"https:\/\/schema.org","@graph":[{"@type":"WebPage","@id":"https:\/\/veritasinfo.org\/?p=4920","url":"https:\/\/veritasinfo.org\/?p=4920","name":"Kat\u00ebr zyrtar\u00eb t\u00eb Komun\u00ebs s\u00eb Gjakov\u00ebs arrestohen p\u00ebr keqp\u00ebrdorim t\u00eb pozit\u00ebs zyrtare -","isPartOf":{"@id":"https:\/\/veritasinfo.org\/#website"},"primaryImageOfPage":{"@id":"https:\/\/veritasinfo.org\/?p=4920#primaryimage"},"image":{"@id":"https:\/\/veritasinfo.org\/?p=4920#primaryimage"},"thumbnailUrl":"https:\/\/veritasinfo.org\/wp-content\/uploads\/2025\/07\/unnamed.jpg","datePublished":"2025-07-23T17:23:22+00:00","dateModified":"2025-07-23T17:23:23+00:00","author":{"@id":"https:\/\/veritasinfo.org\/#\/schema\/person\/7701f8c088bece422266b100a712374f"},"breadcrumb":{"@id":"https:\/\/veritasinfo.org\/?p=4920#breadcrumb"},"inLanguage":"en-US","potentialAction":[{"@type":"ReadAction","target":["https:\/\/veritasinfo.org\/?p=4920"]}]},{"@type":"ImageObject","inLanguage":"en-US","@id":"https:\/\/veritasinfo.org\/?p=4920#primaryimage","url":"https:\/\/veritasinfo.org\/wp-content\/uploads\/2025\/07\/unnamed.jpg","contentUrl":"https:\/\/veritasinfo.org\/wp-content\/uploads\/2025\/07\/unnamed.jpg","width":512,"height":330},{"@type":"BreadcrumbList","@id":"https:\/\/veritasinfo.org\/?p=4920#breadcrumb","itemListElement":[{"@type":"ListItem","position":1,"name":"Home","item":"https:\/\/veritasinfo.org\/"},{"@type":"ListItem","position":2,"name":"Kat\u00ebr zyrtar\u00eb t\u00eb Komun\u00ebs s\u00eb Gjakov\u00ebs arrestohen p\u00ebr keqp\u00ebrdorim t\u00eb pozit\u00ebs zyrtare"}]},{"@type":"WebSite","@id":"https:\/\/veritasinfo.org\/#website","url":"https:\/\/veritasinfo.org\/","name":"","description":"","potentialAction":[{"@type":"SearchAction","target":{"@type":"EntryPoint","urlTemplate":"https:\/\/veritasinfo.org\/?s={search_term_string}"},"query-input":{"@type":"PropertyValueSpecification","valueRequired":true,"valueName":"search_term_string"}}],"inLanguage":"en-US"},{"@type":"Person","@id":"https:\/\/veritasinfo.org\/#\/schema\/person\/7701f8c088bece422266b100a712374f","name":"admin","image":{"@type":"ImageObject","inLanguage":"en-US","@id":"https:\/\/veritasinfo.org\/#\/schema\/person\/image\/","url":"https:\/\/secure.gravatar.com\/avatar\/ea53aa3bf6c9a12d5fde8ce4deff43fef3885ae33cf60184161a50d6987cfd2f?s=96&d=mm&r=g","contentUrl":"https:\/\/secure.gravatar.com\/avatar\/ea53aa3bf6c9a12d5fde8ce4deff43fef3885ae33cf60184161a50d6987cfd2f?s=96&d=mm&r=g","caption":"admin"},"sameAs":["https:\/\/veritasinfo.org"],"url":"https:\/\/veritasinfo.org\/?author=1"}]}},"featured_image_urls":{"full":["https:\/\/veritasinfo.org\/wp-content\/uploads\/2025\/07\/unnamed.jpg",512,330,false],"thumbnail":["https:\/\/veritasinfo.org\/wp-content\/uploads\/2025\/07\/unnamed-150x150.jpg",150,150,true],"medium":["https:\/\/veritasinfo.org\/wp-content\/uploads\/2025\/07\/unnamed-300x193.jpg",300,193,true],"medium_large":["https:\/\/veritasinfo.org\/wp-content\/uploads\/2025\/07\/unnamed.jpg",512,330,false],"large":["https:\/\/veritasinfo.org\/wp-content\/uploads\/2025\/07\/unnamed.jpg",512,330,false],"1536x1536":["https:\/\/veritasinfo.org\/wp-content\/uploads\/2025\/07\/unnamed.jpg",512,330,false],"2048x2048":["https:\/\/veritasinfo.org\/wp-content\/uploads\/2025\/07\/unnamed.jpg",512,330,false],"kreeti-slider-full":["https:\/\/veritasinfo.org\/wp-content\/uploads\/2025\/07\/unnamed.jpg",512,330,false],"kreeti-featured":["https:\/\/veritasinfo.org\/wp-content\/uploads\/2025\/07\/unnamed.jpg",512,330,false],"kreeti-medium":["https:\/\/veritasinfo.org\/wp-content\/uploads\/2025\/07\/unnamed.jpg",512,330,false],"kreeti-medium-square":["https:\/\/veritasinfo.org\/wp-content\/uploads\/2025\/07\/unnamed.jpg",350,226,false]},"author_info":{"info":["admin"]},"category_info":"<a href=\"https:\/\/veritasinfo.org\/?cat=60\" rel=\"category\">Shoq\u00ebrore<\/a>","tag_info":"Shoq\u00ebrore","comment_count":"0","_links":{"self":[{"href":"https:\/\/veritasinfo.org\/index.php?rest_route=\/wp\/v2\/posts\/4920","targetHints":{"allow":["GET"]}}],"collection":[{"href":"https:\/\/veritasinfo.org\/index.php?rest_route=\/wp\/v2\/posts"}],"about":[{"href":"https:\/\/veritasinfo.org\/index.php?rest_route=\/wp\/v2\/types\/post"}],"author":[{"embeddable":true,"href":"https:\/\/veritasinfo.org\/index.php?rest_route=\/wp\/v2\/users\/1"}],"replies":[{"embeddable":true,"href":"https:\/\/veritasinfo.org\/index.php?rest_route=%2Fwp%2Fv2%2Fcomments&post=4920"}],"version-history":[{"count":1,"href":"https:\/\/veritasinfo.org\/index.php?rest_route=\/wp\/v2\/posts\/4920\/revisions"}],"predecessor-version":[{"id":4922,"href":"https:\/\/veritasinfo.org\/index.php?rest_route=\/wp\/v2\/posts\/4920\/revisions\/4922"}],"wp:featuredmedia":[{"embeddable":true,"href":"https:\/\/veritasinfo.org\/index.php?rest_route=\/wp\/v2\/media\/4921"}],"wp:attachment":[{"href":"https:\/\/veritasinfo.org\/index.php?rest_route=%2Fwp%2Fv2%2Fmedia&parent=4920"}],"wp:term":[{"taxonomy":"category","embeddable":true,"href":"https:\/\/veritasinfo.org\/index.php?rest_route=%2Fwp%2Fv2%2Fcategories&post=4920"},{"taxonomy":"post_tag","embeddable":true,"href":"https:\/\/veritasinfo.org\/index.php?rest_route=%2Fwp%2Fv2%2Ftags&post=4920"}],"curies":[{"name":"wp","href":"https:\/\/api.w.org\/{rel}","templated":true}]}}