{"id":4914,"date":"2025-07-23T16:33:35","date_gmt":"2025-07-23T14:33:35","guid":{"rendered":"https:\/\/veritasinfo.org\/?p=4914"},"modified":"2025-07-23T16:33:35","modified_gmt":"2025-07-23T14:33:35","slug":"kurti-belgjika-eshte-mike-e-aleate-e-jona-tani-partnere-edhe-ne-fushen-e-mbrojtjes","status":"publish","type":"post","link":"https:\/\/veritasinfo.org\/?p=4914","title":{"rendered":"Kurti: Belgjika \u00ebsht\u00eb mike e aleate e jona, tani partnere edhe n\u00eb fush\u00ebn e mbrojtjes"},"content":{"rendered":"<p>Prishtin\u00eb, 23 Korrik 2025<\/p>\n<p>Kryeministri n\u00eb detyr\u00eb i Kosov\u00ebs, Albin Kurti, ka reaguar pas njoftimit t\u00eb Ministrit t\u00eb Mbrojtjes, Ejup Maqedonci, p\u00ebr n\u00ebnshkrimin e Deklarat\u00ebs s\u00eb Q\u00ebllimit t\u00eb P\u00ebrbashk\u00ebt me homologun e tij nga Mbret\u00ebria e Belgjik\u00ebs.<\/p>\n<p>N\u00eb nj\u00eb deklarat\u00eb publike, Kurti e ka cil\u00ebsuar k\u00ebt\u00eb marr\u00ebveshje si nj\u00eb hap t\u00eb r\u00ebnd\u00ebsish\u00ebm p\u00ebr thellimin e marr\u00ebdh\u00ebnieve bilaterale n\u00eb fush\u00ebn e mbrojtjes.<\/p>\n<div class=\"jeg_ad jeg_ad_article jnews_content_inline_ads  \">\n<div class=\"ads-wrapper align-center \"><\/div>\n<\/div>\n<p>Ai ka vler\u00ebsuar Belgjik\u00ebn si nj\u00eb mike dhe aleate t\u00eb kamotshme t\u00eb Kosov\u00ebs, duke theksuar se me k\u00ebt\u00eb marr\u00ebveshje ajo b\u00ebhet edhe partnere strategjike n\u00eb fush\u00ebn e mbrojtjes.<\/p>\n<p>Ky bashk\u00ebpunim pritet t\u00eb fuqizoj\u00eb kapacitetet e Forc\u00ebs s\u00eb Siguris\u00eb s\u00eb Kosov\u00ebs dhe t\u00eb kontribuoj\u00eb n\u00eb sigurin\u00eb dhe stabilitetin rajonal.<\/p>\n<p>&nbsp;<\/p>\n","protected":false},"excerpt":{"rendered":"<p>Prishtin\u00eb, 23 Korrik 2025 Kryeministri n\u00eb detyr\u00eb i Kosov\u00ebs, Albin Kurti, ka reaguar pas njoftimit t\u00eb Ministrit t\u00eb Mbrojtjes, Ejup Maqedonci, p\u00ebr n\u00ebnshkrimin e Deklarat\u00ebs<\/p>\n","protected":false},"author":1,"featured_media":4915,"comment_status":"open","ping_status":"open","sticky":false,"template":"","format":"standard","meta":{"footnotes":""},"categories":[58],"tags":[],"class_list":["post-4914","post","type-post","status-publish","format-standard","has-post-thumbnail","hentry","category-politike-sq"],"yoast_head":"<!-- This site is optimized with the Yoast SEO plugin v25.3.1 - https:\/\/yoast.com\/wordpress\/plugins\/seo\/ -->\n<title>Kurti: Belgjika \u00ebsht\u00eb mike e aleate e jona, tani partnere edhe n\u00eb fush\u00ebn e mbrojtjes -<\/title>\n<meta name=\"robots\" content=\"index, follow, max-snippet:-1, max-image-preview:large, max-video-preview:-1\" \/>\n<link rel=\"canonical\" href=\"https:\/\/veritasinfo.org\/?p=4914\" \/>\n<meta property=\"og:locale\" content=\"en_US\" \/>\n<meta property=\"og:type\" content=\"article\" \/>\n<meta property=\"og:title\" content=\"Kurti: Belgjika \u00ebsht\u00eb mike e aleate e jona, tani partnere edhe n\u00eb fush\u00ebn e mbrojtjes -\" \/>\n<meta property=\"og:description\" content=\"Prishtin\u00eb, 23 Korrik 2025 Kryeministri n\u00eb detyr\u00eb i Kosov\u00ebs, Albin Kurti, ka reaguar pas njoftimit t\u00eb Ministrit t\u00eb Mbrojtjes, Ejup Maqedonci, p\u00ebr n\u00ebnshkrimin e Deklarat\u00ebs\" \/>\n<meta property=\"og:url\" content=\"https:\/\/veritasinfo.org\/?p=4914\" \/>\n<meta property=\"article:published_time\" content=\"2025-07-23T14:33:35+00:00\" \/>\n<meta property=\"og:image\" content=\"https:\/\/veritasinfo.org\/wp-content\/uploads\/2025\/07\/IMG_2258.jpeg\" \/>\n\t<meta property=\"og:image:width\" content=\"960\" \/>\n\t<meta property=\"og:image:height\" content=\"570\" \/>\n\t<meta property=\"og:image:type\" content=\"image\/jpeg\" \/>\n<meta name=\"author\" content=\"admin\" \/>\n<meta name=\"twitter:card\" content=\"summary_large_image\" \/>\n<meta name=\"twitter:label1\" content=\"Written by\" \/>\n\t<meta name=\"twitter:data1\" content=\"admin\" \/>\n\t<meta name=\"twitter:label2\" content=\"Est. reading time\" \/>\n\t<meta name=\"twitter:data2\" content=\"1 minute\" \/>\n<script type=\"application\/ld+json\" class=\"yoast-schema-graph\">{\"@context\":\"https:\/\/schema.org\",\"@graph\":[{\"@type\":\"WebPage\",\"@id\":\"https:\/\/veritasinfo.org\/?p=4914\",\"url\":\"https:\/\/veritasinfo.org\/?p=4914\",\"name\":\"Kurti: Belgjika \u00ebsht\u00eb mike e aleate e jona, tani partnere edhe n\u00eb fush\u00ebn e mbrojtjes -\",\"isPartOf\":{\"@id\":\"https:\/\/veritasinfo.org\/#website\"},\"primaryImageOfPage\":{\"@id\":\"https:\/\/veritasinfo.org\/?p=4914#primaryimage\"},\"image\":{\"@id\":\"https:\/\/veritasinfo.org\/?p=4914#primaryimage\"},\"thumbnailUrl\":\"https:\/\/veritasinfo.org\/wp-content\/uploads\/2025\/07\/IMG_2258.jpeg\",\"datePublished\":\"2025-07-23T14:33:35+00:00\",\"author\":{\"@id\":\"https:\/\/veritasinfo.org\/#\/schema\/person\/7701f8c088bece422266b100a712374f\"},\"breadcrumb\":{\"@id\":\"https:\/\/veritasinfo.org\/?p=4914#breadcrumb\"},\"inLanguage\":\"en-US\",\"potentialAction\":[{\"@type\":\"ReadAction\",\"target\":[\"https:\/\/veritasinfo.org\/?p=4914\"]}]},{\"@type\":\"ImageObject\",\"inLanguage\":\"en-US\",\"@id\":\"https:\/\/veritasinfo.org\/?p=4914#primaryimage\",\"url\":\"https:\/\/veritasinfo.org\/wp-content\/uploads\/2025\/07\/IMG_2258.jpeg\",\"contentUrl\":\"https:\/\/veritasinfo.org\/wp-content\/uploads\/2025\/07\/IMG_2258.jpeg\",\"width\":960,\"height\":570},{\"@type\":\"BreadcrumbList\",\"@id\":\"https:\/\/veritasinfo.org\/?p=4914#breadcrumb\",\"itemListElement\":[{\"@type\":\"ListItem\",\"position\":1,\"name\":\"Home\",\"item\":\"https:\/\/veritasinfo.org\/\"},{\"@type\":\"ListItem\",\"position\":2,\"name\":\"Kurti: Belgjika \u00ebsht\u00eb mike e aleate e jona, tani partnere edhe n\u00eb fush\u00ebn e mbrojtjes\"}]},{\"@type\":\"WebSite\",\"@id\":\"https:\/\/veritasinfo.org\/#website\",\"url\":\"https:\/\/veritasinfo.org\/\",\"name\":\"\",\"description\":\"\",\"potentialAction\":[{\"@type\":\"SearchAction\",\"target\":{\"@type\":\"EntryPoint\",\"urlTemplate\":\"https:\/\/veritasinfo.org\/?s={search_term_string}\"},\"query-input\":{\"@type\":\"PropertyValueSpecification\",\"valueRequired\":true,\"valueName\":\"search_term_string\"}}],\"inLanguage\":\"en-US\"},{\"@type\":\"Person\",\"@id\":\"https:\/\/veritasinfo.org\/#\/schema\/person\/7701f8c088bece422266b100a712374f\",\"name\":\"admin\",\"image\":{\"@type\":\"ImageObject\",\"inLanguage\":\"en-US\",\"@id\":\"https:\/\/veritasinfo.org\/#\/schema\/person\/image\/\",\"url\":\"https:\/\/secure.gravatar.com\/avatar\/ea53aa3bf6c9a12d5fde8ce4deff43fef3885ae33cf60184161a50d6987cfd2f?s=96&d=mm&r=g\",\"contentUrl\":\"https:\/\/secure.gravatar.com\/avatar\/ea53aa3bf6c9a12d5fde8ce4deff43fef3885ae33cf60184161a50d6987cfd2f?s=96&d=mm&r=g\",\"caption\":\"admin\"},\"sameAs\":[\"https:\/\/veritasinfo.org\"],\"url\":\"https:\/\/veritasinfo.org\/?author=1\"}]}<\/script>\n<!-- \/ Yoast SEO plugin. -->","yoast_head_json":{"title":"Kurti: Belgjika \u00ebsht\u00eb mike e aleate e jona, tani partnere edhe n\u00eb fush\u00ebn e mbrojtjes -","robots":{"index":"index","follow":"follow","max-snippet":"max-snippet:-1","max-image-preview":"max-image-preview:large","max-video-preview":"max-video-preview:-1"},"canonical":"https:\/\/veritasinfo.org\/?p=4914","og_locale":"en_US","og_type":"article","og_title":"Kurti: Belgjika \u00ebsht\u00eb mike e aleate e jona, tani partnere edhe n\u00eb fush\u00ebn e mbrojtjes -","og_description":"Prishtin\u00eb, 23 Korrik 2025 Kryeministri n\u00eb detyr\u00eb i Kosov\u00ebs, Albin Kurti, ka reaguar pas njoftimit t\u00eb Ministrit t\u00eb Mbrojtjes, Ejup Maqedonci, p\u00ebr n\u00ebnshkrimin e Deklarat\u00ebs","og_url":"https:\/\/veritasinfo.org\/?p=4914","article_published_time":"2025-07-23T14:33:35+00:00","og_image":[{"width":960,"height":570,"url":"https:\/\/veritasinfo.org\/wp-content\/uploads\/2025\/07\/IMG_2258.jpeg","type":"image\/jpeg"}],"author":"admin","twitter_card":"summary_large_image","twitter_misc":{"Written by":"admin","Est. reading time":"1 minute"},"schema":{"@context":"https:\/\/schema.org","@graph":[{"@type":"WebPage","@id":"https:\/\/veritasinfo.org\/?p=4914","url":"https:\/\/veritasinfo.org\/?p=4914","name":"Kurti: Belgjika \u00ebsht\u00eb mike e aleate e jona, tani partnere edhe n\u00eb fush\u00ebn e mbrojtjes -","isPartOf":{"@id":"https:\/\/veritasinfo.org\/#website"},"primaryImageOfPage":{"@id":"https:\/\/veritasinfo.org\/?p=4914#primaryimage"},"image":{"@id":"https:\/\/veritasinfo.org\/?p=4914#primaryimage"},"thumbnailUrl":"https:\/\/veritasinfo.org\/wp-content\/uploads\/2025\/07\/IMG_2258.jpeg","datePublished":"2025-07-23T14:33:35+00:00","author":{"@id":"https:\/\/veritasinfo.org\/#\/schema\/person\/7701f8c088bece422266b100a712374f"},"breadcrumb":{"@id":"https:\/\/veritasinfo.org\/?p=4914#breadcrumb"},"inLanguage":"en-US","potentialAction":[{"@type":"ReadAction","target":["https:\/\/veritasinfo.org\/?p=4914"]}]},{"@type":"ImageObject","inLanguage":"en-US","@id":"https:\/\/veritasinfo.org\/?p=4914#primaryimage","url":"https:\/\/veritasinfo.org\/wp-content\/uploads\/2025\/07\/IMG_2258.jpeg","contentUrl":"https:\/\/veritasinfo.org\/wp-content\/uploads\/2025\/07\/IMG_2258.jpeg","width":960,"height":570},{"@type":"BreadcrumbList","@id":"https:\/\/veritasinfo.org\/?p=4914#breadcrumb","itemListElement":[{"@type":"ListItem","position":1,"name":"Home","item":"https:\/\/veritasinfo.org\/"},{"@type":"ListItem","position":2,"name":"Kurti: Belgjika \u00ebsht\u00eb mike e aleate e jona, tani partnere edhe n\u00eb fush\u00ebn e mbrojtjes"}]},{"@type":"WebSite","@id":"https:\/\/veritasinfo.org\/#website","url":"https:\/\/veritasinfo.org\/","name":"","description":"","potentialAction":[{"@type":"SearchAction","target":{"@type":"EntryPoint","urlTemplate":"https:\/\/veritasinfo.org\/?s={search_term_string}"},"query-input":{"@type":"PropertyValueSpecification","valueRequired":true,"valueName":"search_term_string"}}],"inLanguage":"en-US"},{"@type":"Person","@id":"https:\/\/veritasinfo.org\/#\/schema\/person\/7701f8c088bece422266b100a712374f","name":"admin","image":{"@type":"ImageObject","inLanguage":"en-US","@id":"https:\/\/veritasinfo.org\/#\/schema\/person\/image\/","url":"https:\/\/secure.gravatar.com\/avatar\/ea53aa3bf6c9a12d5fde8ce4deff43fef3885ae33cf60184161a50d6987cfd2f?s=96&d=mm&r=g","contentUrl":"https:\/\/secure.gravatar.com\/avatar\/ea53aa3bf6c9a12d5fde8ce4deff43fef3885ae33cf60184161a50d6987cfd2f?s=96&d=mm&r=g","caption":"admin"},"sameAs":["https:\/\/veritasinfo.org"],"url":"https:\/\/veritasinfo.org\/?author=1"}]}},"featured_image_urls":{"full":["https:\/\/veritasinfo.org\/wp-content\/uploads\/2025\/07\/IMG_2258.jpeg",960,570,false],"thumbnail":["https:\/\/veritasinfo.org\/wp-content\/uploads\/2025\/07\/IMG_2258-150x150.jpeg",150,150,true],"medium":["https:\/\/veritasinfo.org\/wp-content\/uploads\/2025\/07\/IMG_2258-300x178.jpeg",300,178,true],"medium_large":["https:\/\/veritasinfo.org\/wp-content\/uploads\/2025\/07\/IMG_2258-768x456.jpeg",640,380,true],"large":["https:\/\/veritasinfo.org\/wp-content\/uploads\/2025\/07\/IMG_2258.jpeg",640,380,false],"1536x1536":["https:\/\/veritasinfo.org\/wp-content\/uploads\/2025\/07\/IMG_2258.jpeg",960,570,false],"2048x2048":["https:\/\/veritasinfo.org\/wp-content\/uploads\/2025\/07\/IMG_2258.jpeg",960,570,false],"kreeti-slider-full":["https:\/\/veritasinfo.org\/wp-content\/uploads\/2025\/07\/IMG_2258.jpeg",960,570,false],"kreeti-featured":["https:\/\/veritasinfo.org\/wp-content\/uploads\/2025\/07\/IMG_2258.jpeg",960,570,false],"kreeti-medium":["https:\/\/veritasinfo.org\/wp-content\/uploads\/2025\/07\/IMG_2258.jpeg",720,428,false],"kreeti-medium-square":["https:\/\/veritasinfo.org\/wp-content\/uploads\/2025\/07\/IMG_2258.jpeg",350,208,false]},"author_info":{"info":["admin"]},"category_info":"<a href=\"https:\/\/veritasinfo.org\/?cat=58\" rel=\"category\">Politik\u00eb<\/a>","tag_info":"Politik\u00eb","comment_count":"0","_links":{"self":[{"href":"https:\/\/veritasinfo.org\/index.php?rest_route=\/wp\/v2\/posts\/4914","targetHints":{"allow":["GET"]}}],"collection":[{"href":"https:\/\/veritasinfo.org\/index.php?rest_route=\/wp\/v2\/posts"}],"about":[{"href":"https:\/\/veritasinfo.org\/index.php?rest_route=\/wp\/v2\/types\/post"}],"author":[{"embeddable":true,"href":"https:\/\/veritasinfo.org\/index.php?rest_route=\/wp\/v2\/users\/1"}],"replies":[{"embeddable":true,"href":"https:\/\/veritasinfo.org\/index.php?rest_route=%2Fwp%2Fv2%2Fcomments&post=4914"}],"version-history":[{"count":1,"href":"https:\/\/veritasinfo.org\/index.php?rest_route=\/wp\/v2\/posts\/4914\/revisions"}],"predecessor-version":[{"id":4916,"href":"https:\/\/veritasinfo.org\/index.php?rest_route=\/wp\/v2\/posts\/4914\/revisions\/4916"}],"wp:featuredmedia":[{"embeddable":true,"href":"https:\/\/veritasinfo.org\/index.php?rest_route=\/wp\/v2\/media\/4915"}],"wp:attachment":[{"href":"https:\/\/veritasinfo.org\/index.php?rest_route=%2Fwp%2Fv2%2Fmedia&parent=4914"}],"wp:term":[{"taxonomy":"category","embeddable":true,"href":"https:\/\/veritasinfo.org\/index.php?rest_route=%2Fwp%2Fv2%2Fcategories&post=4914"},{"taxonomy":"post_tag","embeddable":true,"href":"https:\/\/veritasinfo.org\/index.php?rest_route=%2Fwp%2Fv2%2Ftags&post=4914"}],"curies":[{"name":"wp","href":"https:\/\/api.w.org\/{rel}","templated":true}]}}