{"id":4907,"date":"2025-07-23T15:37:05","date_gmt":"2025-07-23T13:37:05","guid":{"rendered":"https:\/\/veritasinfo.org\/?p=4907"},"modified":"2025-07-23T16:29:59","modified_gmt":"2025-07-23T14:29:59","slug":"maqedonci-takohet-me-homologun-turk-fsk-drejt-veteqendrueshmerise-me-fabriken-e-municionit","status":"publish","type":"post","link":"https:\/\/veritasinfo.org\/?p=4907","title":{"rendered":"Maqedonci takohet me homologun turk: FSK drejt vet\u00ebq\u00ebndrueshm\u00ebris\u00eb me fabrik\u00ebn e municionit"},"content":{"rendered":"<p>Stamboll, 23 Korrik 2025<\/p>\n<p style=\"font-weight: 400;\"><span style=\"font-style: inherit; font-weight: inherit;\">Ministri n\u00eb detyr\u00eb i Mbrojtjes, Ejup Maqedonci, ka zhvilluar takim t\u00eb r\u00ebnd\u00ebsish\u00ebm me homologun turk, ministrin Yasar Guler, ku n\u00eb fokus ishin zhvillimet gjeopolitike, forcimi i kapaciteteve ushtarake t\u00eb Kosov\u00ebs dhe thellimi i bashk\u00ebpunimit dypal\u00ebsh n\u00eb fush\u00ebn e mbrojtjes.<\/span><\/p>\n<p style=\"font-weight: 400;\"><span style=\"font-style: inherit; font-weight: inherit;\">Maqedonci vler\u00ebsoi mb\u00ebshtetjen e vazhdueshme t\u00eb Turqis\u00eb ndaj Forc\u00ebs s\u00eb Siguris\u00eb s\u00eb Kosov\u00ebs (FSK), duke theksuar se partneriteti nd\u00ebrmjet dy vendeve \u00ebsht\u00eb jetik p\u00ebr stabilitetin rajonal.<\/span><\/p>\n<p style=\"font-weight: 400;\"><span style=\"font-style: inherit; font-weight: inherit;\">\u201cTakimi ishte jasht\u00ebzakonisht pozitiv dhe produktiv. Diskutuam mund\u00ebsi konkrete p\u00ebr ngritjen e kapaciteteve t\u00eb reja t\u00eb ushtris\u00eb s\u00eb Kosov\u00ebs\u201d, ka shkruar ministri n\u00eb Facebook.<\/span><\/p>\n<p style=\"font-weight: 400;\"><span style=\"font-style: inherit; font-weight: inherit;\">Ai b\u00ebri t\u00eb ditur se nj\u00eb nga temat ky\u00e7e t\u00eb diskutimit ishte funksionalizimi i fabrik\u00ebs s\u00eb municionit n\u00eb Kosov\u00eb \u2013 nj\u00eb projekt me r\u00ebnd\u00ebsi strategjike, q\u00eb do t\u00eb fuqizoj\u00eb ndjesh\u00ebm FSK-n\u00eb dhe do ta b\u00ebj\u00eb at\u00eb m\u00eb t\u00eb vet\u00ebq\u00ebndrueshme n\u00eb aspektin logjistik. Kosova ka n\u00ebnshkruar kontrat\u00eb me nj\u00eb kompani turke p\u00ebr nd\u00ebrtimin e k\u00ebsaj fabrike.<\/span><\/p>\n<p style=\"font-weight: 400;\"><span style=\"font-style: inherit; font-weight: inherit;\">Sipas Maqedoncit, ky investim do t\u00eb pozicionoj\u00eb Kosov\u00ebn si nj\u00eb faktor m\u00eb t\u00eb fort\u00eb n\u00eb arkitektur\u00ebn e siguris\u00eb rajonale, duke kontribuar n\u00eb paqen dhe stabilitetin n\u00eb Ballkanin Per\u00ebndimor.<\/span><\/p>\n<p style=\"font-weight: 400;\"><span style=\"font-style: inherit; font-weight: inherit;\">T\u00eb dy ministrat u dakorduan p\u00ebr vazhdimin e bashk\u00ebpunimit t\u00eb ngusht\u00eb, duke e konsideruar at\u00eb si element ky\u00e7 p\u00ebr p\u00ebrballimin e sfidave t\u00eb p\u00ebrbashk\u00ebta n\u00eb fush\u00ebn e mbrojtjes.<\/span><\/p>\n<p>&nbsp;<\/p>\n","protected":false},"excerpt":{"rendered":"<p>Stamboll, 23 Korrik 2025 Ministri n\u00eb detyr\u00eb i Mbrojtjes, Ejup Maqedonci, ka zhvilluar takim t\u00eb r\u00ebnd\u00ebsish\u00ebm me homologun turk, ministrin Yasar Guler, ku n\u00eb fokus<\/p>\n","protected":false},"author":1,"featured_media":4908,"comment_status":"open","ping_status":"open","sticky":false,"template":"","format":"standard","meta":{"footnotes":""},"categories":[58],"tags":[],"class_list":["post-4907","post","type-post","status-publish","format-standard","has-post-thumbnail","hentry","category-politike-sq"],"yoast_head":"<!-- This site is optimized with the Yoast SEO plugin v25.3.1 - https:\/\/yoast.com\/wordpress\/plugins\/seo\/ -->\n<title>Maqedonci takohet me homologun turk: FSK drejt vet\u00ebq\u00ebndrueshm\u00ebris\u00eb me fabrik\u00ebn e municionit -<\/title>\n<meta name=\"robots\" content=\"index, follow, max-snippet:-1, max-image-preview:large, max-video-preview:-1\" \/>\n<link rel=\"canonical\" href=\"https:\/\/veritasinfo.org\/?p=4907\" \/>\n<meta property=\"og:locale\" content=\"en_US\" \/>\n<meta property=\"og:type\" content=\"article\" \/>\n<meta property=\"og:title\" content=\"Maqedonci takohet me homologun turk: FSK drejt vet\u00ebq\u00ebndrueshm\u00ebris\u00eb me fabrik\u00ebn e municionit -\" \/>\n<meta property=\"og:description\" content=\"Stamboll, 23 Korrik 2025 Ministri n\u00eb detyr\u00eb i Mbrojtjes, Ejup Maqedonci, ka zhvilluar takim t\u00eb r\u00ebnd\u00ebsish\u00ebm me homologun turk, ministrin Yasar Guler, ku n\u00eb fokus\" \/>\n<meta property=\"og:url\" content=\"https:\/\/veritasinfo.org\/?p=4907\" \/>\n<meta property=\"article:published_time\" content=\"2025-07-23T13:37:05+00:00\" \/>\n<meta property=\"article:modified_time\" content=\"2025-07-23T14:29:59+00:00\" \/>\n<meta property=\"og:image\" content=\"https:\/\/veritasinfo.org\/wp-content\/uploads\/2025\/07\/IMG_2257.webp\" \/>\n\t<meta property=\"og:image:width\" content=\"1000\" \/>\n\t<meta property=\"og:image:height\" content=\"705\" \/>\n\t<meta property=\"og:image:type\" content=\"image\/webp\" \/>\n<meta name=\"author\" content=\"admin\" \/>\n<meta name=\"twitter:card\" content=\"summary_large_image\" \/>\n<meta name=\"twitter:label1\" content=\"Written by\" \/>\n\t<meta name=\"twitter:data1\" content=\"admin\" \/>\n\t<meta name=\"twitter:label2\" content=\"Est. reading time\" \/>\n\t<meta name=\"twitter:data2\" content=\"2 minutes\" \/>\n<script type=\"application\/ld+json\" class=\"yoast-schema-graph\">{\"@context\":\"https:\/\/schema.org\",\"@graph\":[{\"@type\":\"WebPage\",\"@id\":\"https:\/\/veritasinfo.org\/?p=4907\",\"url\":\"https:\/\/veritasinfo.org\/?p=4907\",\"name\":\"Maqedonci takohet me homologun turk: FSK drejt vet\u00ebq\u00ebndrueshm\u00ebris\u00eb me fabrik\u00ebn e municionit -\",\"isPartOf\":{\"@id\":\"https:\/\/veritasinfo.org\/#website\"},\"primaryImageOfPage\":{\"@id\":\"https:\/\/veritasinfo.org\/?p=4907#primaryimage\"},\"image\":{\"@id\":\"https:\/\/veritasinfo.org\/?p=4907#primaryimage\"},\"thumbnailUrl\":\"https:\/\/veritasinfo.org\/wp-content\/uploads\/2025\/07\/IMG_2257.webp\",\"datePublished\":\"2025-07-23T13:37:05+00:00\",\"dateModified\":\"2025-07-23T14:29:59+00:00\",\"author\":{\"@id\":\"https:\/\/veritasinfo.org\/#\/schema\/person\/7701f8c088bece422266b100a712374f\"},\"breadcrumb\":{\"@id\":\"https:\/\/veritasinfo.org\/?p=4907#breadcrumb\"},\"inLanguage\":\"en-US\",\"potentialAction\":[{\"@type\":\"ReadAction\",\"target\":[\"https:\/\/veritasinfo.org\/?p=4907\"]}]},{\"@type\":\"ImageObject\",\"inLanguage\":\"en-US\",\"@id\":\"https:\/\/veritasinfo.org\/?p=4907#primaryimage\",\"url\":\"https:\/\/veritasinfo.org\/wp-content\/uploads\/2025\/07\/IMG_2257.webp\",\"contentUrl\":\"https:\/\/veritasinfo.org\/wp-content\/uploads\/2025\/07\/IMG_2257.webp\",\"width\":1000,\"height\":705},{\"@type\":\"BreadcrumbList\",\"@id\":\"https:\/\/veritasinfo.org\/?p=4907#breadcrumb\",\"itemListElement\":[{\"@type\":\"ListItem\",\"position\":1,\"name\":\"Home\",\"item\":\"https:\/\/veritasinfo.org\/\"},{\"@type\":\"ListItem\",\"position\":2,\"name\":\"Maqedonci takohet me homologun turk: FSK drejt vet\u00ebq\u00ebndrueshm\u00ebris\u00eb me fabrik\u00ebn e municionit\"}]},{\"@type\":\"WebSite\",\"@id\":\"https:\/\/veritasinfo.org\/#website\",\"url\":\"https:\/\/veritasinfo.org\/\",\"name\":\"\",\"description\":\"\",\"potentialAction\":[{\"@type\":\"SearchAction\",\"target\":{\"@type\":\"EntryPoint\",\"urlTemplate\":\"https:\/\/veritasinfo.org\/?s={search_term_string}\"},\"query-input\":{\"@type\":\"PropertyValueSpecification\",\"valueRequired\":true,\"valueName\":\"search_term_string\"}}],\"inLanguage\":\"en-US\"},{\"@type\":\"Person\",\"@id\":\"https:\/\/veritasinfo.org\/#\/schema\/person\/7701f8c088bece422266b100a712374f\",\"name\":\"admin\",\"image\":{\"@type\":\"ImageObject\",\"inLanguage\":\"en-US\",\"@id\":\"https:\/\/veritasinfo.org\/#\/schema\/person\/image\/\",\"url\":\"https:\/\/secure.gravatar.com\/avatar\/ea53aa3bf6c9a12d5fde8ce4deff43fef3885ae33cf60184161a50d6987cfd2f?s=96&d=mm&r=g\",\"contentUrl\":\"https:\/\/secure.gravatar.com\/avatar\/ea53aa3bf6c9a12d5fde8ce4deff43fef3885ae33cf60184161a50d6987cfd2f?s=96&d=mm&r=g\",\"caption\":\"admin\"},\"sameAs\":[\"https:\/\/veritasinfo.org\"],\"url\":\"https:\/\/veritasinfo.org\/?author=1\"}]}<\/script>\n<!-- \/ Yoast SEO plugin. -->","yoast_head_json":{"title":"Maqedonci takohet me homologun turk: FSK drejt vet\u00ebq\u00ebndrueshm\u00ebris\u00eb me fabrik\u00ebn e municionit -","robots":{"index":"index","follow":"follow","max-snippet":"max-snippet:-1","max-image-preview":"max-image-preview:large","max-video-preview":"max-video-preview:-1"},"canonical":"https:\/\/veritasinfo.org\/?p=4907","og_locale":"en_US","og_type":"article","og_title":"Maqedonci takohet me homologun turk: FSK drejt vet\u00ebq\u00ebndrueshm\u00ebris\u00eb me fabrik\u00ebn e municionit -","og_description":"Stamboll, 23 Korrik 2025 Ministri n\u00eb detyr\u00eb i Mbrojtjes, Ejup Maqedonci, ka zhvilluar takim t\u00eb r\u00ebnd\u00ebsish\u00ebm me homologun turk, ministrin Yasar Guler, ku n\u00eb fokus","og_url":"https:\/\/veritasinfo.org\/?p=4907","article_published_time":"2025-07-23T13:37:05+00:00","article_modified_time":"2025-07-23T14:29:59+00:00","og_image":[{"width":1000,"height":705,"url":"https:\/\/veritasinfo.org\/wp-content\/uploads\/2025\/07\/IMG_2257.webp","type":"image\/webp"}],"author":"admin","twitter_card":"summary_large_image","twitter_misc":{"Written by":"admin","Est. reading time":"2 minutes"},"schema":{"@context":"https:\/\/schema.org","@graph":[{"@type":"WebPage","@id":"https:\/\/veritasinfo.org\/?p=4907","url":"https:\/\/veritasinfo.org\/?p=4907","name":"Maqedonci takohet me homologun turk: FSK drejt vet\u00ebq\u00ebndrueshm\u00ebris\u00eb me fabrik\u00ebn e municionit -","isPartOf":{"@id":"https:\/\/veritasinfo.org\/#website"},"primaryImageOfPage":{"@id":"https:\/\/veritasinfo.org\/?p=4907#primaryimage"},"image":{"@id":"https:\/\/veritasinfo.org\/?p=4907#primaryimage"},"thumbnailUrl":"https:\/\/veritasinfo.org\/wp-content\/uploads\/2025\/07\/IMG_2257.webp","datePublished":"2025-07-23T13:37:05+00:00","dateModified":"2025-07-23T14:29:59+00:00","author":{"@id":"https:\/\/veritasinfo.org\/#\/schema\/person\/7701f8c088bece422266b100a712374f"},"breadcrumb":{"@id":"https:\/\/veritasinfo.org\/?p=4907#breadcrumb"},"inLanguage":"en-US","potentialAction":[{"@type":"ReadAction","target":["https:\/\/veritasinfo.org\/?p=4907"]}]},{"@type":"ImageObject","inLanguage":"en-US","@id":"https:\/\/veritasinfo.org\/?p=4907#primaryimage","url":"https:\/\/veritasinfo.org\/wp-content\/uploads\/2025\/07\/IMG_2257.webp","contentUrl":"https:\/\/veritasinfo.org\/wp-content\/uploads\/2025\/07\/IMG_2257.webp","width":1000,"height":705},{"@type":"BreadcrumbList","@id":"https:\/\/veritasinfo.org\/?p=4907#breadcrumb","itemListElement":[{"@type":"ListItem","position":1,"name":"Home","item":"https:\/\/veritasinfo.org\/"},{"@type":"ListItem","position":2,"name":"Maqedonci takohet me homologun turk: FSK drejt vet\u00ebq\u00ebndrueshm\u00ebris\u00eb me fabrik\u00ebn e municionit"}]},{"@type":"WebSite","@id":"https:\/\/veritasinfo.org\/#website","url":"https:\/\/veritasinfo.org\/","name":"","description":"","potentialAction":[{"@type":"SearchAction","target":{"@type":"EntryPoint","urlTemplate":"https:\/\/veritasinfo.org\/?s={search_term_string}"},"query-input":{"@type":"PropertyValueSpecification","valueRequired":true,"valueName":"search_term_string"}}],"inLanguage":"en-US"},{"@type":"Person","@id":"https:\/\/veritasinfo.org\/#\/schema\/person\/7701f8c088bece422266b100a712374f","name":"admin","image":{"@type":"ImageObject","inLanguage":"en-US","@id":"https:\/\/veritasinfo.org\/#\/schema\/person\/image\/","url":"https:\/\/secure.gravatar.com\/avatar\/ea53aa3bf6c9a12d5fde8ce4deff43fef3885ae33cf60184161a50d6987cfd2f?s=96&d=mm&r=g","contentUrl":"https:\/\/secure.gravatar.com\/avatar\/ea53aa3bf6c9a12d5fde8ce4deff43fef3885ae33cf60184161a50d6987cfd2f?s=96&d=mm&r=g","caption":"admin"},"sameAs":["https:\/\/veritasinfo.org"],"url":"https:\/\/veritasinfo.org\/?author=1"}]}},"featured_image_urls":{"full":["https:\/\/veritasinfo.org\/wp-content\/uploads\/2025\/07\/IMG_2257.webp",1000,705,false],"thumbnail":["https:\/\/veritasinfo.org\/wp-content\/uploads\/2025\/07\/IMG_2257-150x150.webp",150,150,true],"medium":["https:\/\/veritasinfo.org\/wp-content\/uploads\/2025\/07\/IMG_2257-300x212.webp",300,212,true],"medium_large":["https:\/\/veritasinfo.org\/wp-content\/uploads\/2025\/07\/IMG_2257-768x541.webp",640,451,true],"large":["https:\/\/veritasinfo.org\/wp-content\/uploads\/2025\/07\/IMG_2257.webp",640,451,false],"1536x1536":["https:\/\/veritasinfo.org\/wp-content\/uploads\/2025\/07\/IMG_2257.webp",1000,705,false],"2048x2048":["https:\/\/veritasinfo.org\/wp-content\/uploads\/2025\/07\/IMG_2257.webp",1000,705,false],"kreeti-slider-full":["https:\/\/veritasinfo.org\/wp-content\/uploads\/2025\/07\/IMG_2257.webp",1000,705,false],"kreeti-featured":["https:\/\/veritasinfo.org\/wp-content\/uploads\/2025\/07\/IMG_2257.webp",1000,705,false],"kreeti-medium":["https:\/\/veritasinfo.org\/wp-content\/uploads\/2025\/07\/IMG_2257.webp",720,508,false],"kreeti-medium-square":["https:\/\/veritasinfo.org\/wp-content\/uploads\/2025\/07\/IMG_2257.webp",350,247,false]},"author_info":{"info":["admin"]},"category_info":"<a href=\"https:\/\/veritasinfo.org\/?cat=58\" rel=\"category\">Politik\u00eb<\/a>","tag_info":"Politik\u00eb","comment_count":"0","_links":{"self":[{"href":"https:\/\/veritasinfo.org\/index.php?rest_route=\/wp\/v2\/posts\/4907","targetHints":{"allow":["GET"]}}],"collection":[{"href":"https:\/\/veritasinfo.org\/index.php?rest_route=\/wp\/v2\/posts"}],"about":[{"href":"https:\/\/veritasinfo.org\/index.php?rest_route=\/wp\/v2\/types\/post"}],"author":[{"embeddable":true,"href":"https:\/\/veritasinfo.org\/index.php?rest_route=\/wp\/v2\/users\/1"}],"replies":[{"embeddable":true,"href":"https:\/\/veritasinfo.org\/index.php?rest_route=%2Fwp%2Fv2%2Fcomments&post=4907"}],"version-history":[{"count":2,"href":"https:\/\/veritasinfo.org\/index.php?rest_route=\/wp\/v2\/posts\/4907\/revisions"}],"predecessor-version":[{"id":4912,"href":"https:\/\/veritasinfo.org\/index.php?rest_route=\/wp\/v2\/posts\/4907\/revisions\/4912"}],"wp:featuredmedia":[{"embeddable":true,"href":"https:\/\/veritasinfo.org\/index.php?rest_route=\/wp\/v2\/media\/4908"}],"wp:attachment":[{"href":"https:\/\/veritasinfo.org\/index.php?rest_route=%2Fwp%2Fv2%2Fmedia&parent=4907"}],"wp:term":[{"taxonomy":"category","embeddable":true,"href":"https:\/\/veritasinfo.org\/index.php?rest_route=%2Fwp%2Fv2%2Fcategories&post=4907"},{"taxonomy":"post_tag","embeddable":true,"href":"https:\/\/veritasinfo.org\/index.php?rest_route=%2Fwp%2Fv2%2Ftags&post=4907"}],"curies":[{"name":"wp","href":"https:\/\/api.w.org\/{rel}","templated":true}]}}