{"id":4897,"date":"2025-07-23T14:22:01","date_gmt":"2025-07-23T12:22:01","guid":{"rendered":"https:\/\/veritasinfo.org\/?p=4897"},"modified":"2025-07-23T14:22:01","modified_gmt":"2025-07-23T12:22:01","slug":"agjencia-kadastrale-e-kosoves-nga-1-gushti-pa-adrese-zyrtare-ska-dokumente-civile","status":"publish","type":"post","link":"https:\/\/veritasinfo.org\/?p=4897","title":{"rendered":"Agjencia Kadastrale e Kosov\u00ebs: Nga 1 gushti pa adres\u00eb zyrtare s\u2019ka dokumente civile"},"content":{"rendered":"<p>Prishtin\u00eb, 23 Korrik 2025<\/p>\n<p style=\"font-weight: 400;\"><span style=\"font-style: inherit; font-weight: inherit;\">Drejtori i Agjencis\u00eb Kadastrale t\u00eb Kosov\u00ebs, Avni Ahmeti, ka njoftuar se nga data 1 gusht qytetar\u00ebt q\u00eb nuk e kan\u00eb deklaruar adres\u00ebn zyrtare nuk do t\u00eb mund t\u00eb pajisen me dokumente t\u00eb r\u00ebnd\u00ebsishme, p\u00ebrfshir\u00eb certifikat\u00ebn e lindjes dhe t\u00eb pron\u00ebsis\u00eb.<\/span><\/p>\n<p style=\"font-weight: 400;\"><span style=\"font-style: inherit; font-weight: inherit;\">Ahmeti foli t\u00eb m\u00ebrkur\u00ebn n\u00eb konferenc\u00ebn e AKK-s\u00eb p\u00ebr projektin \u201cNd\u00ebrlidhja e qytetarit me adres\u00ebn zyrtare\u201d.<\/span><\/p>\n<p style=\"font-weight: 400;\"><span style=\"font-style: inherit; font-weight: inherit;\">Drejtori paralajm\u00ebroi se p\u00ebr shumic\u00ebn mund t\u00eb duket thjesht administrative, por \u201cn\u00eb thelb b\u00ebhet fjal\u00eb p\u00ebr shum\u00eb m\u00eb tep\u00ebr\u201d.<\/span><\/p>\n<p style=\"font-weight: 400;\"><span style=\"font-style: inherit; font-weight: inherit;\">\u201cE dim\u00eb q\u00eb p\u00ebr nj\u00eb pjes\u00eb t\u00eb madhe t\u00eb njer\u00ebzve, kjo tem\u00eb mund t\u00eb duket thjesht administrative. Por n\u00eb thelb, b\u00ebhet fjal\u00eb p\u00ebr shum\u00eb m\u00eb tep\u00ebr: p\u00ebr rend, p\u00ebr t\u00eb drejta, p\u00ebr qasje m\u00eb t\u00eb leht\u00eb n\u00eb sh\u00ebrbime, p\u00ebr nd\u00ebrtimin e nj\u00eb shteti m\u00eb funksional dhe gjith\u00ebp\u00ebrfshir\u00ebs. Nga data 1 tetor 2024 kemi filluar zyrtarisht projektin p\u00ebr nd\u00ebrlidhjen e qytetarit me adres\u00ebn zyrtare, ku kemi b\u00ebr\u00eb fushat\u00eb intensive dhe pun\u00eb t\u00eb palodhshme p\u00ebr t\u00eb informuar qytetar\u00ebt p\u00ebr r\u00ebnd\u00ebsin\u00eb e k\u00ebtij procesi\u201d, ka th\u00ebn\u00eb drejtori Ahmeti, transmeton EO.<\/span><\/p>\n<p style=\"font-weight: 400;\"><span style=\"font-style: inherit; font-weight: inherit;\">Ai u shpreh krenar q\u00eb sot jan\u00eb mbi 220 mij\u00eb qytetar\u00eb q\u00eb tashm\u00eb e kan\u00eb b\u00ebr\u00eb deklarimin e adres\u00ebs zyrtare.<\/span><\/p>\n<p style=\"font-weight: 400;\"><span style=\"font-style: inherit; font-weight: inherit;\">\u201cKjo \u00ebsht\u00eb inkurajuese, por ende jo e mjaftueshme, sepse n\u00eb nj\u00eb shoq\u00ebri t\u00eb drejt\u00eb dhe t\u00eb organizuar, secili qytetar duhet t\u00eb jet\u00eb i regjistruar me adres\u00eb t\u00eb sakt\u00eb, ashtu si\u00e7 i takon nj\u00eb shteti modern dhe funksional. Nj\u00eb qytetar pa adres\u00eb zyrtare \u00ebsht\u00eb nj\u00eb qytetar i p\u00ebrjashtuar nga sistemi.<\/span><br \/>\n<span style=\"font-style: inherit; font-weight: inherit;\">Pa adres\u00eb t\u00eb sakt\u00eb, nuk mund t\u00eb ket\u00eb plane zhvillimore reale, nuk mund t\u00eb ket\u00eb sh\u00ebrbime cil\u00ebsore, si nga ato administrative e deri tek ato m\u00eb emergjente si\u00e7 jan\u00eb sh\u00ebrbimet ambulante, zjarrfik\u00ebsit apo policia\u201d, shtoi ai.<\/span><\/p>\n<p style=\"font-weight: 400;\"><span style=\"font-style: inherit; font-weight: inherit;\">Drejtori Ahmeti b\u00ebri t\u00eb ditur se deklarimi mund t\u00eb b\u00ebhet fizikisht n\u00eb komun\u00eb apo online p\u00ebrmes platform\u00ebs E-Kosova.<\/span><\/p>\n<p style=\"font-weight: 400;\"><span style=\"font-style: inherit; font-weight: inherit;\">\u201cQ\u00ebllimi i k\u00ebsaj konference \u00ebsht\u00eb q\u00eb t\u2019i informojm\u00eb t\u00eb gjith\u00eb qytetar\u00ebt q\u00eb nuk e kan\u00eb deklaruar adres\u00ebn zyrtare se nga data 1 gusht e k\u00ebtij viti, nuk do t\u00eb mund t\u00eb pajisen me dokumentet q\u00eb l\u00ebshohen nga ARC dhe AKK. P\u00ebr m\u00eb tep\u00ebr, pa deklarimin e adres\u00ebs zyrtare, qytetar\u00ebt nuk mund t\u00eb pajisen me certifikat\u00eb t\u00eb lindjes apo certifikat\u00eb t\u00eb pron\u00ebs. P\u00ebr t\u00eb leht\u00ebsuar k\u00ebt\u00eb proces, kemi bashk\u00ebpunuar ngusht\u00eb me Agjencin\u00eb p\u00ebr Regjistrim Civil dhe Agjencin\u00eb Shtet\u00ebrore t\u00eb Informacionit, dhe kemi mund\u00ebsuar q\u00eb deklarimi t\u00eb b\u00ebhet edhe online p\u00ebrmes platform\u00ebs E-Kosova. Pra, p\u00ebrve\u00e7 m\u00ebnyr\u00ebs duke u paraqitur fizikisht n\u00eb zyrat e gjendjes civile, \u00e7do qytetar mund ta b\u00ebj\u00eb deklarimin leht\u00ebsisht, nga telefoni apo kompjuteri i tij, n\u00eb vet\u00ebm pak minuta\u201d, ka deklruar ai.<\/span><\/p>\n<p style=\"font-weight: 400;\"><span style=\"font-style: inherit; font-weight: inherit;\">Ahmeti m\u00eb tej tha se kjo \u00ebsht\u00eb nj\u00eb reform\u00eb, nj\u00eb hap i r\u00ebnd\u00ebsish\u00ebm drejt digjitalizimit dhe nj\u00eb standard i ri n\u00eb m\u00ebnyr\u00ebn se si shteti funksionon p\u00ebr qytetar\u00ebt e vet, duke shtuar se inkurajojn\u00eb t\u00eb gjith\u00eb qytetar\u00ebt q\u00eb t\u00eb deklarojn\u00eb adres\u00ebn zyrtare.<\/span><\/p>\n<p style=\"font-weight: 400;\"><span style=\"font-style: inherit; font-weight: inherit;\">\u201cKomunat kan\u00eb formuar tashm\u00eb komisionet p\u00ebr em\u00ebrtimin e rrug\u00ebve dhe jan\u00eb n\u00eb proces t\u00eb p\u00ebrfundimit t\u00eb k\u00ebtij hapi t\u00eb r\u00ebnd\u00ebsish\u00ebm. Nj\u00ebher\u00ebsh kemi p\u00ebrmbyllur me sukses edhe nj\u00eb nga projektet m\u00eb t\u00eb r\u00ebnd\u00ebsishme n\u00eb fush\u00ebn e adresave, duke vendosur plot 341,756 tabela me numra hyrjesh n\u00eb plot 20 komuna t\u00eb Republik\u00ebs s\u00eb Kosov\u00ebs. Me p\u00ebrfundimin e k\u00ebtij projekti, Kosova ka hedhur nj\u00eb hap t\u00eb jasht\u00ebzakonsh\u00ebm drejt nj\u00eb sistemi t\u00eb adresave m\u00eb t\u00eb sakta, t\u00eb unifikuara dhe t\u00eb standardizuara, rrjedhimisht duke leht\u00ebsuar orientimin p\u00ebr qytetar\u00ebt, intervenimin e shpejt\u00eb t\u00eb sh\u00ebrbimeve emergjente, efikasitetin e institucioneve dhe funksionimin m\u00eb t\u00eb mir\u00eb t\u00eb bizneseve\u201d, ka th\u00ebn\u00eb drejtori i Agjencis\u00eb Kadastrale.<\/span><\/p>\n<p>&nbsp;<\/p>\n","protected":false},"excerpt":{"rendered":"<p>Prishtin\u00eb, 23 Korrik 2025 Drejtori i Agjencis\u00eb Kadastrale t\u00eb Kosov\u00ebs, Avni Ahmeti, ka njoftuar se nga data 1 gusht qytetar\u00ebt q\u00eb nuk e kan\u00eb deklaruar<\/p>\n","protected":false},"author":1,"featured_media":4898,"comment_status":"open","ping_status":"open","sticky":false,"template":"","format":"standard","meta":{"footnotes":""},"categories":[60],"tags":[],"class_list":["post-4897","post","type-post","status-publish","format-standard","has-post-thumbnail","hentry","category-shoqerore-sq"],"yoast_head":"<!-- This site is optimized with the Yoast SEO plugin v25.3.1 - https:\/\/yoast.com\/wordpress\/plugins\/seo\/ -->\n<title>Agjencia Kadastrale e Kosov\u00ebs: Nga 1 gushti pa adres\u00eb zyrtare s\u2019ka dokumente civile -<\/title>\n<meta name=\"robots\" content=\"index, follow, max-snippet:-1, max-image-preview:large, max-video-preview:-1\" \/>\n<link rel=\"canonical\" href=\"https:\/\/veritasinfo.org\/?p=4897\" \/>\n<meta property=\"og:locale\" content=\"en_US\" \/>\n<meta property=\"og:type\" content=\"article\" \/>\n<meta property=\"og:title\" content=\"Agjencia Kadastrale e Kosov\u00ebs: Nga 1 gushti pa adres\u00eb zyrtare s\u2019ka dokumente civile -\" \/>\n<meta property=\"og:description\" content=\"Prishtin\u00eb, 23 Korrik 2025 Drejtori i Agjencis\u00eb Kadastrale t\u00eb Kosov\u00ebs, Avni Ahmeti, ka njoftuar se nga data 1 gusht qytetar\u00ebt q\u00eb nuk e kan\u00eb deklaruar\" \/>\n<meta property=\"og:url\" content=\"https:\/\/veritasinfo.org\/?p=4897\" \/>\n<meta property=\"article:published_time\" content=\"2025-07-23T12:22:01+00:00\" \/>\n<meta property=\"og:image\" content=\"https:\/\/veritasinfo.org\/wp-content\/uploads\/2025\/07\/IMG_2255.webp\" \/>\n\t<meta property=\"og:image:width\" content=\"850\" \/>\n\t<meta property=\"og:image:height\" content=\"638\" \/>\n\t<meta property=\"og:image:type\" content=\"image\/webp\" \/>\n<meta name=\"author\" content=\"admin\" \/>\n<meta name=\"twitter:card\" content=\"summary_large_image\" \/>\n<meta name=\"twitter:label1\" content=\"Written by\" \/>\n\t<meta name=\"twitter:data1\" content=\"admin\" \/>\n\t<meta name=\"twitter:label2\" content=\"Est. reading time\" \/>\n\t<meta name=\"twitter:data2\" content=\"3 minutes\" \/>\n<script type=\"application\/ld+json\" class=\"yoast-schema-graph\">{\"@context\":\"https:\/\/schema.org\",\"@graph\":[{\"@type\":\"WebPage\",\"@id\":\"https:\/\/veritasinfo.org\/?p=4897\",\"url\":\"https:\/\/veritasinfo.org\/?p=4897\",\"name\":\"Agjencia Kadastrale e Kosov\u00ebs: Nga 1 gushti pa adres\u00eb zyrtare s\u2019ka dokumente civile -\",\"isPartOf\":{\"@id\":\"https:\/\/veritasinfo.org\/#website\"},\"primaryImageOfPage\":{\"@id\":\"https:\/\/veritasinfo.org\/?p=4897#primaryimage\"},\"image\":{\"@id\":\"https:\/\/veritasinfo.org\/?p=4897#primaryimage\"},\"thumbnailUrl\":\"https:\/\/veritasinfo.org\/wp-content\/uploads\/2025\/07\/IMG_2255.webp\",\"datePublished\":\"2025-07-23T12:22:01+00:00\",\"author\":{\"@id\":\"https:\/\/veritasinfo.org\/#\/schema\/person\/7701f8c088bece422266b100a712374f\"},\"breadcrumb\":{\"@id\":\"https:\/\/veritasinfo.org\/?p=4897#breadcrumb\"},\"inLanguage\":\"en-US\",\"potentialAction\":[{\"@type\":\"ReadAction\",\"target\":[\"https:\/\/veritasinfo.org\/?p=4897\"]}]},{\"@type\":\"ImageObject\",\"inLanguage\":\"en-US\",\"@id\":\"https:\/\/veritasinfo.org\/?p=4897#primaryimage\",\"url\":\"https:\/\/veritasinfo.org\/wp-content\/uploads\/2025\/07\/IMG_2255.webp\",\"contentUrl\":\"https:\/\/veritasinfo.org\/wp-content\/uploads\/2025\/07\/IMG_2255.webp\",\"width\":850,\"height\":638},{\"@type\":\"BreadcrumbList\",\"@id\":\"https:\/\/veritasinfo.org\/?p=4897#breadcrumb\",\"itemListElement\":[{\"@type\":\"ListItem\",\"position\":1,\"name\":\"Home\",\"item\":\"https:\/\/veritasinfo.org\/\"},{\"@type\":\"ListItem\",\"position\":2,\"name\":\"Agjencia Kadastrale e Kosov\u00ebs: Nga 1 gushti pa adres\u00eb zyrtare s\u2019ka dokumente civile\"}]},{\"@type\":\"WebSite\",\"@id\":\"https:\/\/veritasinfo.org\/#website\",\"url\":\"https:\/\/veritasinfo.org\/\",\"name\":\"\",\"description\":\"\",\"potentialAction\":[{\"@type\":\"SearchAction\",\"target\":{\"@type\":\"EntryPoint\",\"urlTemplate\":\"https:\/\/veritasinfo.org\/?s={search_term_string}\"},\"query-input\":{\"@type\":\"PropertyValueSpecification\",\"valueRequired\":true,\"valueName\":\"search_term_string\"}}],\"inLanguage\":\"en-US\"},{\"@type\":\"Person\",\"@id\":\"https:\/\/veritasinfo.org\/#\/schema\/person\/7701f8c088bece422266b100a712374f\",\"name\":\"admin\",\"image\":{\"@type\":\"ImageObject\",\"inLanguage\":\"en-US\",\"@id\":\"https:\/\/veritasinfo.org\/#\/schema\/person\/image\/\",\"url\":\"https:\/\/secure.gravatar.com\/avatar\/ea53aa3bf6c9a12d5fde8ce4deff43fef3885ae33cf60184161a50d6987cfd2f?s=96&d=mm&r=g\",\"contentUrl\":\"https:\/\/secure.gravatar.com\/avatar\/ea53aa3bf6c9a12d5fde8ce4deff43fef3885ae33cf60184161a50d6987cfd2f?s=96&d=mm&r=g\",\"caption\":\"admin\"},\"sameAs\":[\"https:\/\/veritasinfo.org\"],\"url\":\"https:\/\/veritasinfo.org\/?author=1\"}]}<\/script>\n<!-- \/ Yoast SEO plugin. -->","yoast_head_json":{"title":"Agjencia Kadastrale e Kosov\u00ebs: Nga 1 gushti pa adres\u00eb zyrtare s\u2019ka dokumente civile -","robots":{"index":"index","follow":"follow","max-snippet":"max-snippet:-1","max-image-preview":"max-image-preview:large","max-video-preview":"max-video-preview:-1"},"canonical":"https:\/\/veritasinfo.org\/?p=4897","og_locale":"en_US","og_type":"article","og_title":"Agjencia Kadastrale e Kosov\u00ebs: Nga 1 gushti pa adres\u00eb zyrtare s\u2019ka dokumente civile -","og_description":"Prishtin\u00eb, 23 Korrik 2025 Drejtori i Agjencis\u00eb Kadastrale t\u00eb Kosov\u00ebs, Avni Ahmeti, ka njoftuar se nga data 1 gusht qytetar\u00ebt q\u00eb nuk e kan\u00eb deklaruar","og_url":"https:\/\/veritasinfo.org\/?p=4897","article_published_time":"2025-07-23T12:22:01+00:00","og_image":[{"width":850,"height":638,"url":"https:\/\/veritasinfo.org\/wp-content\/uploads\/2025\/07\/IMG_2255.webp","type":"image\/webp"}],"author":"admin","twitter_card":"summary_large_image","twitter_misc":{"Written by":"admin","Est. reading time":"3 minutes"},"schema":{"@context":"https:\/\/schema.org","@graph":[{"@type":"WebPage","@id":"https:\/\/veritasinfo.org\/?p=4897","url":"https:\/\/veritasinfo.org\/?p=4897","name":"Agjencia Kadastrale e Kosov\u00ebs: Nga 1 gushti pa adres\u00eb zyrtare s\u2019ka dokumente civile -","isPartOf":{"@id":"https:\/\/veritasinfo.org\/#website"},"primaryImageOfPage":{"@id":"https:\/\/veritasinfo.org\/?p=4897#primaryimage"},"image":{"@id":"https:\/\/veritasinfo.org\/?p=4897#primaryimage"},"thumbnailUrl":"https:\/\/veritasinfo.org\/wp-content\/uploads\/2025\/07\/IMG_2255.webp","datePublished":"2025-07-23T12:22:01+00:00","author":{"@id":"https:\/\/veritasinfo.org\/#\/schema\/person\/7701f8c088bece422266b100a712374f"},"breadcrumb":{"@id":"https:\/\/veritasinfo.org\/?p=4897#breadcrumb"},"inLanguage":"en-US","potentialAction":[{"@type":"ReadAction","target":["https:\/\/veritasinfo.org\/?p=4897"]}]},{"@type":"ImageObject","inLanguage":"en-US","@id":"https:\/\/veritasinfo.org\/?p=4897#primaryimage","url":"https:\/\/veritasinfo.org\/wp-content\/uploads\/2025\/07\/IMG_2255.webp","contentUrl":"https:\/\/veritasinfo.org\/wp-content\/uploads\/2025\/07\/IMG_2255.webp","width":850,"height":638},{"@type":"BreadcrumbList","@id":"https:\/\/veritasinfo.org\/?p=4897#breadcrumb","itemListElement":[{"@type":"ListItem","position":1,"name":"Home","item":"https:\/\/veritasinfo.org\/"},{"@type":"ListItem","position":2,"name":"Agjencia Kadastrale e Kosov\u00ebs: Nga 1 gushti pa adres\u00eb zyrtare s\u2019ka dokumente civile"}]},{"@type":"WebSite","@id":"https:\/\/veritasinfo.org\/#website","url":"https:\/\/veritasinfo.org\/","name":"","description":"","potentialAction":[{"@type":"SearchAction","target":{"@type":"EntryPoint","urlTemplate":"https:\/\/veritasinfo.org\/?s={search_term_string}"},"query-input":{"@type":"PropertyValueSpecification","valueRequired":true,"valueName":"search_term_string"}}],"inLanguage":"en-US"},{"@type":"Person","@id":"https:\/\/veritasinfo.org\/#\/schema\/person\/7701f8c088bece422266b100a712374f","name":"admin","image":{"@type":"ImageObject","inLanguage":"en-US","@id":"https:\/\/veritasinfo.org\/#\/schema\/person\/image\/","url":"https:\/\/secure.gravatar.com\/avatar\/ea53aa3bf6c9a12d5fde8ce4deff43fef3885ae33cf60184161a50d6987cfd2f?s=96&d=mm&r=g","contentUrl":"https:\/\/secure.gravatar.com\/avatar\/ea53aa3bf6c9a12d5fde8ce4deff43fef3885ae33cf60184161a50d6987cfd2f?s=96&d=mm&r=g","caption":"admin"},"sameAs":["https:\/\/veritasinfo.org"],"url":"https:\/\/veritasinfo.org\/?author=1"}]}},"featured_image_urls":{"full":["https:\/\/veritasinfo.org\/wp-content\/uploads\/2025\/07\/IMG_2255.webp",850,638,false],"thumbnail":["https:\/\/veritasinfo.org\/wp-content\/uploads\/2025\/07\/IMG_2255-150x150.webp",150,150,true],"medium":["https:\/\/veritasinfo.org\/wp-content\/uploads\/2025\/07\/IMG_2255-300x225.webp",300,225,true],"medium_large":["https:\/\/veritasinfo.org\/wp-content\/uploads\/2025\/07\/IMG_2255-768x576.webp",640,480,true],"large":["https:\/\/veritasinfo.org\/wp-content\/uploads\/2025\/07\/IMG_2255.webp",640,480,false],"1536x1536":["https:\/\/veritasinfo.org\/wp-content\/uploads\/2025\/07\/IMG_2255.webp",850,638,false],"2048x2048":["https:\/\/veritasinfo.org\/wp-content\/uploads\/2025\/07\/IMG_2255.webp",850,638,false],"kreeti-slider-full":["https:\/\/veritasinfo.org\/wp-content\/uploads\/2025\/07\/IMG_2255.webp",850,638,false],"kreeti-featured":["https:\/\/veritasinfo.org\/wp-content\/uploads\/2025\/07\/IMG_2255.webp",850,638,false],"kreeti-medium":["https:\/\/veritasinfo.org\/wp-content\/uploads\/2025\/07\/IMG_2255.webp",706,530,false],"kreeti-medium-square":["https:\/\/veritasinfo.org\/wp-content\/uploads\/2025\/07\/IMG_2255.webp",350,263,false]},"author_info":{"info":["admin"]},"category_info":"<a href=\"https:\/\/veritasinfo.org\/?cat=60\" rel=\"category\">Shoq\u00ebrore<\/a>","tag_info":"Shoq\u00ebrore","comment_count":"0","_links":{"self":[{"href":"https:\/\/veritasinfo.org\/index.php?rest_route=\/wp\/v2\/posts\/4897","targetHints":{"allow":["GET"]}}],"collection":[{"href":"https:\/\/veritasinfo.org\/index.php?rest_route=\/wp\/v2\/posts"}],"about":[{"href":"https:\/\/veritasinfo.org\/index.php?rest_route=\/wp\/v2\/types\/post"}],"author":[{"embeddable":true,"href":"https:\/\/veritasinfo.org\/index.php?rest_route=\/wp\/v2\/users\/1"}],"replies":[{"embeddable":true,"href":"https:\/\/veritasinfo.org\/index.php?rest_route=%2Fwp%2Fv2%2Fcomments&post=4897"}],"version-history":[{"count":1,"href":"https:\/\/veritasinfo.org\/index.php?rest_route=\/wp\/v2\/posts\/4897\/revisions"}],"predecessor-version":[{"id":4899,"href":"https:\/\/veritasinfo.org\/index.php?rest_route=\/wp\/v2\/posts\/4897\/revisions\/4899"}],"wp:featuredmedia":[{"embeddable":true,"href":"https:\/\/veritasinfo.org\/index.php?rest_route=\/wp\/v2\/media\/4898"}],"wp:attachment":[{"href":"https:\/\/veritasinfo.org\/index.php?rest_route=%2Fwp%2Fv2%2Fmedia&parent=4897"}],"wp:term":[{"taxonomy":"category","embeddable":true,"href":"https:\/\/veritasinfo.org\/index.php?rest_route=%2Fwp%2Fv2%2Fcategories&post=4897"},{"taxonomy":"post_tag","embeddable":true,"href":"https:\/\/veritasinfo.org\/index.php?rest_route=%2Fwp%2Fv2%2Ftags&post=4897"}],"curies":[{"name":"wp","href":"https:\/\/api.w.org\/{rel}","templated":true}]}}