{"id":4891,"date":"2025-07-23T12:50:49","date_gmt":"2025-07-23T10:50:49","guid":{"rendered":"https:\/\/veritasinfo.org\/?p=4891"},"modified":"2025-07-23T12:50:49","modified_gmt":"2025-07-23T10:50:49","slug":"edhe-ne-rivendosje-gjykata-ne-lipjan-le-ne-paraburgimin-pese-zyrtaret-policore-te-dyshuar-per-rastin-e-27-vjecarit-agon-zejnullahu","status":"publish","type":"post","link":"https:\/\/veritasinfo.org\/?p=4891","title":{"rendered":"Edhe n\u00eb rivendosje, Gjykata n\u00eb Lipjan l\u00eb n\u00eb paraburgimin pes\u00eb zyrtar\u00ebt policor\u00eb t\u00eb dyshuar p\u00ebr rastin e 27-vje\u00e7arit Agon Zejnullahu"},"content":{"rendered":"<p>Lipjan, 23 Korrik 2025<\/p>\n<p><strong>Prishtin\u00eb- Gjykata Themelore n\u00eb Prishtin\u00eb, Dega n\u00eb Lipjan edhe n\u00eb rivendosje ua ka caktuar mas\u00ebn e paraburgimit t\u00eb dyshuarve- rreshterit Ibrahim Nela dhe zyrtar\u00ebve policor\u00eb: Albian Retkoceri, Artidon Konxheli, Liridon Rrahmani dhe Endrit Beqiri, n\u00ebn dyshimin p\u00ebr vrasje nga pakujdesia t\u00eb qytetarit Agon Zejnullahu n\u00eb Lipjan.<\/strong><\/p>\n<p>\u201cCAKTOHET MASA E PARABURGIMIT n\u00eb koh\u00ebzgjatje prej nj\u00eb (1) muaji, e cila mas\u00eb do t\u2019iu llogaritet prej dat\u00ebs s\u00eb ndalimit nga 07.07.2025 deri me dat\u00ebn 06:08.2025\u201d, thuhet n\u00eb vendimin e Themelores t\u00eb siguruar nga \u201c<strong>Betimi p\u00ebr Drejt\u00ebsi<\/strong>\u201c.<\/p>\n<p>Vendimi i shkall\u00ebs s\u00eb par\u00eb vjen pasi Gjykata e Apelit- Departamenti i P\u00ebrgjithsh\u00ebm m\u00eb 17 korrik 2025 kishte aprovuar ankesat e mbrojt\u00ebsve t\u00eb t\u00eb dyshuarve- rreshterit Ibrahim Nela dhe zyrtar\u00ebve policor\u00eb: Albian Retkoceri, Artidon Konxheli, Liridon Rrahmani dhe Endrit Beqiri, dhe sipas detyr\u00ebs zyrtare kishte anuluar aktvendimin e <a href=\"https:\/\/betimiperdrejtesi.com\/nga-nje-muaj-paraburgim-ndaj-pese-zyrtareve-policore-te-dyshuar-per-vrasje-nga-pakujdesia-te-te-riut-ne-lipjan\/\">Gjykat\u00ebs Themelore n\u00eb Prishtin\u00eb- Dega n\u00eb Lipjan<\/a> e cila m\u00eb 9 korrik 2025 ua kishte caktuar paraburgimin p\u00ebr nj\u00eb muaj.<\/p>\n<p>Sipas Apelit, Kolegji gjykues kishte konstatuar se aktvendimi i ankimuar p\u00ebrmban shkelje t\u00eb dispozitave t\u00eb procedur\u00ebs penale t\u00eb cilat kusht\u00ebzojn\u00eb anulimin e tij.<\/p>\n<p>&nbsp;<\/p>\n","protected":false},"excerpt":{"rendered":"<p>Lipjan, 23 Korrik 2025 Prishtin\u00eb- Gjykata Themelore n\u00eb Prishtin\u00eb, Dega n\u00eb Lipjan edhe n\u00eb rivendosje ua ka caktuar mas\u00ebn e paraburgimit t\u00eb dyshuarve- rreshterit Ibrahim<\/p>\n","protected":false},"author":1,"featured_media":4892,"comment_status":"open","ping_status":"open","sticky":false,"template":"","format":"standard","meta":{"footnotes":""},"categories":[60],"tags":[],"class_list":["post-4891","post","type-post","status-publish","format-standard","has-post-thumbnail","hentry","category-shoqerore-sq"],"yoast_head":"<!-- This site is optimized with the Yoast SEO plugin v25.3.1 - https:\/\/yoast.com\/wordpress\/plugins\/seo\/ -->\n<title>Edhe n\u00eb rivendosje, Gjykata n\u00eb Lipjan l\u00eb n\u00eb paraburgimin pes\u00eb zyrtar\u00ebt policor\u00eb t\u00eb dyshuar p\u00ebr rastin e 27-vje\u00e7arit Agon Zejnullahu -<\/title>\n<meta name=\"robots\" content=\"index, follow, max-snippet:-1, max-image-preview:large, max-video-preview:-1\" \/>\n<link rel=\"canonical\" href=\"https:\/\/veritasinfo.org\/?p=4891\" \/>\n<meta property=\"og:locale\" content=\"en_US\" \/>\n<meta property=\"og:type\" content=\"article\" \/>\n<meta property=\"og:title\" content=\"Edhe n\u00eb rivendosje, Gjykata n\u00eb Lipjan l\u00eb n\u00eb paraburgimin pes\u00eb zyrtar\u00ebt policor\u00eb t\u00eb dyshuar p\u00ebr rastin e 27-vje\u00e7arit Agon Zejnullahu -\" \/>\n<meta property=\"og:description\" content=\"Lipjan, 23 Korrik 2025 Prishtin\u00eb- Gjykata Themelore n\u00eb Prishtin\u00eb, Dega n\u00eb Lipjan edhe n\u00eb rivendosje ua ka caktuar mas\u00ebn e paraburgimit t\u00eb dyshuarve- rreshterit Ibrahim\" \/>\n<meta property=\"og:url\" content=\"https:\/\/veritasinfo.org\/?p=4891\" \/>\n<meta property=\"article:published_time\" content=\"2025-07-23T10:50:49+00:00\" \/>\n<meta property=\"og:image\" content=\"https:\/\/veritasinfo.org\/wp-content\/uploads\/2025\/07\/IMG_2248.jpeg\" \/>\n\t<meta property=\"og:image:width\" content=\"750\" \/>\n\t<meta property=\"og:image:height\" content=\"430\" \/>\n\t<meta property=\"og:image:type\" content=\"image\/jpeg\" \/>\n<meta name=\"author\" content=\"admin\" \/>\n<meta name=\"twitter:card\" content=\"summary_large_image\" \/>\n<meta name=\"twitter:label1\" content=\"Written by\" \/>\n\t<meta name=\"twitter:data1\" content=\"admin\" \/>\n\t<meta name=\"twitter:label2\" content=\"Est. reading time\" \/>\n\t<meta name=\"twitter:data2\" content=\"1 minute\" \/>\n<script type=\"application\/ld+json\" class=\"yoast-schema-graph\">{\"@context\":\"https:\/\/schema.org\",\"@graph\":[{\"@type\":\"WebPage\",\"@id\":\"https:\/\/veritasinfo.org\/?p=4891\",\"url\":\"https:\/\/veritasinfo.org\/?p=4891\",\"name\":\"Edhe n\u00eb rivendosje, Gjykata n\u00eb Lipjan l\u00eb n\u00eb paraburgimin pes\u00eb zyrtar\u00ebt policor\u00eb t\u00eb dyshuar p\u00ebr rastin e 27-vje\u00e7arit Agon Zejnullahu -\",\"isPartOf\":{\"@id\":\"https:\/\/veritasinfo.org\/#website\"},\"primaryImageOfPage\":{\"@id\":\"https:\/\/veritasinfo.org\/?p=4891#primaryimage\"},\"image\":{\"@id\":\"https:\/\/veritasinfo.org\/?p=4891#primaryimage\"},\"thumbnailUrl\":\"https:\/\/veritasinfo.org\/wp-content\/uploads\/2025\/07\/IMG_2248.jpeg\",\"datePublished\":\"2025-07-23T10:50:49+00:00\",\"author\":{\"@id\":\"https:\/\/veritasinfo.org\/#\/schema\/person\/7701f8c088bece422266b100a712374f\"},\"breadcrumb\":{\"@id\":\"https:\/\/veritasinfo.org\/?p=4891#breadcrumb\"},\"inLanguage\":\"en-US\",\"potentialAction\":[{\"@type\":\"ReadAction\",\"target\":[\"https:\/\/veritasinfo.org\/?p=4891\"]}]},{\"@type\":\"ImageObject\",\"inLanguage\":\"en-US\",\"@id\":\"https:\/\/veritasinfo.org\/?p=4891#primaryimage\",\"url\":\"https:\/\/veritasinfo.org\/wp-content\/uploads\/2025\/07\/IMG_2248.jpeg\",\"contentUrl\":\"https:\/\/veritasinfo.org\/wp-content\/uploads\/2025\/07\/IMG_2248.jpeg\",\"width\":750,\"height\":430},{\"@type\":\"BreadcrumbList\",\"@id\":\"https:\/\/veritasinfo.org\/?p=4891#breadcrumb\",\"itemListElement\":[{\"@type\":\"ListItem\",\"position\":1,\"name\":\"Home\",\"item\":\"https:\/\/veritasinfo.org\/\"},{\"@type\":\"ListItem\",\"position\":2,\"name\":\"Edhe n\u00eb rivendosje, Gjykata n\u00eb Lipjan l\u00eb n\u00eb paraburgimin pes\u00eb zyrtar\u00ebt policor\u00eb t\u00eb dyshuar p\u00ebr rastin e 27-vje\u00e7arit Agon Zejnullahu\"}]},{\"@type\":\"WebSite\",\"@id\":\"https:\/\/veritasinfo.org\/#website\",\"url\":\"https:\/\/veritasinfo.org\/\",\"name\":\"\",\"description\":\"\",\"potentialAction\":[{\"@type\":\"SearchAction\",\"target\":{\"@type\":\"EntryPoint\",\"urlTemplate\":\"https:\/\/veritasinfo.org\/?s={search_term_string}\"},\"query-input\":{\"@type\":\"PropertyValueSpecification\",\"valueRequired\":true,\"valueName\":\"search_term_string\"}}],\"inLanguage\":\"en-US\"},{\"@type\":\"Person\",\"@id\":\"https:\/\/veritasinfo.org\/#\/schema\/person\/7701f8c088bece422266b100a712374f\",\"name\":\"admin\",\"image\":{\"@type\":\"ImageObject\",\"inLanguage\":\"en-US\",\"@id\":\"https:\/\/veritasinfo.org\/#\/schema\/person\/image\/\",\"url\":\"https:\/\/secure.gravatar.com\/avatar\/ea53aa3bf6c9a12d5fde8ce4deff43fef3885ae33cf60184161a50d6987cfd2f?s=96&d=mm&r=g\",\"contentUrl\":\"https:\/\/secure.gravatar.com\/avatar\/ea53aa3bf6c9a12d5fde8ce4deff43fef3885ae33cf60184161a50d6987cfd2f?s=96&d=mm&r=g\",\"caption\":\"admin\"},\"sameAs\":[\"https:\/\/veritasinfo.org\"],\"url\":\"https:\/\/veritasinfo.org\/?author=1\"}]}<\/script>\n<!-- \/ Yoast SEO plugin. -->","yoast_head_json":{"title":"Edhe n\u00eb rivendosje, Gjykata n\u00eb Lipjan l\u00eb n\u00eb paraburgimin pes\u00eb zyrtar\u00ebt policor\u00eb t\u00eb dyshuar p\u00ebr rastin e 27-vje\u00e7arit Agon Zejnullahu -","robots":{"index":"index","follow":"follow","max-snippet":"max-snippet:-1","max-image-preview":"max-image-preview:large","max-video-preview":"max-video-preview:-1"},"canonical":"https:\/\/veritasinfo.org\/?p=4891","og_locale":"en_US","og_type":"article","og_title":"Edhe n\u00eb rivendosje, Gjykata n\u00eb Lipjan l\u00eb n\u00eb paraburgimin pes\u00eb zyrtar\u00ebt policor\u00eb t\u00eb dyshuar p\u00ebr rastin e 27-vje\u00e7arit Agon Zejnullahu -","og_description":"Lipjan, 23 Korrik 2025 Prishtin\u00eb- Gjykata Themelore n\u00eb Prishtin\u00eb, Dega n\u00eb Lipjan edhe n\u00eb rivendosje ua ka caktuar mas\u00ebn e paraburgimit t\u00eb dyshuarve- rreshterit Ibrahim","og_url":"https:\/\/veritasinfo.org\/?p=4891","article_published_time":"2025-07-23T10:50:49+00:00","og_image":[{"width":750,"height":430,"url":"https:\/\/veritasinfo.org\/wp-content\/uploads\/2025\/07\/IMG_2248.jpeg","type":"image\/jpeg"}],"author":"admin","twitter_card":"summary_large_image","twitter_misc":{"Written by":"admin","Est. reading time":"1 minute"},"schema":{"@context":"https:\/\/schema.org","@graph":[{"@type":"WebPage","@id":"https:\/\/veritasinfo.org\/?p=4891","url":"https:\/\/veritasinfo.org\/?p=4891","name":"Edhe n\u00eb rivendosje, Gjykata n\u00eb Lipjan l\u00eb n\u00eb paraburgimin pes\u00eb zyrtar\u00ebt policor\u00eb t\u00eb dyshuar p\u00ebr rastin e 27-vje\u00e7arit Agon Zejnullahu -","isPartOf":{"@id":"https:\/\/veritasinfo.org\/#website"},"primaryImageOfPage":{"@id":"https:\/\/veritasinfo.org\/?p=4891#primaryimage"},"image":{"@id":"https:\/\/veritasinfo.org\/?p=4891#primaryimage"},"thumbnailUrl":"https:\/\/veritasinfo.org\/wp-content\/uploads\/2025\/07\/IMG_2248.jpeg","datePublished":"2025-07-23T10:50:49+00:00","author":{"@id":"https:\/\/veritasinfo.org\/#\/schema\/person\/7701f8c088bece422266b100a712374f"},"breadcrumb":{"@id":"https:\/\/veritasinfo.org\/?p=4891#breadcrumb"},"inLanguage":"en-US","potentialAction":[{"@type":"ReadAction","target":["https:\/\/veritasinfo.org\/?p=4891"]}]},{"@type":"ImageObject","inLanguage":"en-US","@id":"https:\/\/veritasinfo.org\/?p=4891#primaryimage","url":"https:\/\/veritasinfo.org\/wp-content\/uploads\/2025\/07\/IMG_2248.jpeg","contentUrl":"https:\/\/veritasinfo.org\/wp-content\/uploads\/2025\/07\/IMG_2248.jpeg","width":750,"height":430},{"@type":"BreadcrumbList","@id":"https:\/\/veritasinfo.org\/?p=4891#breadcrumb","itemListElement":[{"@type":"ListItem","position":1,"name":"Home","item":"https:\/\/veritasinfo.org\/"},{"@type":"ListItem","position":2,"name":"Edhe n\u00eb rivendosje, Gjykata n\u00eb Lipjan l\u00eb n\u00eb paraburgimin pes\u00eb zyrtar\u00ebt policor\u00eb t\u00eb dyshuar p\u00ebr rastin e 27-vje\u00e7arit Agon Zejnullahu"}]},{"@type":"WebSite","@id":"https:\/\/veritasinfo.org\/#website","url":"https:\/\/veritasinfo.org\/","name":"","description":"","potentialAction":[{"@type":"SearchAction","target":{"@type":"EntryPoint","urlTemplate":"https:\/\/veritasinfo.org\/?s={search_term_string}"},"query-input":{"@type":"PropertyValueSpecification","valueRequired":true,"valueName":"search_term_string"}}],"inLanguage":"en-US"},{"@type":"Person","@id":"https:\/\/veritasinfo.org\/#\/schema\/person\/7701f8c088bece422266b100a712374f","name":"admin","image":{"@type":"ImageObject","inLanguage":"en-US","@id":"https:\/\/veritasinfo.org\/#\/schema\/person\/image\/","url":"https:\/\/secure.gravatar.com\/avatar\/ea53aa3bf6c9a12d5fde8ce4deff43fef3885ae33cf60184161a50d6987cfd2f?s=96&d=mm&r=g","contentUrl":"https:\/\/secure.gravatar.com\/avatar\/ea53aa3bf6c9a12d5fde8ce4deff43fef3885ae33cf60184161a50d6987cfd2f?s=96&d=mm&r=g","caption":"admin"},"sameAs":["https:\/\/veritasinfo.org"],"url":"https:\/\/veritasinfo.org\/?author=1"}]}},"featured_image_urls":{"full":["https:\/\/veritasinfo.org\/wp-content\/uploads\/2025\/07\/IMG_2248.jpeg",750,430,false],"thumbnail":["https:\/\/veritasinfo.org\/wp-content\/uploads\/2025\/07\/IMG_2248-150x150.jpeg",150,150,true],"medium":["https:\/\/veritasinfo.org\/wp-content\/uploads\/2025\/07\/IMG_2248-300x172.jpeg",300,172,true],"medium_large":["https:\/\/veritasinfo.org\/wp-content\/uploads\/2025\/07\/IMG_2248.jpeg",640,367,false],"large":["https:\/\/veritasinfo.org\/wp-content\/uploads\/2025\/07\/IMG_2248.jpeg",640,367,false],"1536x1536":["https:\/\/veritasinfo.org\/wp-content\/uploads\/2025\/07\/IMG_2248.jpeg",750,430,false],"2048x2048":["https:\/\/veritasinfo.org\/wp-content\/uploads\/2025\/07\/IMG_2248.jpeg",750,430,false],"kreeti-slider-full":["https:\/\/veritasinfo.org\/wp-content\/uploads\/2025\/07\/IMG_2248.jpeg",750,430,false],"kreeti-featured":["https:\/\/veritasinfo.org\/wp-content\/uploads\/2025\/07\/IMG_2248.jpeg",750,430,false],"kreeti-medium":["https:\/\/veritasinfo.org\/wp-content\/uploads\/2025\/07\/IMG_2248.jpeg",720,413,false],"kreeti-medium-square":["https:\/\/veritasinfo.org\/wp-content\/uploads\/2025\/07\/IMG_2248.jpeg",350,201,false]},"author_info":{"info":["admin"]},"category_info":"<a href=\"https:\/\/veritasinfo.org\/?cat=60\" rel=\"category\">Shoq\u00ebrore<\/a>","tag_info":"Shoq\u00ebrore","comment_count":"0","_links":{"self":[{"href":"https:\/\/veritasinfo.org\/index.php?rest_route=\/wp\/v2\/posts\/4891","targetHints":{"allow":["GET"]}}],"collection":[{"href":"https:\/\/veritasinfo.org\/index.php?rest_route=\/wp\/v2\/posts"}],"about":[{"href":"https:\/\/veritasinfo.org\/index.php?rest_route=\/wp\/v2\/types\/post"}],"author":[{"embeddable":true,"href":"https:\/\/veritasinfo.org\/index.php?rest_route=\/wp\/v2\/users\/1"}],"replies":[{"embeddable":true,"href":"https:\/\/veritasinfo.org\/index.php?rest_route=%2Fwp%2Fv2%2Fcomments&post=4891"}],"version-history":[{"count":1,"href":"https:\/\/veritasinfo.org\/index.php?rest_route=\/wp\/v2\/posts\/4891\/revisions"}],"predecessor-version":[{"id":4893,"href":"https:\/\/veritasinfo.org\/index.php?rest_route=\/wp\/v2\/posts\/4891\/revisions\/4893"}],"wp:featuredmedia":[{"embeddable":true,"href":"https:\/\/veritasinfo.org\/index.php?rest_route=\/wp\/v2\/media\/4892"}],"wp:attachment":[{"href":"https:\/\/veritasinfo.org\/index.php?rest_route=%2Fwp%2Fv2%2Fmedia&parent=4891"}],"wp:term":[{"taxonomy":"category","embeddable":true,"href":"https:\/\/veritasinfo.org\/index.php?rest_route=%2Fwp%2Fv2%2Fcategories&post=4891"},{"taxonomy":"post_tag","embeddable":true,"href":"https:\/\/veritasinfo.org\/index.php?rest_route=%2Fwp%2Fv2%2Ftags&post=4891"}],"curies":[{"name":"wp","href":"https:\/\/api.w.org\/{rel}","templated":true}]}}