{"id":4885,"date":"2025-07-23T12:26:31","date_gmt":"2025-07-23T10:26:31","guid":{"rendered":"https:\/\/veritasinfo.org\/?p=4885"},"modified":"2025-07-23T12:26:31","modified_gmt":"2025-07-23T10:26:31","slug":"edhe-apeli-verteton-aktakuzen-per-spiunazh-ndaj-bedri-shabanit-dhe-muharrem-qerimit","status":"publish","type":"post","link":"https:\/\/veritasinfo.org\/?p=4885","title":{"rendered":"Edhe Apeli v\u00ebrteton aktakuz\u00ebn p\u00ebr spiunazh ndaj Bedri Shabanit dhe Muharrem Qerimit"},"content":{"rendered":"<p>Prishtin\u00eb, 23 Korrik 2025<\/p>\n<p><strong>Gjykata e Apelit ka v\u00ebrtetuar vendimin e <\/strong><a href=\"https:\/\/betimiperdrejtesi.com\/themelorja-konfirmon-aktakuzen-per-spiunazh-ndaj-bedri-shabanit-dhe-muharrem-qerimit\/\"><strong>Gjykat\u00ebs Themelore n\u00eb Prishtin\u00eb<\/strong><\/a>,<strong> e cila kishte v\u00ebrtetuar aktakuz\u00ebn e Prokuroris\u00eb Speciale ndaj Bedri Shabanit dhe Muharrem Qerimit p\u00ebr spiunazh.<\/strong><\/p>\n<p><strong>\u201cREFUZOHEN<\/strong> si t\u00eb pabazuara ankesat e mbrojt\u00ebsve t\u00eb akuzuarve, Bedri Shabani, av. Besnik R. Berisha dhe Muharrem Qerimi, av.Betim Shala, nd\u00ebrsa aktvendimi Gjykat\u00ebs Themelore n\u00eb Prishtin\u00eb-Departamenti Special,\u2026, i dat\u00ebs 20.04.2025<strong>, V\u00cbRTETOHET\u201d,<\/strong> thuhet n\u00eb vendimin e Apelit t\u00eb cilin e ka siguruar \u201c<strong>Betimi p\u00ebr Drejt\u00ebsi<\/strong>\u201d.<\/p>\n<p>Sipas vendimit t\u00eb Apelit, ankes\u00eb ndaj vendimit t\u00eb Themelores kishin paraqitur avokat\u00ebt Berisha dhe Shala, me propozim q\u00eb Gjykata e Apelit t\u00eb hudh\u00eb akuz\u00ebn ndaj dy t\u00eb akuzuarve.<\/p>\n<p>P\u00ebr k\u00ebto ankesa, Prokuroria e Apelit ka propozuar q\u00eb t\u00eb nj\u00ebjtat t\u00eb refuzohen, kurse vendimi i Themelores t\u00eb v\u00ebrtetohet.<\/p>\n<p><strong>Gjetjet e Gjykat\u00ebs s\u00eb Apelit:<\/strong><\/p>\n<p>N\u00eb vendimin e shkall\u00ebs s\u00eb dyt\u00eb, thuhet se nuk ka argumente bind\u00ebse dhe nuk p\u00ebrmbajn\u00eb asnj\u00eb argument baz\u00eb ligjore, q\u00eb t\u00eb hudhet akuza ashtu si\u00e7 k\u00ebrkon Kodi i Procedur\u00ebs Penale.<\/p>\n<p>Sipas Apelit, shkalla e par\u00eb drejt ka vendosur kur ka v\u00ebrtetuar se ekzistojn\u00eb prova t\u00eb mjaftueshme t\u00eb pranueshme n\u00eb aspektin ligjor-procedural q\u00eb t\u00eb vazhdohet me gjykim ndaj Shabanit dhe Qerimit.<\/p>\n<p>Apeli ka theksuar se bazuar n\u00eb shkresat e l\u00ebnd\u00ebs, tani ekzistojn\u00eb elementet qen\u00ebsore t\u00eb veprave penale p\u00ebr t\u00eb cilat ngarkohen Shabani dhe Qerimi dhe se t\u00eb gjitha provat jan\u00eb marr\u00eb n\u00eb m\u00ebnyr\u00eb t\u00eb ligjshme.<\/p>\n<p>Kjo Gjykat\u00eb ka sqaruar se gjat\u00eb shqyrtimit gjyq\u00ebsor provat e siguruara do t\u00eb administrohen dhe p\u00ebr t\u00eb nj\u00ebjtat do t\u2019iu jepet mund\u00ebsi avokat\u00ebve dhe t\u00eb akuzuarve q\u00eb t\u2019i kund\u00ebrshtojn\u00eb, duke paraqitur argumentet e tyre. Aty thuhet se gjykata bazuar n\u00eb zhvillimin e shqyrtimit gjyq\u00ebsor, do t\u00eb nxjerr\u00eb vendim meritor lidhur me k\u00ebt\u00eb rast.<\/p>\n<p>Pas k\u00ebtij vendimi, pritet q\u00eb Themelorja t\u00eb caktoj\u00eb seancat gjyq\u00ebsore ndaj Shabanit dhe Qerimit.<\/p>\n<p>Seanca e\u00a0<a href=\"https:\/\/betimiperdrejtesi.com\/me-kerkese-per-afat-shtese-per-lexim-e-analizim-te-aktakuzes-nderprehet-seanca-fillestare-ndaj-bedri-shabanit-dhe-muharrem-qerimit\/\">5 marsit 2025<\/a>\u00a0ishte nd\u00ebrprer\u00eb me k\u00ebrkes\u00eb t\u00eb t\u00eb akuzuarit Shabani p\u00ebr afat shtes\u00eb p\u00ebr lexim dhe analizim t\u00eb aktakuz\u00ebs n\u00eb m\u00ebnyr\u00eb q\u00eb m\u00eb pas t\u00eb deklarohet lidhur me faj\u00ebsin\u00eb.<\/p>\n<p>Prokuroria Speciale e Republik\u00ebs s\u00eb Kosov\u00ebs (PSRK) m\u00eb\u00a0<a href=\"https:\/\/betimiperdrejtesi.com\/dosja-e-prokurorise-ndaj-bedri-shabanit-dhe-muharrem-qerimit-derguan-informacione-e-dokumente-tek-bia-per-uck-ne-aki-ne-pk-ne-e-nje-masaker\/\">19 shkurt 2025<\/a>\u00a0ka ngritur aktakuz\u00eb ndaj Bedri Shabanit dhe Muharrem Qerimit, t\u00eb cil\u00ebt i ngarkon se kan\u00eb mbledhur dhe d\u00ebrguar informacione e dokumente tek BIA serbe lidhur me Ushtrin\u00eb \u00c7lirimtare t\u00eb Kosov\u00ebs, epror\u00ebt e pjes\u00ebtar\u00ebt e saj, Policin\u00eb, Agjencin\u00eb e Kosov\u00ebs p\u00ebr Inteligjenc\u00eb e Inspektoratin Policor t\u00eb Kosov\u00ebs, si dhe p\u00ebr ngjarje e objekte specifike, p\u00ebrfshir\u00eb edhe nj\u00eb masak\u00ebr- at\u00eb t\u00eb Re\u00e7akut.<\/p>\n<p>&nbsp;<\/p>\n","protected":false},"excerpt":{"rendered":"<p>Prishtin\u00eb, 23 Korrik 2025 Gjykata e Apelit ka v\u00ebrtetuar vendimin e Gjykat\u00ebs Themelore n\u00eb Prishtin\u00eb, e cila kishte v\u00ebrtetuar aktakuz\u00ebn e Prokuroris\u00eb Speciale ndaj Bedri<\/p>\n","protected":false},"author":1,"featured_media":4886,"comment_status":"open","ping_status":"open","sticky":false,"template":"","format":"standard","meta":{"footnotes":""},"categories":[60],"tags":[],"class_list":["post-4885","post","type-post","status-publish","format-standard","has-post-thumbnail","hentry","category-shoqerore-sq"],"yoast_head":"<!-- This site is optimized with the Yoast SEO plugin v25.3.1 - https:\/\/yoast.com\/wordpress\/plugins\/seo\/ -->\n<title>Edhe Apeli v\u00ebrteton aktakuz\u00ebn p\u00ebr spiunazh ndaj Bedri Shabanit dhe Muharrem Qerimit -<\/title>\n<meta name=\"robots\" content=\"index, follow, max-snippet:-1, max-image-preview:large, max-video-preview:-1\" \/>\n<link rel=\"canonical\" href=\"https:\/\/veritasinfo.org\/?p=4885\" \/>\n<meta property=\"og:locale\" content=\"en_US\" \/>\n<meta property=\"og:type\" content=\"article\" \/>\n<meta property=\"og:title\" content=\"Edhe Apeli v\u00ebrteton aktakuz\u00ebn p\u00ebr spiunazh ndaj Bedri Shabanit dhe Muharrem Qerimit -\" \/>\n<meta property=\"og:description\" content=\"Prishtin\u00eb, 23 Korrik 2025 Gjykata e Apelit ka v\u00ebrtetuar vendimin e Gjykat\u00ebs Themelore n\u00eb Prishtin\u00eb, e cila kishte v\u00ebrtetuar aktakuz\u00ebn e Prokuroris\u00eb Speciale ndaj Bedri\" \/>\n<meta property=\"og:url\" content=\"https:\/\/veritasinfo.org\/?p=4885\" \/>\n<meta property=\"article:published_time\" content=\"2025-07-23T10:26:31+00:00\" \/>\n<meta property=\"og:image\" content=\"https:\/\/veritasinfo.org\/wp-content\/uploads\/2025\/07\/IMG_2247-1.jpeg\" \/>\n\t<meta property=\"og:image:width\" content=\"750\" \/>\n\t<meta property=\"og:image:height\" content=\"430\" \/>\n\t<meta property=\"og:image:type\" content=\"image\/jpeg\" \/>\n<meta name=\"author\" content=\"admin\" \/>\n<meta name=\"twitter:card\" content=\"summary_large_image\" \/>\n<meta name=\"twitter:label1\" content=\"Written by\" \/>\n\t<meta name=\"twitter:data1\" content=\"admin\" \/>\n\t<meta name=\"twitter:label2\" content=\"Est. reading time\" \/>\n\t<meta name=\"twitter:data2\" content=\"2 minutes\" \/>\n<script type=\"application\/ld+json\" class=\"yoast-schema-graph\">{\"@context\":\"https:\/\/schema.org\",\"@graph\":[{\"@type\":\"WebPage\",\"@id\":\"https:\/\/veritasinfo.org\/?p=4885\",\"url\":\"https:\/\/veritasinfo.org\/?p=4885\",\"name\":\"Edhe Apeli v\u00ebrteton aktakuz\u00ebn p\u00ebr spiunazh ndaj Bedri Shabanit dhe Muharrem Qerimit -\",\"isPartOf\":{\"@id\":\"https:\/\/veritasinfo.org\/#website\"},\"primaryImageOfPage\":{\"@id\":\"https:\/\/veritasinfo.org\/?p=4885#primaryimage\"},\"image\":{\"@id\":\"https:\/\/veritasinfo.org\/?p=4885#primaryimage\"},\"thumbnailUrl\":\"https:\/\/veritasinfo.org\/wp-content\/uploads\/2025\/07\/IMG_2247-1.jpeg\",\"datePublished\":\"2025-07-23T10:26:31+00:00\",\"author\":{\"@id\":\"https:\/\/veritasinfo.org\/#\/schema\/person\/7701f8c088bece422266b100a712374f\"},\"breadcrumb\":{\"@id\":\"https:\/\/veritasinfo.org\/?p=4885#breadcrumb\"},\"inLanguage\":\"en-US\",\"potentialAction\":[{\"@type\":\"ReadAction\",\"target\":[\"https:\/\/veritasinfo.org\/?p=4885\"]}]},{\"@type\":\"ImageObject\",\"inLanguage\":\"en-US\",\"@id\":\"https:\/\/veritasinfo.org\/?p=4885#primaryimage\",\"url\":\"https:\/\/veritasinfo.org\/wp-content\/uploads\/2025\/07\/IMG_2247-1.jpeg\",\"contentUrl\":\"https:\/\/veritasinfo.org\/wp-content\/uploads\/2025\/07\/IMG_2247-1.jpeg\",\"width\":750,\"height\":430},{\"@type\":\"BreadcrumbList\",\"@id\":\"https:\/\/veritasinfo.org\/?p=4885#breadcrumb\",\"itemListElement\":[{\"@type\":\"ListItem\",\"position\":1,\"name\":\"Home\",\"item\":\"https:\/\/veritasinfo.org\/\"},{\"@type\":\"ListItem\",\"position\":2,\"name\":\"Edhe Apeli v\u00ebrteton aktakuz\u00ebn p\u00ebr spiunazh ndaj Bedri Shabanit dhe Muharrem Qerimit\"}]},{\"@type\":\"WebSite\",\"@id\":\"https:\/\/veritasinfo.org\/#website\",\"url\":\"https:\/\/veritasinfo.org\/\",\"name\":\"\",\"description\":\"\",\"potentialAction\":[{\"@type\":\"SearchAction\",\"target\":{\"@type\":\"EntryPoint\",\"urlTemplate\":\"https:\/\/veritasinfo.org\/?s={search_term_string}\"},\"query-input\":{\"@type\":\"PropertyValueSpecification\",\"valueRequired\":true,\"valueName\":\"search_term_string\"}}],\"inLanguage\":\"en-US\"},{\"@type\":\"Person\",\"@id\":\"https:\/\/veritasinfo.org\/#\/schema\/person\/7701f8c088bece422266b100a712374f\",\"name\":\"admin\",\"image\":{\"@type\":\"ImageObject\",\"inLanguage\":\"en-US\",\"@id\":\"https:\/\/veritasinfo.org\/#\/schema\/person\/image\/\",\"url\":\"https:\/\/secure.gravatar.com\/avatar\/ea53aa3bf6c9a12d5fde8ce4deff43fef3885ae33cf60184161a50d6987cfd2f?s=96&d=mm&r=g\",\"contentUrl\":\"https:\/\/secure.gravatar.com\/avatar\/ea53aa3bf6c9a12d5fde8ce4deff43fef3885ae33cf60184161a50d6987cfd2f?s=96&d=mm&r=g\",\"caption\":\"admin\"},\"sameAs\":[\"https:\/\/veritasinfo.org\"],\"url\":\"https:\/\/veritasinfo.org\/?author=1\"}]}<\/script>\n<!-- \/ Yoast SEO plugin. -->","yoast_head_json":{"title":"Edhe Apeli v\u00ebrteton aktakuz\u00ebn p\u00ebr spiunazh ndaj Bedri Shabanit dhe Muharrem Qerimit -","robots":{"index":"index","follow":"follow","max-snippet":"max-snippet:-1","max-image-preview":"max-image-preview:large","max-video-preview":"max-video-preview:-1"},"canonical":"https:\/\/veritasinfo.org\/?p=4885","og_locale":"en_US","og_type":"article","og_title":"Edhe Apeli v\u00ebrteton aktakuz\u00ebn p\u00ebr spiunazh ndaj Bedri Shabanit dhe Muharrem Qerimit -","og_description":"Prishtin\u00eb, 23 Korrik 2025 Gjykata e Apelit ka v\u00ebrtetuar vendimin e Gjykat\u00ebs Themelore n\u00eb Prishtin\u00eb, e cila kishte v\u00ebrtetuar aktakuz\u00ebn e Prokuroris\u00eb Speciale ndaj Bedri","og_url":"https:\/\/veritasinfo.org\/?p=4885","article_published_time":"2025-07-23T10:26:31+00:00","og_image":[{"width":750,"height":430,"url":"https:\/\/veritasinfo.org\/wp-content\/uploads\/2025\/07\/IMG_2247-1.jpeg","type":"image\/jpeg"}],"author":"admin","twitter_card":"summary_large_image","twitter_misc":{"Written by":"admin","Est. reading time":"2 minutes"},"schema":{"@context":"https:\/\/schema.org","@graph":[{"@type":"WebPage","@id":"https:\/\/veritasinfo.org\/?p=4885","url":"https:\/\/veritasinfo.org\/?p=4885","name":"Edhe Apeli v\u00ebrteton aktakuz\u00ebn p\u00ebr spiunazh ndaj Bedri Shabanit dhe Muharrem Qerimit -","isPartOf":{"@id":"https:\/\/veritasinfo.org\/#website"},"primaryImageOfPage":{"@id":"https:\/\/veritasinfo.org\/?p=4885#primaryimage"},"image":{"@id":"https:\/\/veritasinfo.org\/?p=4885#primaryimage"},"thumbnailUrl":"https:\/\/veritasinfo.org\/wp-content\/uploads\/2025\/07\/IMG_2247-1.jpeg","datePublished":"2025-07-23T10:26:31+00:00","author":{"@id":"https:\/\/veritasinfo.org\/#\/schema\/person\/7701f8c088bece422266b100a712374f"},"breadcrumb":{"@id":"https:\/\/veritasinfo.org\/?p=4885#breadcrumb"},"inLanguage":"en-US","potentialAction":[{"@type":"ReadAction","target":["https:\/\/veritasinfo.org\/?p=4885"]}]},{"@type":"ImageObject","inLanguage":"en-US","@id":"https:\/\/veritasinfo.org\/?p=4885#primaryimage","url":"https:\/\/veritasinfo.org\/wp-content\/uploads\/2025\/07\/IMG_2247-1.jpeg","contentUrl":"https:\/\/veritasinfo.org\/wp-content\/uploads\/2025\/07\/IMG_2247-1.jpeg","width":750,"height":430},{"@type":"BreadcrumbList","@id":"https:\/\/veritasinfo.org\/?p=4885#breadcrumb","itemListElement":[{"@type":"ListItem","position":1,"name":"Home","item":"https:\/\/veritasinfo.org\/"},{"@type":"ListItem","position":2,"name":"Edhe Apeli v\u00ebrteton aktakuz\u00ebn p\u00ebr spiunazh ndaj Bedri Shabanit dhe Muharrem Qerimit"}]},{"@type":"WebSite","@id":"https:\/\/veritasinfo.org\/#website","url":"https:\/\/veritasinfo.org\/","name":"","description":"","potentialAction":[{"@type":"SearchAction","target":{"@type":"EntryPoint","urlTemplate":"https:\/\/veritasinfo.org\/?s={search_term_string}"},"query-input":{"@type":"PropertyValueSpecification","valueRequired":true,"valueName":"search_term_string"}}],"inLanguage":"en-US"},{"@type":"Person","@id":"https:\/\/veritasinfo.org\/#\/schema\/person\/7701f8c088bece422266b100a712374f","name":"admin","image":{"@type":"ImageObject","inLanguage":"en-US","@id":"https:\/\/veritasinfo.org\/#\/schema\/person\/image\/","url":"https:\/\/secure.gravatar.com\/avatar\/ea53aa3bf6c9a12d5fde8ce4deff43fef3885ae33cf60184161a50d6987cfd2f?s=96&d=mm&r=g","contentUrl":"https:\/\/secure.gravatar.com\/avatar\/ea53aa3bf6c9a12d5fde8ce4deff43fef3885ae33cf60184161a50d6987cfd2f?s=96&d=mm&r=g","caption":"admin"},"sameAs":["https:\/\/veritasinfo.org"],"url":"https:\/\/veritasinfo.org\/?author=1"}]}},"featured_image_urls":{"full":["https:\/\/veritasinfo.org\/wp-content\/uploads\/2025\/07\/IMG_2247-1.jpeg",750,430,false],"thumbnail":["https:\/\/veritasinfo.org\/wp-content\/uploads\/2025\/07\/IMG_2247-1-150x150.jpeg",150,150,true],"medium":["https:\/\/veritasinfo.org\/wp-content\/uploads\/2025\/07\/IMG_2247-1-300x172.jpeg",300,172,true],"medium_large":["https:\/\/veritasinfo.org\/wp-content\/uploads\/2025\/07\/IMG_2247-1.jpeg",640,367,false],"large":["https:\/\/veritasinfo.org\/wp-content\/uploads\/2025\/07\/IMG_2247-1.jpeg",640,367,false],"1536x1536":["https:\/\/veritasinfo.org\/wp-content\/uploads\/2025\/07\/IMG_2247-1.jpeg",750,430,false],"2048x2048":["https:\/\/veritasinfo.org\/wp-content\/uploads\/2025\/07\/IMG_2247-1.jpeg",750,430,false],"kreeti-slider-full":["https:\/\/veritasinfo.org\/wp-content\/uploads\/2025\/07\/IMG_2247-1.jpeg",750,430,false],"kreeti-featured":["https:\/\/veritasinfo.org\/wp-content\/uploads\/2025\/07\/IMG_2247-1.jpeg",750,430,false],"kreeti-medium":["https:\/\/veritasinfo.org\/wp-content\/uploads\/2025\/07\/IMG_2247-1.jpeg",720,413,false],"kreeti-medium-square":["https:\/\/veritasinfo.org\/wp-content\/uploads\/2025\/07\/IMG_2247-1.jpeg",350,201,false]},"author_info":{"info":["admin"]},"category_info":"<a href=\"https:\/\/veritasinfo.org\/?cat=60\" rel=\"category\">Shoq\u00ebrore<\/a>","tag_info":"Shoq\u00ebrore","comment_count":"0","_links":{"self":[{"href":"https:\/\/veritasinfo.org\/index.php?rest_route=\/wp\/v2\/posts\/4885","targetHints":{"allow":["GET"]}}],"collection":[{"href":"https:\/\/veritasinfo.org\/index.php?rest_route=\/wp\/v2\/posts"}],"about":[{"href":"https:\/\/veritasinfo.org\/index.php?rest_route=\/wp\/v2\/types\/post"}],"author":[{"embeddable":true,"href":"https:\/\/veritasinfo.org\/index.php?rest_route=\/wp\/v2\/users\/1"}],"replies":[{"embeddable":true,"href":"https:\/\/veritasinfo.org\/index.php?rest_route=%2Fwp%2Fv2%2Fcomments&post=4885"}],"version-history":[{"count":1,"href":"https:\/\/veritasinfo.org\/index.php?rest_route=\/wp\/v2\/posts\/4885\/revisions"}],"predecessor-version":[{"id":4887,"href":"https:\/\/veritasinfo.org\/index.php?rest_route=\/wp\/v2\/posts\/4885\/revisions\/4887"}],"wp:featuredmedia":[{"embeddable":true,"href":"https:\/\/veritasinfo.org\/index.php?rest_route=\/wp\/v2\/media\/4886"}],"wp:attachment":[{"href":"https:\/\/veritasinfo.org\/index.php?rest_route=%2Fwp%2Fv2%2Fmedia&parent=4885"}],"wp:term":[{"taxonomy":"category","embeddable":true,"href":"https:\/\/veritasinfo.org\/index.php?rest_route=%2Fwp%2Fv2%2Fcategories&post=4885"},{"taxonomy":"post_tag","embeddable":true,"href":"https:\/\/veritasinfo.org\/index.php?rest_route=%2Fwp%2Fv2%2Ftags&post=4885"}],"curies":[{"name":"wp","href":"https:\/\/api.w.org\/{rel}","templated":true}]}}