{"id":4868,"date":"2025-07-23T09:04:59","date_gmt":"2025-07-23T07:04:59","guid":{"rendered":"https:\/\/veritasinfo.org\/?p=4868"},"modified":"2025-07-23T09:04:59","modified_gmt":"2025-07-23T07:04:59","slug":"mergimtaret-kalojne-pa-vonesa-ne-kufijte-e-kosoves","status":"publish","type":"post","link":"https:\/\/veritasinfo.org\/?p=4868","title":{"rendered":"M\u00ebrgimtar\u00ebt kalojn\u00eb pa vonesa n\u00eb kufijt\u00eb e Kosov\u00ebs"},"content":{"rendered":"<p>Prishtin\u00eb, 23 korrik 2025<\/p>\n<p>T\u00eb m\u00ebrkur\u00ebn, n\u00eb pikat kufitare t\u00eb Kosov\u00ebs pritjet p\u00ebr hyrje dhe dalje jan\u00eb minimale.<br \/>\nSipas t\u00eb dh\u00ebnave t\u00eb fundit nga Qendra Komb\u00ebtare p\u00ebr Menaxhim Kufitar, n\u00eb shumic\u00ebn e pikave kufitare pritjet nuk kalojn\u00eb pes\u00eb minuta. P\u00ebrjashtim b\u00ebn pika kufitare n\u00eb Dheu i Bardh\u00eb, ku pritjet p\u00ebr t\u00eb dal\u00eb nga Kosova arrijn\u00eb deri n\u00eb dhjet\u00eb minuta.<\/p>\n<p>N\u00eb t\u00eb gjitha pikat e tjera kufitare situata paraqitet e qet\u00eb dhe pa vonesa t\u00eb m\u00ebdha.<\/p>\n","protected":false},"excerpt":{"rendered":"<p>Prishtin\u00eb, 23 korrik 2025 T\u00eb m\u00ebrkur\u00ebn, n\u00eb pikat kufitare t\u00eb Kosov\u00ebs pritjet p\u00ebr hyrje dhe dalje jan\u00eb minimale. Sipas t\u00eb dh\u00ebnave t\u00eb fundit nga Qendra<\/p>\n","protected":false},"author":1,"featured_media":4869,"comment_status":"open","ping_status":"open","sticky":false,"template":"","format":"standard","meta":{"footnotes":""},"categories":[60],"tags":[],"class_list":["post-4868","post","type-post","status-publish","format-standard","has-post-thumbnail","hentry","category-shoqerore-sq"],"yoast_head":"<!-- This site is optimized with the Yoast SEO plugin v25.3.1 - https:\/\/yoast.com\/wordpress\/plugins\/seo\/ -->\n<title>M\u00ebrgimtar\u00ebt kalojn\u00eb pa vonesa n\u00eb kufijt\u00eb e Kosov\u00ebs -<\/title>\n<meta name=\"robots\" content=\"index, follow, max-snippet:-1, max-image-preview:large, max-video-preview:-1\" \/>\n<link rel=\"canonical\" href=\"https:\/\/veritasinfo.org\/?p=4868\" \/>\n<meta property=\"og:locale\" content=\"en_US\" \/>\n<meta property=\"og:type\" content=\"article\" \/>\n<meta property=\"og:title\" content=\"M\u00ebrgimtar\u00ebt kalojn\u00eb pa vonesa n\u00eb kufijt\u00eb e Kosov\u00ebs -\" \/>\n<meta property=\"og:description\" content=\"Prishtin\u00eb, 23 korrik 2025 T\u00eb m\u00ebrkur\u00ebn, n\u00eb pikat kufitare t\u00eb Kosov\u00ebs pritjet p\u00ebr hyrje dhe dalje jan\u00eb minimale. Sipas t\u00eb dh\u00ebnave t\u00eb fundit nga Qendra\" \/>\n<meta property=\"og:url\" content=\"https:\/\/veritasinfo.org\/?p=4868\" \/>\n<meta property=\"article:published_time\" content=\"2025-07-23T07:04:59+00:00\" \/>\n<meta property=\"og:image\" content=\"https:\/\/veritasinfo.org\/wp-content\/uploads\/2025\/07\/IMG_1706.png\" \/>\n\t<meta property=\"og:image:width\" content=\"400\" \/>\n\t<meta property=\"og:image:height\" content=\"200\" \/>\n\t<meta property=\"og:image:type\" content=\"image\/png\" \/>\n<meta name=\"author\" content=\"admin\" \/>\n<meta name=\"twitter:card\" content=\"summary_large_image\" \/>\n<meta name=\"twitter:label1\" content=\"Written by\" \/>\n\t<meta name=\"twitter:data1\" content=\"admin\" \/>\n\t<meta name=\"twitter:label2\" content=\"Est. reading time\" \/>\n\t<meta name=\"twitter:data2\" content=\"1 minute\" \/>\n<script type=\"application\/ld+json\" class=\"yoast-schema-graph\">{\"@context\":\"https:\/\/schema.org\",\"@graph\":[{\"@type\":\"WebPage\",\"@id\":\"https:\/\/veritasinfo.org\/?p=4868\",\"url\":\"https:\/\/veritasinfo.org\/?p=4868\",\"name\":\"M\u00ebrgimtar\u00ebt kalojn\u00eb pa vonesa n\u00eb kufijt\u00eb e Kosov\u00ebs -\",\"isPartOf\":{\"@id\":\"https:\/\/veritasinfo.org\/#website\"},\"primaryImageOfPage\":{\"@id\":\"https:\/\/veritasinfo.org\/?p=4868#primaryimage\"},\"image\":{\"@id\":\"https:\/\/veritasinfo.org\/?p=4868#primaryimage\"},\"thumbnailUrl\":\"https:\/\/veritasinfo.org\/wp-content\/uploads\/2025\/07\/IMG_1706.png\",\"datePublished\":\"2025-07-23T07:04:59+00:00\",\"author\":{\"@id\":\"https:\/\/veritasinfo.org\/#\/schema\/person\/7701f8c088bece422266b100a712374f\"},\"breadcrumb\":{\"@id\":\"https:\/\/veritasinfo.org\/?p=4868#breadcrumb\"},\"inLanguage\":\"en-US\",\"potentialAction\":[{\"@type\":\"ReadAction\",\"target\":[\"https:\/\/veritasinfo.org\/?p=4868\"]}]},{\"@type\":\"ImageObject\",\"inLanguage\":\"en-US\",\"@id\":\"https:\/\/veritasinfo.org\/?p=4868#primaryimage\",\"url\":\"https:\/\/veritasinfo.org\/wp-content\/uploads\/2025\/07\/IMG_1706.png\",\"contentUrl\":\"https:\/\/veritasinfo.org\/wp-content\/uploads\/2025\/07\/IMG_1706.png\",\"width\":400,\"height\":200},{\"@type\":\"BreadcrumbList\",\"@id\":\"https:\/\/veritasinfo.org\/?p=4868#breadcrumb\",\"itemListElement\":[{\"@type\":\"ListItem\",\"position\":1,\"name\":\"Home\",\"item\":\"https:\/\/veritasinfo.org\/\"},{\"@type\":\"ListItem\",\"position\":2,\"name\":\"M\u00ebrgimtar\u00ebt kalojn\u00eb pa vonesa n\u00eb kufijt\u00eb e Kosov\u00ebs\"}]},{\"@type\":\"WebSite\",\"@id\":\"https:\/\/veritasinfo.org\/#website\",\"url\":\"https:\/\/veritasinfo.org\/\",\"name\":\"\",\"description\":\"\",\"potentialAction\":[{\"@type\":\"SearchAction\",\"target\":{\"@type\":\"EntryPoint\",\"urlTemplate\":\"https:\/\/veritasinfo.org\/?s={search_term_string}\"},\"query-input\":{\"@type\":\"PropertyValueSpecification\",\"valueRequired\":true,\"valueName\":\"search_term_string\"}}],\"inLanguage\":\"en-US\"},{\"@type\":\"Person\",\"@id\":\"https:\/\/veritasinfo.org\/#\/schema\/person\/7701f8c088bece422266b100a712374f\",\"name\":\"admin\",\"image\":{\"@type\":\"ImageObject\",\"inLanguage\":\"en-US\",\"@id\":\"https:\/\/veritasinfo.org\/#\/schema\/person\/image\/\",\"url\":\"https:\/\/secure.gravatar.com\/avatar\/ea53aa3bf6c9a12d5fde8ce4deff43fef3885ae33cf60184161a50d6987cfd2f?s=96&d=mm&r=g\",\"contentUrl\":\"https:\/\/secure.gravatar.com\/avatar\/ea53aa3bf6c9a12d5fde8ce4deff43fef3885ae33cf60184161a50d6987cfd2f?s=96&d=mm&r=g\",\"caption\":\"admin\"},\"sameAs\":[\"https:\/\/veritasinfo.org\"],\"url\":\"https:\/\/veritasinfo.org\/?author=1\"}]}<\/script>\n<!-- \/ Yoast SEO plugin. -->","yoast_head_json":{"title":"M\u00ebrgimtar\u00ebt kalojn\u00eb pa vonesa n\u00eb kufijt\u00eb e Kosov\u00ebs -","robots":{"index":"index","follow":"follow","max-snippet":"max-snippet:-1","max-image-preview":"max-image-preview:large","max-video-preview":"max-video-preview:-1"},"canonical":"https:\/\/veritasinfo.org\/?p=4868","og_locale":"en_US","og_type":"article","og_title":"M\u00ebrgimtar\u00ebt kalojn\u00eb pa vonesa n\u00eb kufijt\u00eb e Kosov\u00ebs -","og_description":"Prishtin\u00eb, 23 korrik 2025 T\u00eb m\u00ebrkur\u00ebn, n\u00eb pikat kufitare t\u00eb Kosov\u00ebs pritjet p\u00ebr hyrje dhe dalje jan\u00eb minimale. Sipas t\u00eb dh\u00ebnave t\u00eb fundit nga Qendra","og_url":"https:\/\/veritasinfo.org\/?p=4868","article_published_time":"2025-07-23T07:04:59+00:00","og_image":[{"width":400,"height":200,"url":"https:\/\/veritasinfo.org\/wp-content\/uploads\/2025\/07\/IMG_1706.png","type":"image\/png"}],"author":"admin","twitter_card":"summary_large_image","twitter_misc":{"Written by":"admin","Est. reading time":"1 minute"},"schema":{"@context":"https:\/\/schema.org","@graph":[{"@type":"WebPage","@id":"https:\/\/veritasinfo.org\/?p=4868","url":"https:\/\/veritasinfo.org\/?p=4868","name":"M\u00ebrgimtar\u00ebt kalojn\u00eb pa vonesa n\u00eb kufijt\u00eb e Kosov\u00ebs -","isPartOf":{"@id":"https:\/\/veritasinfo.org\/#website"},"primaryImageOfPage":{"@id":"https:\/\/veritasinfo.org\/?p=4868#primaryimage"},"image":{"@id":"https:\/\/veritasinfo.org\/?p=4868#primaryimage"},"thumbnailUrl":"https:\/\/veritasinfo.org\/wp-content\/uploads\/2025\/07\/IMG_1706.png","datePublished":"2025-07-23T07:04:59+00:00","author":{"@id":"https:\/\/veritasinfo.org\/#\/schema\/person\/7701f8c088bece422266b100a712374f"},"breadcrumb":{"@id":"https:\/\/veritasinfo.org\/?p=4868#breadcrumb"},"inLanguage":"en-US","potentialAction":[{"@type":"ReadAction","target":["https:\/\/veritasinfo.org\/?p=4868"]}]},{"@type":"ImageObject","inLanguage":"en-US","@id":"https:\/\/veritasinfo.org\/?p=4868#primaryimage","url":"https:\/\/veritasinfo.org\/wp-content\/uploads\/2025\/07\/IMG_1706.png","contentUrl":"https:\/\/veritasinfo.org\/wp-content\/uploads\/2025\/07\/IMG_1706.png","width":400,"height":200},{"@type":"BreadcrumbList","@id":"https:\/\/veritasinfo.org\/?p=4868#breadcrumb","itemListElement":[{"@type":"ListItem","position":1,"name":"Home","item":"https:\/\/veritasinfo.org\/"},{"@type":"ListItem","position":2,"name":"M\u00ebrgimtar\u00ebt kalojn\u00eb pa vonesa n\u00eb kufijt\u00eb e Kosov\u00ebs"}]},{"@type":"WebSite","@id":"https:\/\/veritasinfo.org\/#website","url":"https:\/\/veritasinfo.org\/","name":"","description":"","potentialAction":[{"@type":"SearchAction","target":{"@type":"EntryPoint","urlTemplate":"https:\/\/veritasinfo.org\/?s={search_term_string}"},"query-input":{"@type":"PropertyValueSpecification","valueRequired":true,"valueName":"search_term_string"}}],"inLanguage":"en-US"},{"@type":"Person","@id":"https:\/\/veritasinfo.org\/#\/schema\/person\/7701f8c088bece422266b100a712374f","name":"admin","image":{"@type":"ImageObject","inLanguage":"en-US","@id":"https:\/\/veritasinfo.org\/#\/schema\/person\/image\/","url":"https:\/\/secure.gravatar.com\/avatar\/ea53aa3bf6c9a12d5fde8ce4deff43fef3885ae33cf60184161a50d6987cfd2f?s=96&d=mm&r=g","contentUrl":"https:\/\/secure.gravatar.com\/avatar\/ea53aa3bf6c9a12d5fde8ce4deff43fef3885ae33cf60184161a50d6987cfd2f?s=96&d=mm&r=g","caption":"admin"},"sameAs":["https:\/\/veritasinfo.org"],"url":"https:\/\/veritasinfo.org\/?author=1"}]}},"featured_image_urls":{"full":["https:\/\/veritasinfo.org\/wp-content\/uploads\/2025\/07\/IMG_1706.png",400,200,false],"thumbnail":["https:\/\/veritasinfo.org\/wp-content\/uploads\/2025\/07\/IMG_1706-150x150.png",150,150,true],"medium":["https:\/\/veritasinfo.org\/wp-content\/uploads\/2025\/07\/IMG_1706-300x150.png",300,150,true],"medium_large":["https:\/\/veritasinfo.org\/wp-content\/uploads\/2025\/07\/IMG_1706.png",400,200,false],"large":["https:\/\/veritasinfo.org\/wp-content\/uploads\/2025\/07\/IMG_1706.png",400,200,false],"1536x1536":["https:\/\/veritasinfo.org\/wp-content\/uploads\/2025\/07\/IMG_1706.png",400,200,false],"2048x2048":["https:\/\/veritasinfo.org\/wp-content\/uploads\/2025\/07\/IMG_1706.png",400,200,false],"kreeti-slider-full":["https:\/\/veritasinfo.org\/wp-content\/uploads\/2025\/07\/IMG_1706.png",400,200,false],"kreeti-featured":["https:\/\/veritasinfo.org\/wp-content\/uploads\/2025\/07\/IMG_1706.png",400,200,false],"kreeti-medium":["https:\/\/veritasinfo.org\/wp-content\/uploads\/2025\/07\/IMG_1706.png",400,200,false],"kreeti-medium-square":["https:\/\/veritasinfo.org\/wp-content\/uploads\/2025\/07\/IMG_1706.png",350,175,false]},"author_info":{"info":["admin"]},"category_info":"<a href=\"https:\/\/veritasinfo.org\/?cat=60\" rel=\"category\">Shoq\u00ebrore<\/a>","tag_info":"Shoq\u00ebrore","comment_count":"0","_links":{"self":[{"href":"https:\/\/veritasinfo.org\/index.php?rest_route=\/wp\/v2\/posts\/4868","targetHints":{"allow":["GET"]}}],"collection":[{"href":"https:\/\/veritasinfo.org\/index.php?rest_route=\/wp\/v2\/posts"}],"about":[{"href":"https:\/\/veritasinfo.org\/index.php?rest_route=\/wp\/v2\/types\/post"}],"author":[{"embeddable":true,"href":"https:\/\/veritasinfo.org\/index.php?rest_route=\/wp\/v2\/users\/1"}],"replies":[{"embeddable":true,"href":"https:\/\/veritasinfo.org\/index.php?rest_route=%2Fwp%2Fv2%2Fcomments&post=4868"}],"version-history":[{"count":1,"href":"https:\/\/veritasinfo.org\/index.php?rest_route=\/wp\/v2\/posts\/4868\/revisions"}],"predecessor-version":[{"id":4870,"href":"https:\/\/veritasinfo.org\/index.php?rest_route=\/wp\/v2\/posts\/4868\/revisions\/4870"}],"wp:featuredmedia":[{"embeddable":true,"href":"https:\/\/veritasinfo.org\/index.php?rest_route=\/wp\/v2\/media\/4869"}],"wp:attachment":[{"href":"https:\/\/veritasinfo.org\/index.php?rest_route=%2Fwp%2Fv2%2Fmedia&parent=4868"}],"wp:term":[{"taxonomy":"category","embeddable":true,"href":"https:\/\/veritasinfo.org\/index.php?rest_route=%2Fwp%2Fv2%2Fcategories&post=4868"},{"taxonomy":"post_tag","embeddable":true,"href":"https:\/\/veritasinfo.org\/index.php?rest_route=%2Fwp%2Fv2%2Ftags&post=4868"}],"curies":[{"name":"wp","href":"https:\/\/api.w.org\/{rel}","templated":true}]}}