{"id":4863,"date":"2025-07-23T08:30:29","date_gmt":"2025-07-23T06:30:29","guid":{"rendered":"https:\/\/veritasinfo.org\/?p=4863"},"modified":"2025-07-23T08:30:29","modified_gmt":"2025-07-23T06:30:29","slug":"media-serbe-lulzim-halili-i-arrestuar-ne-serbi-akuzohet-per-krime-lufte-dhe-sulm-ne-karraullen-e-koshares","status":"publish","type":"post","link":"https:\/\/veritasinfo.org\/?p=4863","title":{"rendered":"Media serbe&#8221; Lulzim Halili i arrestuar n\u00eb Serbi akuzohet p\u00ebr krime lufte dhe sulm n\u00eb Karraull\u00ebn e Koshares"},"content":{"rendered":"<p>Svilajnac. 23 korrik 2025<\/p>\n<p>Ish pjes\u00ebtari i U\u00c7K-s\u00eb Lulzim Halili \u00ebsht\u00eb arrestuar mbr\u00ebmjen e djeshme n\u00eb territorin e Serbis\u00eb, konkretisht n\u00eb Svilajnac.<br \/>\nAi u arrestua n\u00eb nj\u00eb aksion t\u00eb p\u00ebrbashk\u00ebt t\u00eb Agjencis\u00eb s\u00eb Siguris\u00eb dhe Informacionit (BIA), Sh\u00ebrbimit t\u00eb Zbulimit t\u00eb Krimeve t\u00eb Luft\u00ebs t\u00eb MUP-it t\u00eb Serbis\u00eb, n\u00eb bashk\u00ebpunim me Prokurorin\u00eb e Krimeve t\u00eb Luft\u00ebs.<br \/>\nMediat serbe raportojn\u00eb se Halili u arrestua sipas tyre, si i dyshuar p\u00ebr krime kund\u00ebr njer\u00ebzimit.<\/p>\n<p>Akuzat e ngarkojn\u00eb at\u00eb si pjes\u00ebtar t\u00eb shquar t\u00eb Ushtris\u00eb \u00c7lirimtare t\u00eb Kosov\u00ebs (U\u00c7K), e cila vepronte n\u00eb zon\u00ebn e Pej\u00ebs, Prishtin\u00ebs dhe Gjakov\u00ebs dhe sipas mediave serbe ishte i p\u00ebrfshir\u00eb n\u00eb sulmin ndaj post\u00ebs s\u00eb Ushtris\u00eb Jugosllave n\u00eb Koshare.<br \/>\nN\u00eb konsultim me Prokurorin\u00eb p\u00ebr Krime Lufte, i dyshuari u ndalua deri n\u00eb 48 or\u00eb dhe do t\u00eb sillet n\u00eb prokurorin\u00eb kompetente me nj\u00eb kall\u00ebzim penal.<br \/>\nArrestimi i Lulzim Halilit vjen vet\u00ebm pak dit\u00eb pasi Presidenti serb Aleksander Vu\u00e7i\u00e7 deklaroi se arrestimi i Igor Popoviq-it do t\u00eb sjell\u00eb pasoja t\u00eb paparashikueshme.<\/p>\n<p>Nderkaq, pas k\u00ebtyre deklaratave, para dy dit\u00ebve n\u00eb nj\u00eb konferenc\u00eb per shtyp, kryeministri n\u00eb mandat teknik, Albin Kurti, u kishte b\u00ebr\u00eb thirrje shtetasve t\u00eb Republik\u00ebs s\u00eb Kosov\u00eb q\u00eb t&#8217;i shmangin udh\u00ebtimet n\u00ebp\u00ebr teritorine Serbis\u00eb.<\/p>\n","protected":false},"excerpt":{"rendered":"<p>Svilajnac. 23 korrik 2025 Ish pjes\u00ebtari i U\u00c7K-s\u00eb Lulzim Halili \u00ebsht\u00eb arrestuar mbr\u00ebmjen e djeshme n\u00eb territorin e Serbis\u00eb, konkretisht n\u00eb Svilajnac. Ai u arrestua<\/p>\n","protected":false},"author":1,"featured_media":4844,"comment_status":"open","ping_status":"open","sticky":false,"template":"","format":"standard","meta":{"footnotes":""},"categories":[58],"tags":[],"class_list":["post-4863","post","type-post","status-publish","format-standard","has-post-thumbnail","hentry","category-politike-sq"],"yoast_head":"<!-- This site is optimized with the Yoast SEO plugin v25.3.1 - https:\/\/yoast.com\/wordpress\/plugins\/seo\/ -->\n<title>Media serbe&quot; Lulzim Halili i arrestuar n\u00eb Serbi akuzohet p\u00ebr krime lufte dhe sulm n\u00eb Karraull\u00ebn e Koshares -<\/title>\n<meta name=\"robots\" content=\"index, follow, max-snippet:-1, max-image-preview:large, max-video-preview:-1\" \/>\n<link rel=\"canonical\" href=\"https:\/\/veritasinfo.org\/?p=4863\" \/>\n<meta property=\"og:locale\" content=\"en_US\" \/>\n<meta property=\"og:type\" content=\"article\" \/>\n<meta property=\"og:title\" content=\"Media serbe&quot; Lulzim Halili i arrestuar n\u00eb Serbi akuzohet p\u00ebr krime lufte dhe sulm n\u00eb Karraull\u00ebn e Koshares -\" \/>\n<meta property=\"og:description\" content=\"Svilajnac. 23 korrik 2025 Ish pjes\u00ebtari i U\u00c7K-s\u00eb Lulzim Halili \u00ebsht\u00eb arrestuar mbr\u00ebmjen e djeshme n\u00eb territorin e Serbis\u00eb, konkretisht n\u00eb Svilajnac. Ai u arrestua\" \/>\n<meta property=\"og:url\" content=\"https:\/\/veritasinfo.org\/?p=4863\" \/>\n<meta property=\"article:published_time\" content=\"2025-07-23T06:30:29+00:00\" \/>\n<meta property=\"og:image\" content=\"https:\/\/veritasinfo.org\/wp-content\/uploads\/2025\/07\/IMG_2240.webp\" \/>\n\t<meta property=\"og:image:width\" content=\"692\" \/>\n\t<meta property=\"og:image:height\" content=\"400\" \/>\n\t<meta property=\"og:image:type\" content=\"image\/webp\" \/>\n<meta name=\"author\" content=\"admin\" \/>\n<meta name=\"twitter:card\" content=\"summary_large_image\" \/>\n<meta name=\"twitter:label1\" content=\"Written by\" \/>\n\t<meta name=\"twitter:data1\" content=\"admin\" \/>\n\t<meta name=\"twitter:label2\" content=\"Est. reading time\" \/>\n\t<meta name=\"twitter:data2\" content=\"2 minutes\" \/>\n<script type=\"application\/ld+json\" class=\"yoast-schema-graph\">{\"@context\":\"https:\/\/schema.org\",\"@graph\":[{\"@type\":\"WebPage\",\"@id\":\"https:\/\/veritasinfo.org\/?p=4863\",\"url\":\"https:\/\/veritasinfo.org\/?p=4863\",\"name\":\"Media serbe\\\" Lulzim Halili i arrestuar n\u00eb Serbi akuzohet p\u00ebr krime lufte dhe sulm n\u00eb Karraull\u00ebn e Koshares -\",\"isPartOf\":{\"@id\":\"https:\/\/veritasinfo.org\/#website\"},\"primaryImageOfPage\":{\"@id\":\"https:\/\/veritasinfo.org\/?p=4863#primaryimage\"},\"image\":{\"@id\":\"https:\/\/veritasinfo.org\/?p=4863#primaryimage\"},\"thumbnailUrl\":\"https:\/\/veritasinfo.org\/wp-content\/uploads\/2025\/07\/IMG_2240.webp\",\"datePublished\":\"2025-07-23T06:30:29+00:00\",\"author\":{\"@id\":\"https:\/\/veritasinfo.org\/#\/schema\/person\/7701f8c088bece422266b100a712374f\"},\"breadcrumb\":{\"@id\":\"https:\/\/veritasinfo.org\/?p=4863#breadcrumb\"},\"inLanguage\":\"en-US\",\"potentialAction\":[{\"@type\":\"ReadAction\",\"target\":[\"https:\/\/veritasinfo.org\/?p=4863\"]}]},{\"@type\":\"ImageObject\",\"inLanguage\":\"en-US\",\"@id\":\"https:\/\/veritasinfo.org\/?p=4863#primaryimage\",\"url\":\"https:\/\/veritasinfo.org\/wp-content\/uploads\/2025\/07\/IMG_2240.webp\",\"contentUrl\":\"https:\/\/veritasinfo.org\/wp-content\/uploads\/2025\/07\/IMG_2240.webp\",\"width\":692,\"height\":400},{\"@type\":\"BreadcrumbList\",\"@id\":\"https:\/\/veritasinfo.org\/?p=4863#breadcrumb\",\"itemListElement\":[{\"@type\":\"ListItem\",\"position\":1,\"name\":\"Home\",\"item\":\"https:\/\/veritasinfo.org\/\"},{\"@type\":\"ListItem\",\"position\":2,\"name\":\"Media serbe&#8221; Lulzim Halili i arrestuar n\u00eb Serbi akuzohet p\u00ebr krime lufte dhe sulm n\u00eb Karraull\u00ebn e Koshares\"}]},{\"@type\":\"WebSite\",\"@id\":\"https:\/\/veritasinfo.org\/#website\",\"url\":\"https:\/\/veritasinfo.org\/\",\"name\":\"\",\"description\":\"\",\"potentialAction\":[{\"@type\":\"SearchAction\",\"target\":{\"@type\":\"EntryPoint\",\"urlTemplate\":\"https:\/\/veritasinfo.org\/?s={search_term_string}\"},\"query-input\":{\"@type\":\"PropertyValueSpecification\",\"valueRequired\":true,\"valueName\":\"search_term_string\"}}],\"inLanguage\":\"en-US\"},{\"@type\":\"Person\",\"@id\":\"https:\/\/veritasinfo.org\/#\/schema\/person\/7701f8c088bece422266b100a712374f\",\"name\":\"admin\",\"image\":{\"@type\":\"ImageObject\",\"inLanguage\":\"en-US\",\"@id\":\"https:\/\/veritasinfo.org\/#\/schema\/person\/image\/\",\"url\":\"https:\/\/secure.gravatar.com\/avatar\/ea53aa3bf6c9a12d5fde8ce4deff43fef3885ae33cf60184161a50d6987cfd2f?s=96&d=mm&r=g\",\"contentUrl\":\"https:\/\/secure.gravatar.com\/avatar\/ea53aa3bf6c9a12d5fde8ce4deff43fef3885ae33cf60184161a50d6987cfd2f?s=96&d=mm&r=g\",\"caption\":\"admin\"},\"sameAs\":[\"https:\/\/veritasinfo.org\"],\"url\":\"https:\/\/veritasinfo.org\/?author=1\"}]}<\/script>\n<!-- \/ Yoast SEO plugin. -->","yoast_head_json":{"title":"Media serbe\" Lulzim Halili i arrestuar n\u00eb Serbi akuzohet p\u00ebr krime lufte dhe sulm n\u00eb Karraull\u00ebn e Koshares -","robots":{"index":"index","follow":"follow","max-snippet":"max-snippet:-1","max-image-preview":"max-image-preview:large","max-video-preview":"max-video-preview:-1"},"canonical":"https:\/\/veritasinfo.org\/?p=4863","og_locale":"en_US","og_type":"article","og_title":"Media serbe\" Lulzim Halili i arrestuar n\u00eb Serbi akuzohet p\u00ebr krime lufte dhe sulm n\u00eb Karraull\u00ebn e Koshares -","og_description":"Svilajnac. 23 korrik 2025 Ish pjes\u00ebtari i U\u00c7K-s\u00eb Lulzim Halili \u00ebsht\u00eb arrestuar mbr\u00ebmjen e djeshme n\u00eb territorin e Serbis\u00eb, konkretisht n\u00eb Svilajnac. Ai u arrestua","og_url":"https:\/\/veritasinfo.org\/?p=4863","article_published_time":"2025-07-23T06:30:29+00:00","og_image":[{"width":692,"height":400,"url":"https:\/\/veritasinfo.org\/wp-content\/uploads\/2025\/07\/IMG_2240.webp","type":"image\/webp"}],"author":"admin","twitter_card":"summary_large_image","twitter_misc":{"Written by":"admin","Est. reading time":"2 minutes"},"schema":{"@context":"https:\/\/schema.org","@graph":[{"@type":"WebPage","@id":"https:\/\/veritasinfo.org\/?p=4863","url":"https:\/\/veritasinfo.org\/?p=4863","name":"Media serbe\" Lulzim Halili i arrestuar n\u00eb Serbi akuzohet p\u00ebr krime lufte dhe sulm n\u00eb Karraull\u00ebn e Koshares -","isPartOf":{"@id":"https:\/\/veritasinfo.org\/#website"},"primaryImageOfPage":{"@id":"https:\/\/veritasinfo.org\/?p=4863#primaryimage"},"image":{"@id":"https:\/\/veritasinfo.org\/?p=4863#primaryimage"},"thumbnailUrl":"https:\/\/veritasinfo.org\/wp-content\/uploads\/2025\/07\/IMG_2240.webp","datePublished":"2025-07-23T06:30:29+00:00","author":{"@id":"https:\/\/veritasinfo.org\/#\/schema\/person\/7701f8c088bece422266b100a712374f"},"breadcrumb":{"@id":"https:\/\/veritasinfo.org\/?p=4863#breadcrumb"},"inLanguage":"en-US","potentialAction":[{"@type":"ReadAction","target":["https:\/\/veritasinfo.org\/?p=4863"]}]},{"@type":"ImageObject","inLanguage":"en-US","@id":"https:\/\/veritasinfo.org\/?p=4863#primaryimage","url":"https:\/\/veritasinfo.org\/wp-content\/uploads\/2025\/07\/IMG_2240.webp","contentUrl":"https:\/\/veritasinfo.org\/wp-content\/uploads\/2025\/07\/IMG_2240.webp","width":692,"height":400},{"@type":"BreadcrumbList","@id":"https:\/\/veritasinfo.org\/?p=4863#breadcrumb","itemListElement":[{"@type":"ListItem","position":1,"name":"Home","item":"https:\/\/veritasinfo.org\/"},{"@type":"ListItem","position":2,"name":"Media serbe&#8221; Lulzim Halili i arrestuar n\u00eb Serbi akuzohet p\u00ebr krime lufte dhe sulm n\u00eb Karraull\u00ebn e Koshares"}]},{"@type":"WebSite","@id":"https:\/\/veritasinfo.org\/#website","url":"https:\/\/veritasinfo.org\/","name":"","description":"","potentialAction":[{"@type":"SearchAction","target":{"@type":"EntryPoint","urlTemplate":"https:\/\/veritasinfo.org\/?s={search_term_string}"},"query-input":{"@type":"PropertyValueSpecification","valueRequired":true,"valueName":"search_term_string"}}],"inLanguage":"en-US"},{"@type":"Person","@id":"https:\/\/veritasinfo.org\/#\/schema\/person\/7701f8c088bece422266b100a712374f","name":"admin","image":{"@type":"ImageObject","inLanguage":"en-US","@id":"https:\/\/veritasinfo.org\/#\/schema\/person\/image\/","url":"https:\/\/secure.gravatar.com\/avatar\/ea53aa3bf6c9a12d5fde8ce4deff43fef3885ae33cf60184161a50d6987cfd2f?s=96&d=mm&r=g","contentUrl":"https:\/\/secure.gravatar.com\/avatar\/ea53aa3bf6c9a12d5fde8ce4deff43fef3885ae33cf60184161a50d6987cfd2f?s=96&d=mm&r=g","caption":"admin"},"sameAs":["https:\/\/veritasinfo.org"],"url":"https:\/\/veritasinfo.org\/?author=1"}]}},"featured_image_urls":{"full":["https:\/\/veritasinfo.org\/wp-content\/uploads\/2025\/07\/IMG_2240.webp",692,400,false],"thumbnail":["https:\/\/veritasinfo.org\/wp-content\/uploads\/2025\/07\/IMG_2240-150x150.webp",150,150,true],"medium":["https:\/\/veritasinfo.org\/wp-content\/uploads\/2025\/07\/IMG_2240-300x173.webp",300,173,true],"medium_large":["https:\/\/veritasinfo.org\/wp-content\/uploads\/2025\/07\/IMG_2240.webp",640,370,false],"large":["https:\/\/veritasinfo.org\/wp-content\/uploads\/2025\/07\/IMG_2240.webp",640,370,false],"1536x1536":["https:\/\/veritasinfo.org\/wp-content\/uploads\/2025\/07\/IMG_2240.webp",692,400,false],"2048x2048":["https:\/\/veritasinfo.org\/wp-content\/uploads\/2025\/07\/IMG_2240.webp",692,400,false],"kreeti-slider-full":["https:\/\/veritasinfo.org\/wp-content\/uploads\/2025\/07\/IMG_2240.webp",692,400,false],"kreeti-featured":["https:\/\/veritasinfo.org\/wp-content\/uploads\/2025\/07\/IMG_2240.webp",692,400,false],"kreeti-medium":["https:\/\/veritasinfo.org\/wp-content\/uploads\/2025\/07\/IMG_2240.webp",692,400,false],"kreeti-medium-square":["https:\/\/veritasinfo.org\/wp-content\/uploads\/2025\/07\/IMG_2240.webp",350,202,false]},"author_info":{"info":["admin"]},"category_info":"<a href=\"https:\/\/veritasinfo.org\/?cat=58\" rel=\"category\">Politik\u00eb<\/a>","tag_info":"Politik\u00eb","comment_count":"0","_links":{"self":[{"href":"https:\/\/veritasinfo.org\/index.php?rest_route=\/wp\/v2\/posts\/4863","targetHints":{"allow":["GET"]}}],"collection":[{"href":"https:\/\/veritasinfo.org\/index.php?rest_route=\/wp\/v2\/posts"}],"about":[{"href":"https:\/\/veritasinfo.org\/index.php?rest_route=\/wp\/v2\/types\/post"}],"author":[{"embeddable":true,"href":"https:\/\/veritasinfo.org\/index.php?rest_route=\/wp\/v2\/users\/1"}],"replies":[{"embeddable":true,"href":"https:\/\/veritasinfo.org\/index.php?rest_route=%2Fwp%2Fv2%2Fcomments&post=4863"}],"version-history":[{"count":1,"href":"https:\/\/veritasinfo.org\/index.php?rest_route=\/wp\/v2\/posts\/4863\/revisions"}],"predecessor-version":[{"id":4864,"href":"https:\/\/veritasinfo.org\/index.php?rest_route=\/wp\/v2\/posts\/4863\/revisions\/4864"}],"wp:featuredmedia":[{"embeddable":true,"href":"https:\/\/veritasinfo.org\/index.php?rest_route=\/wp\/v2\/media\/4844"}],"wp:attachment":[{"href":"https:\/\/veritasinfo.org\/index.php?rest_route=%2Fwp%2Fv2%2Fmedia&parent=4863"}],"wp:term":[{"taxonomy":"category","embeddable":true,"href":"https:\/\/veritasinfo.org\/index.php?rest_route=%2Fwp%2Fv2%2Fcategories&post=4863"},{"taxonomy":"post_tag","embeddable":true,"href":"https:\/\/veritasinfo.org\/index.php?rest_route=%2Fwp%2Fv2%2Ftags&post=4863"}],"curies":[{"name":"wp","href":"https:\/\/api.w.org\/{rel}","templated":true}]}}