{"id":4856,"date":"2025-07-23T07:57:50","date_gmt":"2025-07-23T05:57:50","guid":{"rendered":"https:\/\/veritasinfo.org\/?p=4856"},"modified":"2025-07-23T07:58:54","modified_gmt":"2025-07-23T05:58:54","slug":"maqedonci-pjesemarrja-ne-panairin-e-stambollit-mundesi-per-avancim","status":"publish","type":"post","link":"https:\/\/veritasinfo.org\/?p=4856","title":{"rendered":"Maqedonci: Pjes\u00ebmarrja n\u00eb Panairin e Stambollit, mund\u00ebsi p\u00ebr avancim"},"content":{"rendered":"<p>Stamboll, 23 Korrik 2025<\/p>\n<p><strong>Ministri n\u00eb detyr\u00eb i Mbrojtjes, Ejup Maqedonci, ka vler\u00ebsuar Panairin e Industris\u00eb s\u00eb Mbrojtjes n\u00eb Stamboll, si mund\u00ebsi p\u00ebr avancim t\u00eb kapaciteteve t\u00eb mbrojtjes.<\/strong><\/p>\n<p>\u201cKy panair ofron nj\u00eb platform\u00eb t\u00eb shk\u00eblqyer p\u00ebr t\u00eb diskutuar avancimin e kapaciteteve logjistike dhe luftarake, si dhe p\u00ebr t\u00eb identifikuar mund\u00ebsi t\u00eb reja p\u00ebr investim dhe bashk\u00ebpunim. Q\u00ebllimi yn\u00eb afatgjat\u00eb mbetet forcimi i siguris\u00eb dhe mbrojtjes komb\u00ebtare p\u00ebrmes investimeve strategjike dhe zhvillimit t\u00eb infrastruktur\u00ebs s\u00eb nevojshme\u201d, ka shkruar ai.<\/p>\n<p>Maqedonci ka takuar p\u00ebrfaq\u00ebsues t\u00eb kompanive prodhuese t\u00eb pajisjeve ushtarake, me q\u00ebllim t\u00eb intensifikimit t\u00eb marr\u00ebdh\u00ebnieve dhe eksplorimit t\u00eb mund\u00ebsive p\u00ebr furnizimin e ushtris\u00eb s\u00eb Kosov\u00ebs.<\/p>\n<p>\u201cPjes\u00ebmarrja n\u00eb k\u00ebt\u00eb panair \u00ebsht\u00eb nj\u00eb hap i r\u00ebnd\u00ebsish\u00ebm drejt p\u00ebrmir\u00ebsimit t\u00eb kapaciteteve tona dhe sigurimin e njohurive dhe teknologjis\u00eb m\u00eb t\u00eb avancuar p\u00ebr ushtrin\u00eb e Kosov\u00ebs. Ne jemi t\u00eb p\u00ebrkushtuar p\u00ebr t\u00eb nd\u00ebrtuar nj\u00eb t\u00eb ardhme m\u00eb t\u00eb sigurt p\u00ebr vendin ton\u00eb\u201d, ka shkruar Maqedonci.<\/p>\n","protected":false},"excerpt":{"rendered":"<p>Stamboll, 23 Korrik 2025 Ministri n\u00eb detyr\u00eb i Mbrojtjes, Ejup Maqedonci, ka vler\u00ebsuar Panairin e Industris\u00eb s\u00eb Mbrojtjes n\u00eb Stamboll, si mund\u00ebsi p\u00ebr avancim t\u00eb<\/p>\n","protected":false},"author":1,"featured_media":4857,"comment_status":"open","ping_status":"open","sticky":false,"template":"","format":"standard","meta":{"footnotes":""},"categories":[60],"tags":[],"class_list":["post-4856","post","type-post","status-publish","format-standard","has-post-thumbnail","hentry","category-shoqerore-sq"],"yoast_head":"<!-- This site is optimized with the Yoast SEO plugin v25.3.1 - https:\/\/yoast.com\/wordpress\/plugins\/seo\/ -->\n<title>Maqedonci: Pjes\u00ebmarrja n\u00eb Panairin e Stambollit, mund\u00ebsi p\u00ebr avancim -<\/title>\n<meta name=\"robots\" content=\"index, follow, max-snippet:-1, max-image-preview:large, max-video-preview:-1\" \/>\n<link rel=\"canonical\" href=\"https:\/\/veritasinfo.org\/?p=4856\" \/>\n<meta property=\"og:locale\" content=\"en_US\" \/>\n<meta property=\"og:type\" content=\"article\" \/>\n<meta property=\"og:title\" content=\"Maqedonci: Pjes\u00ebmarrja n\u00eb Panairin e Stambollit, mund\u00ebsi p\u00ebr avancim -\" \/>\n<meta property=\"og:description\" content=\"Stamboll, 23 Korrik 2025 Ministri n\u00eb detyr\u00eb i Mbrojtjes, Ejup Maqedonci, ka vler\u00ebsuar Panairin e Industris\u00eb s\u00eb Mbrojtjes n\u00eb Stamboll, si mund\u00ebsi p\u00ebr avancim t\u00eb\" \/>\n<meta property=\"og:url\" content=\"https:\/\/veritasinfo.org\/?p=4856\" \/>\n<meta property=\"article:published_time\" content=\"2025-07-23T05:57:50+00:00\" \/>\n<meta property=\"article:modified_time\" content=\"2025-07-23T05:58:54+00:00\" \/>\n<meta property=\"og:image\" content=\"https:\/\/veritasinfo.org\/wp-content\/uploads\/2025\/07\/IMG_2242.jpeg\" \/>\n\t<meta property=\"og:image:width\" content=\"780\" \/>\n\t<meta property=\"og:image:height\" content=\"500\" \/>\n\t<meta property=\"og:image:type\" content=\"image\/jpeg\" \/>\n<meta name=\"author\" content=\"admin\" \/>\n<meta name=\"twitter:card\" content=\"summary_large_image\" \/>\n<meta name=\"twitter:label1\" content=\"Written by\" \/>\n\t<meta name=\"twitter:data1\" content=\"admin\" \/>\n\t<meta name=\"twitter:label2\" content=\"Est. reading time\" \/>\n\t<meta name=\"twitter:data2\" content=\"1 minute\" \/>\n<script type=\"application\/ld+json\" class=\"yoast-schema-graph\">{\"@context\":\"https:\/\/schema.org\",\"@graph\":[{\"@type\":\"WebPage\",\"@id\":\"https:\/\/veritasinfo.org\/?p=4856\",\"url\":\"https:\/\/veritasinfo.org\/?p=4856\",\"name\":\"Maqedonci: Pjes\u00ebmarrja n\u00eb Panairin e Stambollit, mund\u00ebsi p\u00ebr avancim -\",\"isPartOf\":{\"@id\":\"https:\/\/veritasinfo.org\/#website\"},\"primaryImageOfPage\":{\"@id\":\"https:\/\/veritasinfo.org\/?p=4856#primaryimage\"},\"image\":{\"@id\":\"https:\/\/veritasinfo.org\/?p=4856#primaryimage\"},\"thumbnailUrl\":\"https:\/\/veritasinfo.org\/wp-content\/uploads\/2025\/07\/IMG_2242.jpeg\",\"datePublished\":\"2025-07-23T05:57:50+00:00\",\"dateModified\":\"2025-07-23T05:58:54+00:00\",\"author\":{\"@id\":\"https:\/\/veritasinfo.org\/#\/schema\/person\/7701f8c088bece422266b100a712374f\"},\"breadcrumb\":{\"@id\":\"https:\/\/veritasinfo.org\/?p=4856#breadcrumb\"},\"inLanguage\":\"en-US\",\"potentialAction\":[{\"@type\":\"ReadAction\",\"target\":[\"https:\/\/veritasinfo.org\/?p=4856\"]}]},{\"@type\":\"ImageObject\",\"inLanguage\":\"en-US\",\"@id\":\"https:\/\/veritasinfo.org\/?p=4856#primaryimage\",\"url\":\"https:\/\/veritasinfo.org\/wp-content\/uploads\/2025\/07\/IMG_2242.jpeg\",\"contentUrl\":\"https:\/\/veritasinfo.org\/wp-content\/uploads\/2025\/07\/IMG_2242.jpeg\",\"width\":780,\"height\":500},{\"@type\":\"BreadcrumbList\",\"@id\":\"https:\/\/veritasinfo.org\/?p=4856#breadcrumb\",\"itemListElement\":[{\"@type\":\"ListItem\",\"position\":1,\"name\":\"Home\",\"item\":\"https:\/\/veritasinfo.org\/\"},{\"@type\":\"ListItem\",\"position\":2,\"name\":\"Maqedonci: Pjes\u00ebmarrja n\u00eb Panairin e Stambollit, mund\u00ebsi p\u00ebr avancim\"}]},{\"@type\":\"WebSite\",\"@id\":\"https:\/\/veritasinfo.org\/#website\",\"url\":\"https:\/\/veritasinfo.org\/\",\"name\":\"\",\"description\":\"\",\"potentialAction\":[{\"@type\":\"SearchAction\",\"target\":{\"@type\":\"EntryPoint\",\"urlTemplate\":\"https:\/\/veritasinfo.org\/?s={search_term_string}\"},\"query-input\":{\"@type\":\"PropertyValueSpecification\",\"valueRequired\":true,\"valueName\":\"search_term_string\"}}],\"inLanguage\":\"en-US\"},{\"@type\":\"Person\",\"@id\":\"https:\/\/veritasinfo.org\/#\/schema\/person\/7701f8c088bece422266b100a712374f\",\"name\":\"admin\",\"image\":{\"@type\":\"ImageObject\",\"inLanguage\":\"en-US\",\"@id\":\"https:\/\/veritasinfo.org\/#\/schema\/person\/image\/\",\"url\":\"https:\/\/secure.gravatar.com\/avatar\/ea53aa3bf6c9a12d5fde8ce4deff43fef3885ae33cf60184161a50d6987cfd2f?s=96&d=mm&r=g\",\"contentUrl\":\"https:\/\/secure.gravatar.com\/avatar\/ea53aa3bf6c9a12d5fde8ce4deff43fef3885ae33cf60184161a50d6987cfd2f?s=96&d=mm&r=g\",\"caption\":\"admin\"},\"sameAs\":[\"https:\/\/veritasinfo.org\"],\"url\":\"https:\/\/veritasinfo.org\/?author=1\"}]}<\/script>\n<!-- \/ Yoast SEO plugin. -->","yoast_head_json":{"title":"Maqedonci: Pjes\u00ebmarrja n\u00eb Panairin e Stambollit, mund\u00ebsi p\u00ebr avancim -","robots":{"index":"index","follow":"follow","max-snippet":"max-snippet:-1","max-image-preview":"max-image-preview:large","max-video-preview":"max-video-preview:-1"},"canonical":"https:\/\/veritasinfo.org\/?p=4856","og_locale":"en_US","og_type":"article","og_title":"Maqedonci: Pjes\u00ebmarrja n\u00eb Panairin e Stambollit, mund\u00ebsi p\u00ebr avancim -","og_description":"Stamboll, 23 Korrik 2025 Ministri n\u00eb detyr\u00eb i Mbrojtjes, Ejup Maqedonci, ka vler\u00ebsuar Panairin e Industris\u00eb s\u00eb Mbrojtjes n\u00eb Stamboll, si mund\u00ebsi p\u00ebr avancim t\u00eb","og_url":"https:\/\/veritasinfo.org\/?p=4856","article_published_time":"2025-07-23T05:57:50+00:00","article_modified_time":"2025-07-23T05:58:54+00:00","og_image":[{"width":780,"height":500,"url":"https:\/\/veritasinfo.org\/wp-content\/uploads\/2025\/07\/IMG_2242.jpeg","type":"image\/jpeg"}],"author":"admin","twitter_card":"summary_large_image","twitter_misc":{"Written by":"admin","Est. reading time":"1 minute"},"schema":{"@context":"https:\/\/schema.org","@graph":[{"@type":"WebPage","@id":"https:\/\/veritasinfo.org\/?p=4856","url":"https:\/\/veritasinfo.org\/?p=4856","name":"Maqedonci: Pjes\u00ebmarrja n\u00eb Panairin e Stambollit, mund\u00ebsi p\u00ebr avancim -","isPartOf":{"@id":"https:\/\/veritasinfo.org\/#website"},"primaryImageOfPage":{"@id":"https:\/\/veritasinfo.org\/?p=4856#primaryimage"},"image":{"@id":"https:\/\/veritasinfo.org\/?p=4856#primaryimage"},"thumbnailUrl":"https:\/\/veritasinfo.org\/wp-content\/uploads\/2025\/07\/IMG_2242.jpeg","datePublished":"2025-07-23T05:57:50+00:00","dateModified":"2025-07-23T05:58:54+00:00","author":{"@id":"https:\/\/veritasinfo.org\/#\/schema\/person\/7701f8c088bece422266b100a712374f"},"breadcrumb":{"@id":"https:\/\/veritasinfo.org\/?p=4856#breadcrumb"},"inLanguage":"en-US","potentialAction":[{"@type":"ReadAction","target":["https:\/\/veritasinfo.org\/?p=4856"]}]},{"@type":"ImageObject","inLanguage":"en-US","@id":"https:\/\/veritasinfo.org\/?p=4856#primaryimage","url":"https:\/\/veritasinfo.org\/wp-content\/uploads\/2025\/07\/IMG_2242.jpeg","contentUrl":"https:\/\/veritasinfo.org\/wp-content\/uploads\/2025\/07\/IMG_2242.jpeg","width":780,"height":500},{"@type":"BreadcrumbList","@id":"https:\/\/veritasinfo.org\/?p=4856#breadcrumb","itemListElement":[{"@type":"ListItem","position":1,"name":"Home","item":"https:\/\/veritasinfo.org\/"},{"@type":"ListItem","position":2,"name":"Maqedonci: Pjes\u00ebmarrja n\u00eb Panairin e Stambollit, mund\u00ebsi p\u00ebr avancim"}]},{"@type":"WebSite","@id":"https:\/\/veritasinfo.org\/#website","url":"https:\/\/veritasinfo.org\/","name":"","description":"","potentialAction":[{"@type":"SearchAction","target":{"@type":"EntryPoint","urlTemplate":"https:\/\/veritasinfo.org\/?s={search_term_string}"},"query-input":{"@type":"PropertyValueSpecification","valueRequired":true,"valueName":"search_term_string"}}],"inLanguage":"en-US"},{"@type":"Person","@id":"https:\/\/veritasinfo.org\/#\/schema\/person\/7701f8c088bece422266b100a712374f","name":"admin","image":{"@type":"ImageObject","inLanguage":"en-US","@id":"https:\/\/veritasinfo.org\/#\/schema\/person\/image\/","url":"https:\/\/secure.gravatar.com\/avatar\/ea53aa3bf6c9a12d5fde8ce4deff43fef3885ae33cf60184161a50d6987cfd2f?s=96&d=mm&r=g","contentUrl":"https:\/\/secure.gravatar.com\/avatar\/ea53aa3bf6c9a12d5fde8ce4deff43fef3885ae33cf60184161a50d6987cfd2f?s=96&d=mm&r=g","caption":"admin"},"sameAs":["https:\/\/veritasinfo.org"],"url":"https:\/\/veritasinfo.org\/?author=1"}]}},"featured_image_urls":{"full":["https:\/\/veritasinfo.org\/wp-content\/uploads\/2025\/07\/IMG_2242.jpeg",780,500,false],"thumbnail":["https:\/\/veritasinfo.org\/wp-content\/uploads\/2025\/07\/IMG_2242-150x150.jpeg",150,150,true],"medium":["https:\/\/veritasinfo.org\/wp-content\/uploads\/2025\/07\/IMG_2242-300x192.jpeg",300,192,true],"medium_large":["https:\/\/veritasinfo.org\/wp-content\/uploads\/2025\/07\/IMG_2242-768x492.jpeg",640,410,true],"large":["https:\/\/veritasinfo.org\/wp-content\/uploads\/2025\/07\/IMG_2242.jpeg",640,410,false],"1536x1536":["https:\/\/veritasinfo.org\/wp-content\/uploads\/2025\/07\/IMG_2242.jpeg",780,500,false],"2048x2048":["https:\/\/veritasinfo.org\/wp-content\/uploads\/2025\/07\/IMG_2242.jpeg",780,500,false],"kreeti-slider-full":["https:\/\/veritasinfo.org\/wp-content\/uploads\/2025\/07\/IMG_2242.jpeg",780,500,false],"kreeti-featured":["https:\/\/veritasinfo.org\/wp-content\/uploads\/2025\/07\/IMG_2242.jpeg",780,500,false],"kreeti-medium":["https:\/\/veritasinfo.org\/wp-content\/uploads\/2025\/07\/IMG_2242.jpeg",720,462,false],"kreeti-medium-square":["https:\/\/veritasinfo.org\/wp-content\/uploads\/2025\/07\/IMG_2242.jpeg",350,224,false]},"author_info":{"info":["admin"]},"category_info":"<a href=\"https:\/\/veritasinfo.org\/?cat=60\" rel=\"category\">Shoq\u00ebrore<\/a>","tag_info":"Shoq\u00ebrore","comment_count":"0","_links":{"self":[{"href":"https:\/\/veritasinfo.org\/index.php?rest_route=\/wp\/v2\/posts\/4856","targetHints":{"allow":["GET"]}}],"collection":[{"href":"https:\/\/veritasinfo.org\/index.php?rest_route=\/wp\/v2\/posts"}],"about":[{"href":"https:\/\/veritasinfo.org\/index.php?rest_route=\/wp\/v2\/types\/post"}],"author":[{"embeddable":true,"href":"https:\/\/veritasinfo.org\/index.php?rest_route=\/wp\/v2\/users\/1"}],"replies":[{"embeddable":true,"href":"https:\/\/veritasinfo.org\/index.php?rest_route=%2Fwp%2Fv2%2Fcomments&post=4856"}],"version-history":[{"count":3,"href":"https:\/\/veritasinfo.org\/index.php?rest_route=\/wp\/v2\/posts\/4856\/revisions"}],"predecessor-version":[{"id":4860,"href":"https:\/\/veritasinfo.org\/index.php?rest_route=\/wp\/v2\/posts\/4856\/revisions\/4860"}],"wp:featuredmedia":[{"embeddable":true,"href":"https:\/\/veritasinfo.org\/index.php?rest_route=\/wp\/v2\/media\/4857"}],"wp:attachment":[{"href":"https:\/\/veritasinfo.org\/index.php?rest_route=%2Fwp%2Fv2%2Fmedia&parent=4856"}],"wp:term":[{"taxonomy":"category","embeddable":true,"href":"https:\/\/veritasinfo.org\/index.php?rest_route=%2Fwp%2Fv2%2Fcategories&post=4856"},{"taxonomy":"post_tag","embeddable":true,"href":"https:\/\/veritasinfo.org\/index.php?rest_route=%2Fwp%2Fv2%2Ftags&post=4856"}],"curies":[{"name":"wp","href":"https:\/\/api.w.org\/{rel}","templated":true}]}}