{"id":4846,"date":"2025-07-22T23:26:25","date_gmt":"2025-07-22T21:26:25","guid":{"rendered":"https:\/\/veritasinfo.org\/?p=4846"},"modified":"2025-07-22T23:26:25","modified_gmt":"2025-07-22T21:26:25","slug":"srpski-mediji-bivsi-pripadnik-ovk-uhapsen-u-svilajncu","status":"publish","type":"post","link":"https:\/\/veritasinfo.org\/?p=4846&lang=sr","title":{"rendered":"Srpski mediji: Biv\u0161i pripadnik OVK uhap\u0161en u Svilajncu"},"content":{"rendered":"<div class=\"mg-header\">\n<p>Beograd, 22. jul 2025.<\/p>\n<p>Biv\u0161i borac Oslobodila\u010dke vojske Kosova (OVK), L. H., uhap\u0161en je u utorak u srpskom gradu Svilajncu, prenosi srpski list \u201eNovosti\u201c. Njemu je odre\u0111ena mera zadr\u017eavanja u trajanju od 48 sati od strane Tu\u017eila\u0161tva za ratne zlo\u010dine.<\/p>\n<p>Uhap\u0161eni 59-godi\u0161njak je poreklom iz Pe\u0107i.<\/p>\n<p>\u201eOn je uhap\u0161en zbog sumnje da je po\u010dinio zlo\u010dine protiv \u010dove\u010dnosti i ratne zlo\u010dine na teritoriji Kosova\u201c, navodi se u izve\u0161tajima srpskih medija.<\/p>\n<p>Portal KOHA je kontaktirao Ministarstvo spoljnih poslova Kosova kako bi dobio vi\u0161e informacija. \u010cim se dobije odgovor, \u010dlanak \u0107e biti a\u017euriran.<\/p>\n<p>Na konferenciji za medije odr\u017eanoj dan ranije, vr\u0161ilac du\u017enosti premijera Albin Kurti apelovao je na gra\u0111ane dijaspore da izbegavaju putovanje kroz Srbiju. Apel je usledio nakon hap\u0161enja Igora Popovi\u0107a, zamenika direktora takozvane Kancelarije za Kosovo pri Vladi Srbije.<\/p>\n<p>Predsednik Srbije Aleksandar Vu\u010di\u0107 izjavio je da \u0107e uslediti nepredvidive posledice ukoliko Popovi\u0107 ne bude pu\u0161ten na slobodu.<\/p>\n<\/div>\n","protected":false},"excerpt":{"rendered":"<p>Beograd, 22. jul 2025. Biv\u0161i borac Oslobodila\u010dke vojske Kosova (OVK), L. H., uhap\u0161en je u utorak u srpskom gradu Svilajncu, prenosi srpski list \u201eNovosti\u201c. Njemu<\/p>\n","protected":false},"author":1,"featured_media":4844,"comment_status":"open","ping_status":"open","sticky":false,"template":"","format":"standard","meta":{"footnotes":""},"categories":[28],"tags":[],"class_list":["post-4846","post","type-post","status-publish","format-standard","has-post-thumbnail","hentry","category-politika"],"yoast_head":"<!-- This site is optimized with the Yoast SEO plugin v25.3.1 - https:\/\/yoast.com\/wordpress\/plugins\/seo\/ -->\n<title>Srpski mediji: Biv\u0161i pripadnik OVK uhap\u0161en u Svilajncu -<\/title>\n<meta name=\"robots\" content=\"index, follow, max-snippet:-1, max-image-preview:large, max-video-preview:-1\" \/>\n<link rel=\"canonical\" href=\"https:\/\/veritasinfo.org\/?p=4846&lang=sr\" \/>\n<meta property=\"og:locale\" content=\"en_US\" \/>\n<meta property=\"og:type\" content=\"article\" \/>\n<meta property=\"og:title\" content=\"Srpski mediji: Biv\u0161i pripadnik OVK uhap\u0161en u Svilajncu -\" \/>\n<meta property=\"og:description\" content=\"Beograd, 22. jul 2025. Biv\u0161i borac Oslobodila\u010dke vojske Kosova (OVK), L. H., uhap\u0161en je u utorak u srpskom gradu Svilajncu, prenosi srpski list \u201eNovosti\u201c. Njemu\" \/>\n<meta property=\"og:url\" content=\"https:\/\/veritasinfo.org\/?p=4846&amp;lang=sr\" \/>\n<meta property=\"article:published_time\" content=\"2025-07-22T21:26:25+00:00\" \/>\n<meta property=\"og:image\" content=\"https:\/\/veritasinfo.org\/wp-content\/uploads\/2025\/07\/IMG_2240.webp\" \/>\n\t<meta property=\"og:image:width\" content=\"692\" \/>\n\t<meta property=\"og:image:height\" content=\"400\" \/>\n\t<meta property=\"og:image:type\" content=\"image\/webp\" \/>\n<meta name=\"author\" content=\"admin\" \/>\n<meta name=\"twitter:card\" content=\"summary_large_image\" \/>\n<meta name=\"twitter:label1\" content=\"Written by\" \/>\n\t<meta name=\"twitter:data1\" content=\"admin\" \/>\n\t<meta name=\"twitter:label2\" content=\"Est. reading time\" \/>\n\t<meta name=\"twitter:data2\" content=\"1 minute\" \/>\n<script type=\"application\/ld+json\" class=\"yoast-schema-graph\">{\"@context\":\"https:\/\/schema.org\",\"@graph\":[{\"@type\":\"WebPage\",\"@id\":\"https:\/\/veritasinfo.org\/?p=4846&lang=sr\",\"url\":\"https:\/\/veritasinfo.org\/?p=4846&lang=sr\",\"name\":\"Srpski mediji: Biv\u0161i pripadnik OVK uhap\u0161en u Svilajncu -\",\"isPartOf\":{\"@id\":\"https:\/\/veritasinfo.org\/#website\"},\"primaryImageOfPage\":{\"@id\":\"https:\/\/veritasinfo.org\/?p=4846&lang=sr#primaryimage\"},\"image\":{\"@id\":\"https:\/\/veritasinfo.org\/?p=4846&lang=sr#primaryimage\"},\"thumbnailUrl\":\"https:\/\/veritasinfo.org\/wp-content\/uploads\/2025\/07\/IMG_2240.webp\",\"datePublished\":\"2025-07-22T21:26:25+00:00\",\"author\":{\"@id\":\"https:\/\/veritasinfo.org\/#\/schema\/person\/7701f8c088bece422266b100a712374f\"},\"breadcrumb\":{\"@id\":\"https:\/\/veritasinfo.org\/?p=4846&lang=sr#breadcrumb\"},\"inLanguage\":\"en-US\",\"potentialAction\":[{\"@type\":\"ReadAction\",\"target\":[\"https:\/\/veritasinfo.org\/?p=4846&lang=sr\"]}]},{\"@type\":\"ImageObject\",\"inLanguage\":\"en-US\",\"@id\":\"https:\/\/veritasinfo.org\/?p=4846&lang=sr#primaryimage\",\"url\":\"https:\/\/veritasinfo.org\/wp-content\/uploads\/2025\/07\/IMG_2240.webp\",\"contentUrl\":\"https:\/\/veritasinfo.org\/wp-content\/uploads\/2025\/07\/IMG_2240.webp\",\"width\":692,\"height\":400},{\"@type\":\"BreadcrumbList\",\"@id\":\"https:\/\/veritasinfo.org\/?p=4846&lang=sr#breadcrumb\",\"itemListElement\":[{\"@type\":\"ListItem\",\"position\":1,\"name\":\"Home\",\"item\":\"https:\/\/veritasinfo.org\/\"},{\"@type\":\"ListItem\",\"position\":2,\"name\":\"Srpski mediji: Biv\u0161i pripadnik OVK uhap\u0161en u Svilajncu\"}]},{\"@type\":\"WebSite\",\"@id\":\"https:\/\/veritasinfo.org\/#website\",\"url\":\"https:\/\/veritasinfo.org\/\",\"name\":\"\",\"description\":\"\",\"potentialAction\":[{\"@type\":\"SearchAction\",\"target\":{\"@type\":\"EntryPoint\",\"urlTemplate\":\"https:\/\/veritasinfo.org\/?s={search_term_string}\"},\"query-input\":{\"@type\":\"PropertyValueSpecification\",\"valueRequired\":true,\"valueName\":\"search_term_string\"}}],\"inLanguage\":\"en-US\"},{\"@type\":\"Person\",\"@id\":\"https:\/\/veritasinfo.org\/#\/schema\/person\/7701f8c088bece422266b100a712374f\",\"name\":\"admin\",\"image\":{\"@type\":\"ImageObject\",\"inLanguage\":\"en-US\",\"@id\":\"https:\/\/veritasinfo.org\/#\/schema\/person\/image\/\",\"url\":\"https:\/\/secure.gravatar.com\/avatar\/ea53aa3bf6c9a12d5fde8ce4deff43fef3885ae33cf60184161a50d6987cfd2f?s=96&d=mm&r=g\",\"contentUrl\":\"https:\/\/secure.gravatar.com\/avatar\/ea53aa3bf6c9a12d5fde8ce4deff43fef3885ae33cf60184161a50d6987cfd2f?s=96&d=mm&r=g\",\"caption\":\"admin\"},\"sameAs\":[\"https:\/\/veritasinfo.org\"],\"url\":\"https:\/\/veritasinfo.org\/?author=1\"}]}<\/script>\n<!-- \/ Yoast SEO plugin. -->","yoast_head_json":{"title":"Srpski mediji: Biv\u0161i pripadnik OVK uhap\u0161en u Svilajncu -","robots":{"index":"index","follow":"follow","max-snippet":"max-snippet:-1","max-image-preview":"max-image-preview:large","max-video-preview":"max-video-preview:-1"},"canonical":"https:\/\/veritasinfo.org\/?p=4846&lang=sr","og_locale":"en_US","og_type":"article","og_title":"Srpski mediji: Biv\u0161i pripadnik OVK uhap\u0161en u Svilajncu -","og_description":"Beograd, 22. jul 2025. Biv\u0161i borac Oslobodila\u010dke vojske Kosova (OVK), L. H., uhap\u0161en je u utorak u srpskom gradu Svilajncu, prenosi srpski list \u201eNovosti\u201c. Njemu","og_url":"https:\/\/veritasinfo.org\/?p=4846&lang=sr","article_published_time":"2025-07-22T21:26:25+00:00","og_image":[{"width":692,"height":400,"url":"https:\/\/veritasinfo.org\/wp-content\/uploads\/2025\/07\/IMG_2240.webp","type":"image\/webp"}],"author":"admin","twitter_card":"summary_large_image","twitter_misc":{"Written by":"admin","Est. reading time":"1 minute"},"schema":{"@context":"https:\/\/schema.org","@graph":[{"@type":"WebPage","@id":"https:\/\/veritasinfo.org\/?p=4846&lang=sr","url":"https:\/\/veritasinfo.org\/?p=4846&lang=sr","name":"Srpski mediji: Biv\u0161i pripadnik OVK uhap\u0161en u Svilajncu -","isPartOf":{"@id":"https:\/\/veritasinfo.org\/#website"},"primaryImageOfPage":{"@id":"https:\/\/veritasinfo.org\/?p=4846&lang=sr#primaryimage"},"image":{"@id":"https:\/\/veritasinfo.org\/?p=4846&lang=sr#primaryimage"},"thumbnailUrl":"https:\/\/veritasinfo.org\/wp-content\/uploads\/2025\/07\/IMG_2240.webp","datePublished":"2025-07-22T21:26:25+00:00","author":{"@id":"https:\/\/veritasinfo.org\/#\/schema\/person\/7701f8c088bece422266b100a712374f"},"breadcrumb":{"@id":"https:\/\/veritasinfo.org\/?p=4846&lang=sr#breadcrumb"},"inLanguage":"en-US","potentialAction":[{"@type":"ReadAction","target":["https:\/\/veritasinfo.org\/?p=4846&lang=sr"]}]},{"@type":"ImageObject","inLanguage":"en-US","@id":"https:\/\/veritasinfo.org\/?p=4846&lang=sr#primaryimage","url":"https:\/\/veritasinfo.org\/wp-content\/uploads\/2025\/07\/IMG_2240.webp","contentUrl":"https:\/\/veritasinfo.org\/wp-content\/uploads\/2025\/07\/IMG_2240.webp","width":692,"height":400},{"@type":"BreadcrumbList","@id":"https:\/\/veritasinfo.org\/?p=4846&lang=sr#breadcrumb","itemListElement":[{"@type":"ListItem","position":1,"name":"Home","item":"https:\/\/veritasinfo.org\/"},{"@type":"ListItem","position":2,"name":"Srpski mediji: Biv\u0161i pripadnik OVK uhap\u0161en u Svilajncu"}]},{"@type":"WebSite","@id":"https:\/\/veritasinfo.org\/#website","url":"https:\/\/veritasinfo.org\/","name":"","description":"","potentialAction":[{"@type":"SearchAction","target":{"@type":"EntryPoint","urlTemplate":"https:\/\/veritasinfo.org\/?s={search_term_string}"},"query-input":{"@type":"PropertyValueSpecification","valueRequired":true,"valueName":"search_term_string"}}],"inLanguage":"en-US"},{"@type":"Person","@id":"https:\/\/veritasinfo.org\/#\/schema\/person\/7701f8c088bece422266b100a712374f","name":"admin","image":{"@type":"ImageObject","inLanguage":"en-US","@id":"https:\/\/veritasinfo.org\/#\/schema\/person\/image\/","url":"https:\/\/secure.gravatar.com\/avatar\/ea53aa3bf6c9a12d5fde8ce4deff43fef3885ae33cf60184161a50d6987cfd2f?s=96&d=mm&r=g","contentUrl":"https:\/\/secure.gravatar.com\/avatar\/ea53aa3bf6c9a12d5fde8ce4deff43fef3885ae33cf60184161a50d6987cfd2f?s=96&d=mm&r=g","caption":"admin"},"sameAs":["https:\/\/veritasinfo.org"],"url":"https:\/\/veritasinfo.org\/?author=1"}]}},"featured_image_urls":{"full":["https:\/\/veritasinfo.org\/wp-content\/uploads\/2025\/07\/IMG_2240.webp",692,400,false],"thumbnail":["https:\/\/veritasinfo.org\/wp-content\/uploads\/2025\/07\/IMG_2240-150x150.webp",150,150,true],"medium":["https:\/\/veritasinfo.org\/wp-content\/uploads\/2025\/07\/IMG_2240-300x173.webp",300,173,true],"medium_large":["https:\/\/veritasinfo.org\/wp-content\/uploads\/2025\/07\/IMG_2240.webp",640,370,false],"large":["https:\/\/veritasinfo.org\/wp-content\/uploads\/2025\/07\/IMG_2240.webp",640,370,false],"1536x1536":["https:\/\/veritasinfo.org\/wp-content\/uploads\/2025\/07\/IMG_2240.webp",692,400,false],"2048x2048":["https:\/\/veritasinfo.org\/wp-content\/uploads\/2025\/07\/IMG_2240.webp",692,400,false],"kreeti-slider-full":["https:\/\/veritasinfo.org\/wp-content\/uploads\/2025\/07\/IMG_2240.webp",692,400,false],"kreeti-featured":["https:\/\/veritasinfo.org\/wp-content\/uploads\/2025\/07\/IMG_2240.webp",692,400,false],"kreeti-medium":["https:\/\/veritasinfo.org\/wp-content\/uploads\/2025\/07\/IMG_2240.webp",692,400,false],"kreeti-medium-square":["https:\/\/veritasinfo.org\/wp-content\/uploads\/2025\/07\/IMG_2240.webp",350,202,false]},"author_info":{"info":["admin"]},"category_info":"<a href=\"https:\/\/veritasinfo.org\/?cat=28&#038;lang=sr\" rel=\"category\">Politika<\/a>","tag_info":"Politika","comment_count":"0","_links":{"self":[{"href":"https:\/\/veritasinfo.org\/index.php?rest_route=\/wp\/v2\/posts\/4846","targetHints":{"allow":["GET"]}}],"collection":[{"href":"https:\/\/veritasinfo.org\/index.php?rest_route=\/wp\/v2\/posts"}],"about":[{"href":"https:\/\/veritasinfo.org\/index.php?rest_route=\/wp\/v2\/types\/post"}],"author":[{"embeddable":true,"href":"https:\/\/veritasinfo.org\/index.php?rest_route=\/wp\/v2\/users\/1"}],"replies":[{"embeddable":true,"href":"https:\/\/veritasinfo.org\/index.php?rest_route=%2Fwp%2Fv2%2Fcomments&post=4846"}],"version-history":[{"count":1,"href":"https:\/\/veritasinfo.org\/index.php?rest_route=\/wp\/v2\/posts\/4846\/revisions"}],"predecessor-version":[{"id":4848,"href":"https:\/\/veritasinfo.org\/index.php?rest_route=\/wp\/v2\/posts\/4846\/revisions\/4848"}],"wp:featuredmedia":[{"embeddable":true,"href":"https:\/\/veritasinfo.org\/index.php?rest_route=\/wp\/v2\/media\/4844"}],"wp:attachment":[{"href":"https:\/\/veritasinfo.org\/index.php?rest_route=%2Fwp%2Fv2%2Fmedia&parent=4846"}],"wp:term":[{"taxonomy":"category","embeddable":true,"href":"https:\/\/veritasinfo.org\/index.php?rest_route=%2Fwp%2Fv2%2Fcategories&post=4846"},{"taxonomy":"post_tag","embeddable":true,"href":"https:\/\/veritasinfo.org\/index.php?rest_route=%2Fwp%2Fv2%2Ftags&post=4846"}],"curies":[{"name":"wp","href":"https:\/\/api.w.org\/{rel}","templated":true}]}}