{"id":4825,"date":"2025-07-23T07:29:27","date_gmt":"2025-07-23T05:29:27","guid":{"rendered":"https:\/\/veritasinfo.org\/?p=4825"},"modified":"2025-07-22T22:37:51","modified_gmt":"2025-07-22T20:37:51","slug":"vdekja-e-dy-punetoreve-ne-gjakove-arrest-shtepiak-ndaj-dy-dyshuarve","status":"publish","type":"post","link":"https:\/\/veritasinfo.org\/?p=4825","title":{"rendered":"Vdekja e dy pun\u00ebtor\u00ebve n\u00eb Gjakov\u00eb, arrest sht\u00ebpiak ndaj dy dyshuarve"},"content":{"rendered":"<p>Gjakov\u00eb, 23 Korrik 2025<\/p>\n<p><strong>Gjykata Themelore n\u00eb Gjakov\u00eb ka caktuar mas\u00ebn e arrestit sht\u00ebpiak n\u00eb koh\u00ebzgjatje prej nj\u00eb muaji ndaj t\u00eb pandehurve Xh.P., dhe A. M., n\u00ebn dyshimin se kan\u00eb kryer vepr\u00ebn penale \u201cAsgj\u00ebsimi, d\u00ebmtimi ose heqja e pajisjeve mbrojt\u00ebse dhe rrezikimi i siguris\u00eb n\u00eb vendin e pun\u00ebs\u201d.<\/strong><\/p>\n<p>Ata dyshohen se nuk siguruan vendin e pun\u00ebs, p\u00ebr pasoj\u00eb vdiq\u00ebn dy pun\u00ebtor\u00eb t\u00eb cil\u00ebt kan\u00eb r\u00ebn\u00eb nga kati i tret\u00eb i objektit ku po punonin, raporton \u201c<strong>Betimi p\u00ebr Drejt\u00ebsi<\/strong>\u201c.<\/p>\n<p>\u201cSipas k\u00ebrkes\u00ebs, m\u00eb 21 korrik 2025, n\u00eb nj\u00eb vendpunishte n\u00eb rrug\u00ebn \u201cBardhyl Qaushi\u201d n\u00eb Gjakov\u00eb, si pasoj\u00eb e munges\u00ebs s\u00eb masave mbrojt\u00ebse dhe moszbatimit t\u00eb rregullave p\u00ebr siguri n\u00eb pun\u00eb, kan\u00eb humbur jet\u00ebn dy pun\u00ebtor\u00eb, H. J. dhe D. B., pasi ran\u00eb nga kati i tret\u00eb i objektit n\u00eb nd\u00ebrtim. P\u00ebr k\u00ebt\u00eb ngjarje, t\u00eb dyshuar jan\u00eb Xh. P., si person p\u00ebrgjegj\u00ebs i \u201cNTSH Sh\u2026.\u201d Sh.P.K, dhe A. M., si person p\u00ebrgjegj\u00ebs i \u201cM. G.\u201d Sh.P.K, t\u00eb cil\u00ebt n\u00eb cil\u00ebsin\u00eb e investitorit dhe pun\u00ebkryesit nuk kan\u00eb siguruar pajisjet mbrojt\u00ebse dhe nuk kan\u00eb nd\u00ebrmarr\u00eb masat e nevojshme p\u00ebr mbrojtjen e jet\u00ebs dhe siguris\u00eb s\u00eb pun\u00ebtor\u00ebve\u201d, thuhet n\u00eb njoftimin e Gjykat\u00ebs.<\/p>\n<p>Me k\u00ebto veprime, t\u00eb pandehurit dyshohen se kan\u00eb kryer vepr\u00ebn penale \u201cAsgj\u00ebsimi, d\u00ebmtimi ose heqja e pajisjeve mbrojt\u00ebse dhe rrezikimi i siguris\u00eb n\u00eb vendin e pun\u00ebs\u201d nga neni 358, par.7 lidhur me par.3 dhe 2 t\u00eb Kodit Penal t\u00eb Republik\u00ebs s\u00eb Kosov\u00ebs.<\/p>\n<p>Gjykata thekson se n\u00eb k\u00ebt\u00eb procedur\u00eb, Prokuroria Themelore e Gjakov\u00ebs, ka k\u00ebrkuar caktimin e mas\u00ebs s\u00eb paraburgimit ndaj t\u00eb pandehurve, por gjyqtari i procedur\u00ebs paraprake, Driton Sadiku, ka vler\u00ebsuar se n\u00eb k\u00ebt\u00eb faz\u00eb t\u00eb procedur\u00ebs penale masa e arrestit sht\u00ebpiak \u00ebsht\u00eb e mjaftueshme p\u00ebr t\u00eb siguruar pranin\u00eb e dy personave t\u00eb pandehur, t\u00eb parandaloj\u00eb p\u00ebrs\u00ebritjen e vepr\u00ebs penale dhe t\u00eb siguroj\u00eb zbatimin e suksessh\u00ebm t\u00eb procedur\u00ebs penale.<\/p>\n<p>\u201cT\u00eb pandehurit do t\u00eb mbahet n\u00eb arrest sht\u00ebpiak n\u00eb koh\u00ebzgjatje prej nj\u00eb muaji, i cili do t\u00eb llogaritet prej koh\u00ebs s\u00eb arrestimit m\u00eb 21 korrik 2025 dhe do t\u00eb zgjas\u00eb deri m\u00eb 20 gusht 2025\u201d, thuhet m\u00eb tej.<\/p>\n<p>Pal\u00ebt kan\u00eb t\u00eb drejt\u00ebn e ankes\u00ebs ndaj k\u00ebtij vendimi n\u00eb Gjykat\u00ebn e Apelit t\u00eb Kosov\u00ebs.<\/p>\n","protected":false},"excerpt":{"rendered":"<p>Gjakov\u00eb, 23 Korrik 2025 Gjykata Themelore n\u00eb Gjakov\u00eb ka caktuar mas\u00ebn e arrestit sht\u00ebpiak n\u00eb koh\u00ebzgjatje prej nj\u00eb muaji ndaj t\u00eb pandehurve Xh.P., dhe A.<\/p>\n","protected":false},"author":1,"featured_media":4826,"comment_status":"open","ping_status":"open","sticky":false,"template":"","format":"standard","meta":{"footnotes":""},"categories":[60],"tags":[],"class_list":["post-4825","post","type-post","status-publish","format-standard","has-post-thumbnail","hentry","category-shoqerore-sq"],"yoast_head":"<!-- This site is optimized with the Yoast SEO plugin v25.3.1 - https:\/\/yoast.com\/wordpress\/plugins\/seo\/ -->\n<title>Vdekja e dy pun\u00ebtor\u00ebve n\u00eb Gjakov\u00eb, arrest sht\u00ebpiak ndaj dy dyshuarve -<\/title>\n<meta name=\"robots\" content=\"index, follow, max-snippet:-1, max-image-preview:large, max-video-preview:-1\" \/>\n<link rel=\"canonical\" href=\"https:\/\/veritasinfo.org\/?p=4825\" \/>\n<meta property=\"og:locale\" content=\"en_US\" \/>\n<meta property=\"og:type\" content=\"article\" \/>\n<meta property=\"og:title\" content=\"Vdekja e dy pun\u00ebtor\u00ebve n\u00eb Gjakov\u00eb, arrest sht\u00ebpiak ndaj dy dyshuarve -\" \/>\n<meta property=\"og:description\" content=\"Gjakov\u00eb, 23 Korrik 2025 Gjykata Themelore n\u00eb Gjakov\u00eb ka caktuar mas\u00ebn e arrestit sht\u00ebpiak n\u00eb koh\u00ebzgjatje prej nj\u00eb muaji ndaj t\u00eb pandehurve Xh.P., dhe A.\" \/>\n<meta property=\"og:url\" content=\"https:\/\/veritasinfo.org\/?p=4825\" \/>\n<meta property=\"article:published_time\" content=\"2025-07-23T05:29:27+00:00\" \/>\n<meta property=\"og:image\" content=\"https:\/\/veritasinfo.org\/wp-content\/uploads\/2025\/07\/IMG_2239.jpeg\" \/>\n\t<meta property=\"og:image:width\" content=\"750\" \/>\n\t<meta property=\"og:image:height\" content=\"430\" \/>\n\t<meta property=\"og:image:type\" content=\"image\/jpeg\" \/>\n<meta name=\"author\" content=\"admin\" \/>\n<meta name=\"twitter:card\" content=\"summary_large_image\" \/>\n<meta name=\"twitter:label1\" content=\"Written by\" \/>\n\t<meta name=\"twitter:data1\" content=\"admin\" \/>\n\t<meta name=\"twitter:label2\" content=\"Est. reading time\" \/>\n\t<meta name=\"twitter:data2\" content=\"2 minutes\" \/>\n<script type=\"application\/ld+json\" class=\"yoast-schema-graph\">{\"@context\":\"https:\/\/schema.org\",\"@graph\":[{\"@type\":\"WebPage\",\"@id\":\"https:\/\/veritasinfo.org\/?p=4825\",\"url\":\"https:\/\/veritasinfo.org\/?p=4825\",\"name\":\"Vdekja e dy pun\u00ebtor\u00ebve n\u00eb Gjakov\u00eb, arrest sht\u00ebpiak ndaj dy dyshuarve -\",\"isPartOf\":{\"@id\":\"https:\/\/veritasinfo.org\/#website\"},\"primaryImageOfPage\":{\"@id\":\"https:\/\/veritasinfo.org\/?p=4825#primaryimage\"},\"image\":{\"@id\":\"https:\/\/veritasinfo.org\/?p=4825#primaryimage\"},\"thumbnailUrl\":\"https:\/\/veritasinfo.org\/wp-content\/uploads\/2025\/07\/IMG_2239.jpeg\",\"datePublished\":\"2025-07-23T05:29:27+00:00\",\"author\":{\"@id\":\"https:\/\/veritasinfo.org\/#\/schema\/person\/7701f8c088bece422266b100a712374f\"},\"breadcrumb\":{\"@id\":\"https:\/\/veritasinfo.org\/?p=4825#breadcrumb\"},\"inLanguage\":\"en-US\",\"potentialAction\":[{\"@type\":\"ReadAction\",\"target\":[\"https:\/\/veritasinfo.org\/?p=4825\"]}]},{\"@type\":\"ImageObject\",\"inLanguage\":\"en-US\",\"@id\":\"https:\/\/veritasinfo.org\/?p=4825#primaryimage\",\"url\":\"https:\/\/veritasinfo.org\/wp-content\/uploads\/2025\/07\/IMG_2239.jpeg\",\"contentUrl\":\"https:\/\/veritasinfo.org\/wp-content\/uploads\/2025\/07\/IMG_2239.jpeg\",\"width\":750,\"height\":430},{\"@type\":\"BreadcrumbList\",\"@id\":\"https:\/\/veritasinfo.org\/?p=4825#breadcrumb\",\"itemListElement\":[{\"@type\":\"ListItem\",\"position\":1,\"name\":\"Home\",\"item\":\"https:\/\/veritasinfo.org\/\"},{\"@type\":\"ListItem\",\"position\":2,\"name\":\"Vdekja e dy pun\u00ebtor\u00ebve n\u00eb Gjakov\u00eb, arrest sht\u00ebpiak ndaj dy dyshuarve\"}]},{\"@type\":\"WebSite\",\"@id\":\"https:\/\/veritasinfo.org\/#website\",\"url\":\"https:\/\/veritasinfo.org\/\",\"name\":\"\",\"description\":\"\",\"potentialAction\":[{\"@type\":\"SearchAction\",\"target\":{\"@type\":\"EntryPoint\",\"urlTemplate\":\"https:\/\/veritasinfo.org\/?s={search_term_string}\"},\"query-input\":{\"@type\":\"PropertyValueSpecification\",\"valueRequired\":true,\"valueName\":\"search_term_string\"}}],\"inLanguage\":\"en-US\"},{\"@type\":\"Person\",\"@id\":\"https:\/\/veritasinfo.org\/#\/schema\/person\/7701f8c088bece422266b100a712374f\",\"name\":\"admin\",\"image\":{\"@type\":\"ImageObject\",\"inLanguage\":\"en-US\",\"@id\":\"https:\/\/veritasinfo.org\/#\/schema\/person\/image\/\",\"url\":\"https:\/\/secure.gravatar.com\/avatar\/ea53aa3bf6c9a12d5fde8ce4deff43fef3885ae33cf60184161a50d6987cfd2f?s=96&d=mm&r=g\",\"contentUrl\":\"https:\/\/secure.gravatar.com\/avatar\/ea53aa3bf6c9a12d5fde8ce4deff43fef3885ae33cf60184161a50d6987cfd2f?s=96&d=mm&r=g\",\"caption\":\"admin\"},\"sameAs\":[\"https:\/\/veritasinfo.org\"],\"url\":\"https:\/\/veritasinfo.org\/?author=1\"}]}<\/script>\n<!-- \/ Yoast SEO plugin. -->","yoast_head_json":{"title":"Vdekja e dy pun\u00ebtor\u00ebve n\u00eb Gjakov\u00eb, arrest sht\u00ebpiak ndaj dy dyshuarve -","robots":{"index":"index","follow":"follow","max-snippet":"max-snippet:-1","max-image-preview":"max-image-preview:large","max-video-preview":"max-video-preview:-1"},"canonical":"https:\/\/veritasinfo.org\/?p=4825","og_locale":"en_US","og_type":"article","og_title":"Vdekja e dy pun\u00ebtor\u00ebve n\u00eb Gjakov\u00eb, arrest sht\u00ebpiak ndaj dy dyshuarve -","og_description":"Gjakov\u00eb, 23 Korrik 2025 Gjykata Themelore n\u00eb Gjakov\u00eb ka caktuar mas\u00ebn e arrestit sht\u00ebpiak n\u00eb koh\u00ebzgjatje prej nj\u00eb muaji ndaj t\u00eb pandehurve Xh.P., dhe A.","og_url":"https:\/\/veritasinfo.org\/?p=4825","article_published_time":"2025-07-23T05:29:27+00:00","og_image":[{"width":750,"height":430,"url":"https:\/\/veritasinfo.org\/wp-content\/uploads\/2025\/07\/IMG_2239.jpeg","type":"image\/jpeg"}],"author":"admin","twitter_card":"summary_large_image","twitter_misc":{"Written by":"admin","Est. reading time":"2 minutes"},"schema":{"@context":"https:\/\/schema.org","@graph":[{"@type":"WebPage","@id":"https:\/\/veritasinfo.org\/?p=4825","url":"https:\/\/veritasinfo.org\/?p=4825","name":"Vdekja e dy pun\u00ebtor\u00ebve n\u00eb Gjakov\u00eb, arrest sht\u00ebpiak ndaj dy dyshuarve -","isPartOf":{"@id":"https:\/\/veritasinfo.org\/#website"},"primaryImageOfPage":{"@id":"https:\/\/veritasinfo.org\/?p=4825#primaryimage"},"image":{"@id":"https:\/\/veritasinfo.org\/?p=4825#primaryimage"},"thumbnailUrl":"https:\/\/veritasinfo.org\/wp-content\/uploads\/2025\/07\/IMG_2239.jpeg","datePublished":"2025-07-23T05:29:27+00:00","author":{"@id":"https:\/\/veritasinfo.org\/#\/schema\/person\/7701f8c088bece422266b100a712374f"},"breadcrumb":{"@id":"https:\/\/veritasinfo.org\/?p=4825#breadcrumb"},"inLanguage":"en-US","potentialAction":[{"@type":"ReadAction","target":["https:\/\/veritasinfo.org\/?p=4825"]}]},{"@type":"ImageObject","inLanguage":"en-US","@id":"https:\/\/veritasinfo.org\/?p=4825#primaryimage","url":"https:\/\/veritasinfo.org\/wp-content\/uploads\/2025\/07\/IMG_2239.jpeg","contentUrl":"https:\/\/veritasinfo.org\/wp-content\/uploads\/2025\/07\/IMG_2239.jpeg","width":750,"height":430},{"@type":"BreadcrumbList","@id":"https:\/\/veritasinfo.org\/?p=4825#breadcrumb","itemListElement":[{"@type":"ListItem","position":1,"name":"Home","item":"https:\/\/veritasinfo.org\/"},{"@type":"ListItem","position":2,"name":"Vdekja e dy pun\u00ebtor\u00ebve n\u00eb Gjakov\u00eb, arrest sht\u00ebpiak ndaj dy dyshuarve"}]},{"@type":"WebSite","@id":"https:\/\/veritasinfo.org\/#website","url":"https:\/\/veritasinfo.org\/","name":"","description":"","potentialAction":[{"@type":"SearchAction","target":{"@type":"EntryPoint","urlTemplate":"https:\/\/veritasinfo.org\/?s={search_term_string}"},"query-input":{"@type":"PropertyValueSpecification","valueRequired":true,"valueName":"search_term_string"}}],"inLanguage":"en-US"},{"@type":"Person","@id":"https:\/\/veritasinfo.org\/#\/schema\/person\/7701f8c088bece422266b100a712374f","name":"admin","image":{"@type":"ImageObject","inLanguage":"en-US","@id":"https:\/\/veritasinfo.org\/#\/schema\/person\/image\/","url":"https:\/\/secure.gravatar.com\/avatar\/ea53aa3bf6c9a12d5fde8ce4deff43fef3885ae33cf60184161a50d6987cfd2f?s=96&d=mm&r=g","contentUrl":"https:\/\/secure.gravatar.com\/avatar\/ea53aa3bf6c9a12d5fde8ce4deff43fef3885ae33cf60184161a50d6987cfd2f?s=96&d=mm&r=g","caption":"admin"},"sameAs":["https:\/\/veritasinfo.org"],"url":"https:\/\/veritasinfo.org\/?author=1"}]}},"featured_image_urls":{"full":["https:\/\/veritasinfo.org\/wp-content\/uploads\/2025\/07\/IMG_2239.jpeg",750,430,false],"thumbnail":["https:\/\/veritasinfo.org\/wp-content\/uploads\/2025\/07\/IMG_2239-150x150.jpeg",150,150,true],"medium":["https:\/\/veritasinfo.org\/wp-content\/uploads\/2025\/07\/IMG_2239-300x172.jpeg",300,172,true],"medium_large":["https:\/\/veritasinfo.org\/wp-content\/uploads\/2025\/07\/IMG_2239.jpeg",640,367,false],"large":["https:\/\/veritasinfo.org\/wp-content\/uploads\/2025\/07\/IMG_2239.jpeg",640,367,false],"1536x1536":["https:\/\/veritasinfo.org\/wp-content\/uploads\/2025\/07\/IMG_2239.jpeg",750,430,false],"2048x2048":["https:\/\/veritasinfo.org\/wp-content\/uploads\/2025\/07\/IMG_2239.jpeg",750,430,false],"kreeti-slider-full":["https:\/\/veritasinfo.org\/wp-content\/uploads\/2025\/07\/IMG_2239.jpeg",750,430,false],"kreeti-featured":["https:\/\/veritasinfo.org\/wp-content\/uploads\/2025\/07\/IMG_2239.jpeg",750,430,false],"kreeti-medium":["https:\/\/veritasinfo.org\/wp-content\/uploads\/2025\/07\/IMG_2239.jpeg",720,413,false],"kreeti-medium-square":["https:\/\/veritasinfo.org\/wp-content\/uploads\/2025\/07\/IMG_2239.jpeg",350,201,false]},"author_info":{"info":["admin"]},"category_info":"<a href=\"https:\/\/veritasinfo.org\/?cat=60\" rel=\"category\">Shoq\u00ebrore<\/a>","tag_info":"Shoq\u00ebrore","comment_count":"0","_links":{"self":[{"href":"https:\/\/veritasinfo.org\/index.php?rest_route=\/wp\/v2\/posts\/4825","targetHints":{"allow":["GET"]}}],"collection":[{"href":"https:\/\/veritasinfo.org\/index.php?rest_route=\/wp\/v2\/posts"}],"about":[{"href":"https:\/\/veritasinfo.org\/index.php?rest_route=\/wp\/v2\/types\/post"}],"author":[{"embeddable":true,"href":"https:\/\/veritasinfo.org\/index.php?rest_route=\/wp\/v2\/users\/1"}],"replies":[{"embeddable":true,"href":"https:\/\/veritasinfo.org\/index.php?rest_route=%2Fwp%2Fv2%2Fcomments&post=4825"}],"version-history":[{"count":1,"href":"https:\/\/veritasinfo.org\/index.php?rest_route=\/wp\/v2\/posts\/4825\/revisions"}],"predecessor-version":[{"id":4827,"href":"https:\/\/veritasinfo.org\/index.php?rest_route=\/wp\/v2\/posts\/4825\/revisions\/4827"}],"wp:featuredmedia":[{"embeddable":true,"href":"https:\/\/veritasinfo.org\/index.php?rest_route=\/wp\/v2\/media\/4826"}],"wp:attachment":[{"href":"https:\/\/veritasinfo.org\/index.php?rest_route=%2Fwp%2Fv2%2Fmedia&parent=4825"}],"wp:term":[{"taxonomy":"category","embeddable":true,"href":"https:\/\/veritasinfo.org\/index.php?rest_route=%2Fwp%2Fv2%2Fcategories&post=4825"},{"taxonomy":"post_tag","embeddable":true,"href":"https:\/\/veritasinfo.org\/index.php?rest_route=%2Fwp%2Fv2%2Ftags&post=4825"}],"curies":[{"name":"wp","href":"https:\/\/api.w.org\/{rel}","templated":true}]}}