{"id":4820,"date":"2025-07-23T07:25:07","date_gmt":"2025-07-23T05:25:07","guid":{"rendered":"https:\/\/veritasinfo.org\/?p=4820"},"modified":"2025-07-22T22:33:32","modified_gmt":"2025-07-22T20:33:32","slug":"temperaturat-e-larta-rrisin-rastet-emergjente","status":"publish","type":"post","link":"https:\/\/veritasinfo.org\/?p=4820","title":{"rendered":"Temperaturat e larta rrisin rastet emergjente"},"content":{"rendered":"<p>Prishtin\u00eb, 23 Korrik 2025<\/p>\n<p><strong>Pas rritjes s\u00eb temperaturave, n\u00eb Klinik\u00ebn Emergjente t\u00eb QKUK-s\u00eb jan\u00eb shtuar rastet q\u00eb k\u00ebrkojn\u00eb trajtim mjek\u00ebsor.<\/strong><\/p>\n<p>&nbsp;<\/p>\n<p>\u201cM\u00eb shum\u00eb \u00ebsht\u00eb nga pacient\u00ebt me s\u00ebmundje internistike, pasi dihet cilat mosha jan\u00eb m\u00eb t\u00eb prekura. N\u00eb mesin e tyre jan\u00eb personat e moshuar, f\u00ebmij\u00ebt dhe personat me s\u00ebmundje kronike\u201d,ka th\u00ebn\u00eb Syla.<\/p>\n<p>Vapa e madhe po ndikon edhe n\u00eb sigurin\u00eb ushqimore. Mjek\u00ebt familjar\u00eb rekomandojn\u00eb kujdes t\u00eb shtuar me at\u00eb q\u00eb konsumojm\u00eb gjat\u00eb ver\u00ebs.<\/p>\n<p>\u201c\u00cbsht\u00eb e r\u00ebnd\u00ebsishme q\u00eb t\u00eb marrin m\u00eb shum\u00eb sasi t\u00eb ujit, \u00e7ajra pa sheqer, sasi t\u00eb mjaftueshme t\u00eb perimeve dhe frutave\u201d, ka th\u00ebn\u00eb Ismajli specialist i Mjek\u00ebsis\u00eb Familjare.<\/p>\n<p>Nga Agjencia e Ushqimit dhe Veterinaris\u00eb thon\u00eb se inspektimet jan\u00eb shtuar n\u00eb terren, ve\u00e7an\u00ebrisht p\u00ebr produktet q\u00eb k\u00ebrkojn\u00eb ruajtje n\u00eb temperatura t\u00eb caktuara.<\/p>\n<p>\u201cVet\u00eb drejtori ka dh\u00ebn\u00eb urdh\u00ebres\u00eb q\u00eb, sidomos gjat\u00eb inspektimeve, fokusi t\u00eb jet\u00eb mbik\u00ebqyrja e respektimit t\u00eb temperaturave p\u00ebr t\u00eb gjitha produktet q\u00eb k\u00ebrkojn\u00eb ruajtje n\u00eb kushte t\u00eb ve\u00e7anta\u201d ka th\u00ebn\u00eb Lamir Tha\u00e7i, z\u00ebdh\u00ebn\u00ebs i AUV-it.<\/p>\n<p>P\u00ebrve\u00e7 ushqimit, rreziku nga vapa \u00ebsht\u00eb i pranish\u00ebm edhe p\u00ebr pun\u00ebtor\u00ebt q\u00eb punojn\u00eb jasht\u00eb.<\/p>\n<p>P\u00ebr k\u00ebt\u00eb arsye, Ministria e Sh\u00ebndet\u00ebsis\u00eb ka k\u00ebrkuar nga sektor\u00ebt publik dhe privat q\u00eb t\u00eb kujdesen p\u00ebr mbrojtjen e pun\u00ebtor\u00ebve gjat\u00eb datave 22 deri m\u00eb 25 korrik.<\/p>\n<p>Nd\u00ebrkoh\u00eb, Instituti Hidrometeorologjik i Kosov\u00ebs ka paralajm\u00ebruar nj\u00eb jav\u00eb t\u00eb nxeht\u00eb, si pasoj\u00eb e masave ajrore t\u00eb ardhura nga Afrika Veriore.<\/p>\n<p>&nbsp;<\/p>\n","protected":false},"excerpt":{"rendered":"<p>Prishtin\u00eb, 23 Korrik 2025 Pas rritjes s\u00eb temperaturave, n\u00eb Klinik\u00ebn Emergjente t\u00eb QKUK-s\u00eb jan\u00eb shtuar rastet q\u00eb k\u00ebrkojn\u00eb trajtim mjek\u00ebsor. &nbsp; \u201cM\u00eb shum\u00eb \u00ebsht\u00eb nga<\/p>\n","protected":false},"author":1,"featured_media":4821,"comment_status":"open","ping_status":"open","sticky":false,"template":"","format":"standard","meta":{"footnotes":""},"categories":[60],"tags":[],"class_list":["post-4820","post","type-post","status-publish","format-standard","has-post-thumbnail","hentry","category-shoqerore-sq"],"yoast_head":"<!-- This site is optimized with the Yoast SEO plugin v25.3.1 - https:\/\/yoast.com\/wordpress\/plugins\/seo\/ -->\n<title>Temperaturat e larta rrisin rastet emergjente -<\/title>\n<meta name=\"robots\" content=\"index, follow, max-snippet:-1, max-image-preview:large, max-video-preview:-1\" \/>\n<link rel=\"canonical\" href=\"https:\/\/veritasinfo.org\/?p=4820\" \/>\n<meta property=\"og:locale\" content=\"en_US\" \/>\n<meta property=\"og:type\" content=\"article\" \/>\n<meta property=\"og:title\" content=\"Temperaturat e larta rrisin rastet emergjente -\" \/>\n<meta property=\"og:description\" content=\"Prishtin\u00eb, 23 Korrik 2025 Pas rritjes s\u00eb temperaturave, n\u00eb Klinik\u00ebn Emergjente t\u00eb QKUK-s\u00eb jan\u00eb shtuar rastet q\u00eb k\u00ebrkojn\u00eb trajtim mjek\u00ebsor. &nbsp; \u201cM\u00eb shum\u00eb \u00ebsht\u00eb nga\" \/>\n<meta property=\"og:url\" content=\"https:\/\/veritasinfo.org\/?p=4820\" \/>\n<meta property=\"article:published_time\" content=\"2025-07-23T05:25:07+00:00\" \/>\n<meta property=\"og:image\" content=\"https:\/\/veritasinfo.org\/wp-content\/uploads\/2025\/07\/IMG_2238.jpeg\" \/>\n\t<meta property=\"og:image:width\" content=\"780\" \/>\n\t<meta property=\"og:image:height\" content=\"500\" \/>\n\t<meta property=\"og:image:type\" content=\"image\/jpeg\" \/>\n<meta name=\"author\" content=\"admin\" \/>\n<meta name=\"twitter:card\" content=\"summary_large_image\" \/>\n<meta name=\"twitter:label1\" content=\"Written by\" \/>\n\t<meta name=\"twitter:data1\" content=\"admin\" \/>\n\t<meta name=\"twitter:label2\" content=\"Est. reading time\" \/>\n\t<meta name=\"twitter:data2\" content=\"2 minutes\" \/>\n<script type=\"application\/ld+json\" class=\"yoast-schema-graph\">{\"@context\":\"https:\/\/schema.org\",\"@graph\":[{\"@type\":\"WebPage\",\"@id\":\"https:\/\/veritasinfo.org\/?p=4820\",\"url\":\"https:\/\/veritasinfo.org\/?p=4820\",\"name\":\"Temperaturat e larta rrisin rastet emergjente -\",\"isPartOf\":{\"@id\":\"https:\/\/veritasinfo.org\/#website\"},\"primaryImageOfPage\":{\"@id\":\"https:\/\/veritasinfo.org\/?p=4820#primaryimage\"},\"image\":{\"@id\":\"https:\/\/veritasinfo.org\/?p=4820#primaryimage\"},\"thumbnailUrl\":\"https:\/\/veritasinfo.org\/wp-content\/uploads\/2025\/07\/IMG_2238.jpeg\",\"datePublished\":\"2025-07-23T05:25:07+00:00\",\"author\":{\"@id\":\"https:\/\/veritasinfo.org\/#\/schema\/person\/7701f8c088bece422266b100a712374f\"},\"breadcrumb\":{\"@id\":\"https:\/\/veritasinfo.org\/?p=4820#breadcrumb\"},\"inLanguage\":\"en-US\",\"potentialAction\":[{\"@type\":\"ReadAction\",\"target\":[\"https:\/\/veritasinfo.org\/?p=4820\"]}]},{\"@type\":\"ImageObject\",\"inLanguage\":\"en-US\",\"@id\":\"https:\/\/veritasinfo.org\/?p=4820#primaryimage\",\"url\":\"https:\/\/veritasinfo.org\/wp-content\/uploads\/2025\/07\/IMG_2238.jpeg\",\"contentUrl\":\"https:\/\/veritasinfo.org\/wp-content\/uploads\/2025\/07\/IMG_2238.jpeg\",\"width\":780,\"height\":500},{\"@type\":\"BreadcrumbList\",\"@id\":\"https:\/\/veritasinfo.org\/?p=4820#breadcrumb\",\"itemListElement\":[{\"@type\":\"ListItem\",\"position\":1,\"name\":\"Home\",\"item\":\"https:\/\/veritasinfo.org\/\"},{\"@type\":\"ListItem\",\"position\":2,\"name\":\"Temperaturat e larta rrisin rastet emergjente\"}]},{\"@type\":\"WebSite\",\"@id\":\"https:\/\/veritasinfo.org\/#website\",\"url\":\"https:\/\/veritasinfo.org\/\",\"name\":\"\",\"description\":\"\",\"potentialAction\":[{\"@type\":\"SearchAction\",\"target\":{\"@type\":\"EntryPoint\",\"urlTemplate\":\"https:\/\/veritasinfo.org\/?s={search_term_string}\"},\"query-input\":{\"@type\":\"PropertyValueSpecification\",\"valueRequired\":true,\"valueName\":\"search_term_string\"}}],\"inLanguage\":\"en-US\"},{\"@type\":\"Person\",\"@id\":\"https:\/\/veritasinfo.org\/#\/schema\/person\/7701f8c088bece422266b100a712374f\",\"name\":\"admin\",\"image\":{\"@type\":\"ImageObject\",\"inLanguage\":\"en-US\",\"@id\":\"https:\/\/veritasinfo.org\/#\/schema\/person\/image\/\",\"url\":\"https:\/\/secure.gravatar.com\/avatar\/ea53aa3bf6c9a12d5fde8ce4deff43fef3885ae33cf60184161a50d6987cfd2f?s=96&d=mm&r=g\",\"contentUrl\":\"https:\/\/secure.gravatar.com\/avatar\/ea53aa3bf6c9a12d5fde8ce4deff43fef3885ae33cf60184161a50d6987cfd2f?s=96&d=mm&r=g\",\"caption\":\"admin\"},\"sameAs\":[\"https:\/\/veritasinfo.org\"],\"url\":\"https:\/\/veritasinfo.org\/?author=1\"}]}<\/script>\n<!-- \/ Yoast SEO plugin. -->","yoast_head_json":{"title":"Temperaturat e larta rrisin rastet emergjente -","robots":{"index":"index","follow":"follow","max-snippet":"max-snippet:-1","max-image-preview":"max-image-preview:large","max-video-preview":"max-video-preview:-1"},"canonical":"https:\/\/veritasinfo.org\/?p=4820","og_locale":"en_US","og_type":"article","og_title":"Temperaturat e larta rrisin rastet emergjente -","og_description":"Prishtin\u00eb, 23 Korrik 2025 Pas rritjes s\u00eb temperaturave, n\u00eb Klinik\u00ebn Emergjente t\u00eb QKUK-s\u00eb jan\u00eb shtuar rastet q\u00eb k\u00ebrkojn\u00eb trajtim mjek\u00ebsor. &nbsp; \u201cM\u00eb shum\u00eb \u00ebsht\u00eb nga","og_url":"https:\/\/veritasinfo.org\/?p=4820","article_published_time":"2025-07-23T05:25:07+00:00","og_image":[{"width":780,"height":500,"url":"https:\/\/veritasinfo.org\/wp-content\/uploads\/2025\/07\/IMG_2238.jpeg","type":"image\/jpeg"}],"author":"admin","twitter_card":"summary_large_image","twitter_misc":{"Written by":"admin","Est. reading time":"2 minutes"},"schema":{"@context":"https:\/\/schema.org","@graph":[{"@type":"WebPage","@id":"https:\/\/veritasinfo.org\/?p=4820","url":"https:\/\/veritasinfo.org\/?p=4820","name":"Temperaturat e larta rrisin rastet emergjente -","isPartOf":{"@id":"https:\/\/veritasinfo.org\/#website"},"primaryImageOfPage":{"@id":"https:\/\/veritasinfo.org\/?p=4820#primaryimage"},"image":{"@id":"https:\/\/veritasinfo.org\/?p=4820#primaryimage"},"thumbnailUrl":"https:\/\/veritasinfo.org\/wp-content\/uploads\/2025\/07\/IMG_2238.jpeg","datePublished":"2025-07-23T05:25:07+00:00","author":{"@id":"https:\/\/veritasinfo.org\/#\/schema\/person\/7701f8c088bece422266b100a712374f"},"breadcrumb":{"@id":"https:\/\/veritasinfo.org\/?p=4820#breadcrumb"},"inLanguage":"en-US","potentialAction":[{"@type":"ReadAction","target":["https:\/\/veritasinfo.org\/?p=4820"]}]},{"@type":"ImageObject","inLanguage":"en-US","@id":"https:\/\/veritasinfo.org\/?p=4820#primaryimage","url":"https:\/\/veritasinfo.org\/wp-content\/uploads\/2025\/07\/IMG_2238.jpeg","contentUrl":"https:\/\/veritasinfo.org\/wp-content\/uploads\/2025\/07\/IMG_2238.jpeg","width":780,"height":500},{"@type":"BreadcrumbList","@id":"https:\/\/veritasinfo.org\/?p=4820#breadcrumb","itemListElement":[{"@type":"ListItem","position":1,"name":"Home","item":"https:\/\/veritasinfo.org\/"},{"@type":"ListItem","position":2,"name":"Temperaturat e larta rrisin rastet emergjente"}]},{"@type":"WebSite","@id":"https:\/\/veritasinfo.org\/#website","url":"https:\/\/veritasinfo.org\/","name":"","description":"","potentialAction":[{"@type":"SearchAction","target":{"@type":"EntryPoint","urlTemplate":"https:\/\/veritasinfo.org\/?s={search_term_string}"},"query-input":{"@type":"PropertyValueSpecification","valueRequired":true,"valueName":"search_term_string"}}],"inLanguage":"en-US"},{"@type":"Person","@id":"https:\/\/veritasinfo.org\/#\/schema\/person\/7701f8c088bece422266b100a712374f","name":"admin","image":{"@type":"ImageObject","inLanguage":"en-US","@id":"https:\/\/veritasinfo.org\/#\/schema\/person\/image\/","url":"https:\/\/secure.gravatar.com\/avatar\/ea53aa3bf6c9a12d5fde8ce4deff43fef3885ae33cf60184161a50d6987cfd2f?s=96&d=mm&r=g","contentUrl":"https:\/\/secure.gravatar.com\/avatar\/ea53aa3bf6c9a12d5fde8ce4deff43fef3885ae33cf60184161a50d6987cfd2f?s=96&d=mm&r=g","caption":"admin"},"sameAs":["https:\/\/veritasinfo.org"],"url":"https:\/\/veritasinfo.org\/?author=1"}]}},"featured_image_urls":{"full":["https:\/\/veritasinfo.org\/wp-content\/uploads\/2025\/07\/IMG_2238.jpeg",780,500,false],"thumbnail":["https:\/\/veritasinfo.org\/wp-content\/uploads\/2025\/07\/IMG_2238-150x150.jpeg",150,150,true],"medium":["https:\/\/veritasinfo.org\/wp-content\/uploads\/2025\/07\/IMG_2238-300x192.jpeg",300,192,true],"medium_large":["https:\/\/veritasinfo.org\/wp-content\/uploads\/2025\/07\/IMG_2238-768x492.jpeg",640,410,true],"large":["https:\/\/veritasinfo.org\/wp-content\/uploads\/2025\/07\/IMG_2238.jpeg",640,410,false],"1536x1536":["https:\/\/veritasinfo.org\/wp-content\/uploads\/2025\/07\/IMG_2238.jpeg",780,500,false],"2048x2048":["https:\/\/veritasinfo.org\/wp-content\/uploads\/2025\/07\/IMG_2238.jpeg",780,500,false],"kreeti-slider-full":["https:\/\/veritasinfo.org\/wp-content\/uploads\/2025\/07\/IMG_2238.jpeg",780,500,false],"kreeti-featured":["https:\/\/veritasinfo.org\/wp-content\/uploads\/2025\/07\/IMG_2238.jpeg",780,500,false],"kreeti-medium":["https:\/\/veritasinfo.org\/wp-content\/uploads\/2025\/07\/IMG_2238.jpeg",720,462,false],"kreeti-medium-square":["https:\/\/veritasinfo.org\/wp-content\/uploads\/2025\/07\/IMG_2238.jpeg",350,224,false]},"author_info":{"info":["admin"]},"category_info":"<a href=\"https:\/\/veritasinfo.org\/?cat=60\" rel=\"category\">Shoq\u00ebrore<\/a>","tag_info":"Shoq\u00ebrore","comment_count":"0","_links":{"self":[{"href":"https:\/\/veritasinfo.org\/index.php?rest_route=\/wp\/v2\/posts\/4820","targetHints":{"allow":["GET"]}}],"collection":[{"href":"https:\/\/veritasinfo.org\/index.php?rest_route=\/wp\/v2\/posts"}],"about":[{"href":"https:\/\/veritasinfo.org\/index.php?rest_route=\/wp\/v2\/types\/post"}],"author":[{"embeddable":true,"href":"https:\/\/veritasinfo.org\/index.php?rest_route=\/wp\/v2\/users\/1"}],"replies":[{"embeddable":true,"href":"https:\/\/veritasinfo.org\/index.php?rest_route=%2Fwp%2Fv2%2Fcomments&post=4820"}],"version-history":[{"count":1,"href":"https:\/\/veritasinfo.org\/index.php?rest_route=\/wp\/v2\/posts\/4820\/revisions"}],"predecessor-version":[{"id":4822,"href":"https:\/\/veritasinfo.org\/index.php?rest_route=\/wp\/v2\/posts\/4820\/revisions\/4822"}],"wp:featuredmedia":[{"embeddable":true,"href":"https:\/\/veritasinfo.org\/index.php?rest_route=\/wp\/v2\/media\/4821"}],"wp:attachment":[{"href":"https:\/\/veritasinfo.org\/index.php?rest_route=%2Fwp%2Fv2%2Fmedia&parent=4820"}],"wp:term":[{"taxonomy":"category","embeddable":true,"href":"https:\/\/veritasinfo.org\/index.php?rest_route=%2Fwp%2Fv2%2Fcategories&post=4820"},{"taxonomy":"post_tag","embeddable":true,"href":"https:\/\/veritasinfo.org\/index.php?rest_route=%2Fwp%2Fv2%2Ftags&post=4820"}],"curies":[{"name":"wp","href":"https:\/\/api.w.org\/{rel}","templated":true}]}}