{"id":4813,"date":"2025-07-23T07:22:11","date_gmt":"2025-07-23T05:22:11","guid":{"rendered":"https:\/\/veritasinfo.org\/?p=4813"},"modified":"2025-07-22T22:17:41","modified_gmt":"2025-07-22T20:17:41","slug":"mishetiq-prokuroria-po-na-cakton-kushte-qe-si-ka-zbatuar-asnjehere-vete","status":"publish","type":"post","link":"https:\/\/veritasinfo.org\/?p=4813","title":{"rendered":"Mishetiq: Prokuroria po na cakton kushte q\u00eb s\u2019i ka zbatuar asnj\u00ebher\u00eb vet\u00eb"},"content":{"rendered":"<p>Prishtin\u00eb, 23 Korrik 2025<\/p>\n<p><strong>Avokati i ish-Presidentit Hashim Tha\u00e7it, Luka Mishetiq gjat\u00eb konferenc\u00ebs s\u00eb sotme mbi ecurin\u00eb e \u00e7\u00ebshtjes n\u00eb k\u00ebt\u00eb rast, ka kritikuar ashp\u00ebr Prokurorin\u00eb.<\/strong><\/p>\n<p>N\u00eb nj\u00eb rast, ai i tha prokurorit Matt Halling q\u00eb po i vendos kushte mbrojtjes t\u00eb cilat asnj\u00ebher\u00eb nuk i ka zbatuar vet\u00eb, raporton \u201c<strong>Betimi p\u00ebr Drejt\u00ebsi<\/strong>\u201c.<\/p>\n<p>\u201cGjith\u00eb paraditen Prokuroria na ka caktuar kushte q\u00eb vet\u00eb nuk i ka zbatuar asnj\u00ebher\u00eb sa i p\u00ebrket Rregull\u00ebs 107. Prandaj, nuk po e kuptoj k\u00ebt\u00eb vendosjen e kushteve prej tyre. Iu thash edhe nj\u00ebher\u00eb se n\u00ebse do t\u00eb kemi nevoj\u00eb q\u00eb t\u00eb na ndihmoni ju, do e b\u00ebjm\u00eb k\u00ebrkes\u00ebn p\u00ebrkat\u00ebse p\u00ebrpara 18 gushtit\u201d, tha Mishetiq.<\/p>\n<p>Kjo kishte t\u00eb b\u00ebnte m\u00eb shum\u00eb p\u00ebr parashtrimet e prokurorit Matt Halling lidhur me pyetjet e gjyqtar\u00ebve ndaj mbrojtjes p\u00ebr d\u00ebshmitar\u00ebt sipas Rregull\u00ebs 107, p\u00ebr t\u00eb cil\u00ebt k\u00ebrkohet autorizim.<\/p>\n<p>Prokurori Halling tha se duke marr\u00eb parasysh parashtrimet, nuk mund t\u00eb merren shum\u00eb informacione lidhur me aspektet e Rregull\u00ebs 107, por q\u00eb trupi gjykues mund ta b\u00ebj\u00eb nj\u00eb gj\u00eb t\u00eb till\u00eb.<\/p>\n<p>\u201cNe propozojm\u00eb fuqimisht q\u00eb trupi gjykues t\u00eb marri parashtrime ex-parte prej ekipeve t\u00eb mbrojtjes se cilat jan\u00eb kufizimet dhe \u00e7far\u00eb propozojn\u00eb\u201d, tha Halling.<\/p>\n<p>Mishetiq tha se do t\u00eb b\u00ebjn\u00eb t\u00eb pamundur\u00ebn q\u00eb t\u2019i th\u00ebrrasin k\u00ebta d\u00ebshmitar\u00eb, me arsyetimin se kan\u00eb d\u00ebshmi t\u00eb vlefshme. Tha se n\u00ebse nuk funksionon plani i tyre, do i b\u00ebjn\u00eb k\u00ebrkes\u00eb trupit gjykues q\u00eb k\u00ebta d\u00ebshmitar\u00eb t\u2019i sjellin p\u00ebr t\u00eb d\u00ebshmuar.<\/p>\n<p>Ndryshe, seanca e sotme p\u00ebrfundoi me kaq duke njoftuar se nuk do t\u00eb ket\u00eb m\u00eb seanca n\u00eb k\u00ebt\u00eb rast deri pas pushimit t\u00eb ver\u00ebs e q\u00eb parashihet mbajtja e konferenc\u00ebs p\u00ebrgatitore p\u00ebr paraqitjen e provave t\u00eb mbrojtjes.<\/p>\n<p>&nbsp;<\/p>\n","protected":false},"excerpt":{"rendered":"<p>Prishtin\u00eb, 23 Korrik 2025 Avokati i ish-Presidentit Hashim Tha\u00e7it, Luka Mishetiq gjat\u00eb konferenc\u00ebs s\u00eb sotme mbi ecurin\u00eb e \u00e7\u00ebshtjes n\u00eb k\u00ebt\u00eb rast, ka kritikuar ashp\u00ebr<\/p>\n","protected":false},"author":1,"featured_media":4815,"comment_status":"open","ping_status":"open","sticky":false,"template":"","format":"standard","meta":{"footnotes":""},"categories":[60],"tags":[],"class_list":["post-4813","post","type-post","status-publish","format-standard","has-post-thumbnail","hentry","category-shoqerore-sq"],"yoast_head":"<!-- This site is optimized with the Yoast SEO plugin v25.3.1 - https:\/\/yoast.com\/wordpress\/plugins\/seo\/ -->\n<title>Mishetiq: Prokuroria po na cakton kushte q\u00eb s\u2019i ka zbatuar asnj\u00ebher\u00eb vet\u00eb -<\/title>\n<meta name=\"robots\" content=\"index, follow, max-snippet:-1, max-image-preview:large, max-video-preview:-1\" \/>\n<link rel=\"canonical\" href=\"https:\/\/veritasinfo.org\/?p=4813\" \/>\n<meta property=\"og:locale\" content=\"en_US\" \/>\n<meta property=\"og:type\" content=\"article\" \/>\n<meta property=\"og:title\" content=\"Mishetiq: Prokuroria po na cakton kushte q\u00eb s\u2019i ka zbatuar asnj\u00ebher\u00eb vet\u00eb -\" \/>\n<meta property=\"og:description\" content=\"Prishtin\u00eb, 23 Korrik 2025 Avokati i ish-Presidentit Hashim Tha\u00e7it, Luka Mishetiq gjat\u00eb konferenc\u00ebs s\u00eb sotme mbi ecurin\u00eb e \u00e7\u00ebshtjes n\u00eb k\u00ebt\u00eb rast, ka kritikuar ashp\u00ebr\" \/>\n<meta property=\"og:url\" content=\"https:\/\/veritasinfo.org\/?p=4813\" \/>\n<meta property=\"article:published_time\" content=\"2025-07-23T05:22:11+00:00\" \/>\n<meta property=\"og:image\" content=\"https:\/\/veritasinfo.org\/wp-content\/uploads\/2025\/07\/IMG_2237-1024x540.png\" \/>\n\t<meta property=\"og:image:width\" content=\"1024\" \/>\n\t<meta property=\"og:image:height\" content=\"540\" \/>\n\t<meta property=\"og:image:type\" content=\"image\/png\" \/>\n<meta name=\"author\" content=\"admin\" \/>\n<meta name=\"twitter:card\" content=\"summary_large_image\" \/>\n<meta name=\"twitter:label1\" content=\"Written by\" \/>\n\t<meta name=\"twitter:data1\" content=\"admin\" \/>\n\t<meta name=\"twitter:label2\" content=\"Est. reading time\" \/>\n\t<meta name=\"twitter:data2\" content=\"2 minutes\" \/>\n<script type=\"application\/ld+json\" class=\"yoast-schema-graph\">{\"@context\":\"https:\/\/schema.org\",\"@graph\":[{\"@type\":\"WebPage\",\"@id\":\"https:\/\/veritasinfo.org\/?p=4813\",\"url\":\"https:\/\/veritasinfo.org\/?p=4813\",\"name\":\"Mishetiq: Prokuroria po na cakton kushte q\u00eb s\u2019i ka zbatuar asnj\u00ebher\u00eb vet\u00eb -\",\"isPartOf\":{\"@id\":\"https:\/\/veritasinfo.org\/#website\"},\"primaryImageOfPage\":{\"@id\":\"https:\/\/veritasinfo.org\/?p=4813#primaryimage\"},\"image\":{\"@id\":\"https:\/\/veritasinfo.org\/?p=4813#primaryimage\"},\"thumbnailUrl\":\"https:\/\/veritasinfo.org\/wp-content\/uploads\/2025\/07\/IMG_2237.png\",\"datePublished\":\"2025-07-23T05:22:11+00:00\",\"author\":{\"@id\":\"https:\/\/veritasinfo.org\/#\/schema\/person\/7701f8c088bece422266b100a712374f\"},\"breadcrumb\":{\"@id\":\"https:\/\/veritasinfo.org\/?p=4813#breadcrumb\"},\"inLanguage\":\"en-US\",\"potentialAction\":[{\"@type\":\"ReadAction\",\"target\":[\"https:\/\/veritasinfo.org\/?p=4813\"]}]},{\"@type\":\"ImageObject\",\"inLanguage\":\"en-US\",\"@id\":\"https:\/\/veritasinfo.org\/?p=4813#primaryimage\",\"url\":\"https:\/\/veritasinfo.org\/wp-content\/uploads\/2025\/07\/IMG_2237.png\",\"contentUrl\":\"https:\/\/veritasinfo.org\/wp-content\/uploads\/2025\/07\/IMG_2237.png\",\"width\":1935,\"height\":1021},{\"@type\":\"BreadcrumbList\",\"@id\":\"https:\/\/veritasinfo.org\/?p=4813#breadcrumb\",\"itemListElement\":[{\"@type\":\"ListItem\",\"position\":1,\"name\":\"Home\",\"item\":\"https:\/\/veritasinfo.org\/\"},{\"@type\":\"ListItem\",\"position\":2,\"name\":\"Mishetiq: Prokuroria po na cakton kushte q\u00eb s\u2019i ka zbatuar asnj\u00ebher\u00eb vet\u00eb\"}]},{\"@type\":\"WebSite\",\"@id\":\"https:\/\/veritasinfo.org\/#website\",\"url\":\"https:\/\/veritasinfo.org\/\",\"name\":\"\",\"description\":\"\",\"potentialAction\":[{\"@type\":\"SearchAction\",\"target\":{\"@type\":\"EntryPoint\",\"urlTemplate\":\"https:\/\/veritasinfo.org\/?s={search_term_string}\"},\"query-input\":{\"@type\":\"PropertyValueSpecification\",\"valueRequired\":true,\"valueName\":\"search_term_string\"}}],\"inLanguage\":\"en-US\"},{\"@type\":\"Person\",\"@id\":\"https:\/\/veritasinfo.org\/#\/schema\/person\/7701f8c088bece422266b100a712374f\",\"name\":\"admin\",\"image\":{\"@type\":\"ImageObject\",\"inLanguage\":\"en-US\",\"@id\":\"https:\/\/veritasinfo.org\/#\/schema\/person\/image\/\",\"url\":\"https:\/\/secure.gravatar.com\/avatar\/ea53aa3bf6c9a12d5fde8ce4deff43fef3885ae33cf60184161a50d6987cfd2f?s=96&d=mm&r=g\",\"contentUrl\":\"https:\/\/secure.gravatar.com\/avatar\/ea53aa3bf6c9a12d5fde8ce4deff43fef3885ae33cf60184161a50d6987cfd2f?s=96&d=mm&r=g\",\"caption\":\"admin\"},\"sameAs\":[\"https:\/\/veritasinfo.org\"],\"url\":\"https:\/\/veritasinfo.org\/?author=1\"}]}<\/script>\n<!-- \/ Yoast SEO plugin. -->","yoast_head_json":{"title":"Mishetiq: Prokuroria po na cakton kushte q\u00eb s\u2019i ka zbatuar asnj\u00ebher\u00eb vet\u00eb -","robots":{"index":"index","follow":"follow","max-snippet":"max-snippet:-1","max-image-preview":"max-image-preview:large","max-video-preview":"max-video-preview:-1"},"canonical":"https:\/\/veritasinfo.org\/?p=4813","og_locale":"en_US","og_type":"article","og_title":"Mishetiq: Prokuroria po na cakton kushte q\u00eb s\u2019i ka zbatuar asnj\u00ebher\u00eb vet\u00eb -","og_description":"Prishtin\u00eb, 23 Korrik 2025 Avokati i ish-Presidentit Hashim Tha\u00e7it, Luka Mishetiq gjat\u00eb konferenc\u00ebs s\u00eb sotme mbi ecurin\u00eb e \u00e7\u00ebshtjes n\u00eb k\u00ebt\u00eb rast, ka kritikuar ashp\u00ebr","og_url":"https:\/\/veritasinfo.org\/?p=4813","article_published_time":"2025-07-23T05:22:11+00:00","og_image":[{"width":1024,"height":540,"url":"https:\/\/veritasinfo.org\/wp-content\/uploads\/2025\/07\/IMG_2237-1024x540.png","type":"image\/png"}],"author":"admin","twitter_card":"summary_large_image","twitter_misc":{"Written by":"admin","Est. reading time":"2 minutes"},"schema":{"@context":"https:\/\/schema.org","@graph":[{"@type":"WebPage","@id":"https:\/\/veritasinfo.org\/?p=4813","url":"https:\/\/veritasinfo.org\/?p=4813","name":"Mishetiq: Prokuroria po na cakton kushte q\u00eb s\u2019i ka zbatuar asnj\u00ebher\u00eb vet\u00eb -","isPartOf":{"@id":"https:\/\/veritasinfo.org\/#website"},"primaryImageOfPage":{"@id":"https:\/\/veritasinfo.org\/?p=4813#primaryimage"},"image":{"@id":"https:\/\/veritasinfo.org\/?p=4813#primaryimage"},"thumbnailUrl":"https:\/\/veritasinfo.org\/wp-content\/uploads\/2025\/07\/IMG_2237.png","datePublished":"2025-07-23T05:22:11+00:00","author":{"@id":"https:\/\/veritasinfo.org\/#\/schema\/person\/7701f8c088bece422266b100a712374f"},"breadcrumb":{"@id":"https:\/\/veritasinfo.org\/?p=4813#breadcrumb"},"inLanguage":"en-US","potentialAction":[{"@type":"ReadAction","target":["https:\/\/veritasinfo.org\/?p=4813"]}]},{"@type":"ImageObject","inLanguage":"en-US","@id":"https:\/\/veritasinfo.org\/?p=4813#primaryimage","url":"https:\/\/veritasinfo.org\/wp-content\/uploads\/2025\/07\/IMG_2237.png","contentUrl":"https:\/\/veritasinfo.org\/wp-content\/uploads\/2025\/07\/IMG_2237.png","width":1935,"height":1021},{"@type":"BreadcrumbList","@id":"https:\/\/veritasinfo.org\/?p=4813#breadcrumb","itemListElement":[{"@type":"ListItem","position":1,"name":"Home","item":"https:\/\/veritasinfo.org\/"},{"@type":"ListItem","position":2,"name":"Mishetiq: Prokuroria po na cakton kushte q\u00eb s\u2019i ka zbatuar asnj\u00ebher\u00eb vet\u00eb"}]},{"@type":"WebSite","@id":"https:\/\/veritasinfo.org\/#website","url":"https:\/\/veritasinfo.org\/","name":"","description":"","potentialAction":[{"@type":"SearchAction","target":{"@type":"EntryPoint","urlTemplate":"https:\/\/veritasinfo.org\/?s={search_term_string}"},"query-input":{"@type":"PropertyValueSpecification","valueRequired":true,"valueName":"search_term_string"}}],"inLanguage":"en-US"},{"@type":"Person","@id":"https:\/\/veritasinfo.org\/#\/schema\/person\/7701f8c088bece422266b100a712374f","name":"admin","image":{"@type":"ImageObject","inLanguage":"en-US","@id":"https:\/\/veritasinfo.org\/#\/schema\/person\/image\/","url":"https:\/\/secure.gravatar.com\/avatar\/ea53aa3bf6c9a12d5fde8ce4deff43fef3885ae33cf60184161a50d6987cfd2f?s=96&d=mm&r=g","contentUrl":"https:\/\/secure.gravatar.com\/avatar\/ea53aa3bf6c9a12d5fde8ce4deff43fef3885ae33cf60184161a50d6987cfd2f?s=96&d=mm&r=g","caption":"admin"},"sameAs":["https:\/\/veritasinfo.org"],"url":"https:\/\/veritasinfo.org\/?author=1"}]}},"featured_image_urls":{"full":["https:\/\/veritasinfo.org\/wp-content\/uploads\/2025\/07\/IMG_2237.png",1935,1021,false],"thumbnail":["https:\/\/veritasinfo.org\/wp-content\/uploads\/2025\/07\/IMG_2237-150x150.png",150,150,true],"medium":["https:\/\/veritasinfo.org\/wp-content\/uploads\/2025\/07\/IMG_2237-300x158.png",300,158,true],"medium_large":["https:\/\/veritasinfo.org\/wp-content\/uploads\/2025\/07\/IMG_2237-768x405.png",640,338,true],"large":["https:\/\/veritasinfo.org\/wp-content\/uploads\/2025\/07\/IMG_2237-1024x540.png",640,338,true],"1536x1536":["https:\/\/veritasinfo.org\/wp-content\/uploads\/2025\/07\/IMG_2237-1536x810.png",1536,810,true],"2048x2048":["https:\/\/veritasinfo.org\/wp-content\/uploads\/2025\/07\/IMG_2237.png",1935,1021,false],"kreeti-slider-full":["https:\/\/veritasinfo.org\/wp-content\/uploads\/2025\/07\/IMG_2237.png",1280,675,false],"kreeti-featured":["https:\/\/veritasinfo.org\/wp-content\/uploads\/2025\/07\/IMG_2237.png",1024,540,false],"kreeti-medium":["https:\/\/veritasinfo.org\/wp-content\/uploads\/2025\/07\/IMG_2237.png",720,380,false],"kreeti-medium-square":["https:\/\/veritasinfo.org\/wp-content\/uploads\/2025\/07\/IMG_2237.png",350,185,false]},"author_info":{"info":["admin"]},"category_info":"<a href=\"https:\/\/veritasinfo.org\/?cat=60\" rel=\"category\">Shoq\u00ebrore<\/a>","tag_info":"Shoq\u00ebrore","comment_count":"0","_links":{"self":[{"href":"https:\/\/veritasinfo.org\/index.php?rest_route=\/wp\/v2\/posts\/4813","targetHints":{"allow":["GET"]}}],"collection":[{"href":"https:\/\/veritasinfo.org\/index.php?rest_route=\/wp\/v2\/posts"}],"about":[{"href":"https:\/\/veritasinfo.org\/index.php?rest_route=\/wp\/v2\/types\/post"}],"author":[{"embeddable":true,"href":"https:\/\/veritasinfo.org\/index.php?rest_route=\/wp\/v2\/users\/1"}],"replies":[{"embeddable":true,"href":"https:\/\/veritasinfo.org\/index.php?rest_route=%2Fwp%2Fv2%2Fcomments&post=4813"}],"version-history":[{"count":1,"href":"https:\/\/veritasinfo.org\/index.php?rest_route=\/wp\/v2\/posts\/4813\/revisions"}],"predecessor-version":[{"id":4816,"href":"https:\/\/veritasinfo.org\/index.php?rest_route=\/wp\/v2\/posts\/4813\/revisions\/4816"}],"wp:featuredmedia":[{"embeddable":true,"href":"https:\/\/veritasinfo.org\/index.php?rest_route=\/wp\/v2\/media\/4815"}],"wp:attachment":[{"href":"https:\/\/veritasinfo.org\/index.php?rest_route=%2Fwp%2Fv2%2Fmedia&parent=4813"}],"wp:term":[{"taxonomy":"category","embeddable":true,"href":"https:\/\/veritasinfo.org\/index.php?rest_route=%2Fwp%2Fv2%2Fcategories&post=4813"},{"taxonomy":"post_tag","embeddable":true,"href":"https:\/\/veritasinfo.org\/index.php?rest_route=%2Fwp%2Fv2%2Ftags&post=4813"}],"curies":[{"name":"wp","href":"https:\/\/api.w.org\/{rel}","templated":true}]}}