{"id":4792,"date":"2025-07-22T20:07:32","date_gmt":"2025-07-22T18:07:32","guid":{"rendered":"https:\/\/veritasinfo.org\/?p=4792"},"modified":"2025-07-22T20:07:32","modified_gmt":"2025-07-22T18:07:32","slug":"ambasada-e-shba-se-kosova-mund-te-jete-faktor-i-rendesishem-ne-sigurine-global","status":"publish","type":"post","link":"https:\/\/veritasinfo.org\/?p=4792","title":{"rendered":"Ambasada e SHBA-s\u00eb, Kosova mund t\u00eb jet\u00eb faktor i r\u00ebnd\u00ebsish\u00ebm n\u00eb sigurin\u00eb global"},"content":{"rendered":"<p>Prishtin\u00eb, 22 korrik 2025<\/p>\n<p><strong>Ambasada e SHBA-s\u00eb, Kosova ka potencial t\u00eb b\u00ebhet kontribuues ky\u00e7 n\u00eb sigurin\u00eb globale.<\/strong><\/p>\n<p>Ambasada e Shteteve t\u00eb Bashkuara n\u00eb Kosov\u00eb ka vler\u00ebsuar se Kosova ka potencial t\u00eb nxis\u00eb rritjen ekonomike dhe t\u00eb shnd\u00ebrrohet n\u00eb nj\u00eb kontribuues ky\u00e7 t\u00eb siguris\u00eb globale, fal\u00eb partneriteteve t\u00eb forta me kompanit\u00eb amerikane.<\/p>\n<p>P\u00ebrmes nj\u00eb njoftimi, ambasada amerikane \u00ebsht\u00eb shprehur krenare q\u00eb i \u00ebsht\u00eb bashkuar Ministris\u00eb s\u00eb Mbrojtjes, Forc\u00ebs s\u00eb Siguris\u00eb s\u00eb Kosov\u00ebs (FSK) dhe Dhom\u00ebs Amerikane t\u00eb Tregtis\u00eb n\u00eb diskutimet mbi zhvillimin e industris\u00eb s\u00eb mbrojtjes n\u00eb Kosov\u00eb.<\/p>\n<p>\u201cKrenar q\u00eb i bashkohemi MM-s\u00eb, FSK-s\u00eb dhe Od\u00ebs Ekonomike Amerikane n\u00eb diskutimet p\u00ebr industrin\u00eb e mbrojtjes n\u00eb Kosov\u00eb. Ky sektor ka potencial t\u00eb nxis\u00eb rritjen ekonomike dhe ta pozicionoj\u00eb Kosov\u00ebn si kontribuues ky\u00e7 n\u00eb sigurin\u00eb globale, t\u00eb nxitur nga inovacioni dhe partneritetet me kompanit\u00eb amerikane. Nj\u00eb industri moderne dhe e q\u00ebndrueshme e mbrojtjes forcon t\u00eb dy kombet tona\u201d, thuhet n\u00eb postimin e ambasad\u00ebs.<\/p>\n<p><iframe data-src=\"https:\/\/www.facebook.com\/plugins\/post.php?href=https%3A%2F%2Fwww.facebook.com%2Fkosovo.usembassy%2Fposts%2Fpfbid0mQSw8zhbTWztmw2NuC8tPmoXkxCDS6AkLJsoryjDcf3S7CwVi3pqVawAdfzgbeJal&amp;show_text=true&amp;width=500\" width=\"500\" height=\"781\" frameborder=\"0\" scrolling=\"no\" allowfullscreen=\"allowfullscreen\" data-mce-fragment=\"1\" src=\"data:image\/gif;base64,R0lGODlhAQABAAAAACH5BAEKAAEALAAAAAABAAEAAAICTAEAOw==\" class=\"lazyload\" data-load-mode=\"1\"><\/iframe><\/p>\n","protected":false},"excerpt":{"rendered":"<p>Prishtin\u00eb, 22 korrik 2025 Ambasada e SHBA-s\u00eb, Kosova ka potencial t\u00eb b\u00ebhet kontribuues ky\u00e7 n\u00eb sigurin\u00eb globale. Ambasada e Shteteve t\u00eb Bashkuara n\u00eb Kosov\u00eb ka<\/p>\n","protected":false},"author":1,"featured_media":4793,"comment_status":"open","ping_status":"open","sticky":false,"template":"","format":"standard","meta":{"footnotes":""},"categories":[60],"tags":[],"class_list":["post-4792","post","type-post","status-publish","format-standard","has-post-thumbnail","hentry","category-shoqerore-sq"],"yoast_head":"<!-- This site is optimized with the Yoast SEO plugin v25.3.1 - https:\/\/yoast.com\/wordpress\/plugins\/seo\/ -->\n<title>Ambasada e SHBA-s\u00eb, Kosova mund t\u00eb jet\u00eb faktor i r\u00ebnd\u00ebsish\u00ebm n\u00eb sigurin\u00eb global -<\/title>\n<meta name=\"robots\" content=\"index, follow, max-snippet:-1, max-image-preview:large, max-video-preview:-1\" \/>\n<link rel=\"canonical\" href=\"https:\/\/veritasinfo.org\/?p=4792\" \/>\n<meta property=\"og:locale\" content=\"en_US\" \/>\n<meta property=\"og:type\" content=\"article\" \/>\n<meta property=\"og:title\" content=\"Ambasada e SHBA-s\u00eb, Kosova mund t\u00eb jet\u00eb faktor i r\u00ebnd\u00ebsish\u00ebm n\u00eb sigurin\u00eb global -\" \/>\n<meta property=\"og:description\" content=\"Prishtin\u00eb, 22 korrik 2025 Ambasada e SHBA-s\u00eb, Kosova ka potencial t\u00eb b\u00ebhet kontribuues ky\u00e7 n\u00eb sigurin\u00eb globale. Ambasada e Shteteve t\u00eb Bashkuara n\u00eb Kosov\u00eb ka\" \/>\n<meta property=\"og:url\" content=\"https:\/\/veritasinfo.org\/?p=4792\" \/>\n<meta property=\"article:published_time\" content=\"2025-07-22T18:07:32+00:00\" \/>\n<meta property=\"og:image\" content=\"https:\/\/veritasinfo.org\/wp-content\/uploads\/2025\/07\/IMG_1694.jpeg\" \/>\n\t<meta property=\"og:image:width\" content=\"1140\" \/>\n\t<meta property=\"og:image:height\" content=\"570\" \/>\n\t<meta property=\"og:image:type\" content=\"image\/jpeg\" \/>\n<meta name=\"author\" content=\"admin\" \/>\n<meta name=\"twitter:card\" content=\"summary_large_image\" \/>\n<meta name=\"twitter:label1\" content=\"Written by\" \/>\n\t<meta name=\"twitter:data1\" content=\"admin\" \/>\n\t<meta name=\"twitter:label2\" content=\"Est. reading time\" \/>\n\t<meta name=\"twitter:data2\" content=\"1 minute\" \/>\n<script type=\"application\/ld+json\" class=\"yoast-schema-graph\">{\"@context\":\"https:\/\/schema.org\",\"@graph\":[{\"@type\":\"WebPage\",\"@id\":\"https:\/\/veritasinfo.org\/?p=4792\",\"url\":\"https:\/\/veritasinfo.org\/?p=4792\",\"name\":\"Ambasada e SHBA-s\u00eb, Kosova mund t\u00eb jet\u00eb faktor i r\u00ebnd\u00ebsish\u00ebm n\u00eb sigurin\u00eb global -\",\"isPartOf\":{\"@id\":\"https:\/\/veritasinfo.org\/#website\"},\"primaryImageOfPage\":{\"@id\":\"https:\/\/veritasinfo.org\/?p=4792#primaryimage\"},\"image\":{\"@id\":\"https:\/\/veritasinfo.org\/?p=4792#primaryimage\"},\"thumbnailUrl\":\"https:\/\/veritasinfo.org\/wp-content\/uploads\/2025\/07\/IMG_1694.jpeg\",\"datePublished\":\"2025-07-22T18:07:32+00:00\",\"author\":{\"@id\":\"https:\/\/veritasinfo.org\/#\/schema\/person\/7701f8c088bece422266b100a712374f\"},\"breadcrumb\":{\"@id\":\"https:\/\/veritasinfo.org\/?p=4792#breadcrumb\"},\"inLanguage\":\"en-US\",\"potentialAction\":[{\"@type\":\"ReadAction\",\"target\":[\"https:\/\/veritasinfo.org\/?p=4792\"]}]},{\"@type\":\"ImageObject\",\"inLanguage\":\"en-US\",\"@id\":\"https:\/\/veritasinfo.org\/?p=4792#primaryimage\",\"url\":\"https:\/\/veritasinfo.org\/wp-content\/uploads\/2025\/07\/IMG_1694.jpeg\",\"contentUrl\":\"https:\/\/veritasinfo.org\/wp-content\/uploads\/2025\/07\/IMG_1694.jpeg\",\"width\":1140,\"height\":570},{\"@type\":\"BreadcrumbList\",\"@id\":\"https:\/\/veritasinfo.org\/?p=4792#breadcrumb\",\"itemListElement\":[{\"@type\":\"ListItem\",\"position\":1,\"name\":\"Home\",\"item\":\"https:\/\/veritasinfo.org\/\"},{\"@type\":\"ListItem\",\"position\":2,\"name\":\"Ambasada e SHBA-s\u00eb, Kosova mund t\u00eb jet\u00eb faktor i r\u00ebnd\u00ebsish\u00ebm n\u00eb sigurin\u00eb global\"}]},{\"@type\":\"WebSite\",\"@id\":\"https:\/\/veritasinfo.org\/#website\",\"url\":\"https:\/\/veritasinfo.org\/\",\"name\":\"\",\"description\":\"\",\"potentialAction\":[{\"@type\":\"SearchAction\",\"target\":{\"@type\":\"EntryPoint\",\"urlTemplate\":\"https:\/\/veritasinfo.org\/?s={search_term_string}\"},\"query-input\":{\"@type\":\"PropertyValueSpecification\",\"valueRequired\":true,\"valueName\":\"search_term_string\"}}],\"inLanguage\":\"en-US\"},{\"@type\":\"Person\",\"@id\":\"https:\/\/veritasinfo.org\/#\/schema\/person\/7701f8c088bece422266b100a712374f\",\"name\":\"admin\",\"image\":{\"@type\":\"ImageObject\",\"inLanguage\":\"en-US\",\"@id\":\"https:\/\/veritasinfo.org\/#\/schema\/person\/image\/\",\"url\":\"https:\/\/secure.gravatar.com\/avatar\/ea53aa3bf6c9a12d5fde8ce4deff43fef3885ae33cf60184161a50d6987cfd2f?s=96&d=mm&r=g\",\"contentUrl\":\"https:\/\/secure.gravatar.com\/avatar\/ea53aa3bf6c9a12d5fde8ce4deff43fef3885ae33cf60184161a50d6987cfd2f?s=96&d=mm&r=g\",\"caption\":\"admin\"},\"sameAs\":[\"https:\/\/veritasinfo.org\"],\"url\":\"https:\/\/veritasinfo.org\/?author=1\"}]}<\/script>\n<!-- \/ Yoast SEO plugin. -->","yoast_head_json":{"title":"Ambasada e SHBA-s\u00eb, Kosova mund t\u00eb jet\u00eb faktor i r\u00ebnd\u00ebsish\u00ebm n\u00eb sigurin\u00eb global -","robots":{"index":"index","follow":"follow","max-snippet":"max-snippet:-1","max-image-preview":"max-image-preview:large","max-video-preview":"max-video-preview:-1"},"canonical":"https:\/\/veritasinfo.org\/?p=4792","og_locale":"en_US","og_type":"article","og_title":"Ambasada e SHBA-s\u00eb, Kosova mund t\u00eb jet\u00eb faktor i r\u00ebnd\u00ebsish\u00ebm n\u00eb sigurin\u00eb global -","og_description":"Prishtin\u00eb, 22 korrik 2025 Ambasada e SHBA-s\u00eb, Kosova ka potencial t\u00eb b\u00ebhet kontribuues ky\u00e7 n\u00eb sigurin\u00eb globale. Ambasada e Shteteve t\u00eb Bashkuara n\u00eb Kosov\u00eb ka","og_url":"https:\/\/veritasinfo.org\/?p=4792","article_published_time":"2025-07-22T18:07:32+00:00","og_image":[{"width":1140,"height":570,"url":"https:\/\/veritasinfo.org\/wp-content\/uploads\/2025\/07\/IMG_1694.jpeg","type":"image\/jpeg"}],"author":"admin","twitter_card":"summary_large_image","twitter_misc":{"Written by":"admin","Est. reading time":"1 minute"},"schema":{"@context":"https:\/\/schema.org","@graph":[{"@type":"WebPage","@id":"https:\/\/veritasinfo.org\/?p=4792","url":"https:\/\/veritasinfo.org\/?p=4792","name":"Ambasada e SHBA-s\u00eb, Kosova mund t\u00eb jet\u00eb faktor i r\u00ebnd\u00ebsish\u00ebm n\u00eb sigurin\u00eb global -","isPartOf":{"@id":"https:\/\/veritasinfo.org\/#website"},"primaryImageOfPage":{"@id":"https:\/\/veritasinfo.org\/?p=4792#primaryimage"},"image":{"@id":"https:\/\/veritasinfo.org\/?p=4792#primaryimage"},"thumbnailUrl":"https:\/\/veritasinfo.org\/wp-content\/uploads\/2025\/07\/IMG_1694.jpeg","datePublished":"2025-07-22T18:07:32+00:00","author":{"@id":"https:\/\/veritasinfo.org\/#\/schema\/person\/7701f8c088bece422266b100a712374f"},"breadcrumb":{"@id":"https:\/\/veritasinfo.org\/?p=4792#breadcrumb"},"inLanguage":"en-US","potentialAction":[{"@type":"ReadAction","target":["https:\/\/veritasinfo.org\/?p=4792"]}]},{"@type":"ImageObject","inLanguage":"en-US","@id":"https:\/\/veritasinfo.org\/?p=4792#primaryimage","url":"https:\/\/veritasinfo.org\/wp-content\/uploads\/2025\/07\/IMG_1694.jpeg","contentUrl":"https:\/\/veritasinfo.org\/wp-content\/uploads\/2025\/07\/IMG_1694.jpeg","width":1140,"height":570},{"@type":"BreadcrumbList","@id":"https:\/\/veritasinfo.org\/?p=4792#breadcrumb","itemListElement":[{"@type":"ListItem","position":1,"name":"Home","item":"https:\/\/veritasinfo.org\/"},{"@type":"ListItem","position":2,"name":"Ambasada e SHBA-s\u00eb, Kosova mund t\u00eb jet\u00eb faktor i r\u00ebnd\u00ebsish\u00ebm n\u00eb sigurin\u00eb global"}]},{"@type":"WebSite","@id":"https:\/\/veritasinfo.org\/#website","url":"https:\/\/veritasinfo.org\/","name":"","description":"","potentialAction":[{"@type":"SearchAction","target":{"@type":"EntryPoint","urlTemplate":"https:\/\/veritasinfo.org\/?s={search_term_string}"},"query-input":{"@type":"PropertyValueSpecification","valueRequired":true,"valueName":"search_term_string"}}],"inLanguage":"en-US"},{"@type":"Person","@id":"https:\/\/veritasinfo.org\/#\/schema\/person\/7701f8c088bece422266b100a712374f","name":"admin","image":{"@type":"ImageObject","inLanguage":"en-US","@id":"https:\/\/veritasinfo.org\/#\/schema\/person\/image\/","url":"https:\/\/secure.gravatar.com\/avatar\/ea53aa3bf6c9a12d5fde8ce4deff43fef3885ae33cf60184161a50d6987cfd2f?s=96&d=mm&r=g","contentUrl":"https:\/\/secure.gravatar.com\/avatar\/ea53aa3bf6c9a12d5fde8ce4deff43fef3885ae33cf60184161a50d6987cfd2f?s=96&d=mm&r=g","caption":"admin"},"sameAs":["https:\/\/veritasinfo.org"],"url":"https:\/\/veritasinfo.org\/?author=1"}]}},"featured_image_urls":{"full":["https:\/\/veritasinfo.org\/wp-content\/uploads\/2025\/07\/IMG_1694.jpeg",1140,570,false],"thumbnail":["https:\/\/veritasinfo.org\/wp-content\/uploads\/2025\/07\/IMG_1694-150x150.jpeg",150,150,true],"medium":["https:\/\/veritasinfo.org\/wp-content\/uploads\/2025\/07\/IMG_1694-300x150.jpeg",300,150,true],"medium_large":["https:\/\/veritasinfo.org\/wp-content\/uploads\/2025\/07\/IMG_1694-768x384.jpeg",640,320,true],"large":["https:\/\/veritasinfo.org\/wp-content\/uploads\/2025\/07\/IMG_1694-1024x512.jpeg",640,320,true],"1536x1536":["https:\/\/veritasinfo.org\/wp-content\/uploads\/2025\/07\/IMG_1694.jpeg",1140,570,false],"2048x2048":["https:\/\/veritasinfo.org\/wp-content\/uploads\/2025\/07\/IMG_1694.jpeg",1140,570,false],"kreeti-slider-full":["https:\/\/veritasinfo.org\/wp-content\/uploads\/2025\/07\/IMG_1694.jpeg",1140,570,false],"kreeti-featured":["https:\/\/veritasinfo.org\/wp-content\/uploads\/2025\/07\/IMG_1694.jpeg",1024,512,false],"kreeti-medium":["https:\/\/veritasinfo.org\/wp-content\/uploads\/2025\/07\/IMG_1694.jpeg",720,360,false],"kreeti-medium-square":["https:\/\/veritasinfo.org\/wp-content\/uploads\/2025\/07\/IMG_1694.jpeg",350,175,false]},"author_info":{"info":["admin"]},"category_info":"<a href=\"https:\/\/veritasinfo.org\/?cat=60\" rel=\"category\">Shoq\u00ebrore<\/a>","tag_info":"Shoq\u00ebrore","comment_count":"0","_links":{"self":[{"href":"https:\/\/veritasinfo.org\/index.php?rest_route=\/wp\/v2\/posts\/4792","targetHints":{"allow":["GET"]}}],"collection":[{"href":"https:\/\/veritasinfo.org\/index.php?rest_route=\/wp\/v2\/posts"}],"about":[{"href":"https:\/\/veritasinfo.org\/index.php?rest_route=\/wp\/v2\/types\/post"}],"author":[{"embeddable":true,"href":"https:\/\/veritasinfo.org\/index.php?rest_route=\/wp\/v2\/users\/1"}],"replies":[{"embeddable":true,"href":"https:\/\/veritasinfo.org\/index.php?rest_route=%2Fwp%2Fv2%2Fcomments&post=4792"}],"version-history":[{"count":1,"href":"https:\/\/veritasinfo.org\/index.php?rest_route=\/wp\/v2\/posts\/4792\/revisions"}],"predecessor-version":[{"id":4794,"href":"https:\/\/veritasinfo.org\/index.php?rest_route=\/wp\/v2\/posts\/4792\/revisions\/4794"}],"wp:featuredmedia":[{"embeddable":true,"href":"https:\/\/veritasinfo.org\/index.php?rest_route=\/wp\/v2\/media\/4793"}],"wp:attachment":[{"href":"https:\/\/veritasinfo.org\/index.php?rest_route=%2Fwp%2Fv2%2Fmedia&parent=4792"}],"wp:term":[{"taxonomy":"category","embeddable":true,"href":"https:\/\/veritasinfo.org\/index.php?rest_route=%2Fwp%2Fv2%2Fcategories&post=4792"},{"taxonomy":"post_tag","embeddable":true,"href":"https:\/\/veritasinfo.org\/index.php?rest_route=%2Fwp%2Fv2%2Ftags&post=4792"}],"curies":[{"name":"wp","href":"https:\/\/api.w.org\/{rel}","templated":true}]}}