{"id":479,"date":"2025-06-13T06:35:43","date_gmt":"2025-06-13T06:35:43","guid":{"rendered":"https:\/\/veritasinfo.org\/?p=479"},"modified":"2025-06-13T06:35:43","modified_gmt":"2025-06-13T06:35:43","slug":"debata-u-skupstini-srbije-dzaba-vam-veselinovic-radoicic-i-mali-srbija-vas-vise-ne-voli","status":"publish","type":"post","link":"https:\/\/veritasinfo.org\/?p=479&lang=sr","title":{"rendered":"Debata u Skup\u0161tini Srbije: D\u017eaba vam Veselinovic\u0301, Radoi\u010dic\u0301 i Mali, Srbija vas vi\u0161e ne voli"},"content":{"rendered":"<p><strong>Beograd, 13. jun 2025.<\/strong><\/p>\n<p>U \u010detvrtak se u Skup\u0161tini Srbije odr\u017eala \u017eestoka debata izme\u0111u parlamentarne vec\u0301ine i predstavnika opozicije. \u201eDoveli ste Srbiju do preokreta stvarnosti. Vi\u0161e ne znamo u kojoj Matrici \u017eivimo. \u0160ta god ko tra\u017ei od Srbije, dajete mu da ostane na vlasti i mu\u010di va\u0161 narod. Porobili ste svoj narod gore od bilo kog osvaja\u010da. Vi ste srpski Mongoli koji su napali ovu zemlju i gledate \u0161ta c\u0301e ostati iza vas. Uni\u0161tili ste sve i do\u0161li ste do situacije da predsednik zemlje postaje predsednik \u010ca\u010dilanda i \u0161titi tu prose\u010dnost iz Doboja.\u201c<\/p>\n<p>\u201eTakva zemlja nije registrovana u svetu, koji je u ratu sa svojom buduc\u0301no\u0161c\u0301u i preti im, i naziva ih fa\u0161istima i nacistima. Ali ni prose\u010dnost ni bezdu\u0161nost vi\u0161e nec\u0301e biti sa vama. D\u017eabe sa Zvonkom Veselinovic\u0301em, d\u017eabe sa Milanom Radoi\u010dic\u0301em, d\u017eabe sa vilama koje ministar Sini\u0161a Mali gradi, sve je d\u017eabe, na kolenima ste. Srbija vas vi\u0161e nec\u0301e voleti. Idete na smetli\u0161te istorije\u201c, bile su neke od optu\u017ebi poslanika opozicije upuc\u0301enih vladi.<\/p>\n","protected":false},"excerpt":{"rendered":"<p>Beograd, 13. jun 2025. U \u010detvrtak se u Skup\u0161tini Srbije odr\u017eala \u017eestoka debata izme\u0111u parlamentarne vec\u0301ine i predstavnika opozicije. \u201eDoveli ste Srbiju do preokreta stvarnosti.<\/p>\n","protected":false},"author":2,"featured_media":477,"comment_status":"open","ping_status":"open","sticky":false,"template":"","format":"standard","meta":{"footnotes":""},"categories":[28],"tags":[],"class_list":["post-479","post","type-post","status-publish","format-standard","has-post-thumbnail","hentry","category-politika"],"yoast_head":"<!-- This site is optimized with the Yoast SEO plugin v25.3.1 - https:\/\/yoast.com\/wordpress\/plugins\/seo\/ -->\n<title>Debata u Skup\u0161tini Srbije: D\u017eaba vam Veselinovic\u0301, Radoi\u010dic\u0301 i Mali, Srbija vas vi\u0161e ne voli -<\/title>\n<meta name=\"robots\" content=\"index, follow, max-snippet:-1, max-image-preview:large, max-video-preview:-1\" \/>\n<link rel=\"canonical\" href=\"https:\/\/veritasinfo.org\/?p=479&lang=sr\" \/>\n<meta property=\"og:locale\" content=\"en_US\" \/>\n<meta property=\"og:type\" content=\"article\" \/>\n<meta property=\"og:title\" content=\"Debata u Skup\u0161tini Srbije: D\u017eaba vam Veselinovic\u0301, Radoi\u010dic\u0301 i Mali, Srbija vas vi\u0161e ne voli -\" \/>\n<meta property=\"og:description\" content=\"Beograd, 13. jun 2025. U \u010detvrtak se u Skup\u0161tini Srbije odr\u017eala \u017eestoka debata izme\u0111u parlamentarne vec\u0301ine i predstavnika opozicije. \u201eDoveli ste Srbiju do preokreta stvarnosti.\" \/>\n<meta property=\"og:url\" content=\"https:\/\/veritasinfo.org\/?p=479&amp;lang=sr\" \/>\n<meta property=\"article:published_time\" content=\"2025-06-13T06:35:43+00:00\" \/>\n<meta property=\"og:image\" content=\"https:\/\/veritasinfo.org\/wp-content\/uploads\/2025\/06\/kuvendi-srb.jpg\" \/>\n\t<meta property=\"og:image:width\" content=\"1023\" \/>\n\t<meta property=\"og:image:height\" content=\"575\" \/>\n\t<meta property=\"og:image:type\" content=\"image\/jpeg\" \/>\n<meta name=\"author\" content=\"US1\" \/>\n<meta name=\"twitter:card\" content=\"summary_large_image\" \/>\n<meta name=\"twitter:label1\" content=\"Written by\" \/>\n\t<meta name=\"twitter:data1\" content=\"US1\" \/>\n\t<meta name=\"twitter:label2\" content=\"Est. reading time\" \/>\n\t<meta name=\"twitter:data2\" content=\"1 minute\" \/>\n<script type=\"application\/ld+json\" class=\"yoast-schema-graph\">{\"@context\":\"https:\/\/schema.org\",\"@graph\":[{\"@type\":\"WebPage\",\"@id\":\"https:\/\/veritasinfo.org\/?p=479&lang=sr\",\"url\":\"https:\/\/veritasinfo.org\/?p=479&lang=sr\",\"name\":\"Debata u Skup\u0161tini Srbije: D\u017eaba vam Veselinovic\u0301, Radoi\u010dic\u0301 i Mali, Srbija vas vi\u0161e ne voli -\",\"isPartOf\":{\"@id\":\"https:\/\/veritasinfo.org\/#website\"},\"primaryImageOfPage\":{\"@id\":\"https:\/\/veritasinfo.org\/?p=479&lang=sr#primaryimage\"},\"image\":{\"@id\":\"https:\/\/veritasinfo.org\/?p=479&lang=sr#primaryimage\"},\"thumbnailUrl\":\"https:\/\/veritasinfo.org\/wp-content\/uploads\/2025\/06\/kuvendi-srb.jpg\",\"datePublished\":\"2025-06-13T06:35:43+00:00\",\"author\":{\"@id\":\"https:\/\/veritasinfo.org\/#\/schema\/person\/c2b8be262ea994d0995addca692c5e98\"},\"breadcrumb\":{\"@id\":\"https:\/\/veritasinfo.org\/?p=479&lang=sr#breadcrumb\"},\"inLanguage\":\"en-US\",\"potentialAction\":[{\"@type\":\"ReadAction\",\"target\":[\"https:\/\/veritasinfo.org\/?p=479&lang=sr\"]}]},{\"@type\":\"ImageObject\",\"inLanguage\":\"en-US\",\"@id\":\"https:\/\/veritasinfo.org\/?p=479&lang=sr#primaryimage\",\"url\":\"https:\/\/veritasinfo.org\/wp-content\/uploads\/2025\/06\/kuvendi-srb.jpg\",\"contentUrl\":\"https:\/\/veritasinfo.org\/wp-content\/uploads\/2025\/06\/kuvendi-srb.jpg\",\"width\":1023,\"height\":575},{\"@type\":\"BreadcrumbList\",\"@id\":\"https:\/\/veritasinfo.org\/?p=479&lang=sr#breadcrumb\",\"itemListElement\":[{\"@type\":\"ListItem\",\"position\":1,\"name\":\"Home\",\"item\":\"https:\/\/veritasinfo.org\/\"},{\"@type\":\"ListItem\",\"position\":2,\"name\":\"Debata u Skup\u0161tini Srbije: D\u017eaba vam Veselinovic\u0301, Radoi\u010dic\u0301 i Mali, Srbija vas vi\u0161e ne voli\"}]},{\"@type\":\"WebSite\",\"@id\":\"https:\/\/veritasinfo.org\/#website\",\"url\":\"https:\/\/veritasinfo.org\/\",\"name\":\"\",\"description\":\"\",\"potentialAction\":[{\"@type\":\"SearchAction\",\"target\":{\"@type\":\"EntryPoint\",\"urlTemplate\":\"https:\/\/veritasinfo.org\/?s={search_term_string}\"},\"query-input\":{\"@type\":\"PropertyValueSpecification\",\"valueRequired\":true,\"valueName\":\"search_term_string\"}}],\"inLanguage\":\"en-US\"},{\"@type\":\"Person\",\"@id\":\"https:\/\/veritasinfo.org\/#\/schema\/person\/c2b8be262ea994d0995addca692c5e98\",\"name\":\"US1\",\"image\":{\"@type\":\"ImageObject\",\"inLanguage\":\"en-US\",\"@id\":\"https:\/\/veritasinfo.org\/#\/schema\/person\/image\/\",\"url\":\"https:\/\/secure.gravatar.com\/avatar\/4e96a59bd256abf9956eb9963ac891a47461ffb364d47b0e9aab113328fdb75b?s=96&d=mm&r=g\",\"contentUrl\":\"https:\/\/secure.gravatar.com\/avatar\/4e96a59bd256abf9956eb9963ac891a47461ffb364d47b0e9aab113328fdb75b?s=96&d=mm&r=g\",\"caption\":\"US1\"},\"url\":\"https:\/\/veritasinfo.org\/?author=2\"}]}<\/script>\n<!-- \/ Yoast SEO plugin. -->","yoast_head_json":{"title":"Debata u Skup\u0161tini Srbije: D\u017eaba vam Veselinovic\u0301, Radoi\u010dic\u0301 i Mali, Srbija vas vi\u0161e ne voli -","robots":{"index":"index","follow":"follow","max-snippet":"max-snippet:-1","max-image-preview":"max-image-preview:large","max-video-preview":"max-video-preview:-1"},"canonical":"https:\/\/veritasinfo.org\/?p=479&lang=sr","og_locale":"en_US","og_type":"article","og_title":"Debata u Skup\u0161tini Srbije: D\u017eaba vam Veselinovic\u0301, Radoi\u010dic\u0301 i Mali, Srbija vas vi\u0161e ne voli -","og_description":"Beograd, 13. jun 2025. U \u010detvrtak se u Skup\u0161tini Srbije odr\u017eala \u017eestoka debata izme\u0111u parlamentarne vec\u0301ine i predstavnika opozicije. \u201eDoveli ste Srbiju do preokreta stvarnosti.","og_url":"https:\/\/veritasinfo.org\/?p=479&lang=sr","article_published_time":"2025-06-13T06:35:43+00:00","og_image":[{"width":1023,"height":575,"url":"https:\/\/veritasinfo.org\/wp-content\/uploads\/2025\/06\/kuvendi-srb.jpg","type":"image\/jpeg"}],"author":"US1","twitter_card":"summary_large_image","twitter_misc":{"Written by":"US1","Est. reading time":"1 minute"},"schema":{"@context":"https:\/\/schema.org","@graph":[{"@type":"WebPage","@id":"https:\/\/veritasinfo.org\/?p=479&lang=sr","url":"https:\/\/veritasinfo.org\/?p=479&lang=sr","name":"Debata u Skup\u0161tini Srbije: D\u017eaba vam Veselinovic\u0301, Radoi\u010dic\u0301 i Mali, Srbija vas vi\u0161e ne voli -","isPartOf":{"@id":"https:\/\/veritasinfo.org\/#website"},"primaryImageOfPage":{"@id":"https:\/\/veritasinfo.org\/?p=479&lang=sr#primaryimage"},"image":{"@id":"https:\/\/veritasinfo.org\/?p=479&lang=sr#primaryimage"},"thumbnailUrl":"https:\/\/veritasinfo.org\/wp-content\/uploads\/2025\/06\/kuvendi-srb.jpg","datePublished":"2025-06-13T06:35:43+00:00","author":{"@id":"https:\/\/veritasinfo.org\/#\/schema\/person\/c2b8be262ea994d0995addca692c5e98"},"breadcrumb":{"@id":"https:\/\/veritasinfo.org\/?p=479&lang=sr#breadcrumb"},"inLanguage":"en-US","potentialAction":[{"@type":"ReadAction","target":["https:\/\/veritasinfo.org\/?p=479&lang=sr"]}]},{"@type":"ImageObject","inLanguage":"en-US","@id":"https:\/\/veritasinfo.org\/?p=479&lang=sr#primaryimage","url":"https:\/\/veritasinfo.org\/wp-content\/uploads\/2025\/06\/kuvendi-srb.jpg","contentUrl":"https:\/\/veritasinfo.org\/wp-content\/uploads\/2025\/06\/kuvendi-srb.jpg","width":1023,"height":575},{"@type":"BreadcrumbList","@id":"https:\/\/veritasinfo.org\/?p=479&lang=sr#breadcrumb","itemListElement":[{"@type":"ListItem","position":1,"name":"Home","item":"https:\/\/veritasinfo.org\/"},{"@type":"ListItem","position":2,"name":"Debata u Skup\u0161tini Srbije: D\u017eaba vam Veselinovic\u0301, Radoi\u010dic\u0301 i Mali, Srbija vas vi\u0161e ne voli"}]},{"@type":"WebSite","@id":"https:\/\/veritasinfo.org\/#website","url":"https:\/\/veritasinfo.org\/","name":"","description":"","potentialAction":[{"@type":"SearchAction","target":{"@type":"EntryPoint","urlTemplate":"https:\/\/veritasinfo.org\/?s={search_term_string}"},"query-input":{"@type":"PropertyValueSpecification","valueRequired":true,"valueName":"search_term_string"}}],"inLanguage":"en-US"},{"@type":"Person","@id":"https:\/\/veritasinfo.org\/#\/schema\/person\/c2b8be262ea994d0995addca692c5e98","name":"US1","image":{"@type":"ImageObject","inLanguage":"en-US","@id":"https:\/\/veritasinfo.org\/#\/schema\/person\/image\/","url":"https:\/\/secure.gravatar.com\/avatar\/4e96a59bd256abf9956eb9963ac891a47461ffb364d47b0e9aab113328fdb75b?s=96&d=mm&r=g","contentUrl":"https:\/\/secure.gravatar.com\/avatar\/4e96a59bd256abf9956eb9963ac891a47461ffb364d47b0e9aab113328fdb75b?s=96&d=mm&r=g","caption":"US1"},"url":"https:\/\/veritasinfo.org\/?author=2"}]}},"featured_image_urls":{"full":["https:\/\/veritasinfo.org\/wp-content\/uploads\/2025\/06\/kuvendi-srb.jpg",1023,575,false],"thumbnail":["https:\/\/veritasinfo.org\/wp-content\/uploads\/2025\/06\/kuvendi-srb-150x150.jpg",150,150,true],"medium":["https:\/\/veritasinfo.org\/wp-content\/uploads\/2025\/06\/kuvendi-srb-300x169.jpg",300,169,true],"medium_large":["https:\/\/veritasinfo.org\/wp-content\/uploads\/2025\/06\/kuvendi-srb-768x432.jpg",640,360,true],"large":["https:\/\/veritasinfo.org\/wp-content\/uploads\/2025\/06\/kuvendi-srb.jpg",640,360,false],"1536x1536":["https:\/\/veritasinfo.org\/wp-content\/uploads\/2025\/06\/kuvendi-srb.jpg",1023,575,false],"2048x2048":["https:\/\/veritasinfo.org\/wp-content\/uploads\/2025\/06\/kuvendi-srb.jpg",1023,575,false],"kreeti-slider-full":["https:\/\/veritasinfo.org\/wp-content\/uploads\/2025\/06\/kuvendi-srb.jpg",1023,575,false],"kreeti-featured":["https:\/\/veritasinfo.org\/wp-content\/uploads\/2025\/06\/kuvendi-srb.jpg",1023,575,false],"kreeti-medium":["https:\/\/veritasinfo.org\/wp-content\/uploads\/2025\/06\/kuvendi-srb.jpg",720,405,false],"kreeti-medium-square":["https:\/\/veritasinfo.org\/wp-content\/uploads\/2025\/06\/kuvendi-srb.jpg",350,197,false]},"author_info":{"info":["US1"]},"category_info":"<a href=\"https:\/\/veritasinfo.org\/?cat=28&#038;lang=sr\" rel=\"category\">Politika<\/a>","tag_info":"Politika","comment_count":"0","_links":{"self":[{"href":"https:\/\/veritasinfo.org\/index.php?rest_route=\/wp\/v2\/posts\/479","targetHints":{"allow":["GET"]}}],"collection":[{"href":"https:\/\/veritasinfo.org\/index.php?rest_route=\/wp\/v2\/posts"}],"about":[{"href":"https:\/\/veritasinfo.org\/index.php?rest_route=\/wp\/v2\/types\/post"}],"author":[{"embeddable":true,"href":"https:\/\/veritasinfo.org\/index.php?rest_route=\/wp\/v2\/users\/2"}],"replies":[{"embeddable":true,"href":"https:\/\/veritasinfo.org\/index.php?rest_route=%2Fwp%2Fv2%2Fcomments&post=479"}],"version-history":[{"count":1,"href":"https:\/\/veritasinfo.org\/index.php?rest_route=\/wp\/v2\/posts\/479\/revisions"}],"predecessor-version":[{"id":480,"href":"https:\/\/veritasinfo.org\/index.php?rest_route=\/wp\/v2\/posts\/479\/revisions\/480"}],"wp:featuredmedia":[{"embeddable":true,"href":"https:\/\/veritasinfo.org\/index.php?rest_route=\/wp\/v2\/media\/477"}],"wp:attachment":[{"href":"https:\/\/veritasinfo.org\/index.php?rest_route=%2Fwp%2Fv2%2Fmedia&parent=479"}],"wp:term":[{"taxonomy":"category","embeddable":true,"href":"https:\/\/veritasinfo.org\/index.php?rest_route=%2Fwp%2Fv2%2Fcategories&post=479"},{"taxonomy":"post_tag","embeddable":true,"href":"https:\/\/veritasinfo.org\/index.php?rest_route=%2Fwp%2Fv2%2Ftags&post=479"}],"curies":[{"name":"wp","href":"https:\/\/api.w.org\/{rel}","templated":true}]}}