{"id":4751,"date":"2025-07-22T14:27:59","date_gmt":"2025-07-22T12:27:59","guid":{"rendered":"https:\/\/veritasinfo.org\/?p=4751"},"modified":"2025-07-22T14:27:59","modified_gmt":"2025-07-22T12:27:59","slug":"per-rastin-banjska-ka-deshmuar-roja-e-hotelit-rade-nedeljkovic","status":"publish","type":"post","link":"https:\/\/veritasinfo.org\/?p=4751","title":{"rendered":"P\u00ebr rastin \u201cBanjska\u201d ka d\u00ebshmuar roja e hotelit Rade Nedeljkovi\u00e7"},"content":{"rendered":"<p>Prishtin\u00eb, 22 Korrik 2025<\/p>\n<p style=\"font-weight: 400;\"><span style=\"font-style: inherit; font-weight: inherit;\">Rade Nedelkoviq, roje n\u00eb hotelin Rasjka Banja ka d\u00ebshmuar p\u00ebr grupin terrorist n\u00eb rastin \u201cBanjska\u201d.<\/span><\/p>\n<p style=\"font-weight: 400;\"><span style=\"font-style: inherit; font-weight: inherit;\">Ai ka th\u00ebn\u00eb se disa prej an\u00ebtar\u00ebve t\u00eb grupit jan\u00eb akomoduar n\u00eb hotelin ku ai ka punuar.<\/span><\/p>\n<p style=\"font-weight: 400;\"><span style=\"font-style: inherit; font-weight: inherit;\">Bashk\u00eb me ta, ka th\u00ebn\u00eb se ka qen\u00eb edhe nj\u00eb person i plagosur.<\/span><\/p>\n<p style=\"font-weight: 400;\"><span style=\"font-style: inherit; font-weight: inherit;\">\u201cUn\u00eb t\u00eb nes\u00ebrmen kam shkuar n\u00eb sht\u00ebpi dhe \u00e7ka ka ndodhur me personin e plagosur nuk e di. Kan\u00eb shkuar n\u00eb k\u00ebmb\u00eb, nga asfalti n\u00eb Manastir n\u00ebp\u00ebr shkall\u00eb.<\/span><span style=\"font-style: inherit; font-weight: inherit;\">\u00a0 <\/span><span style=\"font-style: inherit; font-weight: inherit;\">Shefi nuk \u00ebsht\u00eb q\u00eb m\u00eb ka urdh\u00ebruar p\u00ebr t\u2019i akomoduar, por m\u00eb ka th\u00ebn\u00eb t\u2019ia jap\u00eb dhom\u00ebn nr 6. Lista ka qen\u00eb n\u00eb recepcion. Lista mbetet tek ata, e kan\u00eb librin ku mbajn\u00eb evidenc\u00eb t\u00eb mysafir\u00ebve\u201d, ka th\u00ebn\u00eb ai.<\/span><\/p>\n<p style=\"font-weight: 400;\"><span style=\"font-style: inherit; font-weight: inherit;\">Ka shtuar se ka qen\u00eb i detyruar t\u2019i l\u00ebshoj\u00eb se kan\u00eb qen\u00eb t\u00eb armatosur dhe nuk ka guxuar t\u2019i refuzoj\u00eb.<\/span><\/p>\n<p style=\"font-weight: 400;\"><span style=\"font-style: inherit; font-weight: inherit;\">Tutje ka deklaruar se nuk e di kush kan\u00eb qen\u00eb sepse sipas tij, kan\u00eb qen\u00eb me maska.<\/span><\/p>\n<p style=\"font-weight: 400;\"><span style=\"font-style: inherit; font-weight: inherit;\">\u201cMilan Radoj\u00e7iqin vet\u00ebm kam d\u00ebgjuar p\u00ebr t\u00eb dhe asnj\u00ebher\u00eb nuk e kam par\u00eb. Mendoj se vet\u00ebm nj\u00ebher\u00eb ka qen\u00eb. N\u00ebse vinte, vinte si m\u00eb ndryshe. Po ai vet\u00eb e ka pranuar, \u00e7far\u00ebdo q\u00eb mendoj. Ai e ka marr\u00eb p\u00ebrgjegj\u00ebsin\u00eb, por ka mund\u00ebsi.\u00a0<\/span> <span style=\"font-style: inherit; font-weight: inherit;\">Kur ka ndodh sulmi, kan\u00eb ardh\u00eb t\u00eb gjith\u00eb posht\u00eb tek un\u00eb. Ju kam than\u00eb largohuni nga dritaret se mund te ju gjuajn\u00eb. Edhe un\u00eb kam dal sa kam guxu. Kam d\u00ebgjuar gjuajtje me arm\u00eb. I kam thirr n\u00eb sht\u00ebpi t\u2019i pyes se n\u00eb \u00e7far\u00eb gjendje jan\u00eb.. at\u00eb nat\u00eb drejtori nuk ka qen\u00eb n\u00eb hotel\u201d, ka th\u00ebn\u00eb ai.<\/span><\/p>\n<p>&nbsp;<\/p>\n","protected":false},"excerpt":{"rendered":"<p>Prishtin\u00eb, 22 Korrik 2025 Rade Nedelkoviq, roje n\u00eb hotelin Rasjka Banja ka d\u00ebshmuar p\u00ebr grupin terrorist n\u00eb rastin \u201cBanjska\u201d. Ai ka th\u00ebn\u00eb se disa prej<\/p>\n","protected":false},"author":1,"featured_media":4752,"comment_status":"open","ping_status":"open","sticky":false,"template":"","format":"standard","meta":{"footnotes":""},"categories":[60],"tags":[],"class_list":["post-4751","post","type-post","status-publish","format-standard","has-post-thumbnail","hentry","category-shoqerore-sq"],"yoast_head":"<!-- This site is optimized with the Yoast SEO plugin v25.3.1 - https:\/\/yoast.com\/wordpress\/plugins\/seo\/ -->\n<title>P\u00ebr rastin \u201cBanjska\u201d ka d\u00ebshmuar roja e hotelit Rade Nedeljkovi\u00e7 -<\/title>\n<meta name=\"robots\" content=\"index, follow, max-snippet:-1, max-image-preview:large, max-video-preview:-1\" \/>\n<link rel=\"canonical\" href=\"https:\/\/veritasinfo.org\/?p=4751\" \/>\n<meta property=\"og:locale\" content=\"en_US\" \/>\n<meta property=\"og:type\" content=\"article\" \/>\n<meta property=\"og:title\" content=\"P\u00ebr rastin \u201cBanjska\u201d ka d\u00ebshmuar roja e hotelit Rade Nedeljkovi\u00e7 -\" \/>\n<meta property=\"og:description\" content=\"Prishtin\u00eb, 22 Korrik 2025 Rade Nedelkoviq, roje n\u00eb hotelin Rasjka Banja ka d\u00ebshmuar p\u00ebr grupin terrorist n\u00eb rastin \u201cBanjska\u201d. Ai ka th\u00ebn\u00eb se disa prej\" \/>\n<meta property=\"og:url\" content=\"https:\/\/veritasinfo.org\/?p=4751\" \/>\n<meta property=\"article:published_time\" content=\"2025-07-22T12:27:59+00:00\" \/>\n<meta property=\"og:image\" content=\"https:\/\/veritasinfo.org\/wp-content\/uploads\/2025\/07\/IMG_2217.webp\" \/>\n\t<meta property=\"og:image:width\" content=\"1360\" \/>\n\t<meta property=\"og:image:height\" content=\"870\" \/>\n\t<meta property=\"og:image:type\" content=\"image\/webp\" \/>\n<meta name=\"author\" content=\"admin\" \/>\n<meta name=\"twitter:card\" content=\"summary_large_image\" \/>\n<meta name=\"twitter:label1\" content=\"Written by\" \/>\n\t<meta name=\"twitter:data1\" content=\"admin\" \/>\n\t<meta name=\"twitter:label2\" content=\"Est. reading time\" \/>\n\t<meta name=\"twitter:data2\" content=\"2 minutes\" \/>\n<script type=\"application\/ld+json\" class=\"yoast-schema-graph\">{\"@context\":\"https:\/\/schema.org\",\"@graph\":[{\"@type\":\"WebPage\",\"@id\":\"https:\/\/veritasinfo.org\/?p=4751\",\"url\":\"https:\/\/veritasinfo.org\/?p=4751\",\"name\":\"P\u00ebr rastin \u201cBanjska\u201d ka d\u00ebshmuar roja e hotelit Rade Nedeljkovi\u00e7 -\",\"isPartOf\":{\"@id\":\"https:\/\/veritasinfo.org\/#website\"},\"primaryImageOfPage\":{\"@id\":\"https:\/\/veritasinfo.org\/?p=4751#primaryimage\"},\"image\":{\"@id\":\"https:\/\/veritasinfo.org\/?p=4751#primaryimage\"},\"thumbnailUrl\":\"https:\/\/veritasinfo.org\/wp-content\/uploads\/2025\/07\/IMG_2217.webp\",\"datePublished\":\"2025-07-22T12:27:59+00:00\",\"author\":{\"@id\":\"https:\/\/veritasinfo.org\/#\/schema\/person\/7701f8c088bece422266b100a712374f\"},\"breadcrumb\":{\"@id\":\"https:\/\/veritasinfo.org\/?p=4751#breadcrumb\"},\"inLanguage\":\"en-US\",\"potentialAction\":[{\"@type\":\"ReadAction\",\"target\":[\"https:\/\/veritasinfo.org\/?p=4751\"]}]},{\"@type\":\"ImageObject\",\"inLanguage\":\"en-US\",\"@id\":\"https:\/\/veritasinfo.org\/?p=4751#primaryimage\",\"url\":\"https:\/\/veritasinfo.org\/wp-content\/uploads\/2025\/07\/IMG_2217.webp\",\"contentUrl\":\"https:\/\/veritasinfo.org\/wp-content\/uploads\/2025\/07\/IMG_2217.webp\",\"width\":1360,\"height\":870},{\"@type\":\"BreadcrumbList\",\"@id\":\"https:\/\/veritasinfo.org\/?p=4751#breadcrumb\",\"itemListElement\":[{\"@type\":\"ListItem\",\"position\":1,\"name\":\"Home\",\"item\":\"https:\/\/veritasinfo.org\/\"},{\"@type\":\"ListItem\",\"position\":2,\"name\":\"P\u00ebr rastin \u201cBanjska\u201d ka d\u00ebshmuar roja e hotelit Rade Nedeljkovi\u00e7\"}]},{\"@type\":\"WebSite\",\"@id\":\"https:\/\/veritasinfo.org\/#website\",\"url\":\"https:\/\/veritasinfo.org\/\",\"name\":\"\",\"description\":\"\",\"potentialAction\":[{\"@type\":\"SearchAction\",\"target\":{\"@type\":\"EntryPoint\",\"urlTemplate\":\"https:\/\/veritasinfo.org\/?s={search_term_string}\"},\"query-input\":{\"@type\":\"PropertyValueSpecification\",\"valueRequired\":true,\"valueName\":\"search_term_string\"}}],\"inLanguage\":\"en-US\"},{\"@type\":\"Person\",\"@id\":\"https:\/\/veritasinfo.org\/#\/schema\/person\/7701f8c088bece422266b100a712374f\",\"name\":\"admin\",\"image\":{\"@type\":\"ImageObject\",\"inLanguage\":\"en-US\",\"@id\":\"https:\/\/veritasinfo.org\/#\/schema\/person\/image\/\",\"url\":\"https:\/\/secure.gravatar.com\/avatar\/ea53aa3bf6c9a12d5fde8ce4deff43fef3885ae33cf60184161a50d6987cfd2f?s=96&d=mm&r=g\",\"contentUrl\":\"https:\/\/secure.gravatar.com\/avatar\/ea53aa3bf6c9a12d5fde8ce4deff43fef3885ae33cf60184161a50d6987cfd2f?s=96&d=mm&r=g\",\"caption\":\"admin\"},\"sameAs\":[\"https:\/\/veritasinfo.org\"],\"url\":\"https:\/\/veritasinfo.org\/?author=1\"}]}<\/script>\n<!-- \/ Yoast SEO plugin. -->","yoast_head_json":{"title":"P\u00ebr rastin \u201cBanjska\u201d ka d\u00ebshmuar roja e hotelit Rade Nedeljkovi\u00e7 -","robots":{"index":"index","follow":"follow","max-snippet":"max-snippet:-1","max-image-preview":"max-image-preview:large","max-video-preview":"max-video-preview:-1"},"canonical":"https:\/\/veritasinfo.org\/?p=4751","og_locale":"en_US","og_type":"article","og_title":"P\u00ebr rastin \u201cBanjska\u201d ka d\u00ebshmuar roja e hotelit Rade Nedeljkovi\u00e7 -","og_description":"Prishtin\u00eb, 22 Korrik 2025 Rade Nedelkoviq, roje n\u00eb hotelin Rasjka Banja ka d\u00ebshmuar p\u00ebr grupin terrorist n\u00eb rastin \u201cBanjska\u201d. Ai ka th\u00ebn\u00eb se disa prej","og_url":"https:\/\/veritasinfo.org\/?p=4751","article_published_time":"2025-07-22T12:27:59+00:00","og_image":[{"width":1360,"height":870,"url":"https:\/\/veritasinfo.org\/wp-content\/uploads\/2025\/07\/IMG_2217.webp","type":"image\/webp"}],"author":"admin","twitter_card":"summary_large_image","twitter_misc":{"Written by":"admin","Est. reading time":"2 minutes"},"schema":{"@context":"https:\/\/schema.org","@graph":[{"@type":"WebPage","@id":"https:\/\/veritasinfo.org\/?p=4751","url":"https:\/\/veritasinfo.org\/?p=4751","name":"P\u00ebr rastin \u201cBanjska\u201d ka d\u00ebshmuar roja e hotelit Rade Nedeljkovi\u00e7 -","isPartOf":{"@id":"https:\/\/veritasinfo.org\/#website"},"primaryImageOfPage":{"@id":"https:\/\/veritasinfo.org\/?p=4751#primaryimage"},"image":{"@id":"https:\/\/veritasinfo.org\/?p=4751#primaryimage"},"thumbnailUrl":"https:\/\/veritasinfo.org\/wp-content\/uploads\/2025\/07\/IMG_2217.webp","datePublished":"2025-07-22T12:27:59+00:00","author":{"@id":"https:\/\/veritasinfo.org\/#\/schema\/person\/7701f8c088bece422266b100a712374f"},"breadcrumb":{"@id":"https:\/\/veritasinfo.org\/?p=4751#breadcrumb"},"inLanguage":"en-US","potentialAction":[{"@type":"ReadAction","target":["https:\/\/veritasinfo.org\/?p=4751"]}]},{"@type":"ImageObject","inLanguage":"en-US","@id":"https:\/\/veritasinfo.org\/?p=4751#primaryimage","url":"https:\/\/veritasinfo.org\/wp-content\/uploads\/2025\/07\/IMG_2217.webp","contentUrl":"https:\/\/veritasinfo.org\/wp-content\/uploads\/2025\/07\/IMG_2217.webp","width":1360,"height":870},{"@type":"BreadcrumbList","@id":"https:\/\/veritasinfo.org\/?p=4751#breadcrumb","itemListElement":[{"@type":"ListItem","position":1,"name":"Home","item":"https:\/\/veritasinfo.org\/"},{"@type":"ListItem","position":2,"name":"P\u00ebr rastin \u201cBanjska\u201d ka d\u00ebshmuar roja e hotelit Rade Nedeljkovi\u00e7"}]},{"@type":"WebSite","@id":"https:\/\/veritasinfo.org\/#website","url":"https:\/\/veritasinfo.org\/","name":"","description":"","potentialAction":[{"@type":"SearchAction","target":{"@type":"EntryPoint","urlTemplate":"https:\/\/veritasinfo.org\/?s={search_term_string}"},"query-input":{"@type":"PropertyValueSpecification","valueRequired":true,"valueName":"search_term_string"}}],"inLanguage":"en-US"},{"@type":"Person","@id":"https:\/\/veritasinfo.org\/#\/schema\/person\/7701f8c088bece422266b100a712374f","name":"admin","image":{"@type":"ImageObject","inLanguage":"en-US","@id":"https:\/\/veritasinfo.org\/#\/schema\/person\/image\/","url":"https:\/\/secure.gravatar.com\/avatar\/ea53aa3bf6c9a12d5fde8ce4deff43fef3885ae33cf60184161a50d6987cfd2f?s=96&d=mm&r=g","contentUrl":"https:\/\/secure.gravatar.com\/avatar\/ea53aa3bf6c9a12d5fde8ce4deff43fef3885ae33cf60184161a50d6987cfd2f?s=96&d=mm&r=g","caption":"admin"},"sameAs":["https:\/\/veritasinfo.org"],"url":"https:\/\/veritasinfo.org\/?author=1"}]}},"featured_image_urls":{"full":["https:\/\/veritasinfo.org\/wp-content\/uploads\/2025\/07\/IMG_2217.webp",1360,870,false],"thumbnail":["https:\/\/veritasinfo.org\/wp-content\/uploads\/2025\/07\/IMG_2217-150x150.webp",150,150,true],"medium":["https:\/\/veritasinfo.org\/wp-content\/uploads\/2025\/07\/IMG_2217-300x192.webp",300,192,true],"medium_large":["https:\/\/veritasinfo.org\/wp-content\/uploads\/2025\/07\/IMG_2217-768x491.webp",640,409,true],"large":["https:\/\/veritasinfo.org\/wp-content\/uploads\/2025\/07\/IMG_2217-1024x655.webp",640,409,true],"1536x1536":["https:\/\/veritasinfo.org\/wp-content\/uploads\/2025\/07\/IMG_2217.webp",1360,870,false],"2048x2048":["https:\/\/veritasinfo.org\/wp-content\/uploads\/2025\/07\/IMG_2217.webp",1360,870,false],"kreeti-slider-full":["https:\/\/veritasinfo.org\/wp-content\/uploads\/2025\/07\/IMG_2217.webp",1126,720,false],"kreeti-featured":["https:\/\/veritasinfo.org\/wp-content\/uploads\/2025\/07\/IMG_2217.webp",1024,655,false],"kreeti-medium":["https:\/\/veritasinfo.org\/wp-content\/uploads\/2025\/07\/IMG_2217.webp",720,461,false],"kreeti-medium-square":["https:\/\/veritasinfo.org\/wp-content\/uploads\/2025\/07\/IMG_2217.webp",350,224,false]},"author_info":{"info":["admin"]},"category_info":"<a href=\"https:\/\/veritasinfo.org\/?cat=60\" rel=\"category\">Shoq\u00ebrore<\/a>","tag_info":"Shoq\u00ebrore","comment_count":"0","_links":{"self":[{"href":"https:\/\/veritasinfo.org\/index.php?rest_route=\/wp\/v2\/posts\/4751","targetHints":{"allow":["GET"]}}],"collection":[{"href":"https:\/\/veritasinfo.org\/index.php?rest_route=\/wp\/v2\/posts"}],"about":[{"href":"https:\/\/veritasinfo.org\/index.php?rest_route=\/wp\/v2\/types\/post"}],"author":[{"embeddable":true,"href":"https:\/\/veritasinfo.org\/index.php?rest_route=\/wp\/v2\/users\/1"}],"replies":[{"embeddable":true,"href":"https:\/\/veritasinfo.org\/index.php?rest_route=%2Fwp%2Fv2%2Fcomments&post=4751"}],"version-history":[{"count":1,"href":"https:\/\/veritasinfo.org\/index.php?rest_route=\/wp\/v2\/posts\/4751\/revisions"}],"predecessor-version":[{"id":4753,"href":"https:\/\/veritasinfo.org\/index.php?rest_route=\/wp\/v2\/posts\/4751\/revisions\/4753"}],"wp:featuredmedia":[{"embeddable":true,"href":"https:\/\/veritasinfo.org\/index.php?rest_route=\/wp\/v2\/media\/4752"}],"wp:attachment":[{"href":"https:\/\/veritasinfo.org\/index.php?rest_route=%2Fwp%2Fv2%2Fmedia&parent=4751"}],"wp:term":[{"taxonomy":"category","embeddable":true,"href":"https:\/\/veritasinfo.org\/index.php?rest_route=%2Fwp%2Fv2%2Fcategories&post=4751"},{"taxonomy":"post_tag","embeddable":true,"href":"https:\/\/veritasinfo.org\/index.php?rest_route=%2Fwp%2Fv2%2Ftags&post=4751"}],"curies":[{"name":"wp","href":"https:\/\/api.w.org\/{rel}","templated":true}]}}