{"id":4746,"date":"2025-07-22T11:33:21","date_gmt":"2025-07-22T09:33:21","guid":{"rendered":"https:\/\/veritasinfo.org\/?p=4746"},"modified":"2025-07-22T11:33:21","modified_gmt":"2025-07-22T09:33:21","slug":"deshmitari-nuk-kishim-te-benim-me-nje-grup-te-thjeshte-kriminal-vazhdon-gjykimi-per-rastin-banjska","status":"publish","type":"post","link":"https:\/\/veritasinfo.org\/?p=4746","title":{"rendered":"D\u00ebshmitari: Nuk kishim t\u00eb b\u00ebnim me nj\u00eb grup t\u00eb thjesht\u00eb kriminal \u2013 vazhdon gjykimi p\u00ebr rastin \u201cBanjska\u201d"},"content":{"rendered":"<p>&nbsp;<\/p>\n<p>Prishtin\u00eb, 22 korrik 2025<\/p>\n<p>N\u00eb Gjykat\u00ebn Themelore t\u00eb Prishtin\u00ebs po vazhdon procesi gjyq\u00ebsor ndaj t\u00eb akuzuarve Blagoje Spasojeviq, Vladimir Toliq dhe Dushan Maksimoviq p\u00ebr ngjarjet e armatosura n\u00eb fshatin Banjsk\u00eb. N\u00eb seanc\u00ebn e sotme ka d\u00ebshmuar polici hetues Halim Behramaj, i cili ka p\u00ebrshkruar nat\u00ebn e sulmit si jasht\u00ebzakonisht t\u00eb rrezikshme dhe mir\u00eb t\u00eb organizuar nga autor\u00ebt.<\/p>\n<p>Behramaj, i cili punon n\u00eb nj\u00ebsin\u00eb e trafikut n\u00eb Mitrovic\u00eb, ka treguar se rreth or\u00ebs 2 t\u00eb m\u00ebngjesit kishte marr\u00eb informacion p\u00ebr nj\u00eb barrikad\u00eb t\u00eb vendosur n\u00eb Banjsk\u00eb dhe ishte nisur drejt vendit bashk\u00eb me koleg\u00ebt e tij. Ai theksoi se kishin qen\u00eb tre vetura policore dhe se n\u00eb momentin q\u00eb kishin arritur af\u00ebr barrikad\u00ebs, ishin p\u00ebrballur me shp\u00ebrthime dhe t\u00eb sht\u00ebna t\u00eb shumta me arm\u00eb.<\/p>\n<p>\u201cPolici Elez Peci na paralajm\u00ebroi se mund t\u00eb ishte kurth. Kur filluam t\u00eb shp\u00ebrndahemi, ndodhi nj\u00eb shp\u00ebrthim i fuqish\u00ebm dhe menj\u00ebher\u00eb pasuan t\u00eb sht\u00ebnat me arm\u00eb t\u00eb ndryshme. Nga arm\u00ebt dhe pozicionimi i tyre, kuptuam se nuk ishim p\u00ebrball\u00eb nj\u00eb grupi t\u00eb zakonsh\u00ebm kriminal, por me nj\u00eb struktur\u00eb t\u00eb organizuar mir\u00eb\u201d, deklaroi Behramaj.<\/p>\n<p>Ai p\u00ebrmendi se kolegu i tij, Avni Shala, ishte detyruar t\u00eb hapte zjarr p\u00ebr t\u2019u mbrojtur dhe se n\u00eb rrug\u00eb kishte v\u00ebrejtur t\u00eb shtrir\u00eb rreshterin Afrim Bunjaku, pa mund\u00ebsi t\u00eb afrohej p\u00ebr shkak t\u00eb rrezikut t\u00eb lart\u00eb.<\/p>\n<p>Sipas d\u00ebshmitarit, n\u00eb ndihm\u00eb kishte ardhur edhe nj\u00eb autoblind\u00eb e nj\u00ebsis\u00eb s\u00eb reagimit t\u00eb shpejt\u00eb nga fshati Izvor, nd\u00ebrsa p\u00ebrleshja kishte p\u00ebrfshir\u00eb arm\u00eb t\u00eb kalibrit t\u00eb r\u00ebnd\u00eb.<\/p>\n<p>Procesi gjyq\u00ebsor po vazhdon me d\u00ebgjimin e d\u00ebshmitar\u00ebve t\u00eb tjer\u00eb.<\/p>\n<p>&nbsp;<\/p>\n<p>&nbsp;<\/p>\n<p>&nbsp;<\/p>\n","protected":false},"excerpt":{"rendered":"<p>&nbsp; Prishtin\u00eb, 22 korrik 2025 N\u00eb Gjykat\u00ebn Themelore t\u00eb Prishtin\u00ebs po vazhdon procesi gjyq\u00ebsor ndaj t\u00eb akuzuarve Blagoje Spasojeviq, Vladimir Toliq dhe Dushan Maksimoviq p\u00ebr<\/p>\n","protected":false},"author":1,"featured_media":4747,"comment_status":"open","ping_status":"open","sticky":false,"template":"","format":"standard","meta":{"footnotes":""},"categories":[60],"tags":[],"class_list":["post-4746","post","type-post","status-publish","format-standard","has-post-thumbnail","hentry","category-shoqerore-sq"],"yoast_head":"<!-- This site is optimized with the Yoast SEO plugin v25.3.1 - https:\/\/yoast.com\/wordpress\/plugins\/seo\/ -->\n<title>D\u00ebshmitari: Nuk kishim t\u00eb b\u00ebnim me nj\u00eb grup t\u00eb thjesht\u00eb kriminal \u2013 vazhdon gjykimi p\u00ebr rastin \u201cBanjska\u201d -<\/title>\n<meta name=\"robots\" content=\"index, follow, max-snippet:-1, max-image-preview:large, max-video-preview:-1\" \/>\n<link rel=\"canonical\" href=\"https:\/\/veritasinfo.org\/?p=4746\" \/>\n<meta property=\"og:locale\" content=\"en_US\" \/>\n<meta property=\"og:type\" content=\"article\" \/>\n<meta property=\"og:title\" content=\"D\u00ebshmitari: Nuk kishim t\u00eb b\u00ebnim me nj\u00eb grup t\u00eb thjesht\u00eb kriminal \u2013 vazhdon gjykimi p\u00ebr rastin \u201cBanjska\u201d -\" \/>\n<meta property=\"og:description\" content=\"&nbsp; Prishtin\u00eb, 22 korrik 2025 N\u00eb Gjykat\u00ebn Themelore t\u00eb Prishtin\u00ebs po vazhdon procesi gjyq\u00ebsor ndaj t\u00eb akuzuarve Blagoje Spasojeviq, Vladimir Toliq dhe Dushan Maksimoviq p\u00ebr\" \/>\n<meta property=\"og:url\" content=\"https:\/\/veritasinfo.org\/?p=4746\" \/>\n<meta property=\"article:published_time\" content=\"2025-07-22T09:33:21+00:00\" \/>\n<meta property=\"og:image\" content=\"https:\/\/veritasinfo.org\/wp-content\/uploads\/2025\/07\/ghhtgsr.jpg\" \/>\n\t<meta property=\"og:image:width\" content=\"900\" \/>\n\t<meta property=\"og:image:height\" content=\"600\" \/>\n\t<meta property=\"og:image:type\" content=\"image\/jpeg\" \/>\n<meta name=\"author\" content=\"admin\" \/>\n<meta name=\"twitter:card\" content=\"summary_large_image\" \/>\n<meta name=\"twitter:label1\" content=\"Written by\" \/>\n\t<meta name=\"twitter:data1\" content=\"admin\" \/>\n\t<meta name=\"twitter:label2\" content=\"Est. reading time\" \/>\n\t<meta name=\"twitter:data2\" content=\"2 minutes\" \/>\n<script type=\"application\/ld+json\" class=\"yoast-schema-graph\">{\"@context\":\"https:\/\/schema.org\",\"@graph\":[{\"@type\":\"WebPage\",\"@id\":\"https:\/\/veritasinfo.org\/?p=4746\",\"url\":\"https:\/\/veritasinfo.org\/?p=4746\",\"name\":\"D\u00ebshmitari: Nuk kishim t\u00eb b\u00ebnim me nj\u00eb grup t\u00eb thjesht\u00eb kriminal \u2013 vazhdon gjykimi p\u00ebr rastin \u201cBanjska\u201d -\",\"isPartOf\":{\"@id\":\"https:\/\/veritasinfo.org\/#website\"},\"primaryImageOfPage\":{\"@id\":\"https:\/\/veritasinfo.org\/?p=4746#primaryimage\"},\"image\":{\"@id\":\"https:\/\/veritasinfo.org\/?p=4746#primaryimage\"},\"thumbnailUrl\":\"https:\/\/veritasinfo.org\/wp-content\/uploads\/2025\/07\/ghhtgsr.jpg\",\"datePublished\":\"2025-07-22T09:33:21+00:00\",\"author\":{\"@id\":\"https:\/\/veritasinfo.org\/#\/schema\/person\/7701f8c088bece422266b100a712374f\"},\"breadcrumb\":{\"@id\":\"https:\/\/veritasinfo.org\/?p=4746#breadcrumb\"},\"inLanguage\":\"en-US\",\"potentialAction\":[{\"@type\":\"ReadAction\",\"target\":[\"https:\/\/veritasinfo.org\/?p=4746\"]}]},{\"@type\":\"ImageObject\",\"inLanguage\":\"en-US\",\"@id\":\"https:\/\/veritasinfo.org\/?p=4746#primaryimage\",\"url\":\"https:\/\/veritasinfo.org\/wp-content\/uploads\/2025\/07\/ghhtgsr.jpg\",\"contentUrl\":\"https:\/\/veritasinfo.org\/wp-content\/uploads\/2025\/07\/ghhtgsr.jpg\",\"width\":900,\"height\":600},{\"@type\":\"BreadcrumbList\",\"@id\":\"https:\/\/veritasinfo.org\/?p=4746#breadcrumb\",\"itemListElement\":[{\"@type\":\"ListItem\",\"position\":1,\"name\":\"Home\",\"item\":\"https:\/\/veritasinfo.org\/\"},{\"@type\":\"ListItem\",\"position\":2,\"name\":\"D\u00ebshmitari: Nuk kishim t\u00eb b\u00ebnim me nj\u00eb grup t\u00eb thjesht\u00eb kriminal \u2013 vazhdon gjykimi p\u00ebr rastin \u201cBanjska\u201d\"}]},{\"@type\":\"WebSite\",\"@id\":\"https:\/\/veritasinfo.org\/#website\",\"url\":\"https:\/\/veritasinfo.org\/\",\"name\":\"\",\"description\":\"\",\"potentialAction\":[{\"@type\":\"SearchAction\",\"target\":{\"@type\":\"EntryPoint\",\"urlTemplate\":\"https:\/\/veritasinfo.org\/?s={search_term_string}\"},\"query-input\":{\"@type\":\"PropertyValueSpecification\",\"valueRequired\":true,\"valueName\":\"search_term_string\"}}],\"inLanguage\":\"en-US\"},{\"@type\":\"Person\",\"@id\":\"https:\/\/veritasinfo.org\/#\/schema\/person\/7701f8c088bece422266b100a712374f\",\"name\":\"admin\",\"image\":{\"@type\":\"ImageObject\",\"inLanguage\":\"en-US\",\"@id\":\"https:\/\/veritasinfo.org\/#\/schema\/person\/image\/\",\"url\":\"https:\/\/secure.gravatar.com\/avatar\/ea53aa3bf6c9a12d5fde8ce4deff43fef3885ae33cf60184161a50d6987cfd2f?s=96&d=mm&r=g\",\"contentUrl\":\"https:\/\/secure.gravatar.com\/avatar\/ea53aa3bf6c9a12d5fde8ce4deff43fef3885ae33cf60184161a50d6987cfd2f?s=96&d=mm&r=g\",\"caption\":\"admin\"},\"sameAs\":[\"https:\/\/veritasinfo.org\"],\"url\":\"https:\/\/veritasinfo.org\/?author=1\"}]}<\/script>\n<!-- \/ Yoast SEO plugin. -->","yoast_head_json":{"title":"D\u00ebshmitari: Nuk kishim t\u00eb b\u00ebnim me nj\u00eb grup t\u00eb thjesht\u00eb kriminal \u2013 vazhdon gjykimi p\u00ebr rastin \u201cBanjska\u201d -","robots":{"index":"index","follow":"follow","max-snippet":"max-snippet:-1","max-image-preview":"max-image-preview:large","max-video-preview":"max-video-preview:-1"},"canonical":"https:\/\/veritasinfo.org\/?p=4746","og_locale":"en_US","og_type":"article","og_title":"D\u00ebshmitari: Nuk kishim t\u00eb b\u00ebnim me nj\u00eb grup t\u00eb thjesht\u00eb kriminal \u2013 vazhdon gjykimi p\u00ebr rastin \u201cBanjska\u201d -","og_description":"&nbsp; Prishtin\u00eb, 22 korrik 2025 N\u00eb Gjykat\u00ebn Themelore t\u00eb Prishtin\u00ebs po vazhdon procesi gjyq\u00ebsor ndaj t\u00eb akuzuarve Blagoje Spasojeviq, Vladimir Toliq dhe Dushan Maksimoviq p\u00ebr","og_url":"https:\/\/veritasinfo.org\/?p=4746","article_published_time":"2025-07-22T09:33:21+00:00","og_image":[{"width":900,"height":600,"url":"https:\/\/veritasinfo.org\/wp-content\/uploads\/2025\/07\/ghhtgsr.jpg","type":"image\/jpeg"}],"author":"admin","twitter_card":"summary_large_image","twitter_misc":{"Written by":"admin","Est. reading time":"2 minutes"},"schema":{"@context":"https:\/\/schema.org","@graph":[{"@type":"WebPage","@id":"https:\/\/veritasinfo.org\/?p=4746","url":"https:\/\/veritasinfo.org\/?p=4746","name":"D\u00ebshmitari: Nuk kishim t\u00eb b\u00ebnim me nj\u00eb grup t\u00eb thjesht\u00eb kriminal \u2013 vazhdon gjykimi p\u00ebr rastin \u201cBanjska\u201d -","isPartOf":{"@id":"https:\/\/veritasinfo.org\/#website"},"primaryImageOfPage":{"@id":"https:\/\/veritasinfo.org\/?p=4746#primaryimage"},"image":{"@id":"https:\/\/veritasinfo.org\/?p=4746#primaryimage"},"thumbnailUrl":"https:\/\/veritasinfo.org\/wp-content\/uploads\/2025\/07\/ghhtgsr.jpg","datePublished":"2025-07-22T09:33:21+00:00","author":{"@id":"https:\/\/veritasinfo.org\/#\/schema\/person\/7701f8c088bece422266b100a712374f"},"breadcrumb":{"@id":"https:\/\/veritasinfo.org\/?p=4746#breadcrumb"},"inLanguage":"en-US","potentialAction":[{"@type":"ReadAction","target":["https:\/\/veritasinfo.org\/?p=4746"]}]},{"@type":"ImageObject","inLanguage":"en-US","@id":"https:\/\/veritasinfo.org\/?p=4746#primaryimage","url":"https:\/\/veritasinfo.org\/wp-content\/uploads\/2025\/07\/ghhtgsr.jpg","contentUrl":"https:\/\/veritasinfo.org\/wp-content\/uploads\/2025\/07\/ghhtgsr.jpg","width":900,"height":600},{"@type":"BreadcrumbList","@id":"https:\/\/veritasinfo.org\/?p=4746#breadcrumb","itemListElement":[{"@type":"ListItem","position":1,"name":"Home","item":"https:\/\/veritasinfo.org\/"},{"@type":"ListItem","position":2,"name":"D\u00ebshmitari: Nuk kishim t\u00eb b\u00ebnim me nj\u00eb grup t\u00eb thjesht\u00eb kriminal \u2013 vazhdon gjykimi p\u00ebr rastin \u201cBanjska\u201d"}]},{"@type":"WebSite","@id":"https:\/\/veritasinfo.org\/#website","url":"https:\/\/veritasinfo.org\/","name":"","description":"","potentialAction":[{"@type":"SearchAction","target":{"@type":"EntryPoint","urlTemplate":"https:\/\/veritasinfo.org\/?s={search_term_string}"},"query-input":{"@type":"PropertyValueSpecification","valueRequired":true,"valueName":"search_term_string"}}],"inLanguage":"en-US"},{"@type":"Person","@id":"https:\/\/veritasinfo.org\/#\/schema\/person\/7701f8c088bece422266b100a712374f","name":"admin","image":{"@type":"ImageObject","inLanguage":"en-US","@id":"https:\/\/veritasinfo.org\/#\/schema\/person\/image\/","url":"https:\/\/secure.gravatar.com\/avatar\/ea53aa3bf6c9a12d5fde8ce4deff43fef3885ae33cf60184161a50d6987cfd2f?s=96&d=mm&r=g","contentUrl":"https:\/\/secure.gravatar.com\/avatar\/ea53aa3bf6c9a12d5fde8ce4deff43fef3885ae33cf60184161a50d6987cfd2f?s=96&d=mm&r=g","caption":"admin"},"sameAs":["https:\/\/veritasinfo.org"],"url":"https:\/\/veritasinfo.org\/?author=1"}]}},"featured_image_urls":{"full":["https:\/\/veritasinfo.org\/wp-content\/uploads\/2025\/07\/ghhtgsr.jpg",900,600,false],"thumbnail":["https:\/\/veritasinfo.org\/wp-content\/uploads\/2025\/07\/ghhtgsr-150x150.jpg",150,150,true],"medium":["https:\/\/veritasinfo.org\/wp-content\/uploads\/2025\/07\/ghhtgsr-300x200.jpg",300,200,true],"medium_large":["https:\/\/veritasinfo.org\/wp-content\/uploads\/2025\/07\/ghhtgsr-768x512.jpg",640,427,true],"large":["https:\/\/veritasinfo.org\/wp-content\/uploads\/2025\/07\/ghhtgsr.jpg",640,427,false],"1536x1536":["https:\/\/veritasinfo.org\/wp-content\/uploads\/2025\/07\/ghhtgsr.jpg",900,600,false],"2048x2048":["https:\/\/veritasinfo.org\/wp-content\/uploads\/2025\/07\/ghhtgsr.jpg",900,600,false],"kreeti-slider-full":["https:\/\/veritasinfo.org\/wp-content\/uploads\/2025\/07\/ghhtgsr.jpg",900,600,false],"kreeti-featured":["https:\/\/veritasinfo.org\/wp-content\/uploads\/2025\/07\/ghhtgsr.jpg",900,600,false],"kreeti-medium":["https:\/\/veritasinfo.org\/wp-content\/uploads\/2025\/07\/ghhtgsr.jpg",720,480,false],"kreeti-medium-square":["https:\/\/veritasinfo.org\/wp-content\/uploads\/2025\/07\/ghhtgsr.jpg",350,233,false]},"author_info":{"info":["admin"]},"category_info":"<a href=\"https:\/\/veritasinfo.org\/?cat=60\" rel=\"category\">Shoq\u00ebrore<\/a>","tag_info":"Shoq\u00ebrore","comment_count":"0","_links":{"self":[{"href":"https:\/\/veritasinfo.org\/index.php?rest_route=\/wp\/v2\/posts\/4746","targetHints":{"allow":["GET"]}}],"collection":[{"href":"https:\/\/veritasinfo.org\/index.php?rest_route=\/wp\/v2\/posts"}],"about":[{"href":"https:\/\/veritasinfo.org\/index.php?rest_route=\/wp\/v2\/types\/post"}],"author":[{"embeddable":true,"href":"https:\/\/veritasinfo.org\/index.php?rest_route=\/wp\/v2\/users\/1"}],"replies":[{"embeddable":true,"href":"https:\/\/veritasinfo.org\/index.php?rest_route=%2Fwp%2Fv2%2Fcomments&post=4746"}],"version-history":[{"count":1,"href":"https:\/\/veritasinfo.org\/index.php?rest_route=\/wp\/v2\/posts\/4746\/revisions"}],"predecessor-version":[{"id":4748,"href":"https:\/\/veritasinfo.org\/index.php?rest_route=\/wp\/v2\/posts\/4746\/revisions\/4748"}],"wp:featuredmedia":[{"embeddable":true,"href":"https:\/\/veritasinfo.org\/index.php?rest_route=\/wp\/v2\/media\/4747"}],"wp:attachment":[{"href":"https:\/\/veritasinfo.org\/index.php?rest_route=%2Fwp%2Fv2%2Fmedia&parent=4746"}],"wp:term":[{"taxonomy":"category","embeddable":true,"href":"https:\/\/veritasinfo.org\/index.php?rest_route=%2Fwp%2Fv2%2Fcategories&post=4746"},{"taxonomy":"post_tag","embeddable":true,"href":"https:\/\/veritasinfo.org\/index.php?rest_route=%2Fwp%2Fv2%2Ftags&post=4746"}],"curies":[{"name":"wp","href":"https:\/\/api.w.org\/{rel}","templated":true}]}}