{"id":4739,"date":"2025-07-22T11:05:39","date_gmt":"2025-07-22T09:05:39","guid":{"rendered":"https:\/\/veritasinfo.org\/?p=4739"},"modified":"2025-07-22T11:05:39","modified_gmt":"2025-07-22T09:05:39","slug":"te-kerkuar-per-masakren-ne-meje-sot-figura-publike-ne-serbi","status":"publish","type":"post","link":"https:\/\/veritasinfo.org\/?p=4739","title":{"rendered":"T\u00eb k\u00ebrkuar p\u00ebr masakr\u00ebn n\u00eb Mej\u00eb, sot figura publike n\u00eb Serbi"},"content":{"rendered":"<p>Prishtin\u00eb 22 Korrik 2025<\/p>\n<p>Banka e t\u00eb akuzuarve n\u00eb Gjykat\u00ebn e Prishtin\u00ebs ishte e zbraz\u00ebt kur nisi procesi p\u00ebr krimet e luft\u00ebs t\u00eb kryera mbi 25 vjet m\u00eb par\u00eb nga forcat ushtarake dhe policore serbe n\u00eb Mej\u00eb t\u00eb Gjakov\u00ebs.<\/p>\n<p>T\u00eb akuzuarit po gjykohen n\u00eb munges\u00eb q\u00eb nga mesi i qershorit, pasi nuk jan\u00eb n\u00eb dispozicion t\u00eb drejt\u00ebsis\u00eb kosovare. Kund\u00ebr tyre \u00ebsht\u00eb l\u00ebshuar fletarrestim nd\u00ebrkomb\u00ebtar, nd\u00ebrsa Beogradi zyrtar vazhdon t\u00eb hesht\u00eb. Ushtria e Serbis\u00eb i tha Radios Evropa e Lir\u00eb se \u201cnuk ka informacion\u201d p\u00ebr pjes\u00ebtar\u00ebt e saj t\u00eb p\u00ebrmendur n\u00eb aktakuz\u00eb, nd\u00ebrsa policia nuk \u00ebsht\u00eb p\u00ebrgjigjur.<\/p>\n<p>M\u00eb shum\u00eb se 50 persona p\u00ebrfshir\u00eb ish-udh\u00ebheq\u00ebs t\u00eb forcave ushtarake dhe policore akuzohen p\u00ebr vrasjen e 370 shqiptar\u00ebve n\u00eb Mej\u00eb dhe fshatra p\u00ebrreth Gjakov\u00ebs gjat\u00eb luft\u00ebs s\u00eb vitit 1999. Mbi nj\u00eb \u00e7erek shekulli m\u00eb pas, shumica jan\u00eb n\u00eb pension dhe kund\u00ebr tyre n\u00eb Serbi nuk po zhvillohet asnj\u00eb hetim. Disa madje jan\u00eb aktiv\u00eb n\u00eb jet\u00ebn publike, shkruajn\u00eb libra, angazhohen n\u00eb politik\u00eb dhe shfaqen n\u00eb media.<\/p>\n<p>Radio Evropa e Lir\u00eb analizoi arkivat dhe bazat e t\u00eb dh\u00ebnave p\u00ebr t\u00eb gjetur t\u00eb akuzuarit. Momir Stojanoviq, ish-shef i siguris\u00eb s\u00eb Korpusit t\u00eb Prishtin\u00ebs dhe i dyshuar kryesor, thot\u00eb:<\/p>\n<p>\u201cNuk kam nd\u00ebrmend t\u00eb shkoj n\u00eb Prishtin\u00eb, por do t\u00eb paraqitesha para nj\u00eb gjykate n\u00eb Beograd.\u201d<\/p>\n<p>Ai jeton n\u00eb Nish dhe deri n\u00eb vitin 2016 ishte zyrtar i Partis\u00eb P\u00ebrparimtare Serbe. Sot e quan veten \u201copozitar autentik\u201d dhe kritik t\u00eb presidentit Aleksandar Vu\u00e7iq. N\u00eb zgjedhjet lokale t\u00eb vitit 2020 udh\u00ebhoqi grupin qytetar \u201cSinqerisht p\u00ebr Nishin\u201d, por nuk arriti t\u00eb kalonte pragun zgjedhor.<\/p>\n<p>Stojanoviq thot\u00eb se p\u00ebr masakr\u00ebn ka m\u00ebsuar vite m\u00eb von\u00eb n\u00eb Hag\u00eb, ku ishte d\u00ebshmitar mbrojtjeje n\u00eb gjyqet e udh\u00ebheq\u00ebsve serb\u00eb:<\/p>\n<p>\u201cNuk kam dijeni p\u00ebr vuajtjet e civil\u00ebve dhe me p\u00ebrgjegj\u00ebsi pohoj se ushtria nuk ka t\u00eb b\u00ebj\u00eb me at\u00eb krim. Nuk mund t\u00eb them n\u00ebse policia ka b\u00ebr\u00eb di\u00e7ka. Kjo \u00ebsht\u00eb \u00e7\u00ebshtje e tyre.\u201d<\/p>\n","protected":false},"excerpt":{"rendered":"<p>Prishtin\u00eb 22 Korrik 2025 Banka e t\u00eb akuzuarve n\u00eb Gjykat\u00ebn e Prishtin\u00ebs ishte e zbraz\u00ebt kur nisi procesi p\u00ebr krimet e luft\u00ebs t\u00eb kryera mbi<\/p>\n","protected":false},"author":1,"featured_media":4740,"comment_status":"open","ping_status":"open","sticky":false,"template":"","format":"standard","meta":{"footnotes":""},"categories":[60],"tags":[],"class_list":["post-4739","post","type-post","status-publish","format-standard","has-post-thumbnail","hentry","category-shoqerore-sq"],"yoast_head":"<!-- This site is optimized with the Yoast SEO plugin v25.3.1 - https:\/\/yoast.com\/wordpress\/plugins\/seo\/ -->\n<title>T\u00eb k\u00ebrkuar p\u00ebr masakr\u00ebn n\u00eb Mej\u00eb, sot figura publike n\u00eb Serbi -<\/title>\n<meta name=\"robots\" content=\"index, follow, max-snippet:-1, max-image-preview:large, max-video-preview:-1\" \/>\n<link rel=\"canonical\" href=\"https:\/\/veritasinfo.org\/?p=4739\" \/>\n<meta property=\"og:locale\" content=\"en_US\" \/>\n<meta property=\"og:type\" content=\"article\" \/>\n<meta property=\"og:title\" content=\"T\u00eb k\u00ebrkuar p\u00ebr masakr\u00ebn n\u00eb Mej\u00eb, sot figura publike n\u00eb Serbi -\" \/>\n<meta property=\"og:description\" content=\"Prishtin\u00eb 22 Korrik 2025 Banka e t\u00eb akuzuarve n\u00eb Gjykat\u00ebn e Prishtin\u00ebs ishte e zbraz\u00ebt kur nisi procesi p\u00ebr krimet e luft\u00ebs t\u00eb kryera mbi\" \/>\n<meta property=\"og:url\" content=\"https:\/\/veritasinfo.org\/?p=4739\" \/>\n<meta property=\"article:published_time\" content=\"2025-07-22T09:05:39+00:00\" \/>\n<meta property=\"og:image\" content=\"https:\/\/veritasinfo.org\/wp-content\/uploads\/2025\/07\/IMG_1682.png\" \/>\n\t<meta property=\"og:image:width\" content=\"400\" \/>\n\t<meta property=\"og:image:height\" content=\"267\" \/>\n\t<meta property=\"og:image:type\" content=\"image\/png\" \/>\n<meta name=\"author\" content=\"admin\" \/>\n<meta name=\"twitter:card\" content=\"summary_large_image\" \/>\n<meta name=\"twitter:label1\" content=\"Written by\" \/>\n\t<meta name=\"twitter:data1\" content=\"admin\" \/>\n\t<meta name=\"twitter:label2\" content=\"Est. reading time\" \/>\n\t<meta name=\"twitter:data2\" content=\"2 minutes\" \/>\n<script type=\"application\/ld+json\" class=\"yoast-schema-graph\">{\"@context\":\"https:\/\/schema.org\",\"@graph\":[{\"@type\":\"WebPage\",\"@id\":\"https:\/\/veritasinfo.org\/?p=4739\",\"url\":\"https:\/\/veritasinfo.org\/?p=4739\",\"name\":\"T\u00eb k\u00ebrkuar p\u00ebr masakr\u00ebn n\u00eb Mej\u00eb, sot figura publike n\u00eb Serbi -\",\"isPartOf\":{\"@id\":\"https:\/\/veritasinfo.org\/#website\"},\"primaryImageOfPage\":{\"@id\":\"https:\/\/veritasinfo.org\/?p=4739#primaryimage\"},\"image\":{\"@id\":\"https:\/\/veritasinfo.org\/?p=4739#primaryimage\"},\"thumbnailUrl\":\"https:\/\/veritasinfo.org\/wp-content\/uploads\/2025\/07\/IMG_1682.png\",\"datePublished\":\"2025-07-22T09:05:39+00:00\",\"author\":{\"@id\":\"https:\/\/veritasinfo.org\/#\/schema\/person\/7701f8c088bece422266b100a712374f\"},\"breadcrumb\":{\"@id\":\"https:\/\/veritasinfo.org\/?p=4739#breadcrumb\"},\"inLanguage\":\"en-US\",\"potentialAction\":[{\"@type\":\"ReadAction\",\"target\":[\"https:\/\/veritasinfo.org\/?p=4739\"]}]},{\"@type\":\"ImageObject\",\"inLanguage\":\"en-US\",\"@id\":\"https:\/\/veritasinfo.org\/?p=4739#primaryimage\",\"url\":\"https:\/\/veritasinfo.org\/wp-content\/uploads\/2025\/07\/IMG_1682.png\",\"contentUrl\":\"https:\/\/veritasinfo.org\/wp-content\/uploads\/2025\/07\/IMG_1682.png\",\"width\":400,\"height\":267},{\"@type\":\"BreadcrumbList\",\"@id\":\"https:\/\/veritasinfo.org\/?p=4739#breadcrumb\",\"itemListElement\":[{\"@type\":\"ListItem\",\"position\":1,\"name\":\"Home\",\"item\":\"https:\/\/veritasinfo.org\/\"},{\"@type\":\"ListItem\",\"position\":2,\"name\":\"T\u00eb k\u00ebrkuar p\u00ebr masakr\u00ebn n\u00eb Mej\u00eb, sot figura publike n\u00eb Serbi\"}]},{\"@type\":\"WebSite\",\"@id\":\"https:\/\/veritasinfo.org\/#website\",\"url\":\"https:\/\/veritasinfo.org\/\",\"name\":\"\",\"description\":\"\",\"potentialAction\":[{\"@type\":\"SearchAction\",\"target\":{\"@type\":\"EntryPoint\",\"urlTemplate\":\"https:\/\/veritasinfo.org\/?s={search_term_string}\"},\"query-input\":{\"@type\":\"PropertyValueSpecification\",\"valueRequired\":true,\"valueName\":\"search_term_string\"}}],\"inLanguage\":\"en-US\"},{\"@type\":\"Person\",\"@id\":\"https:\/\/veritasinfo.org\/#\/schema\/person\/7701f8c088bece422266b100a712374f\",\"name\":\"admin\",\"image\":{\"@type\":\"ImageObject\",\"inLanguage\":\"en-US\",\"@id\":\"https:\/\/veritasinfo.org\/#\/schema\/person\/image\/\",\"url\":\"https:\/\/secure.gravatar.com\/avatar\/ea53aa3bf6c9a12d5fde8ce4deff43fef3885ae33cf60184161a50d6987cfd2f?s=96&d=mm&r=g\",\"contentUrl\":\"https:\/\/secure.gravatar.com\/avatar\/ea53aa3bf6c9a12d5fde8ce4deff43fef3885ae33cf60184161a50d6987cfd2f?s=96&d=mm&r=g\",\"caption\":\"admin\"},\"sameAs\":[\"https:\/\/veritasinfo.org\"],\"url\":\"https:\/\/veritasinfo.org\/?author=1\"}]}<\/script>\n<!-- \/ Yoast SEO plugin. -->","yoast_head_json":{"title":"T\u00eb k\u00ebrkuar p\u00ebr masakr\u00ebn n\u00eb Mej\u00eb, sot figura publike n\u00eb Serbi -","robots":{"index":"index","follow":"follow","max-snippet":"max-snippet:-1","max-image-preview":"max-image-preview:large","max-video-preview":"max-video-preview:-1"},"canonical":"https:\/\/veritasinfo.org\/?p=4739","og_locale":"en_US","og_type":"article","og_title":"T\u00eb k\u00ebrkuar p\u00ebr masakr\u00ebn n\u00eb Mej\u00eb, sot figura publike n\u00eb Serbi -","og_description":"Prishtin\u00eb 22 Korrik 2025 Banka e t\u00eb akuzuarve n\u00eb Gjykat\u00ebn e Prishtin\u00ebs ishte e zbraz\u00ebt kur nisi procesi p\u00ebr krimet e luft\u00ebs t\u00eb kryera mbi","og_url":"https:\/\/veritasinfo.org\/?p=4739","article_published_time":"2025-07-22T09:05:39+00:00","og_image":[{"width":400,"height":267,"url":"https:\/\/veritasinfo.org\/wp-content\/uploads\/2025\/07\/IMG_1682.png","type":"image\/png"}],"author":"admin","twitter_card":"summary_large_image","twitter_misc":{"Written by":"admin","Est. reading time":"2 minutes"},"schema":{"@context":"https:\/\/schema.org","@graph":[{"@type":"WebPage","@id":"https:\/\/veritasinfo.org\/?p=4739","url":"https:\/\/veritasinfo.org\/?p=4739","name":"T\u00eb k\u00ebrkuar p\u00ebr masakr\u00ebn n\u00eb Mej\u00eb, sot figura publike n\u00eb Serbi -","isPartOf":{"@id":"https:\/\/veritasinfo.org\/#website"},"primaryImageOfPage":{"@id":"https:\/\/veritasinfo.org\/?p=4739#primaryimage"},"image":{"@id":"https:\/\/veritasinfo.org\/?p=4739#primaryimage"},"thumbnailUrl":"https:\/\/veritasinfo.org\/wp-content\/uploads\/2025\/07\/IMG_1682.png","datePublished":"2025-07-22T09:05:39+00:00","author":{"@id":"https:\/\/veritasinfo.org\/#\/schema\/person\/7701f8c088bece422266b100a712374f"},"breadcrumb":{"@id":"https:\/\/veritasinfo.org\/?p=4739#breadcrumb"},"inLanguage":"en-US","potentialAction":[{"@type":"ReadAction","target":["https:\/\/veritasinfo.org\/?p=4739"]}]},{"@type":"ImageObject","inLanguage":"en-US","@id":"https:\/\/veritasinfo.org\/?p=4739#primaryimage","url":"https:\/\/veritasinfo.org\/wp-content\/uploads\/2025\/07\/IMG_1682.png","contentUrl":"https:\/\/veritasinfo.org\/wp-content\/uploads\/2025\/07\/IMG_1682.png","width":400,"height":267},{"@type":"BreadcrumbList","@id":"https:\/\/veritasinfo.org\/?p=4739#breadcrumb","itemListElement":[{"@type":"ListItem","position":1,"name":"Home","item":"https:\/\/veritasinfo.org\/"},{"@type":"ListItem","position":2,"name":"T\u00eb k\u00ebrkuar p\u00ebr masakr\u00ebn n\u00eb Mej\u00eb, sot figura publike n\u00eb Serbi"}]},{"@type":"WebSite","@id":"https:\/\/veritasinfo.org\/#website","url":"https:\/\/veritasinfo.org\/","name":"","description":"","potentialAction":[{"@type":"SearchAction","target":{"@type":"EntryPoint","urlTemplate":"https:\/\/veritasinfo.org\/?s={search_term_string}"},"query-input":{"@type":"PropertyValueSpecification","valueRequired":true,"valueName":"search_term_string"}}],"inLanguage":"en-US"},{"@type":"Person","@id":"https:\/\/veritasinfo.org\/#\/schema\/person\/7701f8c088bece422266b100a712374f","name":"admin","image":{"@type":"ImageObject","inLanguage":"en-US","@id":"https:\/\/veritasinfo.org\/#\/schema\/person\/image\/","url":"https:\/\/secure.gravatar.com\/avatar\/ea53aa3bf6c9a12d5fde8ce4deff43fef3885ae33cf60184161a50d6987cfd2f?s=96&d=mm&r=g","contentUrl":"https:\/\/secure.gravatar.com\/avatar\/ea53aa3bf6c9a12d5fde8ce4deff43fef3885ae33cf60184161a50d6987cfd2f?s=96&d=mm&r=g","caption":"admin"},"sameAs":["https:\/\/veritasinfo.org"],"url":"https:\/\/veritasinfo.org\/?author=1"}]}},"featured_image_urls":{"full":["https:\/\/veritasinfo.org\/wp-content\/uploads\/2025\/07\/IMG_1682.png",400,267,false],"thumbnail":["https:\/\/veritasinfo.org\/wp-content\/uploads\/2025\/07\/IMG_1682-150x150.png",150,150,true],"medium":["https:\/\/veritasinfo.org\/wp-content\/uploads\/2025\/07\/IMG_1682-300x200.png",300,200,true],"medium_large":["https:\/\/veritasinfo.org\/wp-content\/uploads\/2025\/07\/IMG_1682.png",400,267,false],"large":["https:\/\/veritasinfo.org\/wp-content\/uploads\/2025\/07\/IMG_1682.png",400,267,false],"1536x1536":["https:\/\/veritasinfo.org\/wp-content\/uploads\/2025\/07\/IMG_1682.png",400,267,false],"2048x2048":["https:\/\/veritasinfo.org\/wp-content\/uploads\/2025\/07\/IMG_1682.png",400,267,false],"kreeti-slider-full":["https:\/\/veritasinfo.org\/wp-content\/uploads\/2025\/07\/IMG_1682.png",400,267,false],"kreeti-featured":["https:\/\/veritasinfo.org\/wp-content\/uploads\/2025\/07\/IMG_1682.png",400,267,false],"kreeti-medium":["https:\/\/veritasinfo.org\/wp-content\/uploads\/2025\/07\/IMG_1682.png",400,267,false],"kreeti-medium-square":["https:\/\/veritasinfo.org\/wp-content\/uploads\/2025\/07\/IMG_1682.png",350,234,false]},"author_info":{"info":["admin"]},"category_info":"<a href=\"https:\/\/veritasinfo.org\/?cat=60\" rel=\"category\">Shoq\u00ebrore<\/a>","tag_info":"Shoq\u00ebrore","comment_count":"0","_links":{"self":[{"href":"https:\/\/veritasinfo.org\/index.php?rest_route=\/wp\/v2\/posts\/4739","targetHints":{"allow":["GET"]}}],"collection":[{"href":"https:\/\/veritasinfo.org\/index.php?rest_route=\/wp\/v2\/posts"}],"about":[{"href":"https:\/\/veritasinfo.org\/index.php?rest_route=\/wp\/v2\/types\/post"}],"author":[{"embeddable":true,"href":"https:\/\/veritasinfo.org\/index.php?rest_route=\/wp\/v2\/users\/1"}],"replies":[{"embeddable":true,"href":"https:\/\/veritasinfo.org\/index.php?rest_route=%2Fwp%2Fv2%2Fcomments&post=4739"}],"version-history":[{"count":1,"href":"https:\/\/veritasinfo.org\/index.php?rest_route=\/wp\/v2\/posts\/4739\/revisions"}],"predecessor-version":[{"id":4741,"href":"https:\/\/veritasinfo.org\/index.php?rest_route=\/wp\/v2\/posts\/4739\/revisions\/4741"}],"wp:featuredmedia":[{"embeddable":true,"href":"https:\/\/veritasinfo.org\/index.php?rest_route=\/wp\/v2\/media\/4740"}],"wp:attachment":[{"href":"https:\/\/veritasinfo.org\/index.php?rest_route=%2Fwp%2Fv2%2Fmedia&parent=4739"}],"wp:term":[{"taxonomy":"category","embeddable":true,"href":"https:\/\/veritasinfo.org\/index.php?rest_route=%2Fwp%2Fv2%2Fcategories&post=4739"},{"taxonomy":"post_tag","embeddable":true,"href":"https:\/\/veritasinfo.org\/index.php?rest_route=%2Fwp%2Fv2%2Ftags&post=4739"}],"curies":[{"name":"wp","href":"https:\/\/api.w.org\/{rel}","templated":true}]}}