{"id":4733,"date":"2025-07-22T10:12:10","date_gmt":"2025-07-22T08:12:10","guid":{"rendered":"https:\/\/veritasinfo.org\/?p=4733"},"modified":"2025-07-22T10:12:10","modified_gmt":"2025-07-22T08:12:10","slug":"shtetasi-i-serbise-i-kerkuar-me-urdherarrest-nderkombetar-arrestohet-ne-han-te-elezit","status":"publish","type":"post","link":"https:\/\/veritasinfo.org\/?p=4733","title":{"rendered":"Shtetasi i Serbis\u00eb, i k\u00ebrkuar me urdh\u00ebrarrest nd\u00ebrkomb\u00ebtar, arrestohet n\u00eb Han t\u00eb Elezit"},"content":{"rendered":"<p>Hani i Elezit, 22 Korrik 2025<\/p>\n<p>Nj\u00eb shtetas i Serbis\u00eb, i cili po k\u00ebrkohej me urdh\u00ebrarrest nd\u00ebrkomb\u00ebtar \u00ebsht\u00eb arrestuar n\u00eb Kosov\u00eb.<\/p>\n<div class=\"instream-video\">\n<div data-id=\"2kQm8Ze4251g\">\n<div class=\"orp-player-wrapper orp-aspectRateFixed orp-tiny-size orp-player-ipm orp-force-hide-player\">I dyshuari \u00ebsht\u00eb arrestuar gjat\u00eb pasdites t\u00eb s\u00eb h\u00ebn\u00ebs n\u00eb pik\u00ebkalimin kufitar n\u00eb Han t\u00eb Elezit.<\/div>\n<\/div>\n<\/div>\n<p>Me vendim t\u00eb prokurorit, i dyshuari \u00ebsht\u00eb d\u00ebrguar n\u00eb mbajtje.<\/p>\n","protected":false},"excerpt":{"rendered":"<p>Hani i Elezit, 22 Korrik 2025 Nj\u00eb shtetas i Serbis\u00eb, i cili po k\u00ebrkohej me urdh\u00ebrarrest nd\u00ebrkomb\u00ebtar \u00ebsht\u00eb arrestuar n\u00eb Kosov\u00eb. I dyshuari \u00ebsht\u00eb arrestuar<\/p>\n","protected":false},"author":1,"featured_media":4734,"comment_status":"open","ping_status":"open","sticky":false,"template":"","format":"standard","meta":{"footnotes":""},"categories":[60],"tags":[],"class_list":["post-4733","post","type-post","status-publish","format-standard","has-post-thumbnail","hentry","category-shoqerore-sq"],"yoast_head":"<!-- This site is optimized with the Yoast SEO plugin v25.3.1 - https:\/\/yoast.com\/wordpress\/plugins\/seo\/ -->\n<title>Shtetasi i Serbis\u00eb, i k\u00ebrkuar me urdh\u00ebrarrest nd\u00ebrkomb\u00ebtar, arrestohet n\u00eb Han t\u00eb Elezit -<\/title>\n<meta name=\"robots\" content=\"index, follow, max-snippet:-1, max-image-preview:large, max-video-preview:-1\" \/>\n<link rel=\"canonical\" href=\"https:\/\/veritasinfo.org\/?p=4733\" \/>\n<meta property=\"og:locale\" content=\"en_US\" \/>\n<meta property=\"og:type\" content=\"article\" \/>\n<meta property=\"og:title\" content=\"Shtetasi i Serbis\u00eb, i k\u00ebrkuar me urdh\u00ebrarrest nd\u00ebrkomb\u00ebtar, arrestohet n\u00eb Han t\u00eb Elezit -\" \/>\n<meta property=\"og:description\" content=\"Hani i Elezit, 22 Korrik 2025 Nj\u00eb shtetas i Serbis\u00eb, i cili po k\u00ebrkohej me urdh\u00ebrarrest nd\u00ebrkomb\u00ebtar \u00ebsht\u00eb arrestuar n\u00eb Kosov\u00eb. I dyshuari \u00ebsht\u00eb arrestuar\" \/>\n<meta property=\"og:url\" content=\"https:\/\/veritasinfo.org\/?p=4733\" \/>\n<meta property=\"article:published_time\" content=\"2025-07-22T08:12:10+00:00\" \/>\n<meta property=\"og:image\" content=\"https:\/\/veritasinfo.org\/wp-content\/uploads\/2025\/07\/IMG_2193-1.webp\" \/>\n\t<meta property=\"og:image:width\" content=\"860\" \/>\n\t<meta property=\"og:image:height\" content=\"550\" \/>\n\t<meta property=\"og:image:type\" content=\"image\/webp\" \/>\n<meta name=\"author\" content=\"admin\" \/>\n<meta name=\"twitter:card\" content=\"summary_large_image\" \/>\n<meta name=\"twitter:label1\" content=\"Written by\" \/>\n\t<meta name=\"twitter:data1\" content=\"admin\" \/>\n\t<meta name=\"twitter:label2\" content=\"Est. reading time\" \/>\n\t<meta name=\"twitter:data2\" content=\"1 minute\" \/>\n<script type=\"application\/ld+json\" class=\"yoast-schema-graph\">{\"@context\":\"https:\/\/schema.org\",\"@graph\":[{\"@type\":\"WebPage\",\"@id\":\"https:\/\/veritasinfo.org\/?p=4733\",\"url\":\"https:\/\/veritasinfo.org\/?p=4733\",\"name\":\"Shtetasi i Serbis\u00eb, i k\u00ebrkuar me urdh\u00ebrarrest nd\u00ebrkomb\u00ebtar, arrestohet n\u00eb Han t\u00eb Elezit -\",\"isPartOf\":{\"@id\":\"https:\/\/veritasinfo.org\/#website\"},\"primaryImageOfPage\":{\"@id\":\"https:\/\/veritasinfo.org\/?p=4733#primaryimage\"},\"image\":{\"@id\":\"https:\/\/veritasinfo.org\/?p=4733#primaryimage\"},\"thumbnailUrl\":\"https:\/\/veritasinfo.org\/wp-content\/uploads\/2025\/07\/IMG_2193-1.webp\",\"datePublished\":\"2025-07-22T08:12:10+00:00\",\"author\":{\"@id\":\"https:\/\/veritasinfo.org\/#\/schema\/person\/7701f8c088bece422266b100a712374f\"},\"breadcrumb\":{\"@id\":\"https:\/\/veritasinfo.org\/?p=4733#breadcrumb\"},\"inLanguage\":\"en-US\",\"potentialAction\":[{\"@type\":\"ReadAction\",\"target\":[\"https:\/\/veritasinfo.org\/?p=4733\"]}]},{\"@type\":\"ImageObject\",\"inLanguage\":\"en-US\",\"@id\":\"https:\/\/veritasinfo.org\/?p=4733#primaryimage\",\"url\":\"https:\/\/veritasinfo.org\/wp-content\/uploads\/2025\/07\/IMG_2193-1.webp\",\"contentUrl\":\"https:\/\/veritasinfo.org\/wp-content\/uploads\/2025\/07\/IMG_2193-1.webp\",\"width\":860,\"height\":550},{\"@type\":\"BreadcrumbList\",\"@id\":\"https:\/\/veritasinfo.org\/?p=4733#breadcrumb\",\"itemListElement\":[{\"@type\":\"ListItem\",\"position\":1,\"name\":\"Home\",\"item\":\"https:\/\/veritasinfo.org\/\"},{\"@type\":\"ListItem\",\"position\":2,\"name\":\"Shtetasi i Serbis\u00eb, i k\u00ebrkuar me urdh\u00ebrarrest nd\u00ebrkomb\u00ebtar, arrestohet n\u00eb Han t\u00eb Elezit\"}]},{\"@type\":\"WebSite\",\"@id\":\"https:\/\/veritasinfo.org\/#website\",\"url\":\"https:\/\/veritasinfo.org\/\",\"name\":\"\",\"description\":\"\",\"potentialAction\":[{\"@type\":\"SearchAction\",\"target\":{\"@type\":\"EntryPoint\",\"urlTemplate\":\"https:\/\/veritasinfo.org\/?s={search_term_string}\"},\"query-input\":{\"@type\":\"PropertyValueSpecification\",\"valueRequired\":true,\"valueName\":\"search_term_string\"}}],\"inLanguage\":\"en-US\"},{\"@type\":\"Person\",\"@id\":\"https:\/\/veritasinfo.org\/#\/schema\/person\/7701f8c088bece422266b100a712374f\",\"name\":\"admin\",\"image\":{\"@type\":\"ImageObject\",\"inLanguage\":\"en-US\",\"@id\":\"https:\/\/veritasinfo.org\/#\/schema\/person\/image\/\",\"url\":\"https:\/\/secure.gravatar.com\/avatar\/ea53aa3bf6c9a12d5fde8ce4deff43fef3885ae33cf60184161a50d6987cfd2f?s=96&d=mm&r=g\",\"contentUrl\":\"https:\/\/secure.gravatar.com\/avatar\/ea53aa3bf6c9a12d5fde8ce4deff43fef3885ae33cf60184161a50d6987cfd2f?s=96&d=mm&r=g\",\"caption\":\"admin\"},\"sameAs\":[\"https:\/\/veritasinfo.org\"],\"url\":\"https:\/\/veritasinfo.org\/?author=1\"}]}<\/script>\n<!-- \/ Yoast SEO plugin. -->","yoast_head_json":{"title":"Shtetasi i Serbis\u00eb, i k\u00ebrkuar me urdh\u00ebrarrest nd\u00ebrkomb\u00ebtar, arrestohet n\u00eb Han t\u00eb Elezit -","robots":{"index":"index","follow":"follow","max-snippet":"max-snippet:-1","max-image-preview":"max-image-preview:large","max-video-preview":"max-video-preview:-1"},"canonical":"https:\/\/veritasinfo.org\/?p=4733","og_locale":"en_US","og_type":"article","og_title":"Shtetasi i Serbis\u00eb, i k\u00ebrkuar me urdh\u00ebrarrest nd\u00ebrkomb\u00ebtar, arrestohet n\u00eb Han t\u00eb Elezit -","og_description":"Hani i Elezit, 22 Korrik 2025 Nj\u00eb shtetas i Serbis\u00eb, i cili po k\u00ebrkohej me urdh\u00ebrarrest nd\u00ebrkomb\u00ebtar \u00ebsht\u00eb arrestuar n\u00eb Kosov\u00eb. I dyshuari \u00ebsht\u00eb arrestuar","og_url":"https:\/\/veritasinfo.org\/?p=4733","article_published_time":"2025-07-22T08:12:10+00:00","og_image":[{"width":860,"height":550,"url":"https:\/\/veritasinfo.org\/wp-content\/uploads\/2025\/07\/IMG_2193-1.webp","type":"image\/webp"}],"author":"admin","twitter_card":"summary_large_image","twitter_misc":{"Written by":"admin","Est. reading time":"1 minute"},"schema":{"@context":"https:\/\/schema.org","@graph":[{"@type":"WebPage","@id":"https:\/\/veritasinfo.org\/?p=4733","url":"https:\/\/veritasinfo.org\/?p=4733","name":"Shtetasi i Serbis\u00eb, i k\u00ebrkuar me urdh\u00ebrarrest nd\u00ebrkomb\u00ebtar, arrestohet n\u00eb Han t\u00eb Elezit -","isPartOf":{"@id":"https:\/\/veritasinfo.org\/#website"},"primaryImageOfPage":{"@id":"https:\/\/veritasinfo.org\/?p=4733#primaryimage"},"image":{"@id":"https:\/\/veritasinfo.org\/?p=4733#primaryimage"},"thumbnailUrl":"https:\/\/veritasinfo.org\/wp-content\/uploads\/2025\/07\/IMG_2193-1.webp","datePublished":"2025-07-22T08:12:10+00:00","author":{"@id":"https:\/\/veritasinfo.org\/#\/schema\/person\/7701f8c088bece422266b100a712374f"},"breadcrumb":{"@id":"https:\/\/veritasinfo.org\/?p=4733#breadcrumb"},"inLanguage":"en-US","potentialAction":[{"@type":"ReadAction","target":["https:\/\/veritasinfo.org\/?p=4733"]}]},{"@type":"ImageObject","inLanguage":"en-US","@id":"https:\/\/veritasinfo.org\/?p=4733#primaryimage","url":"https:\/\/veritasinfo.org\/wp-content\/uploads\/2025\/07\/IMG_2193-1.webp","contentUrl":"https:\/\/veritasinfo.org\/wp-content\/uploads\/2025\/07\/IMG_2193-1.webp","width":860,"height":550},{"@type":"BreadcrumbList","@id":"https:\/\/veritasinfo.org\/?p=4733#breadcrumb","itemListElement":[{"@type":"ListItem","position":1,"name":"Home","item":"https:\/\/veritasinfo.org\/"},{"@type":"ListItem","position":2,"name":"Shtetasi i Serbis\u00eb, i k\u00ebrkuar me urdh\u00ebrarrest nd\u00ebrkomb\u00ebtar, arrestohet n\u00eb Han t\u00eb Elezit"}]},{"@type":"WebSite","@id":"https:\/\/veritasinfo.org\/#website","url":"https:\/\/veritasinfo.org\/","name":"","description":"","potentialAction":[{"@type":"SearchAction","target":{"@type":"EntryPoint","urlTemplate":"https:\/\/veritasinfo.org\/?s={search_term_string}"},"query-input":{"@type":"PropertyValueSpecification","valueRequired":true,"valueName":"search_term_string"}}],"inLanguage":"en-US"},{"@type":"Person","@id":"https:\/\/veritasinfo.org\/#\/schema\/person\/7701f8c088bece422266b100a712374f","name":"admin","image":{"@type":"ImageObject","inLanguage":"en-US","@id":"https:\/\/veritasinfo.org\/#\/schema\/person\/image\/","url":"https:\/\/secure.gravatar.com\/avatar\/ea53aa3bf6c9a12d5fde8ce4deff43fef3885ae33cf60184161a50d6987cfd2f?s=96&d=mm&r=g","contentUrl":"https:\/\/secure.gravatar.com\/avatar\/ea53aa3bf6c9a12d5fde8ce4deff43fef3885ae33cf60184161a50d6987cfd2f?s=96&d=mm&r=g","caption":"admin"},"sameAs":["https:\/\/veritasinfo.org"],"url":"https:\/\/veritasinfo.org\/?author=1"}]}},"featured_image_urls":{"full":["https:\/\/veritasinfo.org\/wp-content\/uploads\/2025\/07\/IMG_2193-1.webp",860,550,false],"thumbnail":["https:\/\/veritasinfo.org\/wp-content\/uploads\/2025\/07\/IMG_2193-1-150x150.webp",150,150,true],"medium":["https:\/\/veritasinfo.org\/wp-content\/uploads\/2025\/07\/IMG_2193-1-300x192.webp",300,192,true],"medium_large":["https:\/\/veritasinfo.org\/wp-content\/uploads\/2025\/07\/IMG_2193-1-768x491.webp",640,409,true],"large":["https:\/\/veritasinfo.org\/wp-content\/uploads\/2025\/07\/IMG_2193-1.webp",640,409,false],"1536x1536":["https:\/\/veritasinfo.org\/wp-content\/uploads\/2025\/07\/IMG_2193-1.webp",860,550,false],"2048x2048":["https:\/\/veritasinfo.org\/wp-content\/uploads\/2025\/07\/IMG_2193-1.webp",860,550,false],"kreeti-slider-full":["https:\/\/veritasinfo.org\/wp-content\/uploads\/2025\/07\/IMG_2193-1.webp",860,550,false],"kreeti-featured":["https:\/\/veritasinfo.org\/wp-content\/uploads\/2025\/07\/IMG_2193-1.webp",860,550,false],"kreeti-medium":["https:\/\/veritasinfo.org\/wp-content\/uploads\/2025\/07\/IMG_2193-1.webp",720,460,false],"kreeti-medium-square":["https:\/\/veritasinfo.org\/wp-content\/uploads\/2025\/07\/IMG_2193-1.webp",350,224,false]},"author_info":{"info":["admin"]},"category_info":"<a href=\"https:\/\/veritasinfo.org\/?cat=60\" rel=\"category\">Shoq\u00ebrore<\/a>","tag_info":"Shoq\u00ebrore","comment_count":"0","_links":{"self":[{"href":"https:\/\/veritasinfo.org\/index.php?rest_route=\/wp\/v2\/posts\/4733","targetHints":{"allow":["GET"]}}],"collection":[{"href":"https:\/\/veritasinfo.org\/index.php?rest_route=\/wp\/v2\/posts"}],"about":[{"href":"https:\/\/veritasinfo.org\/index.php?rest_route=\/wp\/v2\/types\/post"}],"author":[{"embeddable":true,"href":"https:\/\/veritasinfo.org\/index.php?rest_route=\/wp\/v2\/users\/1"}],"replies":[{"embeddable":true,"href":"https:\/\/veritasinfo.org\/index.php?rest_route=%2Fwp%2Fv2%2Fcomments&post=4733"}],"version-history":[{"count":1,"href":"https:\/\/veritasinfo.org\/index.php?rest_route=\/wp\/v2\/posts\/4733\/revisions"}],"predecessor-version":[{"id":4735,"href":"https:\/\/veritasinfo.org\/index.php?rest_route=\/wp\/v2\/posts\/4733\/revisions\/4735"}],"wp:featuredmedia":[{"embeddable":true,"href":"https:\/\/veritasinfo.org\/index.php?rest_route=\/wp\/v2\/media\/4734"}],"wp:attachment":[{"href":"https:\/\/veritasinfo.org\/index.php?rest_route=%2Fwp%2Fv2%2Fmedia&parent=4733"}],"wp:term":[{"taxonomy":"category","embeddable":true,"href":"https:\/\/veritasinfo.org\/index.php?rest_route=%2Fwp%2Fv2%2Fcategories&post=4733"},{"taxonomy":"post_tag","embeddable":true,"href":"https:\/\/veritasinfo.org\/index.php?rest_route=%2Fwp%2Fv2%2Ftags&post=4733"}],"curies":[{"name":"wp","href":"https:\/\/api.w.org\/{rel}","templated":true}]}}