{"id":4726,"date":"2025-07-22T09:43:30","date_gmt":"2025-07-22T07:43:30","guid":{"rendered":"https:\/\/veritasinfo.org\/?p=4726"},"modified":"2025-07-22T09:43:30","modified_gmt":"2025-07-22T07:43:30","slug":"ministria-e-shendetesise-apelon-per-zbatimin-e-masave-mbrojtese-ndaj-temperaturave-te-larta","status":"publish","type":"post","link":"https:\/\/veritasinfo.org\/?p=4726","title":{"rendered":"Ministria e Sh\u00ebndet\u00ebsis\u00eb apelon p\u00ebr zbatimin e masave mbrojt\u00ebse ndaj temperaturave t\u00eb larta"},"content":{"rendered":"<p>Ministria e Sh\u00ebndet\u00ebsis\u00eb, n\u00eb baz\u00eb t\u00eb rekomandimeve t\u00eb Institutit Komb\u00ebtar t\u00eb Sh\u00ebndet\u00ebsis\u00eb Publike t\u00eb Kosov\u00ebs, rekomandon q\u00eb institucionet publike dhe private t\u00eb zbatojn\u00eb masa mbrojt\u00ebse p\u00ebr mbrojtjen e pun\u00ebtor\u00ebve nga temperaturat e larta, p\u00ebr periudh\u00ebn 22 \u2013 25 korrik 2025.<\/p>\n<p>Temperaturat e larta ndikojn\u00eb negativisht n\u00eb sh\u00ebndetin e njeriut, ve\u00e7an\u00ebrisht tek grupet m\u00eb t\u00eb ndjeshme t\u00eb shoq\u00ebris\u00eb, si: f\u00ebmij\u00ebt, t\u00eb moshuarit, grat\u00eb shtatz\u00ebna, personat me s\u00ebmundje kronike, si dhe pun\u00ebtor\u00ebt q\u00eb punojn\u00eb n\u00eb ambiente t\u00eb hapura apo n\u00eb kushte pune me temperatura t\u00eb larta.<\/p>\n<p>Ftohen t\u00eb gjitha institucionet q\u00eb t\u2019i respektojn\u00eb k\u00ebto rekomandime, me q\u00ebllim t\u00eb mbrojtjes s\u00eb sh\u00ebndetit t\u00eb pun\u00ebtor\u00ebve dhe t\u00eb grupeve t\u00eb tjera t\u00eb ndjeshme.<\/p>\n<p><img fetchpriority=\"high\" decoding=\"async\" class=\"alignnone size-medium wp-image-4727\" src=\"https:\/\/veritasinfo.org\/wp-content\/uploads\/2025\/07\/IMG-20250722-WA0005-212x300.jpg\" alt=\"\" width=\"212\" height=\"300\" srcset=\"https:\/\/veritasinfo.org\/wp-content\/uploads\/2025\/07\/IMG-20250722-WA0005-212x300.jpg 212w, https:\/\/veritasinfo.org\/wp-content\/uploads\/2025\/07\/IMG-20250722-WA0005-723x1024.jpg 723w, https:\/\/veritasinfo.org\/wp-content\/uploads\/2025\/07\/IMG-20250722-WA0005-768x1087.jpg 768w, https:\/\/veritasinfo.org\/wp-content\/uploads\/2025\/07\/IMG-20250722-WA0005-1085x1536.jpg 1085w, https:\/\/veritasinfo.org\/wp-content\/uploads\/2025\/07\/IMG-20250722-WA0005.jpg 1130w\" sizes=\"(max-width: 212px) 100vw, 212px\" \/> <img decoding=\"async\" class=\"alignnone size-medium wp-image-4728 lazyload\" data-src=\"https:\/\/veritasinfo.org\/wp-content\/uploads\/2025\/07\/IMG-20250722-WA0006-210x300.jpg\" alt=\"\" width=\"210\" height=\"300\" data-srcset=\"https:\/\/veritasinfo.org\/wp-content\/uploads\/2025\/07\/IMG-20250722-WA0006-210x300.jpg 210w, https:\/\/veritasinfo.org\/wp-content\/uploads\/2025\/07\/IMG-20250722-WA0006-717x1024.jpg 717w, https:\/\/veritasinfo.org\/wp-content\/uploads\/2025\/07\/IMG-20250722-WA0006-768x1097.jpg 768w, https:\/\/veritasinfo.org\/wp-content\/uploads\/2025\/07\/IMG-20250722-WA0006-1075x1536.jpg 1075w, https:\/\/veritasinfo.org\/wp-content\/uploads\/2025\/07\/IMG-20250722-WA0006.jpg 1120w\" data-sizes=\"(max-width: 210px) 100vw, 210px\" src=\"data:image\/gif;base64,R0lGODlhAQABAAAAACH5BAEKAAEALAAAAAABAAEAAAICTAEAOw==\" style=\"--smush-placeholder-width: 210px; --smush-placeholder-aspect-ratio: 210\/300;\" \/><\/p>\n","protected":false},"excerpt":{"rendered":"<p>Ministria e Sh\u00ebndet\u00ebsis\u00eb, n\u00eb baz\u00eb t\u00eb rekomandimeve t\u00eb Institutit Komb\u00ebtar t\u00eb Sh\u00ebndet\u00ebsis\u00eb Publike t\u00eb Kosov\u00ebs, rekomandon q\u00eb institucionet publike dhe private t\u00eb zbatojn\u00eb masa mbrojt\u00ebse<\/p>\n","protected":false},"author":1,"featured_media":4729,"comment_status":"open","ping_status":"open","sticky":false,"template":"","format":"standard","meta":{"footnotes":""},"categories":[60],"tags":[],"class_list":["post-4726","post","type-post","status-publish","format-standard","has-post-thumbnail","hentry","category-shoqerore-sq"],"yoast_head":"<!-- This site is optimized with the Yoast SEO plugin v25.3.1 - https:\/\/yoast.com\/wordpress\/plugins\/seo\/ -->\n<title>Ministria e Sh\u00ebndet\u00ebsis\u00eb apelon p\u00ebr zbatimin e masave mbrojt\u00ebse ndaj temperaturave t\u00eb larta -<\/title>\n<meta name=\"robots\" content=\"index, follow, max-snippet:-1, max-image-preview:large, max-video-preview:-1\" \/>\n<link rel=\"canonical\" href=\"https:\/\/veritasinfo.org\/?p=4726\" \/>\n<meta property=\"og:locale\" content=\"en_US\" \/>\n<meta property=\"og:type\" content=\"article\" \/>\n<meta property=\"og:title\" content=\"Ministria e Sh\u00ebndet\u00ebsis\u00eb apelon p\u00ebr zbatimin e masave mbrojt\u00ebse ndaj temperaturave t\u00eb larta -\" \/>\n<meta property=\"og:description\" content=\"Ministria e Sh\u00ebndet\u00ebsis\u00eb, n\u00eb baz\u00eb t\u00eb rekomandimeve t\u00eb Institutit Komb\u00ebtar t\u00eb Sh\u00ebndet\u00ebsis\u00eb Publike t\u00eb Kosov\u00ebs, rekomandon q\u00eb institucionet publike dhe private t\u00eb zbatojn\u00eb masa mbrojt\u00ebse\" \/>\n<meta property=\"og:url\" content=\"https:\/\/veritasinfo.org\/?p=4726\" \/>\n<meta property=\"article:published_time\" content=\"2025-07-22T07:43:30+00:00\" \/>\n<meta property=\"og:image\" content=\"https:\/\/veritasinfo.org\/wp-content\/uploads\/2025\/07\/Untitled-design-2022-12-06T132007.856.png\" \/>\n\t<meta property=\"og:image:width\" content=\"800\" \/>\n\t<meta property=\"og:image:height\" content=\"400\" \/>\n\t<meta property=\"og:image:type\" content=\"image\/png\" \/>\n<meta name=\"author\" content=\"admin\" \/>\n<meta name=\"twitter:card\" content=\"summary_large_image\" \/>\n<meta name=\"twitter:label1\" content=\"Written by\" \/>\n\t<meta name=\"twitter:data1\" content=\"admin\" \/>\n\t<meta name=\"twitter:label2\" content=\"Est. reading time\" \/>\n\t<meta name=\"twitter:data2\" content=\"2 minutes\" \/>\n<script type=\"application\/ld+json\" class=\"yoast-schema-graph\">{\"@context\":\"https:\/\/schema.org\",\"@graph\":[{\"@type\":\"WebPage\",\"@id\":\"https:\/\/veritasinfo.org\/?p=4726\",\"url\":\"https:\/\/veritasinfo.org\/?p=4726\",\"name\":\"Ministria e Sh\u00ebndet\u00ebsis\u00eb apelon p\u00ebr zbatimin e masave mbrojt\u00ebse ndaj temperaturave t\u00eb larta -\",\"isPartOf\":{\"@id\":\"https:\/\/veritasinfo.org\/#website\"},\"primaryImageOfPage\":{\"@id\":\"https:\/\/veritasinfo.org\/?p=4726#primaryimage\"},\"image\":{\"@id\":\"https:\/\/veritasinfo.org\/?p=4726#primaryimage\"},\"thumbnailUrl\":\"https:\/\/veritasinfo.org\/wp-content\/uploads\/2025\/07\/Untitled-design-2022-12-06T132007.856.png\",\"datePublished\":\"2025-07-22T07:43:30+00:00\",\"author\":{\"@id\":\"https:\/\/veritasinfo.org\/#\/schema\/person\/7701f8c088bece422266b100a712374f\"},\"breadcrumb\":{\"@id\":\"https:\/\/veritasinfo.org\/?p=4726#breadcrumb\"},\"inLanguage\":\"en-US\",\"potentialAction\":[{\"@type\":\"ReadAction\",\"target\":[\"https:\/\/veritasinfo.org\/?p=4726\"]}]},{\"@type\":\"ImageObject\",\"inLanguage\":\"en-US\",\"@id\":\"https:\/\/veritasinfo.org\/?p=4726#primaryimage\",\"url\":\"https:\/\/veritasinfo.org\/wp-content\/uploads\/2025\/07\/Untitled-design-2022-12-06T132007.856.png\",\"contentUrl\":\"https:\/\/veritasinfo.org\/wp-content\/uploads\/2025\/07\/Untitled-design-2022-12-06T132007.856.png\",\"width\":800,\"height\":400},{\"@type\":\"BreadcrumbList\",\"@id\":\"https:\/\/veritasinfo.org\/?p=4726#breadcrumb\",\"itemListElement\":[{\"@type\":\"ListItem\",\"position\":1,\"name\":\"Home\",\"item\":\"https:\/\/veritasinfo.org\/\"},{\"@type\":\"ListItem\",\"position\":2,\"name\":\"Ministria e Sh\u00ebndet\u00ebsis\u00eb apelon p\u00ebr zbatimin e masave mbrojt\u00ebse ndaj temperaturave t\u00eb larta\"}]},{\"@type\":\"WebSite\",\"@id\":\"https:\/\/veritasinfo.org\/#website\",\"url\":\"https:\/\/veritasinfo.org\/\",\"name\":\"\",\"description\":\"\",\"potentialAction\":[{\"@type\":\"SearchAction\",\"target\":{\"@type\":\"EntryPoint\",\"urlTemplate\":\"https:\/\/veritasinfo.org\/?s={search_term_string}\"},\"query-input\":{\"@type\":\"PropertyValueSpecification\",\"valueRequired\":true,\"valueName\":\"search_term_string\"}}],\"inLanguage\":\"en-US\"},{\"@type\":\"Person\",\"@id\":\"https:\/\/veritasinfo.org\/#\/schema\/person\/7701f8c088bece422266b100a712374f\",\"name\":\"admin\",\"image\":{\"@type\":\"ImageObject\",\"inLanguage\":\"en-US\",\"@id\":\"https:\/\/veritasinfo.org\/#\/schema\/person\/image\/\",\"url\":\"https:\/\/secure.gravatar.com\/avatar\/ea53aa3bf6c9a12d5fde8ce4deff43fef3885ae33cf60184161a50d6987cfd2f?s=96&d=mm&r=g\",\"contentUrl\":\"https:\/\/secure.gravatar.com\/avatar\/ea53aa3bf6c9a12d5fde8ce4deff43fef3885ae33cf60184161a50d6987cfd2f?s=96&d=mm&r=g\",\"caption\":\"admin\"},\"sameAs\":[\"https:\/\/veritasinfo.org\"],\"url\":\"https:\/\/veritasinfo.org\/?author=1\"}]}<\/script>\n<!-- \/ Yoast SEO plugin. -->","yoast_head_json":{"title":"Ministria e Sh\u00ebndet\u00ebsis\u00eb apelon p\u00ebr zbatimin e masave mbrojt\u00ebse ndaj temperaturave t\u00eb larta -","robots":{"index":"index","follow":"follow","max-snippet":"max-snippet:-1","max-image-preview":"max-image-preview:large","max-video-preview":"max-video-preview:-1"},"canonical":"https:\/\/veritasinfo.org\/?p=4726","og_locale":"en_US","og_type":"article","og_title":"Ministria e Sh\u00ebndet\u00ebsis\u00eb apelon p\u00ebr zbatimin e masave mbrojt\u00ebse ndaj temperaturave t\u00eb larta -","og_description":"Ministria e Sh\u00ebndet\u00ebsis\u00eb, n\u00eb baz\u00eb t\u00eb rekomandimeve t\u00eb Institutit Komb\u00ebtar t\u00eb Sh\u00ebndet\u00ebsis\u00eb Publike t\u00eb Kosov\u00ebs, rekomandon q\u00eb institucionet publike dhe private t\u00eb zbatojn\u00eb masa mbrojt\u00ebse","og_url":"https:\/\/veritasinfo.org\/?p=4726","article_published_time":"2025-07-22T07:43:30+00:00","og_image":[{"width":800,"height":400,"url":"https:\/\/veritasinfo.org\/wp-content\/uploads\/2025\/07\/Untitled-design-2022-12-06T132007.856.png","type":"image\/png"}],"author":"admin","twitter_card":"summary_large_image","twitter_misc":{"Written by":"admin","Est. reading time":"2 minutes"},"schema":{"@context":"https:\/\/schema.org","@graph":[{"@type":"WebPage","@id":"https:\/\/veritasinfo.org\/?p=4726","url":"https:\/\/veritasinfo.org\/?p=4726","name":"Ministria e Sh\u00ebndet\u00ebsis\u00eb apelon p\u00ebr zbatimin e masave mbrojt\u00ebse ndaj temperaturave t\u00eb larta -","isPartOf":{"@id":"https:\/\/veritasinfo.org\/#website"},"primaryImageOfPage":{"@id":"https:\/\/veritasinfo.org\/?p=4726#primaryimage"},"image":{"@id":"https:\/\/veritasinfo.org\/?p=4726#primaryimage"},"thumbnailUrl":"https:\/\/veritasinfo.org\/wp-content\/uploads\/2025\/07\/Untitled-design-2022-12-06T132007.856.png","datePublished":"2025-07-22T07:43:30+00:00","author":{"@id":"https:\/\/veritasinfo.org\/#\/schema\/person\/7701f8c088bece422266b100a712374f"},"breadcrumb":{"@id":"https:\/\/veritasinfo.org\/?p=4726#breadcrumb"},"inLanguage":"en-US","potentialAction":[{"@type":"ReadAction","target":["https:\/\/veritasinfo.org\/?p=4726"]}]},{"@type":"ImageObject","inLanguage":"en-US","@id":"https:\/\/veritasinfo.org\/?p=4726#primaryimage","url":"https:\/\/veritasinfo.org\/wp-content\/uploads\/2025\/07\/Untitled-design-2022-12-06T132007.856.png","contentUrl":"https:\/\/veritasinfo.org\/wp-content\/uploads\/2025\/07\/Untitled-design-2022-12-06T132007.856.png","width":800,"height":400},{"@type":"BreadcrumbList","@id":"https:\/\/veritasinfo.org\/?p=4726#breadcrumb","itemListElement":[{"@type":"ListItem","position":1,"name":"Home","item":"https:\/\/veritasinfo.org\/"},{"@type":"ListItem","position":2,"name":"Ministria e Sh\u00ebndet\u00ebsis\u00eb apelon p\u00ebr zbatimin e masave mbrojt\u00ebse ndaj temperaturave t\u00eb larta"}]},{"@type":"WebSite","@id":"https:\/\/veritasinfo.org\/#website","url":"https:\/\/veritasinfo.org\/","name":"","description":"","potentialAction":[{"@type":"SearchAction","target":{"@type":"EntryPoint","urlTemplate":"https:\/\/veritasinfo.org\/?s={search_term_string}"},"query-input":{"@type":"PropertyValueSpecification","valueRequired":true,"valueName":"search_term_string"}}],"inLanguage":"en-US"},{"@type":"Person","@id":"https:\/\/veritasinfo.org\/#\/schema\/person\/7701f8c088bece422266b100a712374f","name":"admin","image":{"@type":"ImageObject","inLanguage":"en-US","@id":"https:\/\/veritasinfo.org\/#\/schema\/person\/image\/","url":"https:\/\/secure.gravatar.com\/avatar\/ea53aa3bf6c9a12d5fde8ce4deff43fef3885ae33cf60184161a50d6987cfd2f?s=96&d=mm&r=g","contentUrl":"https:\/\/secure.gravatar.com\/avatar\/ea53aa3bf6c9a12d5fde8ce4deff43fef3885ae33cf60184161a50d6987cfd2f?s=96&d=mm&r=g","caption":"admin"},"sameAs":["https:\/\/veritasinfo.org"],"url":"https:\/\/veritasinfo.org\/?author=1"}]}},"featured_image_urls":{"full":["https:\/\/veritasinfo.org\/wp-content\/uploads\/2025\/07\/Untitled-design-2022-12-06T132007.856.png",800,400,false],"thumbnail":["https:\/\/veritasinfo.org\/wp-content\/uploads\/2025\/07\/Untitled-design-2022-12-06T132007.856-150x150.png",150,150,true],"medium":["https:\/\/veritasinfo.org\/wp-content\/uploads\/2025\/07\/Untitled-design-2022-12-06T132007.856-300x150.png",300,150,true],"medium_large":["https:\/\/veritasinfo.org\/wp-content\/uploads\/2025\/07\/Untitled-design-2022-12-06T132007.856-768x384.png",640,320,true],"large":["https:\/\/veritasinfo.org\/wp-content\/uploads\/2025\/07\/Untitled-design-2022-12-06T132007.856.png",640,320,false],"1536x1536":["https:\/\/veritasinfo.org\/wp-content\/uploads\/2025\/07\/Untitled-design-2022-12-06T132007.856.png",800,400,false],"2048x2048":["https:\/\/veritasinfo.org\/wp-content\/uploads\/2025\/07\/Untitled-design-2022-12-06T132007.856.png",800,400,false],"kreeti-slider-full":["https:\/\/veritasinfo.org\/wp-content\/uploads\/2025\/07\/Untitled-design-2022-12-06T132007.856.png",800,400,false],"kreeti-featured":["https:\/\/veritasinfo.org\/wp-content\/uploads\/2025\/07\/Untitled-design-2022-12-06T132007.856.png",800,400,false],"kreeti-medium":["https:\/\/veritasinfo.org\/wp-content\/uploads\/2025\/07\/Untitled-design-2022-12-06T132007.856.png",720,360,false],"kreeti-medium-square":["https:\/\/veritasinfo.org\/wp-content\/uploads\/2025\/07\/Untitled-design-2022-12-06T132007.856.png",350,175,false]},"author_info":{"info":["admin"]},"category_info":"<a href=\"https:\/\/veritasinfo.org\/?cat=60\" rel=\"category\">Shoq\u00ebrore<\/a>","tag_info":"Shoq\u00ebrore","comment_count":"0","_links":{"self":[{"href":"https:\/\/veritasinfo.org\/index.php?rest_route=\/wp\/v2\/posts\/4726","targetHints":{"allow":["GET"]}}],"collection":[{"href":"https:\/\/veritasinfo.org\/index.php?rest_route=\/wp\/v2\/posts"}],"about":[{"href":"https:\/\/veritasinfo.org\/index.php?rest_route=\/wp\/v2\/types\/post"}],"author":[{"embeddable":true,"href":"https:\/\/veritasinfo.org\/index.php?rest_route=\/wp\/v2\/users\/1"}],"replies":[{"embeddable":true,"href":"https:\/\/veritasinfo.org\/index.php?rest_route=%2Fwp%2Fv2%2Fcomments&post=4726"}],"version-history":[{"count":1,"href":"https:\/\/veritasinfo.org\/index.php?rest_route=\/wp\/v2\/posts\/4726\/revisions"}],"predecessor-version":[{"id":4730,"href":"https:\/\/veritasinfo.org\/index.php?rest_route=\/wp\/v2\/posts\/4726\/revisions\/4730"}],"wp:featuredmedia":[{"embeddable":true,"href":"https:\/\/veritasinfo.org\/index.php?rest_route=\/wp\/v2\/media\/4729"}],"wp:attachment":[{"href":"https:\/\/veritasinfo.org\/index.php?rest_route=%2Fwp%2Fv2%2Fmedia&parent=4726"}],"wp:term":[{"taxonomy":"category","embeddable":true,"href":"https:\/\/veritasinfo.org\/index.php?rest_route=%2Fwp%2Fv2%2Fcategories&post=4726"},{"taxonomy":"post_tag","embeddable":true,"href":"https:\/\/veritasinfo.org\/index.php?rest_route=%2Fwp%2Fv2%2Ftags&post=4726"}],"curies":[{"name":"wp","href":"https:\/\/api.w.org\/{rel}","templated":true}]}}