{"id":4716,"date":"2025-07-22T08:16:39","date_gmt":"2025-07-22T06:16:39","guid":{"rendered":"https:\/\/veritasinfo.org\/?p=4716"},"modified":"2025-07-22T08:16:39","modified_gmt":"2025-07-22T06:16:39","slug":"sot-vazhdon-gjykimi-per-rastin-banjska-seanca-e-djeshme-u-mbajt-e-mbyllur-per-publikun","status":"publish","type":"post","link":"https:\/\/veritasinfo.org\/?p=4716","title":{"rendered":"Sot vazhdon gjykimi p\u00ebr rastin \u201cBanjska\u201d, seanca e djeshme u mbajt e mbyllur p\u00ebr publikun"},"content":{"rendered":"<p>&nbsp;<\/p>\n<p><strong>22 korrik 2025 <\/strong><\/p>\n<p>Sot pritet t\u00eb vazhdoj\u00eb n\u00eb Gjykat\u00ebn Themelore n\u00eb Prishtin\u00eb procesi gjyq\u00ebsor p\u00ebr rastin \u201cBanjska\u201d ndaj t\u00eb akuzuarve Blagoje Spasojeviq, Vladimir Toliq dhe Dushan Maksimoviq.<\/p>\n<p>Seanca e djeshme u zhvillua pa pranin\u00eb e publikut, me k\u00ebrkes\u00eb t\u00eb prokurorit Naim Abazi, p\u00ebr shkak t\u00eb d\u00ebshmis\u00eb s\u00eb nj\u00eb d\u00ebshmitari anonim. Sipas Abazit, d\u00ebshmitari \u00ebsht\u00eb n\u00ebn mbrojtje t\u00eb integritetit dhe \u00e7do paraqitje publike e tij do t\u00eb rrezikonte sigurin\u00eb dhe do t\u00eb ndikonte n\u00eb procesin gjyq\u00ebsor.<\/p>\n<p>Gjykimi p\u00ebr k\u00ebt\u00eb rast do t\u00eb vazhdoj\u00eb gjithashtu edhe m\u00eb 24 korrik.<\/p>\n<p>Rasti lidhet me sulmin e armatosur t\u00eb ndodhur n\u00eb shtator t\u00eb vitit 2023 n\u00eb fshatin Banjska t\u00eb Zve\u00e7anit, ku humbi jet\u00ebn nj\u00eb zyrtar i Policis\u00eb s\u00eb Kosov\u00ebs dhe disa persona t\u00eb tjer\u00eb u p\u00ebrfshin\u00eb n\u00eb p\u00ebrleshje t\u00eb armatosur me forcat e rendit.<\/p>\n","protected":false},"excerpt":{"rendered":"<p>&nbsp; 22 korrik 2025 Sot pritet t\u00eb vazhdoj\u00eb n\u00eb Gjykat\u00ebn Themelore n\u00eb Prishtin\u00eb procesi gjyq\u00ebsor p\u00ebr rastin \u201cBanjska\u201d ndaj t\u00eb akuzuarve Blagoje Spasojeviq, Vladimir Toliq<\/p>\n","protected":false},"author":1,"featured_media":4717,"comment_status":"open","ping_status":"open","sticky":false,"template":"","format":"standard","meta":{"footnotes":""},"categories":[60],"tags":[],"class_list":["post-4716","post","type-post","status-publish","format-standard","has-post-thumbnail","hentry","category-shoqerore-sq"],"yoast_head":"<!-- This site is optimized with the Yoast SEO plugin v25.3.1 - https:\/\/yoast.com\/wordpress\/plugins\/seo\/ -->\n<title>Sot vazhdon gjykimi p\u00ebr rastin \u201cBanjska\u201d, seanca e djeshme u mbajt e mbyllur p\u00ebr publikun -<\/title>\n<meta name=\"robots\" content=\"index, follow, max-snippet:-1, max-image-preview:large, max-video-preview:-1\" \/>\n<link rel=\"canonical\" href=\"https:\/\/veritasinfo.org\/?p=4716\" \/>\n<meta property=\"og:locale\" content=\"en_US\" \/>\n<meta property=\"og:type\" content=\"article\" \/>\n<meta property=\"og:title\" content=\"Sot vazhdon gjykimi p\u00ebr rastin \u201cBanjska\u201d, seanca e djeshme u mbajt e mbyllur p\u00ebr publikun -\" \/>\n<meta property=\"og:description\" content=\"&nbsp; 22 korrik 2025 Sot pritet t\u00eb vazhdoj\u00eb n\u00eb Gjykat\u00ebn Themelore n\u00eb Prishtin\u00eb procesi gjyq\u00ebsor p\u00ebr rastin \u201cBanjska\u201d ndaj t\u00eb akuzuarve Blagoje Spasojeviq, Vladimir Toliq\" \/>\n<meta property=\"og:url\" content=\"https:\/\/veritasinfo.org\/?p=4716\" \/>\n<meta property=\"article:published_time\" content=\"2025-07-22T06:16:39+00:00\" \/>\n<meta property=\"og:image\" content=\"https:\/\/veritasinfo.org\/wp-content\/uploads\/2025\/07\/20240126150152_80cafdcb6c3c61b48fd4c69734b3c86c70ff35071bb22eca45cc58ab2c2f209f-1024x574.png\" \/>\n\t<meta property=\"og:image:width\" content=\"1024\" \/>\n\t<meta property=\"og:image:height\" content=\"574\" \/>\n\t<meta property=\"og:image:type\" content=\"image\/png\" \/>\n<meta name=\"author\" content=\"admin\" \/>\n<meta name=\"twitter:card\" content=\"summary_large_image\" \/>\n<meta name=\"twitter:label1\" content=\"Written by\" \/>\n\t<meta name=\"twitter:data1\" content=\"admin\" \/>\n\t<meta name=\"twitter:label2\" content=\"Est. reading time\" \/>\n\t<meta name=\"twitter:data2\" content=\"1 minute\" \/>\n<script type=\"application\/ld+json\" class=\"yoast-schema-graph\">{\"@context\":\"https:\/\/schema.org\",\"@graph\":[{\"@type\":\"WebPage\",\"@id\":\"https:\/\/veritasinfo.org\/?p=4716\",\"url\":\"https:\/\/veritasinfo.org\/?p=4716\",\"name\":\"Sot vazhdon gjykimi p\u00ebr rastin \u201cBanjska\u201d, seanca e djeshme u mbajt e mbyllur p\u00ebr publikun -\",\"isPartOf\":{\"@id\":\"https:\/\/veritasinfo.org\/#website\"},\"primaryImageOfPage\":{\"@id\":\"https:\/\/veritasinfo.org\/?p=4716#primaryimage\"},\"image\":{\"@id\":\"https:\/\/veritasinfo.org\/?p=4716#primaryimage\"},\"thumbnailUrl\":\"https:\/\/veritasinfo.org\/wp-content\/uploads\/2025\/07\/20240126150152_80cafdcb6c3c61b48fd4c69734b3c86c70ff35071bb22eca45cc58ab2c2f209f.png\",\"datePublished\":\"2025-07-22T06:16:39+00:00\",\"author\":{\"@id\":\"https:\/\/veritasinfo.org\/#\/schema\/person\/7701f8c088bece422266b100a712374f\"},\"breadcrumb\":{\"@id\":\"https:\/\/veritasinfo.org\/?p=4716#breadcrumb\"},\"inLanguage\":\"en-US\",\"potentialAction\":[{\"@type\":\"ReadAction\",\"target\":[\"https:\/\/veritasinfo.org\/?p=4716\"]}]},{\"@type\":\"ImageObject\",\"inLanguage\":\"en-US\",\"@id\":\"https:\/\/veritasinfo.org\/?p=4716#primaryimage\",\"url\":\"https:\/\/veritasinfo.org\/wp-content\/uploads\/2025\/07\/20240126150152_80cafdcb6c3c61b48fd4c69734b3c86c70ff35071bb22eca45cc58ab2c2f209f.png\",\"contentUrl\":\"https:\/\/veritasinfo.org\/wp-content\/uploads\/2025\/07\/20240126150152_80cafdcb6c3c61b48fd4c69734b3c86c70ff35071bb22eca45cc58ab2c2f209f.png\",\"width\":1401,\"height\":786},{\"@type\":\"BreadcrumbList\",\"@id\":\"https:\/\/veritasinfo.org\/?p=4716#breadcrumb\",\"itemListElement\":[{\"@type\":\"ListItem\",\"position\":1,\"name\":\"Home\",\"item\":\"https:\/\/veritasinfo.org\/\"},{\"@type\":\"ListItem\",\"position\":2,\"name\":\"Sot vazhdon gjykimi p\u00ebr rastin \u201cBanjska\u201d, seanca e djeshme u mbajt e mbyllur p\u00ebr publikun\"}]},{\"@type\":\"WebSite\",\"@id\":\"https:\/\/veritasinfo.org\/#website\",\"url\":\"https:\/\/veritasinfo.org\/\",\"name\":\"\",\"description\":\"\",\"potentialAction\":[{\"@type\":\"SearchAction\",\"target\":{\"@type\":\"EntryPoint\",\"urlTemplate\":\"https:\/\/veritasinfo.org\/?s={search_term_string}\"},\"query-input\":{\"@type\":\"PropertyValueSpecification\",\"valueRequired\":true,\"valueName\":\"search_term_string\"}}],\"inLanguage\":\"en-US\"},{\"@type\":\"Person\",\"@id\":\"https:\/\/veritasinfo.org\/#\/schema\/person\/7701f8c088bece422266b100a712374f\",\"name\":\"admin\",\"image\":{\"@type\":\"ImageObject\",\"inLanguage\":\"en-US\",\"@id\":\"https:\/\/veritasinfo.org\/#\/schema\/person\/image\/\",\"url\":\"https:\/\/secure.gravatar.com\/avatar\/ea53aa3bf6c9a12d5fde8ce4deff43fef3885ae33cf60184161a50d6987cfd2f?s=96&d=mm&r=g\",\"contentUrl\":\"https:\/\/secure.gravatar.com\/avatar\/ea53aa3bf6c9a12d5fde8ce4deff43fef3885ae33cf60184161a50d6987cfd2f?s=96&d=mm&r=g\",\"caption\":\"admin\"},\"sameAs\":[\"https:\/\/veritasinfo.org\"],\"url\":\"https:\/\/veritasinfo.org\/?author=1\"}]}<\/script>\n<!-- \/ Yoast SEO plugin. -->","yoast_head_json":{"title":"Sot vazhdon gjykimi p\u00ebr rastin \u201cBanjska\u201d, seanca e djeshme u mbajt e mbyllur p\u00ebr publikun -","robots":{"index":"index","follow":"follow","max-snippet":"max-snippet:-1","max-image-preview":"max-image-preview:large","max-video-preview":"max-video-preview:-1"},"canonical":"https:\/\/veritasinfo.org\/?p=4716","og_locale":"en_US","og_type":"article","og_title":"Sot vazhdon gjykimi p\u00ebr rastin \u201cBanjska\u201d, seanca e djeshme u mbajt e mbyllur p\u00ebr publikun -","og_description":"&nbsp; 22 korrik 2025 Sot pritet t\u00eb vazhdoj\u00eb n\u00eb Gjykat\u00ebn Themelore n\u00eb Prishtin\u00eb procesi gjyq\u00ebsor p\u00ebr rastin \u201cBanjska\u201d ndaj t\u00eb akuzuarve Blagoje Spasojeviq, Vladimir Toliq","og_url":"https:\/\/veritasinfo.org\/?p=4716","article_published_time":"2025-07-22T06:16:39+00:00","og_image":[{"width":1024,"height":574,"url":"https:\/\/veritasinfo.org\/wp-content\/uploads\/2025\/07\/20240126150152_80cafdcb6c3c61b48fd4c69734b3c86c70ff35071bb22eca45cc58ab2c2f209f-1024x574.png","type":"image\/png"}],"author":"admin","twitter_card":"summary_large_image","twitter_misc":{"Written by":"admin","Est. reading time":"1 minute"},"schema":{"@context":"https:\/\/schema.org","@graph":[{"@type":"WebPage","@id":"https:\/\/veritasinfo.org\/?p=4716","url":"https:\/\/veritasinfo.org\/?p=4716","name":"Sot vazhdon gjykimi p\u00ebr rastin \u201cBanjska\u201d, seanca e djeshme u mbajt e mbyllur p\u00ebr publikun -","isPartOf":{"@id":"https:\/\/veritasinfo.org\/#website"},"primaryImageOfPage":{"@id":"https:\/\/veritasinfo.org\/?p=4716#primaryimage"},"image":{"@id":"https:\/\/veritasinfo.org\/?p=4716#primaryimage"},"thumbnailUrl":"https:\/\/veritasinfo.org\/wp-content\/uploads\/2025\/07\/20240126150152_80cafdcb6c3c61b48fd4c69734b3c86c70ff35071bb22eca45cc58ab2c2f209f.png","datePublished":"2025-07-22T06:16:39+00:00","author":{"@id":"https:\/\/veritasinfo.org\/#\/schema\/person\/7701f8c088bece422266b100a712374f"},"breadcrumb":{"@id":"https:\/\/veritasinfo.org\/?p=4716#breadcrumb"},"inLanguage":"en-US","potentialAction":[{"@type":"ReadAction","target":["https:\/\/veritasinfo.org\/?p=4716"]}]},{"@type":"ImageObject","inLanguage":"en-US","@id":"https:\/\/veritasinfo.org\/?p=4716#primaryimage","url":"https:\/\/veritasinfo.org\/wp-content\/uploads\/2025\/07\/20240126150152_80cafdcb6c3c61b48fd4c69734b3c86c70ff35071bb22eca45cc58ab2c2f209f.png","contentUrl":"https:\/\/veritasinfo.org\/wp-content\/uploads\/2025\/07\/20240126150152_80cafdcb6c3c61b48fd4c69734b3c86c70ff35071bb22eca45cc58ab2c2f209f.png","width":1401,"height":786},{"@type":"BreadcrumbList","@id":"https:\/\/veritasinfo.org\/?p=4716#breadcrumb","itemListElement":[{"@type":"ListItem","position":1,"name":"Home","item":"https:\/\/veritasinfo.org\/"},{"@type":"ListItem","position":2,"name":"Sot vazhdon gjykimi p\u00ebr rastin \u201cBanjska\u201d, seanca e djeshme u mbajt e mbyllur p\u00ebr publikun"}]},{"@type":"WebSite","@id":"https:\/\/veritasinfo.org\/#website","url":"https:\/\/veritasinfo.org\/","name":"","description":"","potentialAction":[{"@type":"SearchAction","target":{"@type":"EntryPoint","urlTemplate":"https:\/\/veritasinfo.org\/?s={search_term_string}"},"query-input":{"@type":"PropertyValueSpecification","valueRequired":true,"valueName":"search_term_string"}}],"inLanguage":"en-US"},{"@type":"Person","@id":"https:\/\/veritasinfo.org\/#\/schema\/person\/7701f8c088bece422266b100a712374f","name":"admin","image":{"@type":"ImageObject","inLanguage":"en-US","@id":"https:\/\/veritasinfo.org\/#\/schema\/person\/image\/","url":"https:\/\/secure.gravatar.com\/avatar\/ea53aa3bf6c9a12d5fde8ce4deff43fef3885ae33cf60184161a50d6987cfd2f?s=96&d=mm&r=g","contentUrl":"https:\/\/secure.gravatar.com\/avatar\/ea53aa3bf6c9a12d5fde8ce4deff43fef3885ae33cf60184161a50d6987cfd2f?s=96&d=mm&r=g","caption":"admin"},"sameAs":["https:\/\/veritasinfo.org"],"url":"https:\/\/veritasinfo.org\/?author=1"}]}},"featured_image_urls":{"full":["https:\/\/veritasinfo.org\/wp-content\/uploads\/2025\/07\/20240126150152_80cafdcb6c3c61b48fd4c69734b3c86c70ff35071bb22eca45cc58ab2c2f209f.png",1401,786,false],"thumbnail":["https:\/\/veritasinfo.org\/wp-content\/uploads\/2025\/07\/20240126150152_80cafdcb6c3c61b48fd4c69734b3c86c70ff35071bb22eca45cc58ab2c2f209f-150x150.png",150,150,true],"medium":["https:\/\/veritasinfo.org\/wp-content\/uploads\/2025\/07\/20240126150152_80cafdcb6c3c61b48fd4c69734b3c86c70ff35071bb22eca45cc58ab2c2f209f-300x168.png",300,168,true],"medium_large":["https:\/\/veritasinfo.org\/wp-content\/uploads\/2025\/07\/20240126150152_80cafdcb6c3c61b48fd4c69734b3c86c70ff35071bb22eca45cc58ab2c2f209f-768x431.png",640,359,true],"large":["https:\/\/veritasinfo.org\/wp-content\/uploads\/2025\/07\/20240126150152_80cafdcb6c3c61b48fd4c69734b3c86c70ff35071bb22eca45cc58ab2c2f209f-1024x574.png",640,359,true],"1536x1536":["https:\/\/veritasinfo.org\/wp-content\/uploads\/2025\/07\/20240126150152_80cafdcb6c3c61b48fd4c69734b3c86c70ff35071bb22eca45cc58ab2c2f209f.png",1401,786,false],"2048x2048":["https:\/\/veritasinfo.org\/wp-content\/uploads\/2025\/07\/20240126150152_80cafdcb6c3c61b48fd4c69734b3c86c70ff35071bb22eca45cc58ab2c2f209f.png",1401,786,false],"kreeti-slider-full":["https:\/\/veritasinfo.org\/wp-content\/uploads\/2025\/07\/20240126150152_80cafdcb6c3c61b48fd4c69734b3c86c70ff35071bb22eca45cc58ab2c2f209f.png",1280,718,false],"kreeti-featured":["https:\/\/veritasinfo.org\/wp-content\/uploads\/2025\/07\/20240126150152_80cafdcb6c3c61b48fd4c69734b3c86c70ff35071bb22eca45cc58ab2c2f209f.png",1024,574,false],"kreeti-medium":["https:\/\/veritasinfo.org\/wp-content\/uploads\/2025\/07\/20240126150152_80cafdcb6c3c61b48fd4c69734b3c86c70ff35071bb22eca45cc58ab2c2f209f.png",720,404,false],"kreeti-medium-square":["https:\/\/veritasinfo.org\/wp-content\/uploads\/2025\/07\/20240126150152_80cafdcb6c3c61b48fd4c69734b3c86c70ff35071bb22eca45cc58ab2c2f209f.png",350,196,false]},"author_info":{"info":["admin"]},"category_info":"<a href=\"https:\/\/veritasinfo.org\/?cat=60\" rel=\"category\">Shoq\u00ebrore<\/a>","tag_info":"Shoq\u00ebrore","comment_count":"0","_links":{"self":[{"href":"https:\/\/veritasinfo.org\/index.php?rest_route=\/wp\/v2\/posts\/4716","targetHints":{"allow":["GET"]}}],"collection":[{"href":"https:\/\/veritasinfo.org\/index.php?rest_route=\/wp\/v2\/posts"}],"about":[{"href":"https:\/\/veritasinfo.org\/index.php?rest_route=\/wp\/v2\/types\/post"}],"author":[{"embeddable":true,"href":"https:\/\/veritasinfo.org\/index.php?rest_route=\/wp\/v2\/users\/1"}],"replies":[{"embeddable":true,"href":"https:\/\/veritasinfo.org\/index.php?rest_route=%2Fwp%2Fv2%2Fcomments&post=4716"}],"version-history":[{"count":1,"href":"https:\/\/veritasinfo.org\/index.php?rest_route=\/wp\/v2\/posts\/4716\/revisions"}],"predecessor-version":[{"id":4718,"href":"https:\/\/veritasinfo.org\/index.php?rest_route=\/wp\/v2\/posts\/4716\/revisions\/4718"}],"wp:featuredmedia":[{"embeddable":true,"href":"https:\/\/veritasinfo.org\/index.php?rest_route=\/wp\/v2\/media\/4717"}],"wp:attachment":[{"href":"https:\/\/veritasinfo.org\/index.php?rest_route=%2Fwp%2Fv2%2Fmedia&parent=4716"}],"wp:term":[{"taxonomy":"category","embeddable":true,"href":"https:\/\/veritasinfo.org\/index.php?rest_route=%2Fwp%2Fv2%2Fcategories&post=4716"},{"taxonomy":"post_tag","embeddable":true,"href":"https:\/\/veritasinfo.org\/index.php?rest_route=%2Fwp%2Fv2%2Ftags&post=4716"}],"curies":[{"name":"wp","href":"https:\/\/api.w.org\/{rel}","templated":true}]}}