{"id":4711,"date":"2025-07-22T08:04:09","date_gmt":"2025-07-22T06:04:09","guid":{"rendered":"https:\/\/veritasinfo.org\/?p=4711"},"modified":"2025-07-22T08:04:09","modified_gmt":"2025-07-22T06:04:09","slug":"15-vjet-nga-vendimi-historik-i-gjnd-se-per-pavaresine-e-kosoves","status":"publish","type":"post","link":"https:\/\/veritasinfo.org\/?p=4711","title":{"rendered":"15 vjet nga vendimi historik i GJND-s\u00eb p\u00ebr pavar\u00ebsin\u00eb e Kosov\u00ebs"},"content":{"rendered":"<p>22 korrik 2025<\/p>\n<p>Sot sh\u00ebnohen 15 vjet nga vendimi k\u00ebshill\u00ebdh\u00ebn\u00ebs i Gjykat\u00ebs Nd\u00ebrkomb\u00ebtare t\u00eb Drejt\u00ebsis\u00eb (GJND), sipas t\u00eb cilit shpallja e pavar\u00ebsis\u00eb s\u00eb Kosov\u00ebs nuk ka shkelur t\u00eb drejt\u00ebn nd\u00ebrkomb\u00ebtare.<\/p>\n<p>Vendimi u shpall m\u00eb 22 korrik 2010 n\u00eb Hag\u00eb, ku shumica e gjyqtar\u00ebve t\u00eb GJND-s\u00eb votuan n\u00eb favor t\u00eb Kosov\u00ebs, duke hedhur posht\u00eb pretendimet e paraqitura nga Serbia. Leximi i vendimit u b\u00eb nga presidenti i at\u00ebhersh\u00ebm i GJND-s\u00eb, Hiasashi Owada.<\/p>\n<p>Shpallja e pavar\u00ebsis\u00eb s\u00eb Kosov\u00ebs u b\u00eb m\u00eb 17 shkurt 2008 dhe q\u00eb at\u00ebher\u00eb ky vendim i GJND-s\u00eb ka sh\u00ebrbyer si nj\u00eb prej pikave ky\u00e7e t\u00eb legjitimitetit nd\u00ebrkomb\u00ebtar p\u00ebr shtet\u00ebsin\u00eb e saj.<\/p>\n","protected":false},"excerpt":{"rendered":"<p>22 korrik 2025 Sot sh\u00ebnohen 15 vjet nga vendimi k\u00ebshill\u00ebdh\u00ebn\u00ebs i Gjykat\u00ebs Nd\u00ebrkomb\u00ebtare t\u00eb Drejt\u00ebsis\u00eb (GJND), sipas t\u00eb cilit shpallja e pavar\u00ebsis\u00eb s\u00eb Kosov\u00ebs nuk<\/p>\n","protected":false},"author":1,"featured_media":4712,"comment_status":"open","ping_status":"open","sticky":false,"template":"","format":"standard","meta":{"footnotes":""},"categories":[60],"tags":[],"class_list":["post-4711","post","type-post","status-publish","format-standard","has-post-thumbnail","hentry","category-shoqerore-sq"],"yoast_head":"<!-- This site is optimized with the Yoast SEO plugin v25.3.1 - https:\/\/yoast.com\/wordpress\/plugins\/seo\/ -->\n<title>15 vjet nga vendimi historik i GJND-s\u00eb p\u00ebr pavar\u00ebsin\u00eb e Kosov\u00ebs -<\/title>\n<meta name=\"robots\" content=\"index, follow, max-snippet:-1, max-image-preview:large, max-video-preview:-1\" \/>\n<link rel=\"canonical\" href=\"https:\/\/veritasinfo.org\/?p=4711\" \/>\n<meta property=\"og:locale\" content=\"en_US\" \/>\n<meta property=\"og:type\" content=\"article\" \/>\n<meta property=\"og:title\" content=\"15 vjet nga vendimi historik i GJND-s\u00eb p\u00ebr pavar\u00ebsin\u00eb e Kosov\u00ebs -\" \/>\n<meta property=\"og:description\" content=\"22 korrik 2025 Sot sh\u00ebnohen 15 vjet nga vendimi k\u00ebshill\u00ebdh\u00ebn\u00ebs i Gjykat\u00ebs Nd\u00ebrkomb\u00ebtare t\u00eb Drejt\u00ebsis\u00eb (GJND), sipas t\u00eb cilit shpallja e pavar\u00ebsis\u00eb s\u00eb Kosov\u00ebs nuk\" \/>\n<meta property=\"og:url\" content=\"https:\/\/veritasinfo.org\/?p=4711\" \/>\n<meta property=\"article:published_time\" content=\"2025-07-22T06:04:09+00:00\" \/>\n<meta property=\"og:image\" content=\"https:\/\/veritasinfo.org\/wp-content\/uploads\/2025\/07\/Kosove-shpallja-e-pavaresise-17-shkurt-2008-1.jpg\" \/>\n\t<meta property=\"og:image:width\" content=\"960\" \/>\n\t<meta property=\"og:image:height\" content=\"650\" \/>\n\t<meta property=\"og:image:type\" content=\"image\/jpeg\" \/>\n<meta name=\"author\" content=\"admin\" \/>\n<meta name=\"twitter:card\" content=\"summary_large_image\" \/>\n<meta name=\"twitter:label1\" content=\"Written by\" \/>\n\t<meta name=\"twitter:data1\" content=\"admin\" \/>\n\t<meta name=\"twitter:label2\" content=\"Est. reading time\" \/>\n\t<meta name=\"twitter:data2\" content=\"1 minute\" \/>\n<script type=\"application\/ld+json\" class=\"yoast-schema-graph\">{\"@context\":\"https:\/\/schema.org\",\"@graph\":[{\"@type\":\"WebPage\",\"@id\":\"https:\/\/veritasinfo.org\/?p=4711\",\"url\":\"https:\/\/veritasinfo.org\/?p=4711\",\"name\":\"15 vjet nga vendimi historik i GJND-s\u00eb p\u00ebr pavar\u00ebsin\u00eb e Kosov\u00ebs -\",\"isPartOf\":{\"@id\":\"https:\/\/veritasinfo.org\/#website\"},\"primaryImageOfPage\":{\"@id\":\"https:\/\/veritasinfo.org\/?p=4711#primaryimage\"},\"image\":{\"@id\":\"https:\/\/veritasinfo.org\/?p=4711#primaryimage\"},\"thumbnailUrl\":\"https:\/\/veritasinfo.org\/wp-content\/uploads\/2025\/07\/Kosove-shpallja-e-pavaresise-17-shkurt-2008-1.jpg\",\"datePublished\":\"2025-07-22T06:04:09+00:00\",\"author\":{\"@id\":\"https:\/\/veritasinfo.org\/#\/schema\/person\/7701f8c088bece422266b100a712374f\"},\"breadcrumb\":{\"@id\":\"https:\/\/veritasinfo.org\/?p=4711#breadcrumb\"},\"inLanguage\":\"en-US\",\"potentialAction\":[{\"@type\":\"ReadAction\",\"target\":[\"https:\/\/veritasinfo.org\/?p=4711\"]}]},{\"@type\":\"ImageObject\",\"inLanguage\":\"en-US\",\"@id\":\"https:\/\/veritasinfo.org\/?p=4711#primaryimage\",\"url\":\"https:\/\/veritasinfo.org\/wp-content\/uploads\/2025\/07\/Kosove-shpallja-e-pavaresise-17-shkurt-2008-1.jpg\",\"contentUrl\":\"https:\/\/veritasinfo.org\/wp-content\/uploads\/2025\/07\/Kosove-shpallja-e-pavaresise-17-shkurt-2008-1.jpg\",\"width\":960,\"height\":650},{\"@type\":\"BreadcrumbList\",\"@id\":\"https:\/\/veritasinfo.org\/?p=4711#breadcrumb\",\"itemListElement\":[{\"@type\":\"ListItem\",\"position\":1,\"name\":\"Home\",\"item\":\"https:\/\/veritasinfo.org\/\"},{\"@type\":\"ListItem\",\"position\":2,\"name\":\"15 vjet nga vendimi historik i GJND-s\u00eb p\u00ebr pavar\u00ebsin\u00eb e Kosov\u00ebs\"}]},{\"@type\":\"WebSite\",\"@id\":\"https:\/\/veritasinfo.org\/#website\",\"url\":\"https:\/\/veritasinfo.org\/\",\"name\":\"\",\"description\":\"\",\"potentialAction\":[{\"@type\":\"SearchAction\",\"target\":{\"@type\":\"EntryPoint\",\"urlTemplate\":\"https:\/\/veritasinfo.org\/?s={search_term_string}\"},\"query-input\":{\"@type\":\"PropertyValueSpecification\",\"valueRequired\":true,\"valueName\":\"search_term_string\"}}],\"inLanguage\":\"en-US\"},{\"@type\":\"Person\",\"@id\":\"https:\/\/veritasinfo.org\/#\/schema\/person\/7701f8c088bece422266b100a712374f\",\"name\":\"admin\",\"image\":{\"@type\":\"ImageObject\",\"inLanguage\":\"en-US\",\"@id\":\"https:\/\/veritasinfo.org\/#\/schema\/person\/image\/\",\"url\":\"https:\/\/secure.gravatar.com\/avatar\/ea53aa3bf6c9a12d5fde8ce4deff43fef3885ae33cf60184161a50d6987cfd2f?s=96&d=mm&r=g\",\"contentUrl\":\"https:\/\/secure.gravatar.com\/avatar\/ea53aa3bf6c9a12d5fde8ce4deff43fef3885ae33cf60184161a50d6987cfd2f?s=96&d=mm&r=g\",\"caption\":\"admin\"},\"sameAs\":[\"https:\/\/veritasinfo.org\"],\"url\":\"https:\/\/veritasinfo.org\/?author=1\"}]}<\/script>\n<!-- \/ Yoast SEO plugin. -->","yoast_head_json":{"title":"15 vjet nga vendimi historik i GJND-s\u00eb p\u00ebr pavar\u00ebsin\u00eb e Kosov\u00ebs -","robots":{"index":"index","follow":"follow","max-snippet":"max-snippet:-1","max-image-preview":"max-image-preview:large","max-video-preview":"max-video-preview:-1"},"canonical":"https:\/\/veritasinfo.org\/?p=4711","og_locale":"en_US","og_type":"article","og_title":"15 vjet nga vendimi historik i GJND-s\u00eb p\u00ebr pavar\u00ebsin\u00eb e Kosov\u00ebs -","og_description":"22 korrik 2025 Sot sh\u00ebnohen 15 vjet nga vendimi k\u00ebshill\u00ebdh\u00ebn\u00ebs i Gjykat\u00ebs Nd\u00ebrkomb\u00ebtare t\u00eb Drejt\u00ebsis\u00eb (GJND), sipas t\u00eb cilit shpallja e pavar\u00ebsis\u00eb s\u00eb Kosov\u00ebs nuk","og_url":"https:\/\/veritasinfo.org\/?p=4711","article_published_time":"2025-07-22T06:04:09+00:00","og_image":[{"width":960,"height":650,"url":"https:\/\/veritasinfo.org\/wp-content\/uploads\/2025\/07\/Kosove-shpallja-e-pavaresise-17-shkurt-2008-1.jpg","type":"image\/jpeg"}],"author":"admin","twitter_card":"summary_large_image","twitter_misc":{"Written by":"admin","Est. reading time":"1 minute"},"schema":{"@context":"https:\/\/schema.org","@graph":[{"@type":"WebPage","@id":"https:\/\/veritasinfo.org\/?p=4711","url":"https:\/\/veritasinfo.org\/?p=4711","name":"15 vjet nga vendimi historik i GJND-s\u00eb p\u00ebr pavar\u00ebsin\u00eb e Kosov\u00ebs -","isPartOf":{"@id":"https:\/\/veritasinfo.org\/#website"},"primaryImageOfPage":{"@id":"https:\/\/veritasinfo.org\/?p=4711#primaryimage"},"image":{"@id":"https:\/\/veritasinfo.org\/?p=4711#primaryimage"},"thumbnailUrl":"https:\/\/veritasinfo.org\/wp-content\/uploads\/2025\/07\/Kosove-shpallja-e-pavaresise-17-shkurt-2008-1.jpg","datePublished":"2025-07-22T06:04:09+00:00","author":{"@id":"https:\/\/veritasinfo.org\/#\/schema\/person\/7701f8c088bece422266b100a712374f"},"breadcrumb":{"@id":"https:\/\/veritasinfo.org\/?p=4711#breadcrumb"},"inLanguage":"en-US","potentialAction":[{"@type":"ReadAction","target":["https:\/\/veritasinfo.org\/?p=4711"]}]},{"@type":"ImageObject","inLanguage":"en-US","@id":"https:\/\/veritasinfo.org\/?p=4711#primaryimage","url":"https:\/\/veritasinfo.org\/wp-content\/uploads\/2025\/07\/Kosove-shpallja-e-pavaresise-17-shkurt-2008-1.jpg","contentUrl":"https:\/\/veritasinfo.org\/wp-content\/uploads\/2025\/07\/Kosove-shpallja-e-pavaresise-17-shkurt-2008-1.jpg","width":960,"height":650},{"@type":"BreadcrumbList","@id":"https:\/\/veritasinfo.org\/?p=4711#breadcrumb","itemListElement":[{"@type":"ListItem","position":1,"name":"Home","item":"https:\/\/veritasinfo.org\/"},{"@type":"ListItem","position":2,"name":"15 vjet nga vendimi historik i GJND-s\u00eb p\u00ebr pavar\u00ebsin\u00eb e Kosov\u00ebs"}]},{"@type":"WebSite","@id":"https:\/\/veritasinfo.org\/#website","url":"https:\/\/veritasinfo.org\/","name":"","description":"","potentialAction":[{"@type":"SearchAction","target":{"@type":"EntryPoint","urlTemplate":"https:\/\/veritasinfo.org\/?s={search_term_string}"},"query-input":{"@type":"PropertyValueSpecification","valueRequired":true,"valueName":"search_term_string"}}],"inLanguage":"en-US"},{"@type":"Person","@id":"https:\/\/veritasinfo.org\/#\/schema\/person\/7701f8c088bece422266b100a712374f","name":"admin","image":{"@type":"ImageObject","inLanguage":"en-US","@id":"https:\/\/veritasinfo.org\/#\/schema\/person\/image\/","url":"https:\/\/secure.gravatar.com\/avatar\/ea53aa3bf6c9a12d5fde8ce4deff43fef3885ae33cf60184161a50d6987cfd2f?s=96&d=mm&r=g","contentUrl":"https:\/\/secure.gravatar.com\/avatar\/ea53aa3bf6c9a12d5fde8ce4deff43fef3885ae33cf60184161a50d6987cfd2f?s=96&d=mm&r=g","caption":"admin"},"sameAs":["https:\/\/veritasinfo.org"],"url":"https:\/\/veritasinfo.org\/?author=1"}]}},"featured_image_urls":{"full":["https:\/\/veritasinfo.org\/wp-content\/uploads\/2025\/07\/Kosove-shpallja-e-pavaresise-17-shkurt-2008-1.jpg",960,650,false],"thumbnail":["https:\/\/veritasinfo.org\/wp-content\/uploads\/2025\/07\/Kosove-shpallja-e-pavaresise-17-shkurt-2008-1-150x150.jpg",150,150,true],"medium":["https:\/\/veritasinfo.org\/wp-content\/uploads\/2025\/07\/Kosove-shpallja-e-pavaresise-17-shkurt-2008-1-300x203.jpg",300,203,true],"medium_large":["https:\/\/veritasinfo.org\/wp-content\/uploads\/2025\/07\/Kosove-shpallja-e-pavaresise-17-shkurt-2008-1-768x520.jpg",640,433,true],"large":["https:\/\/veritasinfo.org\/wp-content\/uploads\/2025\/07\/Kosove-shpallja-e-pavaresise-17-shkurt-2008-1.jpg",640,433,false],"1536x1536":["https:\/\/veritasinfo.org\/wp-content\/uploads\/2025\/07\/Kosove-shpallja-e-pavaresise-17-shkurt-2008-1.jpg",960,650,false],"2048x2048":["https:\/\/veritasinfo.org\/wp-content\/uploads\/2025\/07\/Kosove-shpallja-e-pavaresise-17-shkurt-2008-1.jpg",960,650,false],"kreeti-slider-full":["https:\/\/veritasinfo.org\/wp-content\/uploads\/2025\/07\/Kosove-shpallja-e-pavaresise-17-shkurt-2008-1.jpg",960,650,false],"kreeti-featured":["https:\/\/veritasinfo.org\/wp-content\/uploads\/2025\/07\/Kosove-shpallja-e-pavaresise-17-shkurt-2008-1.jpg",960,650,false],"kreeti-medium":["https:\/\/veritasinfo.org\/wp-content\/uploads\/2025\/07\/Kosove-shpallja-e-pavaresise-17-shkurt-2008-1.jpg",720,488,false],"kreeti-medium-square":["https:\/\/veritasinfo.org\/wp-content\/uploads\/2025\/07\/Kosove-shpallja-e-pavaresise-17-shkurt-2008-1.jpg",350,237,false]},"author_info":{"info":["admin"]},"category_info":"<a href=\"https:\/\/veritasinfo.org\/?cat=60\" rel=\"category\">Shoq\u00ebrore<\/a>","tag_info":"Shoq\u00ebrore","comment_count":"0","_links":{"self":[{"href":"https:\/\/veritasinfo.org\/index.php?rest_route=\/wp\/v2\/posts\/4711","targetHints":{"allow":["GET"]}}],"collection":[{"href":"https:\/\/veritasinfo.org\/index.php?rest_route=\/wp\/v2\/posts"}],"about":[{"href":"https:\/\/veritasinfo.org\/index.php?rest_route=\/wp\/v2\/types\/post"}],"author":[{"embeddable":true,"href":"https:\/\/veritasinfo.org\/index.php?rest_route=\/wp\/v2\/users\/1"}],"replies":[{"embeddable":true,"href":"https:\/\/veritasinfo.org\/index.php?rest_route=%2Fwp%2Fv2%2Fcomments&post=4711"}],"version-history":[{"count":1,"href":"https:\/\/veritasinfo.org\/index.php?rest_route=\/wp\/v2\/posts\/4711\/revisions"}],"predecessor-version":[{"id":4713,"href":"https:\/\/veritasinfo.org\/index.php?rest_route=\/wp\/v2\/posts\/4711\/revisions\/4713"}],"wp:featuredmedia":[{"embeddable":true,"href":"https:\/\/veritasinfo.org\/index.php?rest_route=\/wp\/v2\/media\/4712"}],"wp:attachment":[{"href":"https:\/\/veritasinfo.org\/index.php?rest_route=%2Fwp%2Fv2%2Fmedia&parent=4711"}],"wp:term":[{"taxonomy":"category","embeddable":true,"href":"https:\/\/veritasinfo.org\/index.php?rest_route=%2Fwp%2Fv2%2Fcategories&post=4711"},{"taxonomy":"post_tag","embeddable":true,"href":"https:\/\/veritasinfo.org\/index.php?rest_route=%2Fwp%2Fv2%2Ftags&post=4711"}],"curies":[{"name":"wp","href":"https:\/\/api.w.org\/{rel}","templated":true}]}}