{"id":4661,"date":"2025-07-21T20:34:54","date_gmt":"2025-07-21T18:34:54","guid":{"rendered":"https:\/\/veritasinfo.org\/?p=4661"},"modified":"2025-07-21T20:34:54","modified_gmt":"2025-07-21T18:34:54","slug":"rasti-banjska-deshmitari-f1-jep-deshmine-ne-seance-te-mbyllur","status":"publish","type":"post","link":"https:\/\/veritasinfo.org\/?p=4661","title":{"rendered":"Rasti \u201cBanjska\u201d, d\u00ebshmitari \u201cF1\u201d jep d\u00ebshmin\u00eb n\u00eb seanc\u00eb t\u00eb mbyllur"},"content":{"rendered":"<p>Prishtin\u00eb, 21 Korrik 2025<\/p>\n<h2 style=\"font-weight: 500;\">D\u00ebshmitari me kodin \u201cF1\u201d ka dh\u00ebn\u00eb d\u00ebshmi t\u00eb h\u00ebn\u00ebn n\u00eb seanc\u00eb t\u00eb mbyllur p\u00ebr publikun, n\u00eb rastin \u201cBanjska\u201d. Propozimin p\u00ebr p\u00ebrjashtimin e publikut dhe mediave nga seanca e ka b\u00ebr\u00eb prokurori i \u00e7\u00ebshtjes, Naim Abazi, pasi ka th\u00ebn\u00eb se n\u00eb rast t\u00eb identifikimit, d\u00ebshmitarit\u00a0 i rrezikohet jeta. K\u00ebt\u00eb propozim e kan\u00eb kund\u00ebrshtuar avokat\u00ebt e t\u00eb pandehurve, por e ka mb\u00ebshtetur avokati i nj\u00ebrit prej t\u00eb d\u00ebmtuarve<\/h2>\n<p style=\"font-weight: 400;\"><span style=\"font-style: inherit; font-weight: inherit;\">Seanca e s\u00eb h\u00ebn\u00ebs, p\u00ebr rastin e njohur si \u201cBanjska\u201d, \u00ebsht\u00eb mbajtur e mbyllur p\u00ebr publikun, pas k\u00ebrkes\u00ebs s\u00eb prokurorit special, Naim Abazi, p\u00ebr ta mbrojtur identitetin e d\u00ebshmitarit me kodin \u201cF1\u201d.<\/span><\/p>\n<p style=\"font-weight: 400;\"><span style=\"font-style: inherit; font-weight: inherit;\">Abazi ka th\u00ebn\u00eb se n\u00ebse identiteti i d\u00ebshmitarit t\u00eb mbrojtur b\u00ebhet publik, at\u00ebher\u00eb rrezikohen jeta e tij dhe mbar\u00ebvajtja e procesit gjyq\u00ebsor.<\/span><\/p>\n<p style=\"font-weight: 400;\"><span style=\"font-style: inherit; font-weight: inherit;\">Rasti \u201cBanjska\u201d i ka 45 t\u00eb akuzuar, por procesi \u00ebsht\u00eb i ve\u00e7uar vet\u00ebm p\u00ebr Blagoje Spasojeviqin, Vladimir Toliqin dhe Dushan Maksimoviqin, pasi t\u00eb akuzuarit e tjer\u00eb gjenden n\u00eb arrati.<\/span><\/p>\n<p style=\"font-weight: 400;\"><span style=\"font-style: inherit; font-weight: inherit;\">Avokati i Spasojeviqit, Ljubomir Pantoviq, e ka kund\u00ebrshtuar propozimin e Prokuroris\u00eb, pasi, sipas tij, mbrojtja e identitetit t\u00eb d\u00ebshmitarit \u201cF1\u201d mund t\u00eb sigurohet edhe n\u00eb m\u00ebnyra t\u00eb tjera.<\/span><\/p>\n<p style=\"font-weight: 400;\"><span style=\"font-style: inherit; font-weight: inherit;\">\u201cMeqen\u00ebse ekziston mund\u00ebsia q\u00eb ky d\u00ebshmitar t\u00eb d\u00ebshmoj\u00eb p\u00ebrmes videolidhjes, me ndryshimin e fotografis\u00eb dhe z\u00ebrit, un\u00eb e kund\u00ebrshtoj k\u00ebt\u00eb propozim t\u00eb Prokuroris\u00eb Speciale. P\u00ebrve\u00e7 k\u00ebsaj, sa i p\u00ebrket \u00e7\u00ebshtjes s\u00eb pyetjeve dhe p\u00ebrgjigjeve t\u00eb k\u00ebtij d\u00ebshmitari, t\u00eb cilat eventualisht mund ta zbulojn\u00eb identitetin e tij, k\u00ebtu \u00ebsht\u00eb trupi gjykues, i cili do t\u00eb b\u00ebj\u00eb kontroll t\u00eb pyetjeve t\u00eb tilla dhe mund t\u2019i ndaloj\u00eb ato\u201d, ka th\u00ebn\u00eb Pantoviq.<\/span><\/p>\n<p style=\"font-weight: 400;\"><span style=\"font-style: inherit; font-weight: inherit;\">E avokati Naim Rudari q\u00eb e p\u00ebrfaq\u00ebson policin e d\u00ebmtuar, Alban Rashiti, e ka mb\u00ebshtetur propozimin e Prokuroris\u00eb, tek e ka dh\u00ebn\u00eb nj\u00eb shembull se si mund t\u00eb zbulohet identiteti i d\u00ebshmitarit edhe n\u00eb rast se i deformohen fotografia dhe z\u00ebri.<\/span><\/p>\n<p style=\"font-weight: 400;\"><span style=\"font-style: inherit; font-weight: inherit;\">\u201cP\u00ebrve\u00e7 atyre q\u00eb i di dhe i ka par\u00eb, duhet t\u00eb d\u00ebshmoj\u00eb edhe nga i ka kuptuar ato dhe konsideroj q\u00eb pa dyshim do t\u00eb zbulohet identiteti i tij, po qe se seancat jan\u00eb publike\u201d, ka th\u00ebn\u00eb Rudari.<\/span><\/p>\n<p style=\"font-weight: 400;\"><span style=\"font-style: inherit; font-weight: inherit;\">Prokurori Abazi ka th\u00ebn\u00eb se mbajtja e seanc\u00ebs pa pranin\u00eb e publikut dhe mediave \u00ebsht\u00eb e domosdoshme p\u00ebr d\u00ebshmin\u00eb e d\u00ebshmitarit.<\/span><\/p>\n<p style=\"font-weight: 400;\"><span style=\"font-style: inherit; font-weight: inherit;\">\u201cMbyllja e k\u00ebsaj seance \u00ebsht\u00eb absolutisht e domosdoshme, pasi q\u00eb p\u00ebrjashtimi i individ\u00ebve t\u00eb caktuar nga salla nuk do t\u00eb mjaftonte p\u00ebr ta garantuar mbrojtjen e k\u00ebrkuar. D\u00ebshmitari \u00ebsht\u00eb n\u00ebn masa t\u00eb ve\u00e7anta t\u00eb siguris\u00eb dhe ruajtja e anonimitetit t\u00eb tij \u00ebsht\u00eb kusht themelor p\u00ebr paraqitjen e lir\u00eb t\u00eb tij dhe d\u00ebshmis\u00eb s\u00eb tij t\u00eb dh\u00ebn\u00eb n\u00eb k\u00ebt\u00eb procedur\u00eb\u201d, ka deklaruar prokurori Abazi.<\/span><\/p>\n<p style=\"font-weight: 400;\"><span style=\"font-style: inherit; font-weight: inherit;\">Pas nj\u00eb konsultimi pes\u00ebminut\u00ebsh, gjyqtari Arben Hoti ka kumtuar vendimin q\u00eb propozimi i Prokuroris\u00eb \u00ebsht\u00eb pranuar dhe \u00ebsht\u00eb k\u00ebrkuar lirimi i sall\u00ebs nga t\u00eb gjith\u00eb pjes\u00ebmarr\u00ebsit q\u00eb nuk jan\u00eb pal\u00eb n\u00eb procedur\u00eb.<\/span><\/p>\n<p style=\"font-weight: 400;\"><span style=\"font-style: inherit; font-weight: inherit;\">Prokuroria Speciale m\u00eb 11 shtator 2024 ka ngritur aktakuz\u00eb kund\u00ebr Milan Radoi\u00e7iqit dhe 44 t\u00eb tjer\u00ebve p\u00ebr sulmin terrorist t\u00eb 24 shtatorit 2023 n\u00eb Banjsk\u00eb t\u00eb Zve\u00e7anit.<\/span><\/p>\n<p style=\"font-weight: 400;\"><span style=\"font-style: inherit; font-weight: inherit;\">T\u00eb akuzuarit ngarkohen se p\u00ebrmes p\u00ebrdorimit t\u00eb dhun\u00ebs me armatim t\u00eb r\u00ebnd\u00eb, kan\u00eb tentuar ta shk\u00ebpusin pjes\u00ebn veriore t\u00eb territorit t\u00eb Republik\u00ebs s\u00eb Kosov\u00ebs e t\u2019ia bashkojn\u00eb Republik\u00ebs s\u00eb Serbis\u00eb, me \u00e7\u2019rast, si rezultat i dhun\u00ebs s\u00eb p\u00ebrdorur, ka mbetur i vdekur zyrtari policor Afrim Bunjaku, e \u00ebsht\u00eb rrezikuar jeta e zyrtar\u00ebve t\u00eb tjer\u00eb policor\u00eb dhe popullat\u00ebs civile.<\/span><\/p>\n<p style=\"font-weight: 400;\"><span style=\"font-style: inherit; font-weight: inherit;\">P\u00ebr ish-n\u00ebnkryetarin e List\u00ebs Serbe, Milan Radoi\u00e7iq, dhe 40 t\u00eb akuzuar t\u00eb tjer\u00eb ka fletarrestim nd\u00ebrkomb\u00ebtar, pasi jan\u00eb n\u00eb arrati.<\/span><\/p>\n<p>&nbsp;<\/p>\n","protected":false},"excerpt":{"rendered":"<p>Prishtin\u00eb, 21 Korrik 2025 D\u00ebshmitari me kodin \u201cF1\u201d ka dh\u00ebn\u00eb d\u00ebshmi t\u00eb h\u00ebn\u00ebn n\u00eb seanc\u00eb t\u00eb mbyllur p\u00ebr publikun, n\u00eb rastin \u201cBanjska\u201d. Propozimin p\u00ebr p\u00ebrjashtimin<\/p>\n","protected":false},"author":1,"featured_media":4614,"comment_status":"open","ping_status":"open","sticky":false,"template":"","format":"standard","meta":{"footnotes":""},"categories":[60],"tags":[],"class_list":["post-4661","post","type-post","status-publish","format-standard","has-post-thumbnail","hentry","category-shoqerore-sq"],"yoast_head":"<!-- This site is optimized with the Yoast SEO plugin v25.3.1 - https:\/\/yoast.com\/wordpress\/plugins\/seo\/ -->\n<title>Rasti \u201cBanjska\u201d, d\u00ebshmitari \u201cF1\u201d jep d\u00ebshmin\u00eb n\u00eb seanc\u00eb t\u00eb mbyllur -<\/title>\n<meta name=\"robots\" content=\"index, follow, max-snippet:-1, max-image-preview:large, max-video-preview:-1\" \/>\n<link rel=\"canonical\" href=\"https:\/\/veritasinfo.org\/?p=4661\" \/>\n<meta property=\"og:locale\" content=\"en_US\" \/>\n<meta property=\"og:type\" content=\"article\" \/>\n<meta property=\"og:title\" content=\"Rasti \u201cBanjska\u201d, d\u00ebshmitari \u201cF1\u201d jep d\u00ebshmin\u00eb n\u00eb seanc\u00eb t\u00eb mbyllur -\" \/>\n<meta property=\"og:description\" content=\"Prishtin\u00eb, 21 Korrik 2025 D\u00ebshmitari me kodin \u201cF1\u201d ka dh\u00ebn\u00eb d\u00ebshmi t\u00eb h\u00ebn\u00ebn n\u00eb seanc\u00eb t\u00eb mbyllur p\u00ebr publikun, n\u00eb rastin \u201cBanjska\u201d. Propozimin p\u00ebr p\u00ebrjashtimin\" \/>\n<meta property=\"og:url\" content=\"https:\/\/veritasinfo.org\/?p=4661\" \/>\n<meta property=\"article:published_time\" content=\"2025-07-21T18:34:54+00:00\" \/>\n<meta property=\"og:image\" content=\"https:\/\/veritasinfo.org\/wp-content\/uploads\/2025\/07\/IMG_2190.jpeg\" \/>\n\t<meta property=\"og:image:width\" content=\"800\" \/>\n\t<meta property=\"og:image:height\" content=\"450\" \/>\n\t<meta property=\"og:image:type\" content=\"image\/jpeg\" \/>\n<meta name=\"author\" content=\"admin\" \/>\n<meta name=\"twitter:card\" content=\"summary_large_image\" \/>\n<meta name=\"twitter:label1\" content=\"Written by\" \/>\n\t<meta name=\"twitter:data1\" content=\"admin\" \/>\n\t<meta name=\"twitter:label2\" content=\"Est. reading time\" \/>\n\t<meta name=\"twitter:data2\" content=\"3 minutes\" \/>\n<script type=\"application\/ld+json\" class=\"yoast-schema-graph\">{\"@context\":\"https:\/\/schema.org\",\"@graph\":[{\"@type\":\"WebPage\",\"@id\":\"https:\/\/veritasinfo.org\/?p=4661\",\"url\":\"https:\/\/veritasinfo.org\/?p=4661\",\"name\":\"Rasti \u201cBanjska\u201d, d\u00ebshmitari \u201cF1\u201d jep d\u00ebshmin\u00eb n\u00eb seanc\u00eb t\u00eb mbyllur -\",\"isPartOf\":{\"@id\":\"https:\/\/veritasinfo.org\/#website\"},\"primaryImageOfPage\":{\"@id\":\"https:\/\/veritasinfo.org\/?p=4661#primaryimage\"},\"image\":{\"@id\":\"https:\/\/veritasinfo.org\/?p=4661#primaryimage\"},\"thumbnailUrl\":\"https:\/\/veritasinfo.org\/wp-content\/uploads\/2025\/07\/IMG_2190.jpeg\",\"datePublished\":\"2025-07-21T18:34:54+00:00\",\"author\":{\"@id\":\"https:\/\/veritasinfo.org\/#\/schema\/person\/7701f8c088bece422266b100a712374f\"},\"breadcrumb\":{\"@id\":\"https:\/\/veritasinfo.org\/?p=4661#breadcrumb\"},\"inLanguage\":\"en-US\",\"potentialAction\":[{\"@type\":\"ReadAction\",\"target\":[\"https:\/\/veritasinfo.org\/?p=4661\"]}]},{\"@type\":\"ImageObject\",\"inLanguage\":\"en-US\",\"@id\":\"https:\/\/veritasinfo.org\/?p=4661#primaryimage\",\"url\":\"https:\/\/veritasinfo.org\/wp-content\/uploads\/2025\/07\/IMG_2190.jpeg\",\"contentUrl\":\"https:\/\/veritasinfo.org\/wp-content\/uploads\/2025\/07\/IMG_2190.jpeg\",\"width\":800,\"height\":450},{\"@type\":\"BreadcrumbList\",\"@id\":\"https:\/\/veritasinfo.org\/?p=4661#breadcrumb\",\"itemListElement\":[{\"@type\":\"ListItem\",\"position\":1,\"name\":\"Home\",\"item\":\"https:\/\/veritasinfo.org\/\"},{\"@type\":\"ListItem\",\"position\":2,\"name\":\"Rasti \u201cBanjska\u201d, d\u00ebshmitari \u201cF1\u201d jep d\u00ebshmin\u00eb n\u00eb seanc\u00eb t\u00eb mbyllur\"}]},{\"@type\":\"WebSite\",\"@id\":\"https:\/\/veritasinfo.org\/#website\",\"url\":\"https:\/\/veritasinfo.org\/\",\"name\":\"\",\"description\":\"\",\"potentialAction\":[{\"@type\":\"SearchAction\",\"target\":{\"@type\":\"EntryPoint\",\"urlTemplate\":\"https:\/\/veritasinfo.org\/?s={search_term_string}\"},\"query-input\":{\"@type\":\"PropertyValueSpecification\",\"valueRequired\":true,\"valueName\":\"search_term_string\"}}],\"inLanguage\":\"en-US\"},{\"@type\":\"Person\",\"@id\":\"https:\/\/veritasinfo.org\/#\/schema\/person\/7701f8c088bece422266b100a712374f\",\"name\":\"admin\",\"image\":{\"@type\":\"ImageObject\",\"inLanguage\":\"en-US\",\"@id\":\"https:\/\/veritasinfo.org\/#\/schema\/person\/image\/\",\"url\":\"https:\/\/secure.gravatar.com\/avatar\/ea53aa3bf6c9a12d5fde8ce4deff43fef3885ae33cf60184161a50d6987cfd2f?s=96&d=mm&r=g\",\"contentUrl\":\"https:\/\/secure.gravatar.com\/avatar\/ea53aa3bf6c9a12d5fde8ce4deff43fef3885ae33cf60184161a50d6987cfd2f?s=96&d=mm&r=g\",\"caption\":\"admin\"},\"sameAs\":[\"https:\/\/veritasinfo.org\"],\"url\":\"https:\/\/veritasinfo.org\/?author=1\"}]}<\/script>\n<!-- \/ Yoast SEO plugin. -->","yoast_head_json":{"title":"Rasti \u201cBanjska\u201d, d\u00ebshmitari \u201cF1\u201d jep d\u00ebshmin\u00eb n\u00eb seanc\u00eb t\u00eb mbyllur -","robots":{"index":"index","follow":"follow","max-snippet":"max-snippet:-1","max-image-preview":"max-image-preview:large","max-video-preview":"max-video-preview:-1"},"canonical":"https:\/\/veritasinfo.org\/?p=4661","og_locale":"en_US","og_type":"article","og_title":"Rasti \u201cBanjska\u201d, d\u00ebshmitari \u201cF1\u201d jep d\u00ebshmin\u00eb n\u00eb seanc\u00eb t\u00eb mbyllur -","og_description":"Prishtin\u00eb, 21 Korrik 2025 D\u00ebshmitari me kodin \u201cF1\u201d ka dh\u00ebn\u00eb d\u00ebshmi t\u00eb h\u00ebn\u00ebn n\u00eb seanc\u00eb t\u00eb mbyllur p\u00ebr publikun, n\u00eb rastin \u201cBanjska\u201d. Propozimin p\u00ebr p\u00ebrjashtimin","og_url":"https:\/\/veritasinfo.org\/?p=4661","article_published_time":"2025-07-21T18:34:54+00:00","og_image":[{"width":800,"height":450,"url":"https:\/\/veritasinfo.org\/wp-content\/uploads\/2025\/07\/IMG_2190.jpeg","type":"image\/jpeg"}],"author":"admin","twitter_card":"summary_large_image","twitter_misc":{"Written by":"admin","Est. reading time":"3 minutes"},"schema":{"@context":"https:\/\/schema.org","@graph":[{"@type":"WebPage","@id":"https:\/\/veritasinfo.org\/?p=4661","url":"https:\/\/veritasinfo.org\/?p=4661","name":"Rasti \u201cBanjska\u201d, d\u00ebshmitari \u201cF1\u201d jep d\u00ebshmin\u00eb n\u00eb seanc\u00eb t\u00eb mbyllur -","isPartOf":{"@id":"https:\/\/veritasinfo.org\/#website"},"primaryImageOfPage":{"@id":"https:\/\/veritasinfo.org\/?p=4661#primaryimage"},"image":{"@id":"https:\/\/veritasinfo.org\/?p=4661#primaryimage"},"thumbnailUrl":"https:\/\/veritasinfo.org\/wp-content\/uploads\/2025\/07\/IMG_2190.jpeg","datePublished":"2025-07-21T18:34:54+00:00","author":{"@id":"https:\/\/veritasinfo.org\/#\/schema\/person\/7701f8c088bece422266b100a712374f"},"breadcrumb":{"@id":"https:\/\/veritasinfo.org\/?p=4661#breadcrumb"},"inLanguage":"en-US","potentialAction":[{"@type":"ReadAction","target":["https:\/\/veritasinfo.org\/?p=4661"]}]},{"@type":"ImageObject","inLanguage":"en-US","@id":"https:\/\/veritasinfo.org\/?p=4661#primaryimage","url":"https:\/\/veritasinfo.org\/wp-content\/uploads\/2025\/07\/IMG_2190.jpeg","contentUrl":"https:\/\/veritasinfo.org\/wp-content\/uploads\/2025\/07\/IMG_2190.jpeg","width":800,"height":450},{"@type":"BreadcrumbList","@id":"https:\/\/veritasinfo.org\/?p=4661#breadcrumb","itemListElement":[{"@type":"ListItem","position":1,"name":"Home","item":"https:\/\/veritasinfo.org\/"},{"@type":"ListItem","position":2,"name":"Rasti \u201cBanjska\u201d, d\u00ebshmitari \u201cF1\u201d jep d\u00ebshmin\u00eb n\u00eb seanc\u00eb t\u00eb mbyllur"}]},{"@type":"WebSite","@id":"https:\/\/veritasinfo.org\/#website","url":"https:\/\/veritasinfo.org\/","name":"","description":"","potentialAction":[{"@type":"SearchAction","target":{"@type":"EntryPoint","urlTemplate":"https:\/\/veritasinfo.org\/?s={search_term_string}"},"query-input":{"@type":"PropertyValueSpecification","valueRequired":true,"valueName":"search_term_string"}}],"inLanguage":"en-US"},{"@type":"Person","@id":"https:\/\/veritasinfo.org\/#\/schema\/person\/7701f8c088bece422266b100a712374f","name":"admin","image":{"@type":"ImageObject","inLanguage":"en-US","@id":"https:\/\/veritasinfo.org\/#\/schema\/person\/image\/","url":"https:\/\/secure.gravatar.com\/avatar\/ea53aa3bf6c9a12d5fde8ce4deff43fef3885ae33cf60184161a50d6987cfd2f?s=96&d=mm&r=g","contentUrl":"https:\/\/secure.gravatar.com\/avatar\/ea53aa3bf6c9a12d5fde8ce4deff43fef3885ae33cf60184161a50d6987cfd2f?s=96&d=mm&r=g","caption":"admin"},"sameAs":["https:\/\/veritasinfo.org"],"url":"https:\/\/veritasinfo.org\/?author=1"}]}},"featured_image_urls":{"full":["https:\/\/veritasinfo.org\/wp-content\/uploads\/2025\/07\/IMG_2190.jpeg",800,450,false],"thumbnail":["https:\/\/veritasinfo.org\/wp-content\/uploads\/2025\/07\/IMG_2190-150x150.jpeg",150,150,true],"medium":["https:\/\/veritasinfo.org\/wp-content\/uploads\/2025\/07\/IMG_2190-300x169.jpeg",300,169,true],"medium_large":["https:\/\/veritasinfo.org\/wp-content\/uploads\/2025\/07\/IMG_2190-768x432.jpeg",640,360,true],"large":["https:\/\/veritasinfo.org\/wp-content\/uploads\/2025\/07\/IMG_2190.jpeg",640,360,false],"1536x1536":["https:\/\/veritasinfo.org\/wp-content\/uploads\/2025\/07\/IMG_2190.jpeg",800,450,false],"2048x2048":["https:\/\/veritasinfo.org\/wp-content\/uploads\/2025\/07\/IMG_2190.jpeg",800,450,false],"kreeti-slider-full":["https:\/\/veritasinfo.org\/wp-content\/uploads\/2025\/07\/IMG_2190.jpeg",800,450,false],"kreeti-featured":["https:\/\/veritasinfo.org\/wp-content\/uploads\/2025\/07\/IMG_2190.jpeg",800,450,false],"kreeti-medium":["https:\/\/veritasinfo.org\/wp-content\/uploads\/2025\/07\/IMG_2190.jpeg",720,405,false],"kreeti-medium-square":["https:\/\/veritasinfo.org\/wp-content\/uploads\/2025\/07\/IMG_2190.jpeg",350,197,false]},"author_info":{"info":["admin"]},"category_info":"<a href=\"https:\/\/veritasinfo.org\/?cat=60\" rel=\"category\">Shoq\u00ebrore<\/a>","tag_info":"Shoq\u00ebrore","comment_count":"0","_links":{"self":[{"href":"https:\/\/veritasinfo.org\/index.php?rest_route=\/wp\/v2\/posts\/4661","targetHints":{"allow":["GET"]}}],"collection":[{"href":"https:\/\/veritasinfo.org\/index.php?rest_route=\/wp\/v2\/posts"}],"about":[{"href":"https:\/\/veritasinfo.org\/index.php?rest_route=\/wp\/v2\/types\/post"}],"author":[{"embeddable":true,"href":"https:\/\/veritasinfo.org\/index.php?rest_route=\/wp\/v2\/users\/1"}],"replies":[{"embeddable":true,"href":"https:\/\/veritasinfo.org\/index.php?rest_route=%2Fwp%2Fv2%2Fcomments&post=4661"}],"version-history":[{"count":1,"href":"https:\/\/veritasinfo.org\/index.php?rest_route=\/wp\/v2\/posts\/4661\/revisions"}],"predecessor-version":[{"id":4662,"href":"https:\/\/veritasinfo.org\/index.php?rest_route=\/wp\/v2\/posts\/4661\/revisions\/4662"}],"wp:featuredmedia":[{"embeddable":true,"href":"https:\/\/veritasinfo.org\/index.php?rest_route=\/wp\/v2\/media\/4614"}],"wp:attachment":[{"href":"https:\/\/veritasinfo.org\/index.php?rest_route=%2Fwp%2Fv2%2Fmedia&parent=4661"}],"wp:term":[{"taxonomy":"category","embeddable":true,"href":"https:\/\/veritasinfo.org\/index.php?rest_route=%2Fwp%2Fv2%2Fcategories&post=4661"},{"taxonomy":"post_tag","embeddable":true,"href":"https:\/\/veritasinfo.org\/index.php?rest_route=%2Fwp%2Fv2%2Ftags&post=4661"}],"curies":[{"name":"wp","href":"https:\/\/api.w.org\/{rel}","templated":true}]}}