{"id":4656,"date":"2025-07-21T18:16:49","date_gmt":"2025-07-21T16:16:49","guid":{"rendered":"https:\/\/veritasinfo.org\/?p=4656"},"modified":"2025-07-21T18:16:49","modified_gmt":"2025-07-21T16:16:49","slug":"svecla-per-gjetjen-e-zollave-ne-mitrovice-beogradi-po-i-stimulon-grupet-terroriste","status":"publish","type":"post","link":"https:\/\/veritasinfo.org\/?p=4656","title":{"rendered":"Sve\u00e7la p\u00ebr gjetjen e zollave n\u00eb Mitrovic\u00eb: Beogradi po i stimulon grupet terroriste"},"content":{"rendered":"<p>Prishtin\u00eb, 21 Korrik 2025<\/p>\n<p style=\"font-weight: 400;\"><span style=\"font-style: inherit; font-weight: inherit;\">Ministri i Pun\u00ebve t\u00eb Brendshme, Xhelal Sve\u00e7la, ka reaguar p\u00ebr gjetjen dhe konfiskimin e dy raketahedh\u00ebsve t\u00eb krahut apo t\u00eb njohura me termin \u201czolla\u201d t\u00eb prodhimit serb n\u00eb Mitrovic\u00ebn e Veriut.<\/span><\/p>\n<p style=\"font-weight: 400;\"><span style=\"font-style: inherit; font-weight: inherit;\">Ai n\u00eb nj\u00eb postim n\u00eb Facebook ka shkruar se p\u00ebr nivelin dhe sasin\u00eb e armatimit t\u00eb konfiskuar gjat\u00eb k\u00ebtyre kat\u00ebr viteve t\u00eb gjith\u00eb jan\u00eb d\u00ebshmitar\u00eb.<\/span><\/p>\n<p style=\"font-weight: 400;\"><span style=\"font-style: inherit; font-weight: inherit;\">\u201cN\u00eb an\u00ebn tjet\u00ebr, Beogradi jo vet\u00ebm q\u00eb nuk \u00ebsht\u00eb distancuar asnj\u00ebher\u00eb nga k\u00ebto mjete dhe veprime n\u00eb veri t\u00eb vendit, por p\u00ebrkundrazi, p\u00ebr vite me radh\u00eb i ka stimuluar, organizuar dhe furnizuar grupet terroriste dhe bandat kriminale, me t\u00eb vetmin q\u00ebllim: cenimin e integritetit territorial dhe rendit kushtetues t\u00eb Republik\u00ebs s\u00eb Kosov\u00ebs\u201d, ka shkruar ai.<\/span><\/p>\n<p style=\"font-weight: 400;\"><span style=\"font-style: inherit; font-weight: inherit;\">Sve\u00e7la ka th\u00ebn\u00eb tutje se jan\u00eb t\u00eb vendosur q\u00eb n\u00eb m\u00ebnyr\u00eb sistematike dhe pa asnj\u00eb dilem\u00eb t\u00eb \u00e7montojm\u00eb \u00e7do prani kriminale apo potencial terrorist n\u00eb vend.<\/span><\/p>\n<p style=\"font-weight: 400;\"><span style=\"font-style: inherit; font-weight: inherit;\">\u201c\u00c7do dit\u00eb e m\u00eb shum\u00eb po e kthejm\u00eb rendin n\u00eb at\u00eb pjes\u00eb t\u00eb territorit dhe, bashk\u00eb me t\u00eb, edhe investimet dhe zhvillimin p\u00ebr t\u00eb gjith\u00eb qytetar\u00ebt, pa dallim\u201d, ka shkruar ai n\u00eb Facebook.<\/span><\/p>\n<p>&nbsp;<\/p>\n","protected":false},"excerpt":{"rendered":"<p>Prishtin\u00eb, 21 Korrik 2025 Ministri i Pun\u00ebve t\u00eb Brendshme, Xhelal Sve\u00e7la, ka reaguar p\u00ebr gjetjen dhe konfiskimin e dy raketahedh\u00ebsve t\u00eb krahut apo t\u00eb njohura<\/p>\n","protected":false},"author":1,"featured_media":4657,"comment_status":"open","ping_status":"open","sticky":false,"template":"","format":"standard","meta":{"footnotes":""},"categories":[58],"tags":[],"class_list":["post-4656","post","type-post","status-publish","format-standard","has-post-thumbnail","hentry","category-politike-sq"],"yoast_head":"<!-- This site is optimized with the Yoast SEO plugin v25.3.1 - https:\/\/yoast.com\/wordpress\/plugins\/seo\/ -->\n<title>Sve\u00e7la p\u00ebr gjetjen e zollave n\u00eb Mitrovic\u00eb: Beogradi po i stimulon grupet terroriste -<\/title>\n<meta name=\"robots\" content=\"index, follow, max-snippet:-1, max-image-preview:large, max-video-preview:-1\" \/>\n<link rel=\"canonical\" href=\"https:\/\/veritasinfo.org\/?p=4656\" \/>\n<meta property=\"og:locale\" content=\"en_US\" \/>\n<meta property=\"og:type\" content=\"article\" \/>\n<meta property=\"og:title\" content=\"Sve\u00e7la p\u00ebr gjetjen e zollave n\u00eb Mitrovic\u00eb: Beogradi po i stimulon grupet terroriste -\" \/>\n<meta property=\"og:description\" content=\"Prishtin\u00eb, 21 Korrik 2025 Ministri i Pun\u00ebve t\u00eb Brendshme, Xhelal Sve\u00e7la, ka reaguar p\u00ebr gjetjen dhe konfiskimin e dy raketahedh\u00ebsve t\u00eb krahut apo t\u00eb njohura\" \/>\n<meta property=\"og:url\" content=\"https:\/\/veritasinfo.org\/?p=4656\" \/>\n<meta property=\"article:published_time\" content=\"2025-07-21T16:16:49+00:00\" \/>\n<meta property=\"og:image\" content=\"https:\/\/veritasinfo.org\/wp-content\/uploads\/2025\/07\/IMG_2157-1.webp\" \/>\n\t<meta property=\"og:image:width\" content=\"1331\" \/>\n\t<meta property=\"og:image:height\" content=\"749\" \/>\n\t<meta property=\"og:image:type\" content=\"image\/webp\" \/>\n<meta name=\"author\" content=\"admin\" \/>\n<meta name=\"twitter:card\" content=\"summary_large_image\" \/>\n<meta name=\"twitter:label1\" content=\"Written by\" \/>\n\t<meta name=\"twitter:data1\" content=\"admin\" \/>\n\t<meta name=\"twitter:label2\" content=\"Est. reading time\" \/>\n\t<meta name=\"twitter:data2\" content=\"1 minute\" \/>\n<script type=\"application\/ld+json\" class=\"yoast-schema-graph\">{\"@context\":\"https:\/\/schema.org\",\"@graph\":[{\"@type\":\"WebPage\",\"@id\":\"https:\/\/veritasinfo.org\/?p=4656\",\"url\":\"https:\/\/veritasinfo.org\/?p=4656\",\"name\":\"Sve\u00e7la p\u00ebr gjetjen e zollave n\u00eb Mitrovic\u00eb: Beogradi po i stimulon grupet terroriste -\",\"isPartOf\":{\"@id\":\"https:\/\/veritasinfo.org\/#website\"},\"primaryImageOfPage\":{\"@id\":\"https:\/\/veritasinfo.org\/?p=4656#primaryimage\"},\"image\":{\"@id\":\"https:\/\/veritasinfo.org\/?p=4656#primaryimage\"},\"thumbnailUrl\":\"https:\/\/veritasinfo.org\/wp-content\/uploads\/2025\/07\/IMG_2157-1.webp\",\"datePublished\":\"2025-07-21T16:16:49+00:00\",\"author\":{\"@id\":\"https:\/\/veritasinfo.org\/#\/schema\/person\/7701f8c088bece422266b100a712374f\"},\"breadcrumb\":{\"@id\":\"https:\/\/veritasinfo.org\/?p=4656#breadcrumb\"},\"inLanguage\":\"en-US\",\"potentialAction\":[{\"@type\":\"ReadAction\",\"target\":[\"https:\/\/veritasinfo.org\/?p=4656\"]}]},{\"@type\":\"ImageObject\",\"inLanguage\":\"en-US\",\"@id\":\"https:\/\/veritasinfo.org\/?p=4656#primaryimage\",\"url\":\"https:\/\/veritasinfo.org\/wp-content\/uploads\/2025\/07\/IMG_2157-1.webp\",\"contentUrl\":\"https:\/\/veritasinfo.org\/wp-content\/uploads\/2025\/07\/IMG_2157-1.webp\",\"width\":1331,\"height\":749},{\"@type\":\"BreadcrumbList\",\"@id\":\"https:\/\/veritasinfo.org\/?p=4656#breadcrumb\",\"itemListElement\":[{\"@type\":\"ListItem\",\"position\":1,\"name\":\"Home\",\"item\":\"https:\/\/veritasinfo.org\/\"},{\"@type\":\"ListItem\",\"position\":2,\"name\":\"Sve\u00e7la p\u00ebr gjetjen e zollave n\u00eb Mitrovic\u00eb: Beogradi po i stimulon grupet terroriste\"}]},{\"@type\":\"WebSite\",\"@id\":\"https:\/\/veritasinfo.org\/#website\",\"url\":\"https:\/\/veritasinfo.org\/\",\"name\":\"\",\"description\":\"\",\"potentialAction\":[{\"@type\":\"SearchAction\",\"target\":{\"@type\":\"EntryPoint\",\"urlTemplate\":\"https:\/\/veritasinfo.org\/?s={search_term_string}\"},\"query-input\":{\"@type\":\"PropertyValueSpecification\",\"valueRequired\":true,\"valueName\":\"search_term_string\"}}],\"inLanguage\":\"en-US\"},{\"@type\":\"Person\",\"@id\":\"https:\/\/veritasinfo.org\/#\/schema\/person\/7701f8c088bece422266b100a712374f\",\"name\":\"admin\",\"image\":{\"@type\":\"ImageObject\",\"inLanguage\":\"en-US\",\"@id\":\"https:\/\/veritasinfo.org\/#\/schema\/person\/image\/\",\"url\":\"https:\/\/secure.gravatar.com\/avatar\/ea53aa3bf6c9a12d5fde8ce4deff43fef3885ae33cf60184161a50d6987cfd2f?s=96&d=mm&r=g\",\"contentUrl\":\"https:\/\/secure.gravatar.com\/avatar\/ea53aa3bf6c9a12d5fde8ce4deff43fef3885ae33cf60184161a50d6987cfd2f?s=96&d=mm&r=g\",\"caption\":\"admin\"},\"sameAs\":[\"https:\/\/veritasinfo.org\"],\"url\":\"https:\/\/veritasinfo.org\/?author=1\"}]}<\/script>\n<!-- \/ Yoast SEO plugin. -->","yoast_head_json":{"title":"Sve\u00e7la p\u00ebr gjetjen e zollave n\u00eb Mitrovic\u00eb: Beogradi po i stimulon grupet terroriste -","robots":{"index":"index","follow":"follow","max-snippet":"max-snippet:-1","max-image-preview":"max-image-preview:large","max-video-preview":"max-video-preview:-1"},"canonical":"https:\/\/veritasinfo.org\/?p=4656","og_locale":"en_US","og_type":"article","og_title":"Sve\u00e7la p\u00ebr gjetjen e zollave n\u00eb Mitrovic\u00eb: Beogradi po i stimulon grupet terroriste -","og_description":"Prishtin\u00eb, 21 Korrik 2025 Ministri i Pun\u00ebve t\u00eb Brendshme, Xhelal Sve\u00e7la, ka reaguar p\u00ebr gjetjen dhe konfiskimin e dy raketahedh\u00ebsve t\u00eb krahut apo t\u00eb njohura","og_url":"https:\/\/veritasinfo.org\/?p=4656","article_published_time":"2025-07-21T16:16:49+00:00","og_image":[{"width":1331,"height":749,"url":"https:\/\/veritasinfo.org\/wp-content\/uploads\/2025\/07\/IMG_2157-1.webp","type":"image\/webp"}],"author":"admin","twitter_card":"summary_large_image","twitter_misc":{"Written by":"admin","Est. reading time":"1 minute"},"schema":{"@context":"https:\/\/schema.org","@graph":[{"@type":"WebPage","@id":"https:\/\/veritasinfo.org\/?p=4656","url":"https:\/\/veritasinfo.org\/?p=4656","name":"Sve\u00e7la p\u00ebr gjetjen e zollave n\u00eb Mitrovic\u00eb: Beogradi po i stimulon grupet terroriste -","isPartOf":{"@id":"https:\/\/veritasinfo.org\/#website"},"primaryImageOfPage":{"@id":"https:\/\/veritasinfo.org\/?p=4656#primaryimage"},"image":{"@id":"https:\/\/veritasinfo.org\/?p=4656#primaryimage"},"thumbnailUrl":"https:\/\/veritasinfo.org\/wp-content\/uploads\/2025\/07\/IMG_2157-1.webp","datePublished":"2025-07-21T16:16:49+00:00","author":{"@id":"https:\/\/veritasinfo.org\/#\/schema\/person\/7701f8c088bece422266b100a712374f"},"breadcrumb":{"@id":"https:\/\/veritasinfo.org\/?p=4656#breadcrumb"},"inLanguage":"en-US","potentialAction":[{"@type":"ReadAction","target":["https:\/\/veritasinfo.org\/?p=4656"]}]},{"@type":"ImageObject","inLanguage":"en-US","@id":"https:\/\/veritasinfo.org\/?p=4656#primaryimage","url":"https:\/\/veritasinfo.org\/wp-content\/uploads\/2025\/07\/IMG_2157-1.webp","contentUrl":"https:\/\/veritasinfo.org\/wp-content\/uploads\/2025\/07\/IMG_2157-1.webp","width":1331,"height":749},{"@type":"BreadcrumbList","@id":"https:\/\/veritasinfo.org\/?p=4656#breadcrumb","itemListElement":[{"@type":"ListItem","position":1,"name":"Home","item":"https:\/\/veritasinfo.org\/"},{"@type":"ListItem","position":2,"name":"Sve\u00e7la p\u00ebr gjetjen e zollave n\u00eb Mitrovic\u00eb: Beogradi po i stimulon grupet terroriste"}]},{"@type":"WebSite","@id":"https:\/\/veritasinfo.org\/#website","url":"https:\/\/veritasinfo.org\/","name":"","description":"","potentialAction":[{"@type":"SearchAction","target":{"@type":"EntryPoint","urlTemplate":"https:\/\/veritasinfo.org\/?s={search_term_string}"},"query-input":{"@type":"PropertyValueSpecification","valueRequired":true,"valueName":"search_term_string"}}],"inLanguage":"en-US"},{"@type":"Person","@id":"https:\/\/veritasinfo.org\/#\/schema\/person\/7701f8c088bece422266b100a712374f","name":"admin","image":{"@type":"ImageObject","inLanguage":"en-US","@id":"https:\/\/veritasinfo.org\/#\/schema\/person\/image\/","url":"https:\/\/secure.gravatar.com\/avatar\/ea53aa3bf6c9a12d5fde8ce4deff43fef3885ae33cf60184161a50d6987cfd2f?s=96&d=mm&r=g","contentUrl":"https:\/\/secure.gravatar.com\/avatar\/ea53aa3bf6c9a12d5fde8ce4deff43fef3885ae33cf60184161a50d6987cfd2f?s=96&d=mm&r=g","caption":"admin"},"sameAs":["https:\/\/veritasinfo.org"],"url":"https:\/\/veritasinfo.org\/?author=1"}]}},"featured_image_urls":{"full":["https:\/\/veritasinfo.org\/wp-content\/uploads\/2025\/07\/IMG_2157-1.webp",1331,749,false],"thumbnail":["https:\/\/veritasinfo.org\/wp-content\/uploads\/2025\/07\/IMG_2157-1-150x150.webp",150,150,true],"medium":["https:\/\/veritasinfo.org\/wp-content\/uploads\/2025\/07\/IMG_2157-1-300x169.webp",300,169,true],"medium_large":["https:\/\/veritasinfo.org\/wp-content\/uploads\/2025\/07\/IMG_2157-1-768x432.webp",640,360,true],"large":["https:\/\/veritasinfo.org\/wp-content\/uploads\/2025\/07\/IMG_2157-1-1024x576.webp",640,360,true],"1536x1536":["https:\/\/veritasinfo.org\/wp-content\/uploads\/2025\/07\/IMG_2157-1.webp",1331,749,false],"2048x2048":["https:\/\/veritasinfo.org\/wp-content\/uploads\/2025\/07\/IMG_2157-1.webp",1331,749,false],"kreeti-slider-full":["https:\/\/veritasinfo.org\/wp-content\/uploads\/2025\/07\/IMG_2157-1.webp",1280,720,false],"kreeti-featured":["https:\/\/veritasinfo.org\/wp-content\/uploads\/2025\/07\/IMG_2157-1.webp",1024,576,false],"kreeti-medium":["https:\/\/veritasinfo.org\/wp-content\/uploads\/2025\/07\/IMG_2157-1.webp",720,405,false],"kreeti-medium-square":["https:\/\/veritasinfo.org\/wp-content\/uploads\/2025\/07\/IMG_2157-1.webp",350,197,false]},"author_info":{"info":["admin"]},"category_info":"<a href=\"https:\/\/veritasinfo.org\/?cat=58\" rel=\"category\">Politik\u00eb<\/a>","tag_info":"Politik\u00eb","comment_count":"0","_links":{"self":[{"href":"https:\/\/veritasinfo.org\/index.php?rest_route=\/wp\/v2\/posts\/4656","targetHints":{"allow":["GET"]}}],"collection":[{"href":"https:\/\/veritasinfo.org\/index.php?rest_route=\/wp\/v2\/posts"}],"about":[{"href":"https:\/\/veritasinfo.org\/index.php?rest_route=\/wp\/v2\/types\/post"}],"author":[{"embeddable":true,"href":"https:\/\/veritasinfo.org\/index.php?rest_route=\/wp\/v2\/users\/1"}],"replies":[{"embeddable":true,"href":"https:\/\/veritasinfo.org\/index.php?rest_route=%2Fwp%2Fv2%2Fcomments&post=4656"}],"version-history":[{"count":1,"href":"https:\/\/veritasinfo.org\/index.php?rest_route=\/wp\/v2\/posts\/4656\/revisions"}],"predecessor-version":[{"id":4658,"href":"https:\/\/veritasinfo.org\/index.php?rest_route=\/wp\/v2\/posts\/4656\/revisions\/4658"}],"wp:featuredmedia":[{"embeddable":true,"href":"https:\/\/veritasinfo.org\/index.php?rest_route=\/wp\/v2\/media\/4657"}],"wp:attachment":[{"href":"https:\/\/veritasinfo.org\/index.php?rest_route=%2Fwp%2Fv2%2Fmedia&parent=4656"}],"wp:term":[{"taxonomy":"category","embeddable":true,"href":"https:\/\/veritasinfo.org\/index.php?rest_route=%2Fwp%2Fv2%2Fcategories&post=4656"},{"taxonomy":"post_tag","embeddable":true,"href":"https:\/\/veritasinfo.org\/index.php?rest_route=%2Fwp%2Fv2%2Ftags&post=4656"}],"curies":[{"name":"wp","href":"https:\/\/api.w.org\/{rel}","templated":true}]}}