{"id":4650,"date":"2025-07-21T16:25:07","date_gmt":"2025-07-21T14:25:07","guid":{"rendered":"https:\/\/veritasinfo.org\/?p=4650"},"modified":"2025-07-21T16:25:07","modified_gmt":"2025-07-21T14:25:07","slug":"osmani-takon-shefin-e-zyres-se-be-se-ne-kosove-ne-qender-te-bisedes-konstituimi-i-kuvendit","status":"publish","type":"post","link":"https:\/\/veritasinfo.org\/?p=4650","title":{"rendered":"Osmani takon Shefin e Zyr\u00ebs s\u00eb BE-s\u00eb n\u00eb Kosov\u00eb \u2013 n\u00eb qend\u00ebr t\u00eb bised\u00ebs konstituimi i Kuvendit"},"content":{"rendered":"<p>Prishtin\u00eb, 21 korrik 2025<\/p>\n<p>Presidentja e Republik\u00ebs s\u00eb Kosov\u00ebs, Vjosa Osmani, ka pritur sot n\u00eb takim Shefin e Zyr\u00ebs s\u00eb Bashkimit Evropian n\u00eb Kosov\u00eb, Aivo Orav. Takimi \u00ebsht\u00eb fokusuar n\u00eb zhvillimet aktuale politike, me theks t\u00eb ve\u00e7ant\u00eb te moskonstituimi i Kuvendit t\u00eb Kosov\u00ebs.<\/p>\n<p>Gjat\u00eb bised\u00ebs, \u00ebsht\u00eb diskutuar p\u00ebr pasojat q\u00eb sjell vonesa n\u00eb konstituimin e Kuvendit, si n\u00eb funksionimin e institucioneve demokratike, ashtu edhe n\u00eb proceset ky\u00e7e t\u00eb integrimit evropian. Presidentja Osmani ka theksuar nevoj\u00ebn p\u00ebr p\u00ebrmbushjen e obligimeve kushtetuese dhe formimin e institucioneve n\u00eb koh\u00eb sa m\u00eb t\u00eb shpejt\u00eb.<\/p>\n<p>Gjithashtu, n\u00eb takim u fol p\u00ebr raportet nd\u00ebrmjet Kosov\u00ebs dhe Bashkimit Evropian. Presidentja p\u00ebrs\u00ebriti k\u00ebrkes\u00ebn p\u00ebr heqjen e plot\u00eb t\u00eb masave nd\u00ebshkuese ndaj Kosov\u00ebs dhe n\u00ebnvizoi r\u00ebnd\u00ebsin\u00eb e p\u00ebrparimit n\u00eb trajtimin e aplikimit t\u00eb vendit p\u00ebr statusin e kandidatit n\u00eb BE.<\/p>\n<p>&nbsp;<\/p>\n","protected":false},"excerpt":{"rendered":"<p>Prishtin\u00eb, 21 korrik 2025 Presidentja e Republik\u00ebs s\u00eb Kosov\u00ebs, Vjosa Osmani, ka pritur sot n\u00eb takim Shefin e Zyr\u00ebs s\u00eb Bashkimit Evropian n\u00eb Kosov\u00eb, Aivo<\/p>\n","protected":false},"author":1,"featured_media":4652,"comment_status":"open","ping_status":"open","sticky":false,"template":"","format":"standard","meta":{"footnotes":""},"categories":[58],"tags":[],"class_list":["post-4650","post","type-post","status-publish","format-standard","has-post-thumbnail","hentry","category-politike-sq"],"yoast_head":"<!-- This site is optimized with the Yoast SEO plugin v25.3.1 - https:\/\/yoast.com\/wordpress\/plugins\/seo\/ -->\n<title>Osmani takon Shefin e Zyr\u00ebs s\u00eb BE-s\u00eb n\u00eb Kosov\u00eb \u2013 n\u00eb qend\u00ebr t\u00eb bised\u00ebs konstituimi i Kuvendit -<\/title>\n<meta name=\"robots\" content=\"index, follow, max-snippet:-1, max-image-preview:large, max-video-preview:-1\" \/>\n<link rel=\"canonical\" href=\"https:\/\/veritasinfo.org\/?p=4650\" \/>\n<meta property=\"og:locale\" content=\"en_US\" \/>\n<meta property=\"og:type\" content=\"article\" \/>\n<meta property=\"og:title\" content=\"Osmani takon Shefin e Zyr\u00ebs s\u00eb BE-s\u00eb n\u00eb Kosov\u00eb \u2013 n\u00eb qend\u00ebr t\u00eb bised\u00ebs konstituimi i Kuvendit -\" \/>\n<meta property=\"og:description\" content=\"Prishtin\u00eb, 21 korrik 2025 Presidentja e Republik\u00ebs s\u00eb Kosov\u00ebs, Vjosa Osmani, ka pritur sot n\u00eb takim Shefin e Zyr\u00ebs s\u00eb Bashkimit Evropian n\u00eb Kosov\u00eb, Aivo\" \/>\n<meta property=\"og:url\" content=\"https:\/\/veritasinfo.org\/?p=4650\" \/>\n<meta property=\"article:published_time\" content=\"2025-07-21T14:25:07+00:00\" \/>\n<meta property=\"og:image\" content=\"https:\/\/veritasinfo.org\/wp-content\/uploads\/2025\/07\/518376241_780704257951565_883239064148797525_n-1536x1130-1.jpg\" \/>\n\t<meta property=\"og:image:width\" content=\"1536\" \/>\n\t<meta property=\"og:image:height\" content=\"1130\" \/>\n\t<meta property=\"og:image:type\" content=\"image\/jpeg\" \/>\n<meta name=\"author\" content=\"admin\" \/>\n<meta name=\"twitter:card\" content=\"summary_large_image\" \/>\n<meta name=\"twitter:label1\" content=\"Written by\" \/>\n\t<meta name=\"twitter:data1\" content=\"admin\" \/>\n\t<meta name=\"twitter:label2\" content=\"Est. reading time\" \/>\n\t<meta name=\"twitter:data2\" content=\"1 minute\" \/>\n<script type=\"application\/ld+json\" class=\"yoast-schema-graph\">{\"@context\":\"https:\/\/schema.org\",\"@graph\":[{\"@type\":\"WebPage\",\"@id\":\"https:\/\/veritasinfo.org\/?p=4650\",\"url\":\"https:\/\/veritasinfo.org\/?p=4650\",\"name\":\"Osmani takon Shefin e Zyr\u00ebs s\u00eb BE-s\u00eb n\u00eb Kosov\u00eb \u2013 n\u00eb qend\u00ebr t\u00eb bised\u00ebs konstituimi i Kuvendit -\",\"isPartOf\":{\"@id\":\"https:\/\/veritasinfo.org\/#website\"},\"primaryImageOfPage\":{\"@id\":\"https:\/\/veritasinfo.org\/?p=4650#primaryimage\"},\"image\":{\"@id\":\"https:\/\/veritasinfo.org\/?p=4650#primaryimage\"},\"thumbnailUrl\":\"https:\/\/veritasinfo.org\/wp-content\/uploads\/2025\/07\/518376241_780704257951565_883239064148797525_n-1536x1130-1.jpg\",\"datePublished\":\"2025-07-21T14:25:07+00:00\",\"author\":{\"@id\":\"https:\/\/veritasinfo.org\/#\/schema\/person\/7701f8c088bece422266b100a712374f\"},\"breadcrumb\":{\"@id\":\"https:\/\/veritasinfo.org\/?p=4650#breadcrumb\"},\"inLanguage\":\"en-US\",\"potentialAction\":[{\"@type\":\"ReadAction\",\"target\":[\"https:\/\/veritasinfo.org\/?p=4650\"]}]},{\"@type\":\"ImageObject\",\"inLanguage\":\"en-US\",\"@id\":\"https:\/\/veritasinfo.org\/?p=4650#primaryimage\",\"url\":\"https:\/\/veritasinfo.org\/wp-content\/uploads\/2025\/07\/518376241_780704257951565_883239064148797525_n-1536x1130-1.jpg\",\"contentUrl\":\"https:\/\/veritasinfo.org\/wp-content\/uploads\/2025\/07\/518376241_780704257951565_883239064148797525_n-1536x1130-1.jpg\",\"width\":1536,\"height\":1130},{\"@type\":\"BreadcrumbList\",\"@id\":\"https:\/\/veritasinfo.org\/?p=4650#breadcrumb\",\"itemListElement\":[{\"@type\":\"ListItem\",\"position\":1,\"name\":\"Home\",\"item\":\"https:\/\/veritasinfo.org\/\"},{\"@type\":\"ListItem\",\"position\":2,\"name\":\"Osmani takon Shefin e Zyr\u00ebs s\u00eb BE-s\u00eb n\u00eb Kosov\u00eb \u2013 n\u00eb qend\u00ebr t\u00eb bised\u00ebs konstituimi i Kuvendit\"}]},{\"@type\":\"WebSite\",\"@id\":\"https:\/\/veritasinfo.org\/#website\",\"url\":\"https:\/\/veritasinfo.org\/\",\"name\":\"\",\"description\":\"\",\"potentialAction\":[{\"@type\":\"SearchAction\",\"target\":{\"@type\":\"EntryPoint\",\"urlTemplate\":\"https:\/\/veritasinfo.org\/?s={search_term_string}\"},\"query-input\":{\"@type\":\"PropertyValueSpecification\",\"valueRequired\":true,\"valueName\":\"search_term_string\"}}],\"inLanguage\":\"en-US\"},{\"@type\":\"Person\",\"@id\":\"https:\/\/veritasinfo.org\/#\/schema\/person\/7701f8c088bece422266b100a712374f\",\"name\":\"admin\",\"image\":{\"@type\":\"ImageObject\",\"inLanguage\":\"en-US\",\"@id\":\"https:\/\/veritasinfo.org\/#\/schema\/person\/image\/\",\"url\":\"https:\/\/secure.gravatar.com\/avatar\/ea53aa3bf6c9a12d5fde8ce4deff43fef3885ae33cf60184161a50d6987cfd2f?s=96&d=mm&r=g\",\"contentUrl\":\"https:\/\/secure.gravatar.com\/avatar\/ea53aa3bf6c9a12d5fde8ce4deff43fef3885ae33cf60184161a50d6987cfd2f?s=96&d=mm&r=g\",\"caption\":\"admin\"},\"sameAs\":[\"https:\/\/veritasinfo.org\"],\"url\":\"https:\/\/veritasinfo.org\/?author=1\"}]}<\/script>\n<!-- \/ Yoast SEO plugin. -->","yoast_head_json":{"title":"Osmani takon Shefin e Zyr\u00ebs s\u00eb BE-s\u00eb n\u00eb Kosov\u00eb \u2013 n\u00eb qend\u00ebr t\u00eb bised\u00ebs konstituimi i Kuvendit -","robots":{"index":"index","follow":"follow","max-snippet":"max-snippet:-1","max-image-preview":"max-image-preview:large","max-video-preview":"max-video-preview:-1"},"canonical":"https:\/\/veritasinfo.org\/?p=4650","og_locale":"en_US","og_type":"article","og_title":"Osmani takon Shefin e Zyr\u00ebs s\u00eb BE-s\u00eb n\u00eb Kosov\u00eb \u2013 n\u00eb qend\u00ebr t\u00eb bised\u00ebs konstituimi i Kuvendit -","og_description":"Prishtin\u00eb, 21 korrik 2025 Presidentja e Republik\u00ebs s\u00eb Kosov\u00ebs, Vjosa Osmani, ka pritur sot n\u00eb takim Shefin e Zyr\u00ebs s\u00eb Bashkimit Evropian n\u00eb Kosov\u00eb, Aivo","og_url":"https:\/\/veritasinfo.org\/?p=4650","article_published_time":"2025-07-21T14:25:07+00:00","og_image":[{"width":1536,"height":1130,"url":"https:\/\/veritasinfo.org\/wp-content\/uploads\/2025\/07\/518376241_780704257951565_883239064148797525_n-1536x1130-1.jpg","type":"image\/jpeg"}],"author":"admin","twitter_card":"summary_large_image","twitter_misc":{"Written by":"admin","Est. reading time":"1 minute"},"schema":{"@context":"https:\/\/schema.org","@graph":[{"@type":"WebPage","@id":"https:\/\/veritasinfo.org\/?p=4650","url":"https:\/\/veritasinfo.org\/?p=4650","name":"Osmani takon Shefin e Zyr\u00ebs s\u00eb BE-s\u00eb n\u00eb Kosov\u00eb \u2013 n\u00eb qend\u00ebr t\u00eb bised\u00ebs konstituimi i Kuvendit -","isPartOf":{"@id":"https:\/\/veritasinfo.org\/#website"},"primaryImageOfPage":{"@id":"https:\/\/veritasinfo.org\/?p=4650#primaryimage"},"image":{"@id":"https:\/\/veritasinfo.org\/?p=4650#primaryimage"},"thumbnailUrl":"https:\/\/veritasinfo.org\/wp-content\/uploads\/2025\/07\/518376241_780704257951565_883239064148797525_n-1536x1130-1.jpg","datePublished":"2025-07-21T14:25:07+00:00","author":{"@id":"https:\/\/veritasinfo.org\/#\/schema\/person\/7701f8c088bece422266b100a712374f"},"breadcrumb":{"@id":"https:\/\/veritasinfo.org\/?p=4650#breadcrumb"},"inLanguage":"en-US","potentialAction":[{"@type":"ReadAction","target":["https:\/\/veritasinfo.org\/?p=4650"]}]},{"@type":"ImageObject","inLanguage":"en-US","@id":"https:\/\/veritasinfo.org\/?p=4650#primaryimage","url":"https:\/\/veritasinfo.org\/wp-content\/uploads\/2025\/07\/518376241_780704257951565_883239064148797525_n-1536x1130-1.jpg","contentUrl":"https:\/\/veritasinfo.org\/wp-content\/uploads\/2025\/07\/518376241_780704257951565_883239064148797525_n-1536x1130-1.jpg","width":1536,"height":1130},{"@type":"BreadcrumbList","@id":"https:\/\/veritasinfo.org\/?p=4650#breadcrumb","itemListElement":[{"@type":"ListItem","position":1,"name":"Home","item":"https:\/\/veritasinfo.org\/"},{"@type":"ListItem","position":2,"name":"Osmani takon Shefin e Zyr\u00ebs s\u00eb BE-s\u00eb n\u00eb Kosov\u00eb \u2013 n\u00eb qend\u00ebr t\u00eb bised\u00ebs konstituimi i Kuvendit"}]},{"@type":"WebSite","@id":"https:\/\/veritasinfo.org\/#website","url":"https:\/\/veritasinfo.org\/","name":"","description":"","potentialAction":[{"@type":"SearchAction","target":{"@type":"EntryPoint","urlTemplate":"https:\/\/veritasinfo.org\/?s={search_term_string}"},"query-input":{"@type":"PropertyValueSpecification","valueRequired":true,"valueName":"search_term_string"}}],"inLanguage":"en-US"},{"@type":"Person","@id":"https:\/\/veritasinfo.org\/#\/schema\/person\/7701f8c088bece422266b100a712374f","name":"admin","image":{"@type":"ImageObject","inLanguage":"en-US","@id":"https:\/\/veritasinfo.org\/#\/schema\/person\/image\/","url":"https:\/\/secure.gravatar.com\/avatar\/ea53aa3bf6c9a12d5fde8ce4deff43fef3885ae33cf60184161a50d6987cfd2f?s=96&d=mm&r=g","contentUrl":"https:\/\/secure.gravatar.com\/avatar\/ea53aa3bf6c9a12d5fde8ce4deff43fef3885ae33cf60184161a50d6987cfd2f?s=96&d=mm&r=g","caption":"admin"},"sameAs":["https:\/\/veritasinfo.org"],"url":"https:\/\/veritasinfo.org\/?author=1"}]}},"featured_image_urls":{"full":["https:\/\/veritasinfo.org\/wp-content\/uploads\/2025\/07\/518376241_780704257951565_883239064148797525_n-1536x1130-1.jpg",1536,1130,false],"thumbnail":["https:\/\/veritasinfo.org\/wp-content\/uploads\/2025\/07\/518376241_780704257951565_883239064148797525_n-1536x1130-1-150x150.jpg",150,150,true],"medium":["https:\/\/veritasinfo.org\/wp-content\/uploads\/2025\/07\/518376241_780704257951565_883239064148797525_n-1536x1130-1-300x221.jpg",300,221,true],"medium_large":["https:\/\/veritasinfo.org\/wp-content\/uploads\/2025\/07\/518376241_780704257951565_883239064148797525_n-1536x1130-1-768x565.jpg",640,471,true],"large":["https:\/\/veritasinfo.org\/wp-content\/uploads\/2025\/07\/518376241_780704257951565_883239064148797525_n-1536x1130-1-1024x753.jpg",640,471,true],"1536x1536":["https:\/\/veritasinfo.org\/wp-content\/uploads\/2025\/07\/518376241_780704257951565_883239064148797525_n-1536x1130-1.jpg",1536,1130,false],"2048x2048":["https:\/\/veritasinfo.org\/wp-content\/uploads\/2025\/07\/518376241_780704257951565_883239064148797525_n-1536x1130-1.jpg",1536,1130,false],"kreeti-slider-full":["https:\/\/veritasinfo.org\/wp-content\/uploads\/2025\/07\/518376241_780704257951565_883239064148797525_n-1536x1130-1.jpg",979,720,false],"kreeti-featured":["https:\/\/veritasinfo.org\/wp-content\/uploads\/2025\/07\/518376241_780704257951565_883239064148797525_n-1536x1130-1.jpg",1024,753,false],"kreeti-medium":["https:\/\/veritasinfo.org\/wp-content\/uploads\/2025\/07\/518376241_780704257951565_883239064148797525_n-1536x1130-1.jpg",720,530,false],"kreeti-medium-square":["https:\/\/veritasinfo.org\/wp-content\/uploads\/2025\/07\/518376241_780704257951565_883239064148797525_n-1536x1130-1.jpg",350,257,false]},"author_info":{"info":["admin"]},"category_info":"<a href=\"https:\/\/veritasinfo.org\/?cat=58\" rel=\"category\">Politik\u00eb<\/a>","tag_info":"Politik\u00eb","comment_count":"0","_links":{"self":[{"href":"https:\/\/veritasinfo.org\/index.php?rest_route=\/wp\/v2\/posts\/4650","targetHints":{"allow":["GET"]}}],"collection":[{"href":"https:\/\/veritasinfo.org\/index.php?rest_route=\/wp\/v2\/posts"}],"about":[{"href":"https:\/\/veritasinfo.org\/index.php?rest_route=\/wp\/v2\/types\/post"}],"author":[{"embeddable":true,"href":"https:\/\/veritasinfo.org\/index.php?rest_route=\/wp\/v2\/users\/1"}],"replies":[{"embeddable":true,"href":"https:\/\/veritasinfo.org\/index.php?rest_route=%2Fwp%2Fv2%2Fcomments&post=4650"}],"version-history":[{"count":1,"href":"https:\/\/veritasinfo.org\/index.php?rest_route=\/wp\/v2\/posts\/4650\/revisions"}],"predecessor-version":[{"id":4653,"href":"https:\/\/veritasinfo.org\/index.php?rest_route=\/wp\/v2\/posts\/4650\/revisions\/4653"}],"wp:featuredmedia":[{"embeddable":true,"href":"https:\/\/veritasinfo.org\/index.php?rest_route=\/wp\/v2\/media\/4652"}],"wp:attachment":[{"href":"https:\/\/veritasinfo.org\/index.php?rest_route=%2Fwp%2Fv2%2Fmedia&parent=4650"}],"wp:term":[{"taxonomy":"category","embeddable":true,"href":"https:\/\/veritasinfo.org\/index.php?rest_route=%2Fwp%2Fv2%2Fcategories&post=4650"},{"taxonomy":"post_tag","embeddable":true,"href":"https:\/\/veritasinfo.org\/index.php?rest_route=%2Fwp%2Fv2%2Ftags&post=4650"}],"curies":[{"name":"wp","href":"https:\/\/api.w.org\/{rel}","templated":true}]}}