{"id":4638,"date":"2025-07-21T15:54:22","date_gmt":"2025-07-21T13:54:22","guid":{"rendered":"https:\/\/veritasinfo.org\/?p=4638"},"modified":"2025-07-21T15:54:22","modified_gmt":"2025-07-21T13:54:22","slug":"kurti-deklaratat-e-vuciqit-pas-arrestimit-te-popoviqit-perbejne-kercenim-sduhet-neglizhuar","status":"publish","type":"post","link":"https:\/\/veritasinfo.org\/?p=4638","title":{"rendered":"Kurti: Deklaratat e Vu\u00e7iqit pas arrestimit t\u00eb Popoviqit p\u00ebrb\u00ebjn\u00eb k\u00ebrc\u00ebnim, s\u2019duhet neglizhuar"},"content":{"rendered":"<p>Prishtin\u00eb, 21 Korrik 2025<\/p>\n<p>Kryeministri n\u00eb detyr\u00eb i Kosov\u00ebs, Albin Kurti ka th\u00ebn\u00eb se deklarata e presidenti serb, Aleksander Vu\u00e7iq pas arrestimit t\u00eb zararit serb q\u00eb ofendoi U\u00c7K-n\u00eb jan\u00eb t\u00eb k\u00ebrc\u00ebnuese.<\/p>\n<p>Ai ka th\u00ebn\u00eb se Kosova \u00ebsht\u00eb shtet demokratik dhe respekton lirin e shprehjes po nxitja e urrejtjes nuk do t\u00eb tolerohet<\/p>\n<div class=\"jeg_ad jeg_ad_article jnews_content_inline_ads  \">\n<div class=\"ads-wrapper align-center \">Kurti n\u00eb nj\u00eb konferenc\u00eb p\u00ebr media tha se Popoviq po trajtohet nga oralen e drejt\u00ebsis\u00eb me profesionaliz\u00ebm dhe me p\u00ebrputhje me t\u00eb gjitha standardet nd\u00ebrkomb\u00ebtare t\u00eb drejtave t\u00eb lirive t\u00eb njeriut<\/div>\n<\/div>\n<p>\u201cDeklaratat e presidentit serb jan\u00eb t\u00eb papranueshme dhe nj\u00ebkoh\u00ebsisht k\u00ebrc\u00ebnuese. Kur nj\u00eb president i nj\u00eb shteti komandat i ushtris\u00eb l\u00ebshon tone k\u00ebrc\u00ebnuese kjo nuk mund t\u00eb konsiderohet si q\u00ebndrim individual por si politik\u00eb shtet\u00ebrore. N\u00eb k\u00ebt\u00eb m\u00ebnyr\u00eb Beogradi tregon se nuk e mb\u00ebshtet drejt\u00ebsin\u00eb paqen dhe stabilitetin, por nxitjen e p\u00ebr\u00e7arjes n\u00eb rajon .Duke sulmuar vler\u00ebn m\u00eb t\u00eb shenjt\u00eb t\u00eb shqiptar\u00ebve, U\u00c7K-n\u00eb p\u00ebrmes deklarimeve t\u00eb tilla qart\u00ebsisht t\u00eb sinkronizuar ata kan\u00eb p\u00ebr q\u00ebllim nxitjen \u00a0e provokimit e tensioneve. Deklarata e tilla p\u00ebrb\u00ebjn\u00eb nj\u00eb k\u00ebrc\u00ebnim p\u00ebr sigurin\u00eb e Ballkanit Per\u00ebndimor dhe nuk duhet neglizhuar\u201d, ka th\u00ebn\u00eb Kurti, raporton teve1.info<\/p>\n<p>Kurti u ka b\u00ebr\u00eb thirrje qytetar\u00ebve q\u00eb t\u00eb shmangin udh\u00ebtimet drejt territorit t\u00eb Serbis\u00eb, pasi si\u00e7 ka th\u00ebn\u00eb ai ka indikacione p\u00ebr rrezikim nga provokimet e ndalimet arbitrare.<\/p>\n<p>Ai po ashtu u ka b\u00ebr\u00eb thirrje BE-s\u00eb, NATO-s q\u00eb t\u2019i d\u00ebnoj\u00eb deklarimet e Vu\u00e7iqit.<\/p>\n<p>\u201cJu b\u00ebjm\u00eb thirrje qytetar\u00ebve t\u00eb Kosov\u00ebs q\u00eb t\u00eb shmangin udh\u00ebtimet drejt territorit t\u00eb Serbis\u00eb, pasi ka indikacione p\u00ebr rrezikim nga provokime e ndalime arbitrare nga autoritet serbe ndaj qytetasve tan\u00eb.I ftojm\u00eb p\u00ebr maturi bashk\u00ebpunim me institucionet e Kosov\u00ebs dhe ruajtje t\u00eb unitetit dhe qet\u00ebsis\u00eb. Poashtu i b\u00ebjm\u00eb thirrje BE-sw, NATO-s dhe bashk\u00ebsis\u00eb nd\u00ebrkomb\u00ebtare q\u00eb t\u00eb reagojn\u00eb qart\u00eb ndaj k\u00ebrc\u00ebnimeve t\u00eb Vu\u00e7iqit q\u00eb nuk jan\u00eb pjes\u00eb e deklarimeve politike por e nj\u00eb fushate mir\u00eb t\u00eb organizuar p\u00ebr destabilizimin e Kosov\u00ebs\u201d, tha Kurti.<\/p>\n","protected":false},"excerpt":{"rendered":"<p>Prishtin\u00eb, 21 Korrik 2025 Kryeministri n\u00eb detyr\u00eb i Kosov\u00ebs, Albin Kurti ka th\u00ebn\u00eb se deklarata e presidenti serb, Aleksander Vu\u00e7iq pas arrestimit t\u00eb zararit serb<\/p>\n","protected":false},"author":1,"featured_media":4639,"comment_status":"open","ping_status":"open","sticky":false,"template":"","format":"standard","meta":{"footnotes":""},"categories":[58],"tags":[],"class_list":["post-4638","post","type-post","status-publish","format-standard","has-post-thumbnail","hentry","category-politike-sq"],"yoast_head":"<!-- This site is optimized with the Yoast SEO plugin v25.3.1 - https:\/\/yoast.com\/wordpress\/plugins\/seo\/ -->\n<title>Kurti: Deklaratat e Vu\u00e7iqit pas arrestimit t\u00eb Popoviqit p\u00ebrb\u00ebjn\u00eb k\u00ebrc\u00ebnim, s\u2019duhet neglizhuar -<\/title>\n<meta name=\"robots\" content=\"index, follow, max-snippet:-1, max-image-preview:large, max-video-preview:-1\" \/>\n<link rel=\"canonical\" href=\"https:\/\/veritasinfo.org\/?p=4638\" \/>\n<meta property=\"og:locale\" content=\"en_US\" \/>\n<meta property=\"og:type\" content=\"article\" \/>\n<meta property=\"og:title\" content=\"Kurti: Deklaratat e Vu\u00e7iqit pas arrestimit t\u00eb Popoviqit p\u00ebrb\u00ebjn\u00eb k\u00ebrc\u00ebnim, s\u2019duhet neglizhuar -\" \/>\n<meta property=\"og:description\" content=\"Prishtin\u00eb, 21 Korrik 2025 Kryeministri n\u00eb detyr\u00eb i Kosov\u00ebs, Albin Kurti ka th\u00ebn\u00eb se deklarata e presidenti serb, Aleksander Vu\u00e7iq pas arrestimit t\u00eb zararit serb\" \/>\n<meta property=\"og:url\" content=\"https:\/\/veritasinfo.org\/?p=4638\" \/>\n<meta property=\"article:published_time\" content=\"2025-07-21T13:54:22+00:00\" \/>\n<meta property=\"og:image\" content=\"https:\/\/veritasinfo.org\/wp-content\/uploads\/2025\/07\/IMG_2194.jpeg\" \/>\n\t<meta property=\"og:image:width\" content=\"2048\" \/>\n\t<meta property=\"og:image:height\" content=\"1536\" \/>\n\t<meta property=\"og:image:type\" content=\"image\/jpeg\" \/>\n<meta name=\"author\" content=\"admin\" \/>\n<meta name=\"twitter:card\" content=\"summary_large_image\" \/>\n<meta name=\"twitter:label1\" content=\"Written by\" \/>\n\t<meta name=\"twitter:data1\" content=\"admin\" \/>\n\t<meta name=\"twitter:label2\" content=\"Est. reading time\" \/>\n\t<meta name=\"twitter:data2\" content=\"2 minutes\" \/>\n<script type=\"application\/ld+json\" class=\"yoast-schema-graph\">{\"@context\":\"https:\/\/schema.org\",\"@graph\":[{\"@type\":\"WebPage\",\"@id\":\"https:\/\/veritasinfo.org\/?p=4638\",\"url\":\"https:\/\/veritasinfo.org\/?p=4638\",\"name\":\"Kurti: Deklaratat e Vu\u00e7iqit pas arrestimit t\u00eb Popoviqit p\u00ebrb\u00ebjn\u00eb k\u00ebrc\u00ebnim, s\u2019duhet neglizhuar -\",\"isPartOf\":{\"@id\":\"https:\/\/veritasinfo.org\/#website\"},\"primaryImageOfPage\":{\"@id\":\"https:\/\/veritasinfo.org\/?p=4638#primaryimage\"},\"image\":{\"@id\":\"https:\/\/veritasinfo.org\/?p=4638#primaryimage\"},\"thumbnailUrl\":\"https:\/\/veritasinfo.org\/wp-content\/uploads\/2025\/07\/IMG_2194.jpeg\",\"datePublished\":\"2025-07-21T13:54:22+00:00\",\"author\":{\"@id\":\"https:\/\/veritasinfo.org\/#\/schema\/person\/7701f8c088bece422266b100a712374f\"},\"breadcrumb\":{\"@id\":\"https:\/\/veritasinfo.org\/?p=4638#breadcrumb\"},\"inLanguage\":\"en-US\",\"potentialAction\":[{\"@type\":\"ReadAction\",\"target\":[\"https:\/\/veritasinfo.org\/?p=4638\"]}]},{\"@type\":\"ImageObject\",\"inLanguage\":\"en-US\",\"@id\":\"https:\/\/veritasinfo.org\/?p=4638#primaryimage\",\"url\":\"https:\/\/veritasinfo.org\/wp-content\/uploads\/2025\/07\/IMG_2194.jpeg\",\"contentUrl\":\"https:\/\/veritasinfo.org\/wp-content\/uploads\/2025\/07\/IMG_2194.jpeg\",\"width\":2048,\"height\":1536},{\"@type\":\"BreadcrumbList\",\"@id\":\"https:\/\/veritasinfo.org\/?p=4638#breadcrumb\",\"itemListElement\":[{\"@type\":\"ListItem\",\"position\":1,\"name\":\"Home\",\"item\":\"https:\/\/veritasinfo.org\/\"},{\"@type\":\"ListItem\",\"position\":2,\"name\":\"Kurti: Deklaratat e Vu\u00e7iqit pas arrestimit t\u00eb Popoviqit p\u00ebrb\u00ebjn\u00eb k\u00ebrc\u00ebnim, s\u2019duhet neglizhuar\"}]},{\"@type\":\"WebSite\",\"@id\":\"https:\/\/veritasinfo.org\/#website\",\"url\":\"https:\/\/veritasinfo.org\/\",\"name\":\"\",\"description\":\"\",\"potentialAction\":[{\"@type\":\"SearchAction\",\"target\":{\"@type\":\"EntryPoint\",\"urlTemplate\":\"https:\/\/veritasinfo.org\/?s={search_term_string}\"},\"query-input\":{\"@type\":\"PropertyValueSpecification\",\"valueRequired\":true,\"valueName\":\"search_term_string\"}}],\"inLanguage\":\"en-US\"},{\"@type\":\"Person\",\"@id\":\"https:\/\/veritasinfo.org\/#\/schema\/person\/7701f8c088bece422266b100a712374f\",\"name\":\"admin\",\"image\":{\"@type\":\"ImageObject\",\"inLanguage\":\"en-US\",\"@id\":\"https:\/\/veritasinfo.org\/#\/schema\/person\/image\/\",\"url\":\"https:\/\/secure.gravatar.com\/avatar\/ea53aa3bf6c9a12d5fde8ce4deff43fef3885ae33cf60184161a50d6987cfd2f?s=96&d=mm&r=g\",\"contentUrl\":\"https:\/\/secure.gravatar.com\/avatar\/ea53aa3bf6c9a12d5fde8ce4deff43fef3885ae33cf60184161a50d6987cfd2f?s=96&d=mm&r=g\",\"caption\":\"admin\"},\"sameAs\":[\"https:\/\/veritasinfo.org\"],\"url\":\"https:\/\/veritasinfo.org\/?author=1\"}]}<\/script>\n<!-- \/ Yoast SEO plugin. -->","yoast_head_json":{"title":"Kurti: Deklaratat e Vu\u00e7iqit pas arrestimit t\u00eb Popoviqit p\u00ebrb\u00ebjn\u00eb k\u00ebrc\u00ebnim, s\u2019duhet neglizhuar -","robots":{"index":"index","follow":"follow","max-snippet":"max-snippet:-1","max-image-preview":"max-image-preview:large","max-video-preview":"max-video-preview:-1"},"canonical":"https:\/\/veritasinfo.org\/?p=4638","og_locale":"en_US","og_type":"article","og_title":"Kurti: Deklaratat e Vu\u00e7iqit pas arrestimit t\u00eb Popoviqit p\u00ebrb\u00ebjn\u00eb k\u00ebrc\u00ebnim, s\u2019duhet neglizhuar -","og_description":"Prishtin\u00eb, 21 Korrik 2025 Kryeministri n\u00eb detyr\u00eb i Kosov\u00ebs, Albin Kurti ka th\u00ebn\u00eb se deklarata e presidenti serb, Aleksander Vu\u00e7iq pas arrestimit t\u00eb zararit serb","og_url":"https:\/\/veritasinfo.org\/?p=4638","article_published_time":"2025-07-21T13:54:22+00:00","og_image":[{"width":2048,"height":1536,"url":"https:\/\/veritasinfo.org\/wp-content\/uploads\/2025\/07\/IMG_2194.jpeg","type":"image\/jpeg"}],"author":"admin","twitter_card":"summary_large_image","twitter_misc":{"Written by":"admin","Est. reading time":"2 minutes"},"schema":{"@context":"https:\/\/schema.org","@graph":[{"@type":"WebPage","@id":"https:\/\/veritasinfo.org\/?p=4638","url":"https:\/\/veritasinfo.org\/?p=4638","name":"Kurti: Deklaratat e Vu\u00e7iqit pas arrestimit t\u00eb Popoviqit p\u00ebrb\u00ebjn\u00eb k\u00ebrc\u00ebnim, s\u2019duhet neglizhuar -","isPartOf":{"@id":"https:\/\/veritasinfo.org\/#website"},"primaryImageOfPage":{"@id":"https:\/\/veritasinfo.org\/?p=4638#primaryimage"},"image":{"@id":"https:\/\/veritasinfo.org\/?p=4638#primaryimage"},"thumbnailUrl":"https:\/\/veritasinfo.org\/wp-content\/uploads\/2025\/07\/IMG_2194.jpeg","datePublished":"2025-07-21T13:54:22+00:00","author":{"@id":"https:\/\/veritasinfo.org\/#\/schema\/person\/7701f8c088bece422266b100a712374f"},"breadcrumb":{"@id":"https:\/\/veritasinfo.org\/?p=4638#breadcrumb"},"inLanguage":"en-US","potentialAction":[{"@type":"ReadAction","target":["https:\/\/veritasinfo.org\/?p=4638"]}]},{"@type":"ImageObject","inLanguage":"en-US","@id":"https:\/\/veritasinfo.org\/?p=4638#primaryimage","url":"https:\/\/veritasinfo.org\/wp-content\/uploads\/2025\/07\/IMG_2194.jpeg","contentUrl":"https:\/\/veritasinfo.org\/wp-content\/uploads\/2025\/07\/IMG_2194.jpeg","width":2048,"height":1536},{"@type":"BreadcrumbList","@id":"https:\/\/veritasinfo.org\/?p=4638#breadcrumb","itemListElement":[{"@type":"ListItem","position":1,"name":"Home","item":"https:\/\/veritasinfo.org\/"},{"@type":"ListItem","position":2,"name":"Kurti: Deklaratat e Vu\u00e7iqit pas arrestimit t\u00eb Popoviqit p\u00ebrb\u00ebjn\u00eb k\u00ebrc\u00ebnim, s\u2019duhet neglizhuar"}]},{"@type":"WebSite","@id":"https:\/\/veritasinfo.org\/#website","url":"https:\/\/veritasinfo.org\/","name":"","description":"","potentialAction":[{"@type":"SearchAction","target":{"@type":"EntryPoint","urlTemplate":"https:\/\/veritasinfo.org\/?s={search_term_string}"},"query-input":{"@type":"PropertyValueSpecification","valueRequired":true,"valueName":"search_term_string"}}],"inLanguage":"en-US"},{"@type":"Person","@id":"https:\/\/veritasinfo.org\/#\/schema\/person\/7701f8c088bece422266b100a712374f","name":"admin","image":{"@type":"ImageObject","inLanguage":"en-US","@id":"https:\/\/veritasinfo.org\/#\/schema\/person\/image\/","url":"https:\/\/secure.gravatar.com\/avatar\/ea53aa3bf6c9a12d5fde8ce4deff43fef3885ae33cf60184161a50d6987cfd2f?s=96&d=mm&r=g","contentUrl":"https:\/\/secure.gravatar.com\/avatar\/ea53aa3bf6c9a12d5fde8ce4deff43fef3885ae33cf60184161a50d6987cfd2f?s=96&d=mm&r=g","caption":"admin"},"sameAs":["https:\/\/veritasinfo.org"],"url":"https:\/\/veritasinfo.org\/?author=1"}]}},"featured_image_urls":{"full":["https:\/\/veritasinfo.org\/wp-content\/uploads\/2025\/07\/IMG_2194.jpeg",2048,1536,false],"thumbnail":["https:\/\/veritasinfo.org\/wp-content\/uploads\/2025\/07\/IMG_2194-150x150.jpeg",150,150,true],"medium":["https:\/\/veritasinfo.org\/wp-content\/uploads\/2025\/07\/IMG_2194-300x225.jpeg",300,225,true],"medium_large":["https:\/\/veritasinfo.org\/wp-content\/uploads\/2025\/07\/IMG_2194-768x576.jpeg",640,480,true],"large":["https:\/\/veritasinfo.org\/wp-content\/uploads\/2025\/07\/IMG_2194-1024x768.jpeg",640,480,true],"1536x1536":["https:\/\/veritasinfo.org\/wp-content\/uploads\/2025\/07\/IMG_2194-1536x1152.jpeg",1536,1152,true],"2048x2048":["https:\/\/veritasinfo.org\/wp-content\/uploads\/2025\/07\/IMG_2194.jpeg",2048,1536,false],"kreeti-slider-full":["https:\/\/veritasinfo.org\/wp-content\/uploads\/2025\/07\/IMG_2194.jpeg",960,720,false],"kreeti-featured":["https:\/\/veritasinfo.org\/wp-content\/uploads\/2025\/07\/IMG_2194.jpeg",1024,768,false],"kreeti-medium":["https:\/\/veritasinfo.org\/wp-content\/uploads\/2025\/07\/IMG_2194.jpeg",707,530,false],"kreeti-medium-square":["https:\/\/veritasinfo.org\/wp-content\/uploads\/2025\/07\/IMG_2194.jpeg",350,263,false]},"author_info":{"info":["admin"]},"category_info":"<a href=\"https:\/\/veritasinfo.org\/?cat=58\" rel=\"category\">Politik\u00eb<\/a>","tag_info":"Politik\u00eb","comment_count":"0","_links":{"self":[{"href":"https:\/\/veritasinfo.org\/index.php?rest_route=\/wp\/v2\/posts\/4638","targetHints":{"allow":["GET"]}}],"collection":[{"href":"https:\/\/veritasinfo.org\/index.php?rest_route=\/wp\/v2\/posts"}],"about":[{"href":"https:\/\/veritasinfo.org\/index.php?rest_route=\/wp\/v2\/types\/post"}],"author":[{"embeddable":true,"href":"https:\/\/veritasinfo.org\/index.php?rest_route=\/wp\/v2\/users\/1"}],"replies":[{"embeddable":true,"href":"https:\/\/veritasinfo.org\/index.php?rest_route=%2Fwp%2Fv2%2Fcomments&post=4638"}],"version-history":[{"count":1,"href":"https:\/\/veritasinfo.org\/index.php?rest_route=\/wp\/v2\/posts\/4638\/revisions"}],"predecessor-version":[{"id":4640,"href":"https:\/\/veritasinfo.org\/index.php?rest_route=\/wp\/v2\/posts\/4638\/revisions\/4640"}],"wp:featuredmedia":[{"embeddable":true,"href":"https:\/\/veritasinfo.org\/index.php?rest_route=\/wp\/v2\/media\/4639"}],"wp:attachment":[{"href":"https:\/\/veritasinfo.org\/index.php?rest_route=%2Fwp%2Fv2%2Fmedia&parent=4638"}],"wp:term":[{"taxonomy":"category","embeddable":true,"href":"https:\/\/veritasinfo.org\/index.php?rest_route=%2Fwp%2Fv2%2Fcategories&post=4638"},{"taxonomy":"post_tag","embeddable":true,"href":"https:\/\/veritasinfo.org\/index.php?rest_route=%2Fwp%2Fv2%2Ftags&post=4638"}],"curies":[{"name":"wp","href":"https:\/\/api.w.org\/{rel}","templated":true}]}}